{"id":5307,"date":"2011-02-28T12:55:13","date_gmt":"2011-02-28T09:55:13","guid":{"rendered":"http:\/\/localhost\/wordpress\/2011\/02\/28\/arthur-rimbaud-biyografisi\/"},"modified":"2011-02-28T12:55:13","modified_gmt":"2011-02-28T09:55:13","slug":"arthur-rimbaud-biyografisi","status":"publish","type":"post","link":"https:\/\/narteks.net\/index.php\/2011\/02\/28\/arthur-rimbaud-biyografisi\/","title":{"rendered":"Arthur R\u0130MBAUD Biyografisi"},"content":{"rendered":"<p style=\"text-align: justify;\"><img loading=\"lazy\" decoding=\"async\" style=\"float: left;\" src=\"http:\/\/www.aylakadamiz.com\/wp-content\/uploads\/2010\/01\/arthurrimbaud-1.jpg\" width=\"155\" height=\"205\" border=\"0\" \/>20 Ekim 1854&#8217;te Fransa&#8217;n\u0131n kuzeyinde Ardenler b\u00f6lgesinde Charleville kasabas\u0131nda, Bourbon Soka\u011f\u0131 73 numaral\u0131 evde do\u011far. Subay olan babas\u0131 Fr\u00e9d\u00e9ric, annesi Vitalie&#8217;yi gen\u00e7 ya\u015fta terk eder. Vitalie Cuif(Rimbaud)&#8217;un Roche kenti yak\u0131nlar\u0131nda \u00e7iftlik sahibi olan varl\u0131kl\u0131 bir aileden geliyordu. \u0130lk do\u011fan \u00e7ocuklar\u0131na baban\u0131n ad\u0131 olan Fr\u00e9d\u00e9ric ismi konulur. Ailenin ikinci \u00e7ocu\u011fu Arthur, \u00fc\u00e7\u00fcnc\u00fc \u00e7ocu\u011fu annesiyle ayn\u0131 ad\u0131 payla\u015fan Vitalie, d\u00f6rd\u00fcnc\u00fc \u00e7ocu\u011fu Rimbaud&#8217;un hayat\u0131nda \u00f6nemli rolleri olan Isabelle&#8217;dir.<\/p>\n<p>Annenin gen\u00e7 ya\u015fta e\u015finden ayr\u0131lmas\u0131n\u0131n bask\u0131s\u0131yla ya\u015fayan Rimbaud 8 ya\u015f\u0131nda laik bir e\u011fitim sistemi olan Rossat Okulu&#8217;na verilir. Daha sonra Sous Les Alle\u00e9s soka\u011f\u0131na ta\u015f\u0131n\u0131rlar ve Sofu olan annesi taraf\u0131ndan dini e\u011fitimde verilen Charleville Koleji&#8217;ne verilir. Din dersleri ve Latincesi olduk\u00e7a iyi olan Rimbaud&#8217;a okulda &#8220;k\u00fc\u00e7\u00fck pis yobaz&#8221; ad\u0131 tak\u0131l\u0131r. \u00d6\u011fretmeni Ariste Lheriter&#8217;in destekleri \u00fczerine yazd\u0131\u011f\u0131 \u015fiire daha \u00e7ok \u00f6zenir. O s\u0131ralarda \u00c7a\u011fda\u015f Parnasse dergisini okur, Th\u00e9ophile Gauiter, Th\u00e9odore de Banville, L\u00e9on Dierx ve Paul Verlaine gibi \u015fairlerin \u015fiirleriyle tan\u0131\u015f\u0131r. Charleville&#8217;de d\u00fczenlenen geleneksel edebiyat yar\u0131\u015fmas\u0131nda birinci olur.<\/p>\n<p>\u00d6ks\u00fczlerin Y\u0131lba\u015f\u0131 Arma\u011fanlar\u0131 (Les Etrennes des Orphelins) adl\u0131 \u015fiirini Revue Pour Tous dergisine g\u00f6nderir ve bilinen ilk yaz\u0131l\u0131 \u015fiiri budur. George Izambard ile tan\u0131\u015f\u0131p, fikirlerinden etkilenir.Ofelya, Demirci, \u0130zlenim, G\u00fcne\u015f ve Ten gibi \u015fiirleri bu d\u00f6neme rastlar. Bu s\u0131rada \u00e7\u0131kan Paris Kom\u00fcn\u00fc ayaklanmas\u0131 ve Prusya-Fransa sava\u015f\u0131 siyasi \u00e7izgisinide belirlemi\u015f olur. Paris&#8217;te \u00e7\u0131kan La Charge gazetesinde \u00dc\u00e7 \u00f6p\u00fcc\u00fck \u015fiiri yay\u0131nlan\u0131r. Hen\u00fcz 16 ya\u015f\u0131ndayken evden ka\u00e7\u0131p Paris&#8217;e gider. Bundan sonra evden sava\u015f ortam\u0131nda 2 kere daha ka\u00e7mas\u0131na ra\u011fmen, peri\u015fan hallerde geri d\u00f6ner. Bu s\u0131rada Paris&#8217;in me\u015fhur kafelerinde \u015fiirler yaz\u0131p, \u00e7a\u011f\u0131n sanat\u0131, siyaseti hakk\u0131nda tart\u0131\u015fmalara kat\u0131l\u0131r ve absint i\u00e7ip, afyon yutmaya ba\u015flar. En son evden ka\u00e7\u0131\u015f\u0131nda, mektup ve \u015fiirle dostlu\u011funu peki\u015ftirdi\u011fi dostu Verlaine&#8217;nin evine s\u0131\u011f\u0131n\u0131r. Bundan sonraki d\u00f6nemde yazd\u0131\u011f\u0131 \u015fiirler olgunluk d\u00f6nemine ula\u015f\u0131r. 1873&#8217;te ilk \u015fiir kitab\u0131 Cehennemde Bir Mevsim (Une Saison En Enfer) yay\u0131mlan\u0131r. Verlaine&#8217;nin e\u015fiyle aras\u0131n\u0131n a\u00e7\u0131lmas\u0131 ve Rimbaud ile e\u015fcinsel ili\u015fkilerinin ba\u015flamas\u0131yla; Fransa&#8217;da d\u0131\u015flanan ikili Almanya ve Bel\u00e7ika seyahatlerine ba\u015flarlar. Verlaine, Rimbaud&#8217;u Br\u00fcksel&#8217;de bir tabanca kur\u015funu ile yaralamas\u0131n\u0131n ard\u0131ndan, e\u015fcinsel ili\u015fkileri y\u00fcz\u00fcnden ba\u015flar\u0131 belaya girer. Verlaine k\u00fcrek mahkumu olarak hapse at\u0131l\u0131r, Rimbaud ise serbesttir. 1875&#8217;te son kez g\u00f6r\u00fc\u015fmelerinden sonra bir daha asla g\u00f6r\u00fc\u015fmezler. Bu tarihten sonra da \u015fiir yazmay\u0131 b\u0131rak\u0131r.<\/p>\n<p>1878&#8217;de Marsilya&#8217;dan \u0130skenderiye&#8217;ye ge\u00e7er ve bir s\u00fcre K\u0131br\u0131s Larnaka&#8217;da Rum, T\u00fcrk ve Araplara \u00e7evirmenlik yapar. Buradaki \u015firketin kapanmas\u0131yla Afrika&#8217;ya yol al\u0131r, Habe\u015fistan Harrar b\u00f6lgesinde, M\u0131s\u0131r&#8217;\u0131n i\u015fgal alt\u0131nda olmas\u0131ndan faydalan\u0131p; kahve, fildi\u015fi, deri, \u0131t\u0131r ve zamk \u00fcretimi yapan Vianney Bardey firmas\u0131nda i\u015fe ba\u015fvurur. Asistanl\u0131\u011f\u0131n yan\u0131 s\u0131ra silah t\u00fcccarl\u0131\u011f\u0131na ba\u015flar, bu i\u015flerden \u00e7ok para kazan\u0131r. Afrika&#8217;da ge\u00e7irdi\u011fi g\u00fcnlerde dinini \u0130slam olarak de\u011fi\u015ftirdi\u011fi s\u00f6ylentisi olsa da, somut bir delil yoktur. Daha sonra kal\u00e7as\u0131nda olu\u015fan bir \u015fi\u015flik ve yarayla hastaneye yatar, te\u015fhis Kal\u00e7a Neoplazmas\u0131d\u0131r (bir \u00e7e\u015fit kal\u00e7a kanseri), bu y\u00fczden bir baca\u011f\u0131 kesilir. 21 May\u0131s&#8217;ta annesine yazd\u0131\u011f\u0131 mektupta hastal\u0131\u011f\u0131ndan sinovit, hidrartroz, eklem ve kemik hastal\u0131\u011f\u0131 olarak bahseder. Bu s\u0131rada asker ka\u00e7a\u011f\u0131 olarak arand\u0131\u011f\u0131 i\u00e7in hasta haliyle zor g\u00fcnler ya\u015far. Sadece &#8220;Jean Rimbaud&#8221; ismini kullan\u0131r ve kay\u0131tlarda ismi bu \u015fekilde ge\u00e7er. A\u015f\u0131r\u0131 morfin t\u00fcketimi ve kanserin yay\u0131lmas\u0131 \u00f6l\u00fcm\u00fcn\u00fc h\u0131zland\u0131r\u0131r. 10 Kas\u0131m 1891&#8217;de hen\u00fcz 37 ya\u015f\u0131ndayken Marsilya&#8217;da \u00f6l\u00fcr. Rimbaud&#8217;un 10 y\u0131l\u0131 a\u015fk\u0131n \u00e7etin \u00e7al\u0131\u015fmas\u0131n\u0131n toplam \u00fcr\u00fcn\u00fc 36.000 alt\u0131n frankt\u0131r, 8 y\u0131l yan\u0131nda hizmetkarl\u0131\u011f\u0131n\u0131 yapan Camii&#8217;ye 10.000 frank\u0131n\u0131n verilmesini, Isabelle&#8217;e vasiyet eder. Marsilya Conception Hastanesinin avlusunda \u015f\u00f6yle bir levha vard\u0131r:<br \/>Aden&#8217;den gelen \u015fair JEAN ARTHUR RIMBAUD yery\u00fcz\u00fc ser\u00fcveninin son b\u00f6l\u00fcm\u00fcn\u00fc 10 Kas\u0131m 1891&#8217;de burada tamamlad\u0131&#8230;<\/p>\n","protected":false},"excerpt":{"rendered":"<p>20 Ekim 1854&#8217;te Fransa&#8217;n\u0131n kuzeyinde Ardenler b\u00f6lgesinde Charleville kasabas\u0131nda, Bourbon Soka\u011f\u0131 73 numaral\u0131 evde do\u011far. Subay olan babas\u0131 Fr\u00e9d\u00e9ric, annesi Vitalie&#8217;yi gen\u00e7 ya\u015fta terk eder. Vitalie Cuif(Rimbaud)&#8217;un Roche kenti yak\u0131nlar\u0131nda \u00e7iftlik sahibi olan varl\u0131kl\u0131 bir aileden geliyordu. \u0130lk do\u011fan \u00e7ocuklar\u0131na baban\u0131n ad\u0131 olan Fr\u00e9d\u00e9ric ismi konulur. Ailenin ikinci \u00e7ocu\u011fu Arthur, \u00fc\u00e7\u00fcnc\u00fc \u00e7ocu\u011fu annesiyle ayn\u0131 ad\u0131 [&hellip;]<\/p>\n","protected":false},"author":1,"featured_media":0,"comment_status":"open","ping_status":"open","sticky":false,"template":"","format":"standard","meta":{"footnotes":""},"categories":[167],"tags":[],"class_list":{"0":"post-5307","1":"post","2":"type-post","3":"status-publish","4":"format-standard","6":"category-arthur-rimbaud"},"yoast_head":"<!-- This site is optimized with the Yoast SEO Premium plugin v24.9 (Yoast SEO v24.9) - https:\/\/yoast.com\/wordpress\/plugins\/seo\/ -->\n<title>Arthur R\u0130MBAUD Biyografisi - narteks.net<\/title>\n<meta name=\"robots\" content=\"index, follow, max-snippet:-1, max-image-preview:large, max-video-preview:-1\" \/>\n<link rel=\"canonical\" href=\"https:\/\/narteks.net\/index.php\/2011\/02\/28\/arthur-rimbaud-biyografisi\/\" \/>\n<meta property=\"og:locale\" content=\"tr_TR\" \/>\n<meta property=\"og:type\" content=\"article\" \/>\n<meta property=\"og:title\" content=\"Arthur R\u0130MBAUD Biyografisi\" \/>\n<meta property=\"og:description\" content=\"20 Ekim 1854&#8217;te Fransa&#8217;n\u0131n kuzeyinde Ardenler b\u00f6lgesinde Charleville kasabas\u0131nda, Bourbon Soka\u011f\u0131 73 numaral\u0131 evde do\u011far. Subay olan babas\u0131 Fr\u00e9d\u00e9ric, annesi Vitalie&#8217;yi gen\u00e7 ya\u015fta terk eder. Vitalie Cuif(Rimbaud)&#8217;un Roche kenti yak\u0131nlar\u0131nda \u00e7iftlik sahibi olan varl\u0131kl\u0131 bir aileden geliyordu. \u0130lk do\u011fan \u00e7ocuklar\u0131na baban\u0131n ad\u0131 olan Fr\u00e9d\u00e9ric ismi konulur. Ailenin ikinci \u00e7ocu\u011fu Arthur, \u00fc\u00e7\u00fcnc\u00fc \u00e7ocu\u011fu annesiyle ayn\u0131 ad\u0131 [&hellip;]\" \/>\n<meta property=\"og:url\" content=\"https:\/\/narteks.net\/index.php\/2011\/02\/28\/arthur-rimbaud-biyografisi\/\" \/>\n<meta property=\"og:site_name\" content=\"narteks.net\" \/>\n<meta property=\"article:published_time\" content=\"2011-02-28T09:55:13+00:00\" \/>\n<meta property=\"og:image\" content=\"http:\/\/www.aylakadamiz.com\/wp-content\/uploads\/2010\/01\/arthurrimbaud-1.jpg\" \/>\n<meta name=\"author\" content=\"Tar\u0131k\" \/>\n<meta name=\"twitter:card\" content=\"summary_large_image\" \/>\n<meta name=\"twitter:creator\" content=\"@narteks\" \/>\n<meta name=\"twitter:site\" content=\"@narteks\" \/>\n<meta name=\"twitter:label1\" content=\"Yazan:\" \/>\n\t<meta name=\"twitter:data1\" content=\"Tar\u0131k\" \/>\n\t<meta name=\"twitter:label2\" content=\"Tahmini okuma s\u00fcresi\" \/>\n\t<meta name=\"twitter:data2\" content=\"4 dakika\" \/>\n<script type=\"application\/ld+json\" class=\"yoast-schema-graph\">{\"@context\":\"https:\/\/schema.org\",\"@graph\":[{\"@type\":\"Article\",\"@id\":\"https:\/\/narteks.net\/index.php\/2011\/02\/28\/arthur-rimbaud-biyografisi\/#article\",\"isPartOf\":{\"@id\":\"https:\/\/narteks.net\/index.php\/2011\/02\/28\/arthur-rimbaud-biyografisi\/\"},\"author\":{\"name\":\"Tar\u0131k\",\"@id\":\"https:\/\/narteks.net\/#\/schema\/person\/61f37d9834294b72d31d274e7ed79bca\"},\"headline\":\"Arthur R\u0130MBAUD Biyografisi\",\"datePublished\":\"2011-02-28T09:55:13+00:00\",\"mainEntityOfPage\":{\"@id\":\"https:\/\/narteks.net\/index.php\/2011\/02\/28\/arthur-rimbaud-biyografisi\/\"},\"wordCount\":736,\"commentCount\":0,\"publisher\":{\"@id\":\"https:\/\/narteks.net\/#organization\"},\"image\":{\"@id\":\"https:\/\/narteks.net\/index.php\/2011\/02\/28\/arthur-rimbaud-biyografisi\/#primaryimage\"},\"thumbnailUrl\":\"http:\/\/www.aylakadamiz.com\/wp-content\/uploads\/2010\/01\/arthurrimbaud-1.jpg\",\"articleSection\":[\"Arthur R\u0130MBAUD\"],\"inLanguage\":\"tr\",\"potentialAction\":[{\"@type\":\"CommentAction\",\"name\":\"Comment\",\"target\":[\"https:\/\/narteks.net\/index.php\/2011\/02\/28\/arthur-rimbaud-biyografisi\/#respond\"]}]},{\"@type\":\"WebPage\",\"@id\":\"https:\/\/narteks.net\/index.php\/2011\/02\/28\/arthur-rimbaud-biyografisi\/\",\"url\":\"https:\/\/narteks.net\/index.php\/2011\/02\/28\/arthur-rimbaud-biyografisi\/\",\"name\":\"Arthur R\u0130MBAUD Biyografisi - narteks.net\",\"isPartOf\":{\"@id\":\"https:\/\/narteks.net\/#website\"},\"primaryImageOfPage\":{\"@id\":\"https:\/\/narteks.net\/index.php\/2011\/02\/28\/arthur-rimbaud-biyografisi\/#primaryimage\"},\"image\":{\"@id\":\"https:\/\/narteks.net\/index.php\/2011\/02\/28\/arthur-rimbaud-biyografisi\/#primaryimage\"},\"thumbnailUrl\":\"http:\/\/www.aylakadamiz.com\/wp-content\/uploads\/2010\/01\/arthurrimbaud-1.jpg\",\"datePublished\":\"2011-02-28T09:55:13+00:00\",\"breadcrumb\":{\"@id\":\"https:\/\/narteks.net\/index.php\/2011\/02\/28\/arthur-rimbaud-biyografisi\/#breadcrumb\"},\"inLanguage\":\"tr\",\"potentialAction\":[{\"@type\":\"ReadAction\",\"target\":[\"https:\/\/narteks.net\/index.php\/2011\/02\/28\/arthur-rimbaud-biyografisi\/\"]}]},{\"@type\":\"ImageObject\",\"inLanguage\":\"tr\",\"@id\":\"https:\/\/narteks.net\/index.php\/2011\/02\/28\/arthur-rimbaud-biyografisi\/#primaryimage\",\"url\":\"http:\/\/www.aylakadamiz.com\/wp-content\/uploads\/2010\/01\/arthurrimbaud-1.jpg\",\"contentUrl\":\"http:\/\/www.aylakadamiz.com\/wp-content\/uploads\/2010\/01\/arthurrimbaud-1.jpg\"},{\"@type\":\"BreadcrumbList\",\"@id\":\"https:\/\/narteks.net\/index.php\/2011\/02\/28\/arthur-rimbaud-biyografisi\/#breadcrumb\",\"itemListElement\":[{\"@type\":\"ListItem\",\"position\":1,\"name\":\"Anasayfa\",\"item\":\"https:\/\/narteks.net\/\"},{\"@type\":\"ListItem\",\"position\":2,\"name\":\"Arthur R\u0130MBAUD Biyografisi\"}]},{\"@type\":\"WebSite\",\"@id\":\"https:\/\/narteks.net\/#website\",\"url\":\"https:\/\/narteks.net\/\",\"name\":\"narteks.net\",\"description\":\"K\u00fclt\u00fcr Sanat Edebiyat Felsefe\",\"publisher\":{\"@id\":\"https:\/\/narteks.net\/#organization\"},\"alternateName\":\"K\u00fclt\u00fcr Sanat Edebiyat Felsefe\",\"potentialAction\":[{\"@type\":\"SearchAction\",\"target\":{\"@type\":\"EntryPoint\",\"urlTemplate\":\"https:\/\/narteks.net\/?s={search_term_string}\"},\"query-input\":{\"@type\":\"PropertyValueSpecification\",\"valueRequired\":true,\"valueName\":\"search_term_string\"}}],\"inLanguage\":\"tr\"},{\"@type\":\"Organization\",\"@id\":\"https:\/\/narteks.net\/#organization\",\"name\":\"narteks.net\",\"url\":\"https:\/\/narteks.net\/\",\"logo\":{\"@type\":\"ImageObject\",\"inLanguage\":\"tr\",\"@id\":\"https:\/\/narteks.net\/#\/schema\/logo\/image\/\",\"url\":\"https:\/\/narteks.net\/wp-content\/uploads\/narteks.png\",\"contentUrl\":\"https:\/\/narteks.net\/wp-content\/uploads\/narteks.png\",\"width\":300,\"height\":90,\"caption\":\"narteks.net\"},\"image\":{\"@id\":\"https:\/\/narteks.net\/#\/schema\/logo\/image\/\"},\"sameAs\":[\"https:\/\/x.com\/narteks\",\"https:\/\/instagram.com\/narteksnet\"]},{\"@type\":\"Person\",\"@id\":\"https:\/\/narteks.net\/#\/schema\/person\/61f37d9834294b72d31d274e7ed79bca\",\"name\":\"Tar\u0131k\",\"image\":{\"@type\":\"ImageObject\",\"inLanguage\":\"tr\",\"@id\":\"https:\/\/narteks.net\/#\/schema\/person\/image\/\",\"url\":\"https:\/\/secure.gravatar.com\/avatar\/50865afb55632c4ae467e0af0930f6510aa2297d8014be502a55b14f3b7550cf?s=96&d=mm&r=g\",\"contentUrl\":\"https:\/\/secure.gravatar.com\/avatar\/50865afb55632c4ae467e0af0930f6510aa2297d8014be502a55b14f3b7550cf?s=96&d=mm&r=g\",\"caption\":\"Tar\u0131k\"},\"sameAs\":[\"http:\/\/narteks.net\"],\"url\":\"https:\/\/narteks.net\/index.php\/author\/narbak\/\"}]}<\/script>\n<!-- \/ Yoast SEO Premium plugin. -->","yoast_head_json":{"title":"Arthur R\u0130MBAUD Biyografisi - narteks.net","robots":{"index":"index","follow":"follow","max-snippet":"max-snippet:-1","max-image-preview":"max-image-preview:large","max-video-preview":"max-video-preview:-1"},"canonical":"https:\/\/narteks.net\/index.php\/2011\/02\/28\/arthur-rimbaud-biyografisi\/","og_locale":"tr_TR","og_type":"article","og_title":"Arthur R\u0130MBAUD Biyografisi","og_description":"20 Ekim 1854&#8217;te Fransa&#8217;n\u0131n kuzeyinde Ardenler b\u00f6lgesinde Charleville kasabas\u0131nda, Bourbon Soka\u011f\u0131 73 numaral\u0131 evde do\u011far. Subay olan babas\u0131 Fr\u00e9d\u00e9ric, annesi Vitalie&#8217;yi gen\u00e7 ya\u015fta terk eder. Vitalie Cuif(Rimbaud)&#8217;un Roche kenti yak\u0131nlar\u0131nda \u00e7iftlik sahibi olan varl\u0131kl\u0131 bir aileden geliyordu. \u0130lk do\u011fan \u00e7ocuklar\u0131na baban\u0131n ad\u0131 olan Fr\u00e9d\u00e9ric ismi konulur. Ailenin ikinci \u00e7ocu\u011fu Arthur, \u00fc\u00e7\u00fcnc\u00fc \u00e7ocu\u011fu annesiyle ayn\u0131 ad\u0131 [&hellip;]","og_url":"https:\/\/narteks.net\/index.php\/2011\/02\/28\/arthur-rimbaud-biyografisi\/","og_site_name":"narteks.net","article_published_time":"2011-02-28T09:55:13+00:00","og_image":[{"url":"http:\/\/www.aylakadamiz.com\/wp-content\/uploads\/2010\/01\/arthurrimbaud-1.jpg","type":"","width":"","height":""}],"author":"Tar\u0131k","twitter_card":"summary_large_image","twitter_creator":"@narteks","twitter_site":"@narteks","twitter_misc":{"Yazan:":"Tar\u0131k","Tahmini okuma s\u00fcresi":"4 dakika"},"schema":{"@context":"https:\/\/schema.org","@graph":[{"@type":"Article","@id":"https:\/\/narteks.net\/index.php\/2011\/02\/28\/arthur-rimbaud-biyografisi\/#article","isPartOf":{"@id":"https:\/\/narteks.net\/index.php\/2011\/02\/28\/arthur-rimbaud-biyografisi\/"},"author":{"name":"Tar\u0131k","@id":"https:\/\/narteks.net\/#\/schema\/person\/61f37d9834294b72d31d274e7ed79bca"},"headline":"Arthur R\u0130MBAUD Biyografisi","datePublished":"2011-02-28T09:55:13+00:00","mainEntityOfPage":{"@id":"https:\/\/narteks.net\/index.php\/2011\/02\/28\/arthur-rimbaud-biyografisi\/"},"wordCount":736,"commentCount":0,"publisher":{"@id":"https:\/\/narteks.net\/#organization"},"image":{"@id":"https:\/\/narteks.net\/index.php\/2011\/02\/28\/arthur-rimbaud-biyografisi\/#primaryimage"},"thumbnailUrl":"http:\/\/www.aylakadamiz.com\/wp-content\/uploads\/2010\/01\/arthurrimbaud-1.jpg","articleSection":["Arthur R\u0130MBAUD"],"inLanguage":"tr","potentialAction":[{"@type":"CommentAction","name":"Comment","target":["https:\/\/narteks.net\/index.php\/2011\/02\/28\/arthur-rimbaud-biyografisi\/#respond"]}]},{"@type":"WebPage","@id":"https:\/\/narteks.net\/index.php\/2011\/02\/28\/arthur-rimbaud-biyografisi\/","url":"https:\/\/narteks.net\/index.php\/2011\/02\/28\/arthur-rimbaud-biyografisi\/","name":"Arthur R\u0130MBAUD Biyografisi - narteks.net","isPartOf":{"@id":"https:\/\/narteks.net\/#website"},"primaryImageOfPage":{"@id":"https:\/\/narteks.net\/index.php\/2011\/02\/28\/arthur-rimbaud-biyografisi\/#primaryimage"},"image":{"@id":"https:\/\/narteks.net\/index.php\/2011\/02\/28\/arthur-rimbaud-biyografisi\/#primaryimage"},"thumbnailUrl":"http:\/\/www.aylakadamiz.com\/wp-content\/uploads\/2010\/01\/arthurrimbaud-1.jpg","datePublished":"2011-02-28T09:55:13+00:00","breadcrumb":{"@id":"https:\/\/narteks.net\/index.php\/2011\/02\/28\/arthur-rimbaud-biyografisi\/#breadcrumb"},"inLanguage":"tr","potentialAction":[{"@type":"ReadAction","target":["https:\/\/narteks.net\/index.php\/2011\/02\/28\/arthur-rimbaud-biyografisi\/"]}]},{"@type":"ImageObject","inLanguage":"tr","@id":"https:\/\/narteks.net\/index.php\/2011\/02\/28\/arthur-rimbaud-biyografisi\/#primaryimage","url":"http:\/\/www.aylakadamiz.com\/wp-content\/uploads\/2010\/01\/arthurrimbaud-1.jpg","contentUrl":"http:\/\/www.aylakadamiz.com\/wp-content\/uploads\/2010\/01\/arthurrimbaud-1.jpg"},{"@type":"BreadcrumbList","@id":"https:\/\/narteks.net\/index.php\/2011\/02\/28\/arthur-rimbaud-biyografisi\/#breadcrumb","itemListElement":[{"@type":"ListItem","position":1,"name":"Anasayfa","item":"https:\/\/narteks.net\/"},{"@type":"ListItem","position":2,"name":"Arthur R\u0130MBAUD Biyografisi"}]},{"@type":"WebSite","@id":"https:\/\/narteks.net\/#website","url":"https:\/\/narteks.net\/","name":"narteks.net","description":"K\u00fclt\u00fcr Sanat Edebiyat Felsefe","publisher":{"@id":"https:\/\/narteks.net\/#organization"},"alternateName":"K\u00fclt\u00fcr Sanat Edebiyat Felsefe","potentialAction":[{"@type":"SearchAction","target":{"@type":"EntryPoint","urlTemplate":"https:\/\/narteks.net\/?s={search_term_string}"},"query-input":{"@type":"PropertyValueSpecification","valueRequired":true,"valueName":"search_term_string"}}],"inLanguage":"tr"},{"@type":"Organization","@id":"https:\/\/narteks.net\/#organization","name":"narteks.net","url":"https:\/\/narteks.net\/","logo":{"@type":"ImageObject","inLanguage":"tr","@id":"https:\/\/narteks.net\/#\/schema\/logo\/image\/","url":"https:\/\/narteks.net\/wp-content\/uploads\/narteks.png","contentUrl":"https:\/\/narteks.net\/wp-content\/uploads\/narteks.png","width":300,"height":90,"caption":"narteks.net"},"image":{"@id":"https:\/\/narteks.net\/#\/schema\/logo\/image\/"},"sameAs":["https:\/\/x.com\/narteks","https:\/\/instagram.com\/narteksnet"]},{"@type":"Person","@id":"https:\/\/narteks.net\/#\/schema\/person\/61f37d9834294b72d31d274e7ed79bca","name":"Tar\u0131k","image":{"@type":"ImageObject","inLanguage":"tr","@id":"https:\/\/narteks.net\/#\/schema\/person\/image\/","url":"https:\/\/secure.gravatar.com\/avatar\/50865afb55632c4ae467e0af0930f6510aa2297d8014be502a55b14f3b7550cf?s=96&d=mm&r=g","contentUrl":"https:\/\/secure.gravatar.com\/avatar\/50865afb55632c4ae467e0af0930f6510aa2297d8014be502a55b14f3b7550cf?s=96&d=mm&r=g","caption":"Tar\u0131k"},"sameAs":["http:\/\/narteks.net"],"url":"https:\/\/narteks.net\/index.php\/author\/narbak\/"}]}},"_links":{"self":[{"href":"https:\/\/narteks.net\/index.php\/wp-json\/wp\/v2\/posts\/5307","targetHints":{"allow":["GET"]}}],"collection":[{"href":"https:\/\/narteks.net\/index.php\/wp-json\/wp\/v2\/posts"}],"about":[{"href":"https:\/\/narteks.net\/index.php\/wp-json\/wp\/v2\/types\/post"}],"author":[{"embeddable":true,"href":"https:\/\/narteks.net\/index.php\/wp-json\/wp\/v2\/users\/1"}],"replies":[{"embeddable":true,"href":"https:\/\/narteks.net\/index.php\/wp-json\/wp\/v2\/comments?post=5307"}],"version-history":[{"count":0,"href":"https:\/\/narteks.net\/index.php\/wp-json\/wp\/v2\/posts\/5307\/revisions"}],"wp:attachment":[{"href":"https:\/\/narteks.net\/index.php\/wp-json\/wp\/v2\/media?parent=5307"}],"wp:term":[{"taxonomy":"category","embeddable":true,"href":"https:\/\/narteks.net\/index.php\/wp-json\/wp\/v2\/categories?post=5307"},{"taxonomy":"post_tag","embeddable":true,"href":"https:\/\/narteks.net\/index.php\/wp-json\/wp\/v2\/tags?post=5307"}],"curies":[{"name":"wp","href":"https:\/\/api.w.org\/{rel}","templated":true}]}}