{"id":5310,"date":"2011-02-28T13:01:02","date_gmt":"2011-02-28T10:01:02","guid":{"rendered":"http:\/\/localhost\/wordpress\/2011\/02\/28\/cehennemde-bir-mevsim\/"},"modified":"2011-02-28T13:01:02","modified_gmt":"2011-02-28T10:01:02","slug":"cehennemde-bir-mevsim","status":"publish","type":"post","link":"https:\/\/narteks.net\/index.php\/2011\/02\/28\/cehennemde-bir-mevsim\/","title":{"rendered":"CEHENNEMDE B\u0130R MEVS\u0130M"},"content":{"rendered":"<p>\u00a0<\/p>\n<p>Aldanm\u0131yorsam bir zamanlar hayat\u0131m,\u00f6n\u00fcne<br \/>b\u00fct\u00fcn g\u00f6n\u00fcllerin a\u00e7\u0131ld\u0131\u011f\u0131, yoluna b\u00fct\u00fcn \u015faraplar\u0131n<br \/>d\u00f6k\u00fcld\u00fc\u011f\u00fc bir \u015f\u00f6lendi.<br \/>Bir ak\u015famd\u0131 dizimi oturttum G\u00fczelli\u011fi-Terslik<br \/>edecek oldu-\u0130ler tutar yerini b\u0131rakmad\u0131m ben de.<br \/>Bayrak a\u00e7t\u0131m adalete kar\u015f\u0131.<br \/>Ald\u0131m ba\u015f\u0131m\u0131 ka\u00e7t\u0131m. Ey b\u00fcy\u00fcc\u00fcler, size ey<br \/>bahts\u0131zl\u0131k, ey nefret, hazinem size emanet.<br \/>Azmettim, s\u00f6nd\u00fcrd\u00fcm i\u00e7erimde insan \u00fcmidi ad\u0131na<br \/>ne varsa. Bir y\u0131rt\u0131c\u0131 hayvan amans\u0131zl\u0131\u011f\u0131yla at\u0131ld\u0131m<br \/>\u00fczerlerine bo\u011fay\u0131m diye c\u00fcmle sevinci.<br \/>Cellatlara seslendim, \u0131s\u0131ray\u0131m diye \u00f6l\u00fcrken<br \/>mavzerlerin kabzalar\u0131n\u0131. Seslendim salg\u0131nlara,<br \/>bo\u011fsunlar istedim, kan i\u00e7inde, kum i\u00e7inde beni. Tanr\u0131<br \/>bildim musibeti. G\u0131rtla\u011f\u0131ma kadar batt\u0131m \u00e7amurlara.<br \/>C\u00fcr\u00fcm\u00fcn ayaz\u0131nda kurundum. Hop oturup hop<br \/>kald\u0131rd\u0131m \u00e7\u0131lg\u0131nl\u0131\u011f\u0131.<br \/>Bana bahar\u0131n getirdi\u011fi i\u011fren\u00e7 bir budala kahkahas\u0131yd\u0131.<br \/>Derken az \u00f6nce i\u015fte, bir de bakt\u0131m ki k\u0131k\u0131rdamak<br \/>\u00fczereyim; akl\u0131ma eski \u015f\u00f6lenin anahtarlar\u0131n\u0131 aramak<br \/>geldi, dedim belki de yeniden heveslenirim.<br \/>Hay\u0131rm\u0131\u015f me\u011fer o anahtar\u0131n ad\u0131-Anla\u015f\u0131ld\u0131 ben bir<br \/>d\u00fc\u015fteymi\u015fim.<br \/>&#8220;Sen canavar kalacaks\u0131n&#8230;&#8221; falan filan&#8230; at\u0131p<br \/>tutmaya ba\u015flad\u0131 ba\u015f\u0131ma bu \u015firin has\u0131rlar\u0131 \u00f6ren \u015feytan.<br \/>&#8220;\u00d6l\u00fcm\u00fcne s\u00fcrs\u00fcn c\u00fcmle i\u015ftah\u0131n, bencilli\u011fin, c\u00fcmle<br \/>ba\u011f\u0131\u015flanmaz g\u00fcnah\u0131n.&#8221;<\/p>\n<p>Ah, can\u0131ma yetti artt\u0131-Kuzum \u015feytan, ne olur daha<br \/>bir \u00f6fkesiz bak\u0131ver de benden yana ufak tefek, yolda<br \/>kalm\u0131\u015f al\u00e7akl\u0131klar vara dursun, sen ki yazarda tasvir,<br \/>\u00f6\u011freticilik vergilerinin yoklu\u011funa vurgunsun, senin i\u00e7in<br \/>kopard\u0131m lanetli g\u00fcn defterimden bu u\u011fursuz yapraklar\u0131.\u00a0 <\/p>\n<p>Arthur R\u0130MBAUD<\/p>\n","protected":false},"excerpt":{"rendered":"<p>\u00a0 Aldanm\u0131yorsam bir zamanlar hayat\u0131m,\u00f6n\u00fcneb\u00fct\u00fcn g\u00f6n\u00fcllerin a\u00e7\u0131ld\u0131\u011f\u0131, yoluna b\u00fct\u00fcn \u015faraplar\u0131nd\u00f6k\u00fcld\u00fc\u011f\u00fc bir \u015f\u00f6lendi.Bir ak\u015famd\u0131 dizimi oturttum G\u00fczelli\u011fi-Terslikedecek oldu-\u0130ler tutar yerini b\u0131rakmad\u0131m ben de.Bayrak a\u00e7t\u0131m adalete kar\u015f\u0131.Ald\u0131m ba\u015f\u0131m\u0131 ka\u00e7t\u0131m. Ey b\u00fcy\u00fcc\u00fcler, size eybahts\u0131zl\u0131k, ey nefret, hazinem size emanet.Azmettim, s\u00f6nd\u00fcrd\u00fcm i\u00e7erimde insan \u00fcmidi ad\u0131nane varsa. Bir y\u0131rt\u0131c\u0131 hayvan amans\u0131zl\u0131\u011f\u0131yla at\u0131ld\u0131m\u00fczerlerine bo\u011fay\u0131m diye c\u00fcmle sevinci.Cellatlara seslendim, \u0131s\u0131ray\u0131m diye \u00f6l\u00fcrkenmavzerlerin [&hellip;]<\/p>\n","protected":false},"author":1,"featured_media":0,"comment_status":"open","ping_status":"open","sticky":false,"template":"","format":"standard","meta":{"footnotes":""},"categories":[167],"tags":[],"class_list":{"0":"post-5310","1":"post","2":"type-post","3":"status-publish","4":"format-standard","6":"category-arthur-rimbaud"},"yoast_head":"<!-- This site is optimized with the Yoast SEO Premium plugin v24.9 (Yoast SEO v24.9) - https:\/\/yoast.com\/wordpress\/plugins\/seo\/ -->\n<title>CEHENNEMDE B\u0130R MEVS\u0130M - narteks.net<\/title>\n<meta name=\"robots\" content=\"index, follow, max-snippet:-1, max-image-preview:large, max-video-preview:-1\" \/>\n<link rel=\"canonical\" href=\"https:\/\/narteks.net\/index.php\/2011\/02\/28\/cehennemde-bir-mevsim\/\" \/>\n<meta property=\"og:locale\" content=\"tr_TR\" \/>\n<meta property=\"og:type\" content=\"article\" \/>\n<meta property=\"og:title\" content=\"CEHENNEMDE B\u0130R MEVS\u0130M\" \/>\n<meta property=\"og:description\" content=\"\u00a0 Aldanm\u0131yorsam bir zamanlar hayat\u0131m,\u00f6n\u00fcneb\u00fct\u00fcn g\u00f6n\u00fcllerin a\u00e7\u0131ld\u0131\u011f\u0131, yoluna b\u00fct\u00fcn \u015faraplar\u0131nd\u00f6k\u00fcld\u00fc\u011f\u00fc bir \u015f\u00f6lendi.Bir ak\u015famd\u0131 dizimi oturttum G\u00fczelli\u011fi-Terslikedecek oldu-\u0130ler tutar yerini b\u0131rakmad\u0131m ben de.Bayrak a\u00e7t\u0131m adalete kar\u015f\u0131.Ald\u0131m ba\u015f\u0131m\u0131 ka\u00e7t\u0131m. Ey b\u00fcy\u00fcc\u00fcler, size eybahts\u0131zl\u0131k, ey nefret, hazinem size emanet.Azmettim, s\u00f6nd\u00fcrd\u00fcm i\u00e7erimde insan \u00fcmidi ad\u0131nane varsa. Bir y\u0131rt\u0131c\u0131 hayvan amans\u0131zl\u0131\u011f\u0131yla at\u0131ld\u0131m\u00fczerlerine bo\u011fay\u0131m diye c\u00fcmle sevinci.Cellatlara seslendim, \u0131s\u0131ray\u0131m diye \u00f6l\u00fcrkenmavzerlerin [&hellip;]\" \/>\n<meta property=\"og:url\" content=\"https:\/\/narteks.net\/index.php\/2011\/02\/28\/cehennemde-bir-mevsim\/\" \/>\n<meta property=\"og:site_name\" content=\"narteks.net\" \/>\n<meta property=\"article:published_time\" content=\"2011-02-28T10:01:02+00:00\" \/>\n<meta property=\"og:image\" content=\"https:\/\/narteks.net\/wp-content\/uploads\/narteks.png\" \/>\n\t<meta property=\"og:image:width\" content=\"300\" \/>\n\t<meta property=\"og:image:height\" content=\"90\" \/>\n\t<meta property=\"og:image:type\" content=\"image\/png\" \/>\n<meta name=\"author\" content=\"Tar\u0131k\" \/>\n<meta name=\"twitter:card\" content=\"summary_large_image\" \/>\n<meta name=\"twitter:creator\" content=\"@narteks\" \/>\n<meta name=\"twitter:site\" content=\"@narteks\" \/>\n<meta name=\"twitter:label1\" content=\"Yazan:\" \/>\n\t<meta name=\"twitter:data1\" content=\"Tar\u0131k\" \/>\n\t<meta name=\"twitter:label2\" content=\"Tahmini okuma s\u00fcresi\" \/>\n\t<meta name=\"twitter:data2\" content=\"1 dakika\" \/>\n<script type=\"application\/ld+json\" class=\"yoast-schema-graph\">{\"@context\":\"https:\/\/schema.org\",\"@graph\":[{\"@type\":\"Article\",\"@id\":\"https:\/\/narteks.net\/index.php\/2011\/02\/28\/cehennemde-bir-mevsim\/#article\",\"isPartOf\":{\"@id\":\"https:\/\/narteks.net\/index.php\/2011\/02\/28\/cehennemde-bir-mevsim\/\"},\"author\":{\"name\":\"Tar\u0131k\",\"@id\":\"https:\/\/narteks.net\/#\/schema\/person\/61f37d9834294b72d31d274e7ed79bca\"},\"headline\":\"CEHENNEMDE B\u0130R MEVS\u0130M\",\"datePublished\":\"2011-02-28T10:01:02+00:00\",\"mainEntityOfPage\":{\"@id\":\"https:\/\/narteks.net\/index.php\/2011\/02\/28\/cehennemde-bir-mevsim\/\"},\"wordCount\":288,\"commentCount\":0,\"publisher\":{\"@id\":\"https:\/\/narteks.net\/#organization\"},\"articleSection\":[\"Arthur R\u0130MBAUD\"],\"inLanguage\":\"tr\",\"potentialAction\":[{\"@type\":\"CommentAction\",\"name\":\"Comment\",\"target\":[\"https:\/\/narteks.net\/index.php\/2011\/02\/28\/cehennemde-bir-mevsim\/#respond\"]}]},{\"@type\":\"WebPage\",\"@id\":\"https:\/\/narteks.net\/index.php\/2011\/02\/28\/cehennemde-bir-mevsim\/\",\"url\":\"https:\/\/narteks.net\/index.php\/2011\/02\/28\/cehennemde-bir-mevsim\/\",\"name\":\"CEHENNEMDE B\u0130R MEVS\u0130M - narteks.net\",\"isPartOf\":{\"@id\":\"https:\/\/narteks.net\/#website\"},\"datePublished\":\"2011-02-28T10:01:02+00:00\",\"breadcrumb\":{\"@id\":\"https:\/\/narteks.net\/index.php\/2011\/02\/28\/cehennemde-bir-mevsim\/#breadcrumb\"},\"inLanguage\":\"tr\",\"potentialAction\":[{\"@type\":\"ReadAction\",\"target\":[\"https:\/\/narteks.net\/index.php\/2011\/02\/28\/cehennemde-bir-mevsim\/\"]}]},{\"@type\":\"BreadcrumbList\",\"@id\":\"https:\/\/narteks.net\/index.php\/2011\/02\/28\/cehennemde-bir-mevsim\/#breadcrumb\",\"itemListElement\":[{\"@type\":\"ListItem\",\"position\":1,\"name\":\"Anasayfa\",\"item\":\"https:\/\/narteks.net\/\"},{\"@type\":\"ListItem\",\"position\":2,\"name\":\"CEHENNEMDE B\u0130R MEVS\u0130M\"}]},{\"@type\":\"WebSite\",\"@id\":\"https:\/\/narteks.net\/#website\",\"url\":\"https:\/\/narteks.net\/\",\"name\":\"narteks.net\",\"description\":\"K\u00fclt\u00fcr Sanat Edebiyat Felsefe\",\"publisher\":{\"@id\":\"https:\/\/narteks.net\/#organization\"},\"alternateName\":\"K\u00fclt\u00fcr Sanat Edebiyat Felsefe\",\"potentialAction\":[{\"@type\":\"SearchAction\",\"target\":{\"@type\":\"EntryPoint\",\"urlTemplate\":\"https:\/\/narteks.net\/?s={search_term_string}\"},\"query-input\":{\"@type\":\"PropertyValueSpecification\",\"valueRequired\":true,\"valueName\":\"search_term_string\"}}],\"inLanguage\":\"tr\"},{\"@type\":\"Organization\",\"@id\":\"https:\/\/narteks.net\/#organization\",\"name\":\"narteks.net\",\"url\":\"https:\/\/narteks.net\/\",\"logo\":{\"@type\":\"ImageObject\",\"inLanguage\":\"tr\",\"@id\":\"https:\/\/narteks.net\/#\/schema\/logo\/image\/\",\"url\":\"https:\/\/narteks.net\/wp-content\/uploads\/narteks.png\",\"contentUrl\":\"https:\/\/narteks.net\/wp-content\/uploads\/narteks.png\",\"width\":300,\"height\":90,\"caption\":\"narteks.net\"},\"image\":{\"@id\":\"https:\/\/narteks.net\/#\/schema\/logo\/image\/\"},\"sameAs\":[\"https:\/\/x.com\/narteks\",\"https:\/\/instagram.com\/narteksnet\"]},{\"@type\":\"Person\",\"@id\":\"https:\/\/narteks.net\/#\/schema\/person\/61f37d9834294b72d31d274e7ed79bca\",\"name\":\"Tar\u0131k\",\"image\":{\"@type\":\"ImageObject\",\"inLanguage\":\"tr\",\"@id\":\"https:\/\/narteks.net\/#\/schema\/person\/image\/\",\"url\":\"https:\/\/secure.gravatar.com\/avatar\/50865afb55632c4ae467e0af0930f6510aa2297d8014be502a55b14f3b7550cf?s=96&d=mm&r=g\",\"contentUrl\":\"https:\/\/secure.gravatar.com\/avatar\/50865afb55632c4ae467e0af0930f6510aa2297d8014be502a55b14f3b7550cf?s=96&d=mm&r=g\",\"caption\":\"Tar\u0131k\"},\"sameAs\":[\"http:\/\/narteks.net\"],\"url\":\"https:\/\/narteks.net\/index.php\/author\/narbak\/\"}]}<\/script>\n<!-- \/ Yoast SEO Premium plugin. -->","yoast_head_json":{"title":"CEHENNEMDE B\u0130R MEVS\u0130M - narteks.net","robots":{"index":"index","follow":"follow","max-snippet":"max-snippet:-1","max-image-preview":"max-image-preview:large","max-video-preview":"max-video-preview:-1"},"canonical":"https:\/\/narteks.net\/index.php\/2011\/02\/28\/cehennemde-bir-mevsim\/","og_locale":"tr_TR","og_type":"article","og_title":"CEHENNEMDE B\u0130R MEVS\u0130M","og_description":"\u00a0 Aldanm\u0131yorsam bir zamanlar hayat\u0131m,\u00f6n\u00fcneb\u00fct\u00fcn g\u00f6n\u00fcllerin a\u00e7\u0131ld\u0131\u011f\u0131, yoluna b\u00fct\u00fcn \u015faraplar\u0131nd\u00f6k\u00fcld\u00fc\u011f\u00fc bir \u015f\u00f6lendi.Bir ak\u015famd\u0131 dizimi oturttum G\u00fczelli\u011fi-Terslikedecek oldu-\u0130ler tutar yerini b\u0131rakmad\u0131m ben de.Bayrak a\u00e7t\u0131m adalete kar\u015f\u0131.Ald\u0131m ba\u015f\u0131m\u0131 ka\u00e7t\u0131m. Ey b\u00fcy\u00fcc\u00fcler, size eybahts\u0131zl\u0131k, ey nefret, hazinem size emanet.Azmettim, s\u00f6nd\u00fcrd\u00fcm i\u00e7erimde insan \u00fcmidi ad\u0131nane varsa. Bir y\u0131rt\u0131c\u0131 hayvan amans\u0131zl\u0131\u011f\u0131yla at\u0131ld\u0131m\u00fczerlerine bo\u011fay\u0131m diye c\u00fcmle sevinci.Cellatlara seslendim, \u0131s\u0131ray\u0131m diye \u00f6l\u00fcrkenmavzerlerin [&hellip;]","og_url":"https:\/\/narteks.net\/index.php\/2011\/02\/28\/cehennemde-bir-mevsim\/","og_site_name":"narteks.net","article_published_time":"2011-02-28T10:01:02+00:00","og_image":[{"width":300,"height":90,"url":"https:\/\/narteks.net\/wp-content\/uploads\/narteks.png","type":"image\/png"}],"author":"Tar\u0131k","twitter_card":"summary_large_image","twitter_creator":"@narteks","twitter_site":"@narteks","twitter_misc":{"Yazan:":"Tar\u0131k","Tahmini okuma s\u00fcresi":"1 dakika"},"schema":{"@context":"https:\/\/schema.org","@graph":[{"@type":"Article","@id":"https:\/\/narteks.net\/index.php\/2011\/02\/28\/cehennemde-bir-mevsim\/#article","isPartOf":{"@id":"https:\/\/narteks.net\/index.php\/2011\/02\/28\/cehennemde-bir-mevsim\/"},"author":{"name":"Tar\u0131k","@id":"https:\/\/narteks.net\/#\/schema\/person\/61f37d9834294b72d31d274e7ed79bca"},"headline":"CEHENNEMDE B\u0130R MEVS\u0130M","datePublished":"2011-02-28T10:01:02+00:00","mainEntityOfPage":{"@id":"https:\/\/narteks.net\/index.php\/2011\/02\/28\/cehennemde-bir-mevsim\/"},"wordCount":288,"commentCount":0,"publisher":{"@id":"https:\/\/narteks.net\/#organization"},"articleSection":["Arthur R\u0130MBAUD"],"inLanguage":"tr","potentialAction":[{"@type":"CommentAction","name":"Comment","target":["https:\/\/narteks.net\/index.php\/2011\/02\/28\/cehennemde-bir-mevsim\/#respond"]}]},{"@type":"WebPage","@id":"https:\/\/narteks.net\/index.php\/2011\/02\/28\/cehennemde-bir-mevsim\/","url":"https:\/\/narteks.net\/index.php\/2011\/02\/28\/cehennemde-bir-mevsim\/","name":"CEHENNEMDE B\u0130R MEVS\u0130M - narteks.net","isPartOf":{"@id":"https:\/\/narteks.net\/#website"},"datePublished":"2011-02-28T10:01:02+00:00","breadcrumb":{"@id":"https:\/\/narteks.net\/index.php\/2011\/02\/28\/cehennemde-bir-mevsim\/#breadcrumb"},"inLanguage":"tr","potentialAction":[{"@type":"ReadAction","target":["https:\/\/narteks.net\/index.php\/2011\/02\/28\/cehennemde-bir-mevsim\/"]}]},{"@type":"BreadcrumbList","@id":"https:\/\/narteks.net\/index.php\/2011\/02\/28\/cehennemde-bir-mevsim\/#breadcrumb","itemListElement":[{"@type":"ListItem","position":1,"name":"Anasayfa","item":"https:\/\/narteks.net\/"},{"@type":"ListItem","position":2,"name":"CEHENNEMDE B\u0130R MEVS\u0130M"}]},{"@type":"WebSite","@id":"https:\/\/narteks.net\/#website","url":"https:\/\/narteks.net\/","name":"narteks.net","description":"K\u00fclt\u00fcr Sanat Edebiyat Felsefe","publisher":{"@id":"https:\/\/narteks.net\/#organization"},"alternateName":"K\u00fclt\u00fcr Sanat Edebiyat Felsefe","potentialAction":[{"@type":"SearchAction","target":{"@type":"EntryPoint","urlTemplate":"https:\/\/narteks.net\/?s={search_term_string}"},"query-input":{"@type":"PropertyValueSpecification","valueRequired":true,"valueName":"search_term_string"}}],"inLanguage":"tr"},{"@type":"Organization","@id":"https:\/\/narteks.net\/#organization","name":"narteks.net","url":"https:\/\/narteks.net\/","logo":{"@type":"ImageObject","inLanguage":"tr","@id":"https:\/\/narteks.net\/#\/schema\/logo\/image\/","url":"https:\/\/narteks.net\/wp-content\/uploads\/narteks.png","contentUrl":"https:\/\/narteks.net\/wp-content\/uploads\/narteks.png","width":300,"height":90,"caption":"narteks.net"},"image":{"@id":"https:\/\/narteks.net\/#\/schema\/logo\/image\/"},"sameAs":["https:\/\/x.com\/narteks","https:\/\/instagram.com\/narteksnet"]},{"@type":"Person","@id":"https:\/\/narteks.net\/#\/schema\/person\/61f37d9834294b72d31d274e7ed79bca","name":"Tar\u0131k","image":{"@type":"ImageObject","inLanguage":"tr","@id":"https:\/\/narteks.net\/#\/schema\/person\/image\/","url":"https:\/\/secure.gravatar.com\/avatar\/50865afb55632c4ae467e0af0930f6510aa2297d8014be502a55b14f3b7550cf?s=96&d=mm&r=g","contentUrl":"https:\/\/secure.gravatar.com\/avatar\/50865afb55632c4ae467e0af0930f6510aa2297d8014be502a55b14f3b7550cf?s=96&d=mm&r=g","caption":"Tar\u0131k"},"sameAs":["http:\/\/narteks.net"],"url":"https:\/\/narteks.net\/index.php\/author\/narbak\/"}]}},"_links":{"self":[{"href":"https:\/\/narteks.net\/index.php\/wp-json\/wp\/v2\/posts\/5310","targetHints":{"allow":["GET"]}}],"collection":[{"href":"https:\/\/narteks.net\/index.php\/wp-json\/wp\/v2\/posts"}],"about":[{"href":"https:\/\/narteks.net\/index.php\/wp-json\/wp\/v2\/types\/post"}],"author":[{"embeddable":true,"href":"https:\/\/narteks.net\/index.php\/wp-json\/wp\/v2\/users\/1"}],"replies":[{"embeddable":true,"href":"https:\/\/narteks.net\/index.php\/wp-json\/wp\/v2\/comments?post=5310"}],"version-history":[{"count":0,"href":"https:\/\/narteks.net\/index.php\/wp-json\/wp\/v2\/posts\/5310\/revisions"}],"wp:attachment":[{"href":"https:\/\/narteks.net\/index.php\/wp-json\/wp\/v2\/media?parent=5310"}],"wp:term":[{"taxonomy":"category","embeddable":true,"href":"https:\/\/narteks.net\/index.php\/wp-json\/wp\/v2\/categories?post=5310"},{"taxonomy":"post_tag","embeddable":true,"href":"https:\/\/narteks.net\/index.php\/wp-json\/wp\/v2\/tags?post=5310"}],"curies":[{"name":"wp","href":"https:\/\/api.w.org\/{rel}","templated":true}]}}