{"id":5319,"date":"2011-02-28T13:09:03","date_gmt":"2011-02-28T10:09:03","guid":{"rendered":"http:\/\/localhost\/wordpress\/2011\/02\/28\/tufandan-sonra\/"},"modified":"2011-02-28T13:09:03","modified_gmt":"2011-02-28T10:09:03","slug":"tufandan-sonra","status":"publish","type":"post","link":"https:\/\/narteks.net\/index.php\/2011\/02\/28\/tufandan-sonra\/","title":{"rendered":"TUFANDAN SONRA"},"content":{"rendered":"<p>\u00a0<\/p>\n<p>Bir tav\u015fan durdu da yoncalarla k\u0131p\u0131r k\u0131p\u0131r \u00e7\u0131ng\u0131rak<br \/>\u00e7i\u00e7ekleri aras\u0131nda, \u00f6r\u00fcmcek a\u011flar\u0131 i\u00e7inde do\u011fru dua etti g\u00f6kku\u015fa\u011f\u0131na.<br \/>Kay\u0131plara m\u0131 kar\u0131\u015facakt\u0131! o d\u00f6rt ba\u015f\u0131 mamur ta\u015flar,<br \/>ya \u00e7i\u00e7ekler tam a\u00e7m\u0131\u015fken hem de!<br \/>\u00c7\u00f6p i\u00e7inde y\u00fczen ana cadde boyunca kerevetler<br \/>dizildi. Minyat\u00fcrlerdeki gibi yukar\u0131lara as\u0131lm\u0131\u015f bir<br \/>denize do\u011fru kald\u0131r\u0131ld\u0131, gemiler \u00e7ekildi.<br \/>Mavi Sakal\u0131n evinde dere gibi akt\u0131 kan-ya mezbahalar,<br \/>ya o camlar\u0131 tanr\u0131 m\u00fchr\u00fcnden g\u00f6r\u00fcnmez olmu\u015f<br \/>kanl\u0131 meydanlar. Dere gibi akt\u0131 kan, bir o kadar da s\u00fct.<br \/>Kunduzlar yap\u0131 yapt\u0131. Kahveler t\u00fctt\u00fc kahve ocaklar\u0131nda<br \/>Camlar\u0131 hala zang\u0131r zang\u0131r caml\u0131 k\u00f6\u015fkte karalar<br \/>giymi\u015f \u00e7ocuklar\u0131n yald\u0131zl\u0131 resimlere dald\u0131 g\u00f6zleri.<br \/>\u00c7at! Kap\u0131 \u00e7al\u0131nd\u0131; k\u00f6y\u00fcn meydanl\u0131\u011f\u0131nda bir \u00e7ocuk<br \/>f\u0131r\u0131ldaklarla tekmil kulelerdeki horozlar\u0131n akl\u0131na uyup<br \/>kollar\u0131n\u0131 d\u00f6nd\u00fcrmeye ba\u015flad\u0131, \u00e7akmak \u00e7akmak sa\u011fana\u011f\u0131n alt\u0131nda.<br \/>Filan han\u0131m kuyruklu bir piyano kurdurttu Alp<br \/>da\u011flar\u0131na. Katedralin bin bir mihrab\u0131nda kudas ve vaftiz<br \/>ayinleri yap\u0131ld\u0131.<br \/>Yollara d\u00fc\u015ft\u00fc kervanlar. Harcedildi de buzlar\u0131n<br \/>herc\u00fcmerciyle kutup gecesi, kuruldu \u0130spilandit Oteli.<br \/>O zamandan beri ay, kekik k\u0131rlar\u0131ndan gelen<br \/>a\u011flamakl\u0131 \u00e7akal sesleri i\u015fitir oldu- bir de meyve<br \/>bah\u00e7elerinde dola\u015fan tahta pabu\u00e7lu \u00e7oban t\u00fcrk\u00fcleri.<br \/>Derken filize durmu\u015f eflatun korudaki peri Ev kar\u0131s\u0131<br \/>geldi yan\u0131ma, dedi, bahar geldi.<br \/>Kaynay\u0131n! p\u0131narlar, ta\u015f\u0131n, kat\u0131n k\u00f6pr\u00fcleri \u00f6n\u00fcn\u00fcze,<br \/>bas\u0131n ormanlar\u0131 siyah kuma\u015flar, orglar, \u015fim\u015fekler,<br \/>g\u00f6k g\u00fcr\u00fclt\u00fcleri, kabar\u0131n hadi \u00e7a\u011flay\u0131n; hadi su; hadisene<br \/>keder, kald\u0131r\u0131n aya\u011fa selleri.<br \/>De\u011fil mi ki onlar senli-benli-gitti derler! O d\u00f6rt ba\u015f\u0131<br \/>mamur ta\u015flar! O a\u00e7maya varm\u0131\u015f \u00e7i\u00e7ekler! -de\u011fil mi ki<br \/>bir kasvettir kalan geriye! Ecenin haliyse malum,<br \/>toprak mangal\u0131n\u0131n korlar\u0131n\u0131 kar\u0131\u015ft\u0131rmaya dalm\u0131\u015f<br \/>b\u00fcy\u00fcc\u00fc, bilir ya s\u00f6ylemez bizim bildi\u011fimizi. <\/p>\n<p>Arthur R\u0130MBAUD<\/p>\n","protected":false},"excerpt":{"rendered":"<p>\u00a0 Bir tav\u015fan durdu da yoncalarla k\u0131p\u0131r k\u0131p\u0131r \u00e7\u0131ng\u0131rak\u00e7i\u00e7ekleri aras\u0131nda, \u00f6r\u00fcmcek a\u011flar\u0131 i\u00e7inde do\u011fru dua etti g\u00f6kku\u015fa\u011f\u0131na.Kay\u0131plara m\u0131 kar\u0131\u015facakt\u0131! o d\u00f6rt ba\u015f\u0131 mamur ta\u015flar,ya \u00e7i\u00e7ekler tam a\u00e7m\u0131\u015fken hem de!\u00c7\u00f6p i\u00e7inde y\u00fczen ana cadde boyunca kerevetlerdizildi. Minyat\u00fcrlerdeki gibi yukar\u0131lara as\u0131lm\u0131\u015f birdenize do\u011fru kald\u0131r\u0131ld\u0131, gemiler \u00e7ekildi.Mavi Sakal\u0131n evinde dere gibi akt\u0131 kan-ya mezbahalar,ya o camlar\u0131 tanr\u0131 m\u00fchr\u00fcnden [&hellip;]<\/p>\n","protected":false},"author":1,"featured_media":0,"comment_status":"open","ping_status":"open","sticky":false,"template":"","format":"standard","meta":{"footnotes":""},"categories":[167],"tags":[],"class_list":{"0":"post-5319","1":"post","2":"type-post","3":"status-publish","4":"format-standard","6":"category-arthur-rimbaud"},"yoast_head":"<!-- This site is optimized with the Yoast SEO Premium plugin v24.9 (Yoast SEO v24.9) - https:\/\/yoast.com\/wordpress\/plugins\/seo\/ -->\n<title>TUFANDAN SONRA - narteks.net<\/title>\n<meta name=\"robots\" content=\"index, follow, max-snippet:-1, max-image-preview:large, max-video-preview:-1\" \/>\n<link rel=\"canonical\" href=\"https:\/\/narteks.net\/index.php\/2011\/02\/28\/tufandan-sonra\/\" \/>\n<meta property=\"og:locale\" content=\"tr_TR\" \/>\n<meta property=\"og:type\" content=\"article\" \/>\n<meta property=\"og:title\" content=\"TUFANDAN SONRA\" \/>\n<meta property=\"og:description\" content=\"\u00a0 Bir tav\u015fan durdu da yoncalarla k\u0131p\u0131r k\u0131p\u0131r \u00e7\u0131ng\u0131rak\u00e7i\u00e7ekleri aras\u0131nda, \u00f6r\u00fcmcek a\u011flar\u0131 i\u00e7inde do\u011fru dua etti g\u00f6kku\u015fa\u011f\u0131na.Kay\u0131plara m\u0131 kar\u0131\u015facakt\u0131! o d\u00f6rt ba\u015f\u0131 mamur ta\u015flar,ya \u00e7i\u00e7ekler tam a\u00e7m\u0131\u015fken hem de!\u00c7\u00f6p i\u00e7inde y\u00fczen ana cadde boyunca kerevetlerdizildi. Minyat\u00fcrlerdeki gibi yukar\u0131lara as\u0131lm\u0131\u015f birdenize do\u011fru kald\u0131r\u0131ld\u0131, gemiler \u00e7ekildi.Mavi Sakal\u0131n evinde dere gibi akt\u0131 kan-ya mezbahalar,ya o camlar\u0131 tanr\u0131 m\u00fchr\u00fcnden [&hellip;]\" \/>\n<meta property=\"og:url\" content=\"https:\/\/narteks.net\/index.php\/2011\/02\/28\/tufandan-sonra\/\" \/>\n<meta property=\"og:site_name\" content=\"narteks.net\" \/>\n<meta property=\"article:published_time\" content=\"2011-02-28T10:09:03+00:00\" \/>\n<meta property=\"og:image\" content=\"https:\/\/narteks.net\/wp-content\/uploads\/narteks.png\" \/>\n\t<meta property=\"og:image:width\" content=\"300\" \/>\n\t<meta property=\"og:image:height\" content=\"90\" \/>\n\t<meta property=\"og:image:type\" content=\"image\/png\" \/>\n<meta name=\"author\" content=\"Tar\u0131k\" \/>\n<meta name=\"twitter:card\" content=\"summary_large_image\" \/>\n<meta name=\"twitter:creator\" content=\"@narteks\" \/>\n<meta name=\"twitter:site\" content=\"@narteks\" \/>\n<meta name=\"twitter:label1\" content=\"Yazan:\" \/>\n\t<meta name=\"twitter:data1\" content=\"Tar\u0131k\" \/>\n\t<meta name=\"twitter:label2\" content=\"Tahmini okuma s\u00fcresi\" \/>\n\t<meta name=\"twitter:data2\" content=\"2 dakika\" \/>\n<script type=\"application\/ld+json\" class=\"yoast-schema-graph\">{\"@context\":\"https:\/\/schema.org\",\"@graph\":[{\"@type\":\"Article\",\"@id\":\"https:\/\/narteks.net\/index.php\/2011\/02\/28\/tufandan-sonra\/#article\",\"isPartOf\":{\"@id\":\"https:\/\/narteks.net\/index.php\/2011\/02\/28\/tufandan-sonra\/\"},\"author\":{\"name\":\"Tar\u0131k\",\"@id\":\"https:\/\/narteks.net\/#\/schema\/person\/61f37d9834294b72d31d274e7ed79bca\"},\"headline\":\"TUFANDAN SONRA\",\"datePublished\":\"2011-02-28T10:09:03+00:00\",\"mainEntityOfPage\":{\"@id\":\"https:\/\/narteks.net\/index.php\/2011\/02\/28\/tufandan-sonra\/\"},\"wordCount\":344,\"commentCount\":0,\"publisher\":{\"@id\":\"https:\/\/narteks.net\/#organization\"},\"articleSection\":[\"Arthur R\u0130MBAUD\"],\"inLanguage\":\"tr\",\"potentialAction\":[{\"@type\":\"CommentAction\",\"name\":\"Comment\",\"target\":[\"https:\/\/narteks.net\/index.php\/2011\/02\/28\/tufandan-sonra\/#respond\"]}]},{\"@type\":\"WebPage\",\"@id\":\"https:\/\/narteks.net\/index.php\/2011\/02\/28\/tufandan-sonra\/\",\"url\":\"https:\/\/narteks.net\/index.php\/2011\/02\/28\/tufandan-sonra\/\",\"name\":\"TUFANDAN SONRA - narteks.net\",\"isPartOf\":{\"@id\":\"https:\/\/narteks.net\/#website\"},\"datePublished\":\"2011-02-28T10:09:03+00:00\",\"breadcrumb\":{\"@id\":\"https:\/\/narteks.net\/index.php\/2011\/02\/28\/tufandan-sonra\/#breadcrumb\"},\"inLanguage\":\"tr\",\"potentialAction\":[{\"@type\":\"ReadAction\",\"target\":[\"https:\/\/narteks.net\/index.php\/2011\/02\/28\/tufandan-sonra\/\"]}]},{\"@type\":\"BreadcrumbList\",\"@id\":\"https:\/\/narteks.net\/index.php\/2011\/02\/28\/tufandan-sonra\/#breadcrumb\",\"itemListElement\":[{\"@type\":\"ListItem\",\"position\":1,\"name\":\"Anasayfa\",\"item\":\"https:\/\/narteks.net\/\"},{\"@type\":\"ListItem\",\"position\":2,\"name\":\"TUFANDAN SONRA\"}]},{\"@type\":\"WebSite\",\"@id\":\"https:\/\/narteks.net\/#website\",\"url\":\"https:\/\/narteks.net\/\",\"name\":\"narteks.net\",\"description\":\"K\u00fclt\u00fcr Sanat Edebiyat Felsefe\",\"publisher\":{\"@id\":\"https:\/\/narteks.net\/#organization\"},\"alternateName\":\"K\u00fclt\u00fcr Sanat Edebiyat Felsefe\",\"potentialAction\":[{\"@type\":\"SearchAction\",\"target\":{\"@type\":\"EntryPoint\",\"urlTemplate\":\"https:\/\/narteks.net\/?s={search_term_string}\"},\"query-input\":{\"@type\":\"PropertyValueSpecification\",\"valueRequired\":true,\"valueName\":\"search_term_string\"}}],\"inLanguage\":\"tr\"},{\"@type\":\"Organization\",\"@id\":\"https:\/\/narteks.net\/#organization\",\"name\":\"narteks.net\",\"url\":\"https:\/\/narteks.net\/\",\"logo\":{\"@type\":\"ImageObject\",\"inLanguage\":\"tr\",\"@id\":\"https:\/\/narteks.net\/#\/schema\/logo\/image\/\",\"url\":\"https:\/\/narteks.net\/wp-content\/uploads\/narteks.png\",\"contentUrl\":\"https:\/\/narteks.net\/wp-content\/uploads\/narteks.png\",\"width\":300,\"height\":90,\"caption\":\"narteks.net\"},\"image\":{\"@id\":\"https:\/\/narteks.net\/#\/schema\/logo\/image\/\"},\"sameAs\":[\"https:\/\/x.com\/narteks\",\"https:\/\/instagram.com\/narteksnet\"]},{\"@type\":\"Person\",\"@id\":\"https:\/\/narteks.net\/#\/schema\/person\/61f37d9834294b72d31d274e7ed79bca\",\"name\":\"Tar\u0131k\",\"image\":{\"@type\":\"ImageObject\",\"inLanguage\":\"tr\",\"@id\":\"https:\/\/narteks.net\/#\/schema\/person\/image\/\",\"url\":\"https:\/\/secure.gravatar.com\/avatar\/50865afb55632c4ae467e0af0930f6510aa2297d8014be502a55b14f3b7550cf?s=96&d=mm&r=g\",\"contentUrl\":\"https:\/\/secure.gravatar.com\/avatar\/50865afb55632c4ae467e0af0930f6510aa2297d8014be502a55b14f3b7550cf?s=96&d=mm&r=g\",\"caption\":\"Tar\u0131k\"},\"sameAs\":[\"http:\/\/narteks.net\"],\"url\":\"https:\/\/narteks.net\/index.php\/author\/narbak\/\"}]}<\/script>\n<!-- \/ Yoast SEO Premium plugin. -->","yoast_head_json":{"title":"TUFANDAN SONRA - narteks.net","robots":{"index":"index","follow":"follow","max-snippet":"max-snippet:-1","max-image-preview":"max-image-preview:large","max-video-preview":"max-video-preview:-1"},"canonical":"https:\/\/narteks.net\/index.php\/2011\/02\/28\/tufandan-sonra\/","og_locale":"tr_TR","og_type":"article","og_title":"TUFANDAN SONRA","og_description":"\u00a0 Bir tav\u015fan durdu da yoncalarla k\u0131p\u0131r k\u0131p\u0131r \u00e7\u0131ng\u0131rak\u00e7i\u00e7ekleri aras\u0131nda, \u00f6r\u00fcmcek a\u011flar\u0131 i\u00e7inde do\u011fru dua etti g\u00f6kku\u015fa\u011f\u0131na.Kay\u0131plara m\u0131 kar\u0131\u015facakt\u0131! o d\u00f6rt ba\u015f\u0131 mamur ta\u015flar,ya \u00e7i\u00e7ekler tam a\u00e7m\u0131\u015fken hem de!\u00c7\u00f6p i\u00e7inde y\u00fczen ana cadde boyunca kerevetlerdizildi. Minyat\u00fcrlerdeki gibi yukar\u0131lara as\u0131lm\u0131\u015f birdenize do\u011fru kald\u0131r\u0131ld\u0131, gemiler \u00e7ekildi.Mavi Sakal\u0131n evinde dere gibi akt\u0131 kan-ya mezbahalar,ya o camlar\u0131 tanr\u0131 m\u00fchr\u00fcnden [&hellip;]","og_url":"https:\/\/narteks.net\/index.php\/2011\/02\/28\/tufandan-sonra\/","og_site_name":"narteks.net","article_published_time":"2011-02-28T10:09:03+00:00","og_image":[{"width":300,"height":90,"url":"https:\/\/narteks.net\/wp-content\/uploads\/narteks.png","type":"image\/png"}],"author":"Tar\u0131k","twitter_card":"summary_large_image","twitter_creator":"@narteks","twitter_site":"@narteks","twitter_misc":{"Yazan:":"Tar\u0131k","Tahmini okuma s\u00fcresi":"2 dakika"},"schema":{"@context":"https:\/\/schema.org","@graph":[{"@type":"Article","@id":"https:\/\/narteks.net\/index.php\/2011\/02\/28\/tufandan-sonra\/#article","isPartOf":{"@id":"https:\/\/narteks.net\/index.php\/2011\/02\/28\/tufandan-sonra\/"},"author":{"name":"Tar\u0131k","@id":"https:\/\/narteks.net\/#\/schema\/person\/61f37d9834294b72d31d274e7ed79bca"},"headline":"TUFANDAN SONRA","datePublished":"2011-02-28T10:09:03+00:00","mainEntityOfPage":{"@id":"https:\/\/narteks.net\/index.php\/2011\/02\/28\/tufandan-sonra\/"},"wordCount":344,"commentCount":0,"publisher":{"@id":"https:\/\/narteks.net\/#organization"},"articleSection":["Arthur R\u0130MBAUD"],"inLanguage":"tr","potentialAction":[{"@type":"CommentAction","name":"Comment","target":["https:\/\/narteks.net\/index.php\/2011\/02\/28\/tufandan-sonra\/#respond"]}]},{"@type":"WebPage","@id":"https:\/\/narteks.net\/index.php\/2011\/02\/28\/tufandan-sonra\/","url":"https:\/\/narteks.net\/index.php\/2011\/02\/28\/tufandan-sonra\/","name":"TUFANDAN SONRA - narteks.net","isPartOf":{"@id":"https:\/\/narteks.net\/#website"},"datePublished":"2011-02-28T10:09:03+00:00","breadcrumb":{"@id":"https:\/\/narteks.net\/index.php\/2011\/02\/28\/tufandan-sonra\/#breadcrumb"},"inLanguage":"tr","potentialAction":[{"@type":"ReadAction","target":["https:\/\/narteks.net\/index.php\/2011\/02\/28\/tufandan-sonra\/"]}]},{"@type":"BreadcrumbList","@id":"https:\/\/narteks.net\/index.php\/2011\/02\/28\/tufandan-sonra\/#breadcrumb","itemListElement":[{"@type":"ListItem","position":1,"name":"Anasayfa","item":"https:\/\/narteks.net\/"},{"@type":"ListItem","position":2,"name":"TUFANDAN SONRA"}]},{"@type":"WebSite","@id":"https:\/\/narteks.net\/#website","url":"https:\/\/narteks.net\/","name":"narteks.net","description":"K\u00fclt\u00fcr Sanat Edebiyat Felsefe","publisher":{"@id":"https:\/\/narteks.net\/#organization"},"alternateName":"K\u00fclt\u00fcr Sanat Edebiyat Felsefe","potentialAction":[{"@type":"SearchAction","target":{"@type":"EntryPoint","urlTemplate":"https:\/\/narteks.net\/?s={search_term_string}"},"query-input":{"@type":"PropertyValueSpecification","valueRequired":true,"valueName":"search_term_string"}}],"inLanguage":"tr"},{"@type":"Organization","@id":"https:\/\/narteks.net\/#organization","name":"narteks.net","url":"https:\/\/narteks.net\/","logo":{"@type":"ImageObject","inLanguage":"tr","@id":"https:\/\/narteks.net\/#\/schema\/logo\/image\/","url":"https:\/\/narteks.net\/wp-content\/uploads\/narteks.png","contentUrl":"https:\/\/narteks.net\/wp-content\/uploads\/narteks.png","width":300,"height":90,"caption":"narteks.net"},"image":{"@id":"https:\/\/narteks.net\/#\/schema\/logo\/image\/"},"sameAs":["https:\/\/x.com\/narteks","https:\/\/instagram.com\/narteksnet"]},{"@type":"Person","@id":"https:\/\/narteks.net\/#\/schema\/person\/61f37d9834294b72d31d274e7ed79bca","name":"Tar\u0131k","image":{"@type":"ImageObject","inLanguage":"tr","@id":"https:\/\/narteks.net\/#\/schema\/person\/image\/","url":"https:\/\/secure.gravatar.com\/avatar\/50865afb55632c4ae467e0af0930f6510aa2297d8014be502a55b14f3b7550cf?s=96&d=mm&r=g","contentUrl":"https:\/\/secure.gravatar.com\/avatar\/50865afb55632c4ae467e0af0930f6510aa2297d8014be502a55b14f3b7550cf?s=96&d=mm&r=g","caption":"Tar\u0131k"},"sameAs":["http:\/\/narteks.net"],"url":"https:\/\/narteks.net\/index.php\/author\/narbak\/"}]}},"_links":{"self":[{"href":"https:\/\/narteks.net\/index.php\/wp-json\/wp\/v2\/posts\/5319","targetHints":{"allow":["GET"]}}],"collection":[{"href":"https:\/\/narteks.net\/index.php\/wp-json\/wp\/v2\/posts"}],"about":[{"href":"https:\/\/narteks.net\/index.php\/wp-json\/wp\/v2\/types\/post"}],"author":[{"embeddable":true,"href":"https:\/\/narteks.net\/index.php\/wp-json\/wp\/v2\/users\/1"}],"replies":[{"embeddable":true,"href":"https:\/\/narteks.net\/index.php\/wp-json\/wp\/v2\/comments?post=5319"}],"version-history":[{"count":0,"href":"https:\/\/narteks.net\/index.php\/wp-json\/wp\/v2\/posts\/5319\/revisions"}],"wp:attachment":[{"href":"https:\/\/narteks.net\/index.php\/wp-json\/wp\/v2\/media?parent=5319"}],"wp:term":[{"taxonomy":"category","embeddable":true,"href":"https:\/\/narteks.net\/index.php\/wp-json\/wp\/v2\/categories?post=5319"},{"taxonomy":"post_tag","embeddable":true,"href":"https:\/\/narteks.net\/index.php\/wp-json\/wp\/v2\/tags?post=5319"}],"curies":[{"name":"wp","href":"https:\/\/api.w.org\/{rel}","templated":true}]}}