{"id":5331,"date":"2011-02-28T13:26:27","date_gmt":"2011-02-28T10:26:27","guid":{"rendered":"http:\/\/localhost\/wordpress\/2011\/02\/28\/tan\/"},"modified":"2011-02-28T13:26:27","modified_gmt":"2011-02-28T10:26:27","slug":"tan","status":"publish","type":"post","link":"https:\/\/narteks.net\/index.php\/2011\/02\/28\/tan\/","title":{"rendered":"TAN"},"content":{"rendered":"<p>\u00a0<\/p>\n<p>Sar\u0131ld\u0131m yaz \u015fafa\u011f\u0131na.<\/p>\n<p>Hi\u00e7bir \u015fey k\u0131m\u0131ldam\u0131yordu daha alnac\u0131nda saraylar\u0131n.<\/p>\n<p>\u00d6l\u00fcyd\u00fc\u00a0 su.<\/p>\n<p>Orman\u00a0 yolundan\u00a0\u00a0 ayr\u0131lm\u0131yordu\u00a0 alacakaranl\u0131\u011f\u0131\u00a0\u00a0 konak\u00a0 yerleri.<\/p>\n<p>Y\u00fcr\u00fcd\u00fcm,\u00a0\u00a0 diri\u00a0\u00a0 ve\u00a0 \u0131l\u0131k\u00a0 soluklar\u0131 uyand\u0131r\u0131p;\u00a0 ve\u00a0\u00a0 bakt\u0131\u00a0\u00a0 de\u011ferli ta\u015flar, ve g\u00fcr\u00fclt\u00fcs\u00fczce havaland\u0131 kanatlar.<\/p>\n<p>\u015eimdiden yepyeni ve solgun \u0131\u015f\u0131klarla dolu bir patikada,\u00a0 bir \u00e7i\u00e7ek yapt\u0131 ilk giri\u015fimi ve ad\u0131n\u0131 s\u00f6yledi bana.<\/p>\n<p>G\u00fcl\u00fcmsedim \u00e7amlar\u0131n aras\u0131nda sa\u00e7\u0131n\u0131 da\u011f\u0131tan sar\u0131\u015f\u0131n \u00e7a\u011flayana: Ke\u015ffettim tanr\u0131\u00e7ay\u0131 g\u00fcm\u00fc\u015f rengi dorukta.<\/p>\n<p>O zaman kald\u0131rd\u0131m \u00f6rt\u00fcleri birer birer. A\u011fa\u00e7l\u0131 yolda sallay\u0131p kollar\u0131m\u0131.<\/p>\n<p>Onu\u00a0\u00a0 horoza\u00a0 g\u00f6sterdim\u00a0 ovada.<\/p>\n<p>\u00c7an\u00a0 kuleleri\u00a0 ve\u00a0 kubbeler\u00a0 aras\u0131nda\u00a0 ka\u00e7\u0131yordu\u00a0 b\u00fcy\u00fck kentte, ve,\u00a0 t\u0131pk\u0131\u00a0 bir\u00a0 dilenci gibi, ko\u015farak koval\u0131yordum onu mermer r\u0131ht\u0131mlarda.<\/p>\n<p>Yolun\u00a0 yukar\u0131s\u0131nda,\u00a0 bir\u00a0 defne\u00a0 orman\u0131n\u0131n\u00a0 k\u0131y\u0131s\u0131nda, sard\u0131m onu mat mat \u00f6rt\u00fcleriyle,\u00a0 ve\u00a0 duyumsad\u0131m u\u00e7suz bucaks\u0131z g\u00f6vdesini.<br \/>Orman\u0131n alt yan\u0131na indi tan ve \u00e7ocuk.<\/p>\n<p>\u00d6\u011fle olmu\u015ftu uyand\u0131klar\u0131nda.<\/p>\n<p>Arthur R\u0130MBAUD<\/p>\n","protected":false},"excerpt":{"rendered":"<p>\u00a0 Sar\u0131ld\u0131m yaz \u015fafa\u011f\u0131na. Hi\u00e7bir \u015fey k\u0131m\u0131ldam\u0131yordu daha alnac\u0131nda saraylar\u0131n. \u00d6l\u00fcyd\u00fc\u00a0 su. Orman\u00a0 yolundan\u00a0\u00a0 ayr\u0131lm\u0131yordu\u00a0 alacakaranl\u0131\u011f\u0131\u00a0\u00a0 konak\u00a0 yerleri. Y\u00fcr\u00fcd\u00fcm,\u00a0\u00a0 diri\u00a0\u00a0 ve\u00a0 \u0131l\u0131k\u00a0 soluklar\u0131 uyand\u0131r\u0131p;\u00a0 ve\u00a0\u00a0 bakt\u0131\u00a0\u00a0 de\u011ferli ta\u015flar, ve g\u00fcr\u00fclt\u00fcs\u00fczce havaland\u0131 kanatlar. \u015eimdiden yepyeni ve solgun \u0131\u015f\u0131klarla dolu bir patikada,\u00a0 bir \u00e7i\u00e7ek yapt\u0131 ilk giri\u015fimi ve ad\u0131n\u0131 s\u00f6yledi bana. G\u00fcl\u00fcmsedim \u00e7amlar\u0131n aras\u0131nda sa\u00e7\u0131n\u0131 da\u011f\u0131tan sar\u0131\u015f\u0131n [&hellip;]<\/p>\n","protected":false},"author":1,"featured_media":0,"comment_status":"open","ping_status":"open","sticky":false,"template":"","format":"standard","meta":{"footnotes":""},"categories":[167],"tags":[],"class_list":{"0":"post-5331","1":"post","2":"type-post","3":"status-publish","4":"format-standard","6":"category-arthur-rimbaud"},"yoast_head":"<!-- This site is optimized with the Yoast SEO Premium plugin v24.9 (Yoast SEO v24.9) - https:\/\/yoast.com\/wordpress\/plugins\/seo\/ -->\n<title>TAN - narteks.net<\/title>\n<meta name=\"robots\" content=\"index, follow, max-snippet:-1, max-image-preview:large, max-video-preview:-1\" \/>\n<link rel=\"canonical\" href=\"https:\/\/narteks.net\/index.php\/2011\/02\/28\/tan\/\" \/>\n<meta property=\"og:locale\" content=\"tr_TR\" \/>\n<meta property=\"og:type\" content=\"article\" \/>\n<meta property=\"og:title\" content=\"TAN\" \/>\n<meta property=\"og:description\" content=\"\u00a0 Sar\u0131ld\u0131m yaz \u015fafa\u011f\u0131na. Hi\u00e7bir \u015fey k\u0131m\u0131ldam\u0131yordu daha alnac\u0131nda saraylar\u0131n. \u00d6l\u00fcyd\u00fc\u00a0 su. Orman\u00a0 yolundan\u00a0\u00a0 ayr\u0131lm\u0131yordu\u00a0 alacakaranl\u0131\u011f\u0131\u00a0\u00a0 konak\u00a0 yerleri. Y\u00fcr\u00fcd\u00fcm,\u00a0\u00a0 diri\u00a0\u00a0 ve\u00a0 \u0131l\u0131k\u00a0 soluklar\u0131 uyand\u0131r\u0131p;\u00a0 ve\u00a0\u00a0 bakt\u0131\u00a0\u00a0 de\u011ferli ta\u015flar, ve g\u00fcr\u00fclt\u00fcs\u00fczce havaland\u0131 kanatlar. \u015eimdiden yepyeni ve solgun \u0131\u015f\u0131klarla dolu bir patikada,\u00a0 bir \u00e7i\u00e7ek yapt\u0131 ilk giri\u015fimi ve ad\u0131n\u0131 s\u00f6yledi bana. G\u00fcl\u00fcmsedim \u00e7amlar\u0131n aras\u0131nda sa\u00e7\u0131n\u0131 da\u011f\u0131tan sar\u0131\u015f\u0131n [&hellip;]\" \/>\n<meta property=\"og:url\" content=\"https:\/\/narteks.net\/index.php\/2011\/02\/28\/tan\/\" \/>\n<meta property=\"og:site_name\" content=\"narteks.net\" \/>\n<meta property=\"article:published_time\" content=\"2011-02-28T10:26:27+00:00\" \/>\n<meta property=\"og:image\" content=\"https:\/\/narteks.net\/wp-content\/uploads\/narteks.png\" \/>\n\t<meta property=\"og:image:width\" content=\"300\" \/>\n\t<meta property=\"og:image:height\" content=\"90\" \/>\n\t<meta property=\"og:image:type\" content=\"image\/png\" \/>\n<meta name=\"author\" content=\"Tar\u0131k\" \/>\n<meta name=\"twitter:card\" content=\"summary_large_image\" \/>\n<meta name=\"twitter:creator\" content=\"@narteks\" \/>\n<meta name=\"twitter:site\" content=\"@narteks\" \/>\n<meta name=\"twitter:label1\" content=\"Yazan:\" \/>\n\t<meta name=\"twitter:data1\" content=\"Tar\u0131k\" \/>\n\t<meta name=\"twitter:label2\" content=\"Tahmini okuma s\u00fcresi\" \/>\n\t<meta name=\"twitter:data2\" content=\"1 dakika\" \/>\n<script type=\"application\/ld+json\" class=\"yoast-schema-graph\">{\"@context\":\"https:\/\/schema.org\",\"@graph\":[{\"@type\":\"Article\",\"@id\":\"https:\/\/narteks.net\/index.php\/2011\/02\/28\/tan\/#article\",\"isPartOf\":{\"@id\":\"https:\/\/narteks.net\/index.php\/2011\/02\/28\/tan\/\"},\"author\":{\"name\":\"Tar\u0131k\",\"@id\":\"https:\/\/narteks.net\/#\/schema\/person\/61f37d9834294b72d31d274e7ed79bca\"},\"headline\":\"TAN\",\"datePublished\":\"2011-02-28T10:26:27+00:00\",\"mainEntityOfPage\":{\"@id\":\"https:\/\/narteks.net\/index.php\/2011\/02\/28\/tan\/\"},\"wordCount\":196,\"commentCount\":0,\"publisher\":{\"@id\":\"https:\/\/narteks.net\/#organization\"},\"articleSection\":[\"Arthur R\u0130MBAUD\"],\"inLanguage\":\"tr\",\"potentialAction\":[{\"@type\":\"CommentAction\",\"name\":\"Comment\",\"target\":[\"https:\/\/narteks.net\/index.php\/2011\/02\/28\/tan\/#respond\"]}]},{\"@type\":\"WebPage\",\"@id\":\"https:\/\/narteks.net\/index.php\/2011\/02\/28\/tan\/\",\"url\":\"https:\/\/narteks.net\/index.php\/2011\/02\/28\/tan\/\",\"name\":\"TAN - narteks.net\",\"isPartOf\":{\"@id\":\"https:\/\/narteks.net\/#website\"},\"datePublished\":\"2011-02-28T10:26:27+00:00\",\"breadcrumb\":{\"@id\":\"https:\/\/narteks.net\/index.php\/2011\/02\/28\/tan\/#breadcrumb\"},\"inLanguage\":\"tr\",\"potentialAction\":[{\"@type\":\"ReadAction\",\"target\":[\"https:\/\/narteks.net\/index.php\/2011\/02\/28\/tan\/\"]}]},{\"@type\":\"BreadcrumbList\",\"@id\":\"https:\/\/narteks.net\/index.php\/2011\/02\/28\/tan\/#breadcrumb\",\"itemListElement\":[{\"@type\":\"ListItem\",\"position\":1,\"name\":\"Anasayfa\",\"item\":\"https:\/\/narteks.net\/\"},{\"@type\":\"ListItem\",\"position\":2,\"name\":\"TAN\"}]},{\"@type\":\"WebSite\",\"@id\":\"https:\/\/narteks.net\/#website\",\"url\":\"https:\/\/narteks.net\/\",\"name\":\"narteks.net\",\"description\":\"K\u00fclt\u00fcr Sanat Edebiyat Felsefe\",\"publisher\":{\"@id\":\"https:\/\/narteks.net\/#organization\"},\"alternateName\":\"K\u00fclt\u00fcr Sanat Edebiyat Felsefe\",\"potentialAction\":[{\"@type\":\"SearchAction\",\"target\":{\"@type\":\"EntryPoint\",\"urlTemplate\":\"https:\/\/narteks.net\/?s={search_term_string}\"},\"query-input\":{\"@type\":\"PropertyValueSpecification\",\"valueRequired\":true,\"valueName\":\"search_term_string\"}}],\"inLanguage\":\"tr\"},{\"@type\":\"Organization\",\"@id\":\"https:\/\/narteks.net\/#organization\",\"name\":\"narteks.net\",\"url\":\"https:\/\/narteks.net\/\",\"logo\":{\"@type\":\"ImageObject\",\"inLanguage\":\"tr\",\"@id\":\"https:\/\/narteks.net\/#\/schema\/logo\/image\/\",\"url\":\"https:\/\/narteks.net\/wp-content\/uploads\/narteks.png\",\"contentUrl\":\"https:\/\/narteks.net\/wp-content\/uploads\/narteks.png\",\"width\":300,\"height\":90,\"caption\":\"narteks.net\"},\"image\":{\"@id\":\"https:\/\/narteks.net\/#\/schema\/logo\/image\/\"},\"sameAs\":[\"https:\/\/x.com\/narteks\",\"https:\/\/instagram.com\/narteksnet\"]},{\"@type\":\"Person\",\"@id\":\"https:\/\/narteks.net\/#\/schema\/person\/61f37d9834294b72d31d274e7ed79bca\",\"name\":\"Tar\u0131k\",\"image\":{\"@type\":\"ImageObject\",\"inLanguage\":\"tr\",\"@id\":\"https:\/\/narteks.net\/#\/schema\/person\/image\/\",\"url\":\"https:\/\/secure.gravatar.com\/avatar\/50865afb55632c4ae467e0af0930f6510aa2297d8014be502a55b14f3b7550cf?s=96&d=mm&r=g\",\"contentUrl\":\"https:\/\/secure.gravatar.com\/avatar\/50865afb55632c4ae467e0af0930f6510aa2297d8014be502a55b14f3b7550cf?s=96&d=mm&r=g\",\"caption\":\"Tar\u0131k\"},\"sameAs\":[\"http:\/\/narteks.net\"],\"url\":\"https:\/\/narteks.net\/index.php\/author\/narbak\/\"}]}<\/script>\n<!-- \/ Yoast SEO Premium plugin. -->","yoast_head_json":{"title":"TAN - narteks.net","robots":{"index":"index","follow":"follow","max-snippet":"max-snippet:-1","max-image-preview":"max-image-preview:large","max-video-preview":"max-video-preview:-1"},"canonical":"https:\/\/narteks.net\/index.php\/2011\/02\/28\/tan\/","og_locale":"tr_TR","og_type":"article","og_title":"TAN","og_description":"\u00a0 Sar\u0131ld\u0131m yaz \u015fafa\u011f\u0131na. Hi\u00e7bir \u015fey k\u0131m\u0131ldam\u0131yordu daha alnac\u0131nda saraylar\u0131n. \u00d6l\u00fcyd\u00fc\u00a0 su. Orman\u00a0 yolundan\u00a0\u00a0 ayr\u0131lm\u0131yordu\u00a0 alacakaranl\u0131\u011f\u0131\u00a0\u00a0 konak\u00a0 yerleri. Y\u00fcr\u00fcd\u00fcm,\u00a0\u00a0 diri\u00a0\u00a0 ve\u00a0 \u0131l\u0131k\u00a0 soluklar\u0131 uyand\u0131r\u0131p;\u00a0 ve\u00a0\u00a0 bakt\u0131\u00a0\u00a0 de\u011ferli ta\u015flar, ve g\u00fcr\u00fclt\u00fcs\u00fczce havaland\u0131 kanatlar. \u015eimdiden yepyeni ve solgun \u0131\u015f\u0131klarla dolu bir patikada,\u00a0 bir \u00e7i\u00e7ek yapt\u0131 ilk giri\u015fimi ve ad\u0131n\u0131 s\u00f6yledi bana. G\u00fcl\u00fcmsedim \u00e7amlar\u0131n aras\u0131nda sa\u00e7\u0131n\u0131 da\u011f\u0131tan sar\u0131\u015f\u0131n [&hellip;]","og_url":"https:\/\/narteks.net\/index.php\/2011\/02\/28\/tan\/","og_site_name":"narteks.net","article_published_time":"2011-02-28T10:26:27+00:00","og_image":[{"width":300,"height":90,"url":"https:\/\/narteks.net\/wp-content\/uploads\/narteks.png","type":"image\/png"}],"author":"Tar\u0131k","twitter_card":"summary_large_image","twitter_creator":"@narteks","twitter_site":"@narteks","twitter_misc":{"Yazan:":"Tar\u0131k","Tahmini okuma s\u00fcresi":"1 dakika"},"schema":{"@context":"https:\/\/schema.org","@graph":[{"@type":"Article","@id":"https:\/\/narteks.net\/index.php\/2011\/02\/28\/tan\/#article","isPartOf":{"@id":"https:\/\/narteks.net\/index.php\/2011\/02\/28\/tan\/"},"author":{"name":"Tar\u0131k","@id":"https:\/\/narteks.net\/#\/schema\/person\/61f37d9834294b72d31d274e7ed79bca"},"headline":"TAN","datePublished":"2011-02-28T10:26:27+00:00","mainEntityOfPage":{"@id":"https:\/\/narteks.net\/index.php\/2011\/02\/28\/tan\/"},"wordCount":196,"commentCount":0,"publisher":{"@id":"https:\/\/narteks.net\/#organization"},"articleSection":["Arthur R\u0130MBAUD"],"inLanguage":"tr","potentialAction":[{"@type":"CommentAction","name":"Comment","target":["https:\/\/narteks.net\/index.php\/2011\/02\/28\/tan\/#respond"]}]},{"@type":"WebPage","@id":"https:\/\/narteks.net\/index.php\/2011\/02\/28\/tan\/","url":"https:\/\/narteks.net\/index.php\/2011\/02\/28\/tan\/","name":"TAN - narteks.net","isPartOf":{"@id":"https:\/\/narteks.net\/#website"},"datePublished":"2011-02-28T10:26:27+00:00","breadcrumb":{"@id":"https:\/\/narteks.net\/index.php\/2011\/02\/28\/tan\/#breadcrumb"},"inLanguage":"tr","potentialAction":[{"@type":"ReadAction","target":["https:\/\/narteks.net\/index.php\/2011\/02\/28\/tan\/"]}]},{"@type":"BreadcrumbList","@id":"https:\/\/narteks.net\/index.php\/2011\/02\/28\/tan\/#breadcrumb","itemListElement":[{"@type":"ListItem","position":1,"name":"Anasayfa","item":"https:\/\/narteks.net\/"},{"@type":"ListItem","position":2,"name":"TAN"}]},{"@type":"WebSite","@id":"https:\/\/narteks.net\/#website","url":"https:\/\/narteks.net\/","name":"narteks.net","description":"K\u00fclt\u00fcr Sanat Edebiyat Felsefe","publisher":{"@id":"https:\/\/narteks.net\/#organization"},"alternateName":"K\u00fclt\u00fcr Sanat Edebiyat Felsefe","potentialAction":[{"@type":"SearchAction","target":{"@type":"EntryPoint","urlTemplate":"https:\/\/narteks.net\/?s={search_term_string}"},"query-input":{"@type":"PropertyValueSpecification","valueRequired":true,"valueName":"search_term_string"}}],"inLanguage":"tr"},{"@type":"Organization","@id":"https:\/\/narteks.net\/#organization","name":"narteks.net","url":"https:\/\/narteks.net\/","logo":{"@type":"ImageObject","inLanguage":"tr","@id":"https:\/\/narteks.net\/#\/schema\/logo\/image\/","url":"https:\/\/narteks.net\/wp-content\/uploads\/narteks.png","contentUrl":"https:\/\/narteks.net\/wp-content\/uploads\/narteks.png","width":300,"height":90,"caption":"narteks.net"},"image":{"@id":"https:\/\/narteks.net\/#\/schema\/logo\/image\/"},"sameAs":["https:\/\/x.com\/narteks","https:\/\/instagram.com\/narteksnet"]},{"@type":"Person","@id":"https:\/\/narteks.net\/#\/schema\/person\/61f37d9834294b72d31d274e7ed79bca","name":"Tar\u0131k","image":{"@type":"ImageObject","inLanguage":"tr","@id":"https:\/\/narteks.net\/#\/schema\/person\/image\/","url":"https:\/\/secure.gravatar.com\/avatar\/50865afb55632c4ae467e0af0930f6510aa2297d8014be502a55b14f3b7550cf?s=96&d=mm&r=g","contentUrl":"https:\/\/secure.gravatar.com\/avatar\/50865afb55632c4ae467e0af0930f6510aa2297d8014be502a55b14f3b7550cf?s=96&d=mm&r=g","caption":"Tar\u0131k"},"sameAs":["http:\/\/narteks.net"],"url":"https:\/\/narteks.net\/index.php\/author\/narbak\/"}]}},"_links":{"self":[{"href":"https:\/\/narteks.net\/index.php\/wp-json\/wp\/v2\/posts\/5331","targetHints":{"allow":["GET"]}}],"collection":[{"href":"https:\/\/narteks.net\/index.php\/wp-json\/wp\/v2\/posts"}],"about":[{"href":"https:\/\/narteks.net\/index.php\/wp-json\/wp\/v2\/types\/post"}],"author":[{"embeddable":true,"href":"https:\/\/narteks.net\/index.php\/wp-json\/wp\/v2\/users\/1"}],"replies":[{"embeddable":true,"href":"https:\/\/narteks.net\/index.php\/wp-json\/wp\/v2\/comments?post=5331"}],"version-history":[{"count":0,"href":"https:\/\/narteks.net\/index.php\/wp-json\/wp\/v2\/posts\/5331\/revisions"}],"wp:attachment":[{"href":"https:\/\/narteks.net\/index.php\/wp-json\/wp\/v2\/media?parent=5331"}],"wp:term":[{"taxonomy":"category","embeddable":true,"href":"https:\/\/narteks.net\/index.php\/wp-json\/wp\/v2\/categories?post=5331"},{"taxonomy":"post_tag","embeddable":true,"href":"https:\/\/narteks.net\/index.php\/wp-json\/wp\/v2\/tags?post=5331"}],"curies":[{"name":"wp","href":"https:\/\/api.w.org\/{rel}","templated":true}]}}