{"id":534,"date":"2009-04-12T17:18:58","date_gmt":"2009-04-12T14:18:58","guid":{"rendered":"http:\/\/localhost\/wordpress\/2009\/04\/12\/korkunun-isi\/"},"modified":"2009-04-12T17:18:58","modified_gmt":"2009-04-12T14:18:58","slug":"korkunun-isi","status":"publish","type":"post","link":"https:\/\/narteks.net\/index.php\/2009\/04\/12\/korkunun-isi\/","title":{"rendered":"KORKUNUN \u0130S\u0130"},"content":{"rendered":"<p>\u00a0<\/p>\n<p>kederli bir a\u011fustostu <br \/> mehtab\u0131 \u00f6l\u00fcm tehlikesi <br \/> tellerde bir v\u0131nlama <br \/> elektri\u011fin titremesi <br \/> adeta g\u00fcm\u00fc\u015f kaplama <br \/> ya\u011fl\u0131 beyaz bir taksi <br \/> bebek&#8217;te unutulmu\u015ftu <br \/> cihangir&#8217;e son m\u00fc\u015fterisi <\/p>\n<p> gece b\u00f6cekleri sustu <br \/> kad\u0131n de\u011fil koyu sinema <br \/> bir renkli film g\u00fczelli\u011fi <br \/> i\u00e7i hayli eskimi\u015f ama <br \/> yosmal\u0131\u011f\u0131 kusursuzdu <br \/> c\u0131gara bir c\u0131gara daha <br \/> besbelli eksiklendi\u011fi <br \/> dolmabah\u00e7e&#8217;de kustu <\/p>\n<p> hem sarho\u015f hem huzursuzdu <br \/> hayat\u0131 b\u00fcy\u00fck bir yan\u0131lma <br \/> pekta\u015f holding&#8217;in metresi <br \/> yani s\u0131r\u0131ls\u0131klam mutsuzdu <br \/> kul k\u00f6le olmu\u015ftu adama <br \/> gen\u00e7ken ne kadar korkusuzdu <br \/> ya\u015fland\u0131k\u00e7a art\u0131yor endi\u015fesi <\/p>\n<p> gecelerdir uykusuzdu <br \/> bu da gelmi\u015fti ba\u015f\u0131na <br \/> herhalde ba\u015fka bir k\u0131z buldu <br \/> etine dolgun gen\u00e7 irisi <br \/> adam ondan so\u011fumu\u015ftu <br \/> az kald\u0131 kovulmas\u0131na <br \/> kederli bir a\u011fustostu <br \/> ac\u0131 sular geliyor a\u011fz\u0131na <br \/> g\u00f6zlerinde korkunun isi<\/p>\n<p>Attila \u0130LHAN<\/p>\n","protected":false},"excerpt":{"rendered":"<p>\u00a0 kederli bir a\u011fustostu mehtab\u0131 \u00f6l\u00fcm tehlikesi tellerde bir v\u0131nlama elektri\u011fin titremesi adeta g\u00fcm\u00fc\u015f kaplama ya\u011fl\u0131 beyaz bir taksi bebek&#8217;te unutulmu\u015ftu cihangir&#8217;e son m\u00fc\u015fterisi gece b\u00f6cekleri sustu kad\u0131n de\u011fil koyu sinema bir renkli film g\u00fczelli\u011fi i\u00e7i hayli eskimi\u015f ama yosmal\u0131\u011f\u0131 kusursuzdu c\u0131gara bir c\u0131gara daha besbelli eksiklendi\u011fi dolmabah\u00e7e&#8217;de kustu hem sarho\u015f hem huzursuzdu hayat\u0131 b\u00fcy\u00fck [&hellip;]<\/p>\n","protected":false},"author":1,"featured_media":0,"comment_status":"open","ping_status":"open","sticky":false,"template":"","format":"standard","meta":{"footnotes":""},"categories":[11],"tags":[],"class_list":{"0":"post-534","1":"post","2":"type-post","3":"status-publish","4":"format-standard","6":"category-attila-ilhan"},"yoast_head":"<!-- This site is optimized with the Yoast SEO Premium plugin v24.9 (Yoast SEO v24.9) - https:\/\/yoast.com\/wordpress\/plugins\/seo\/ -->\n<title>KORKUNUN \u0130S\u0130 - narteks.net<\/title>\n<meta name=\"robots\" content=\"index, follow, max-snippet:-1, max-image-preview:large, max-video-preview:-1\" \/>\n<link rel=\"canonical\" href=\"https:\/\/narteks.net\/index.php\/2009\/04\/12\/korkunun-isi\/\" \/>\n<meta property=\"og:locale\" content=\"tr_TR\" \/>\n<meta property=\"og:type\" content=\"article\" \/>\n<meta property=\"og:title\" content=\"KORKUNUN \u0130S\u0130\" \/>\n<meta property=\"og:description\" content=\"\u00a0 kederli bir a\u011fustostu mehtab\u0131 \u00f6l\u00fcm tehlikesi tellerde bir v\u0131nlama elektri\u011fin titremesi adeta g\u00fcm\u00fc\u015f kaplama ya\u011fl\u0131 beyaz bir taksi bebek&#8217;te unutulmu\u015ftu cihangir&#8217;e son m\u00fc\u015fterisi gece b\u00f6cekleri sustu kad\u0131n de\u011fil koyu sinema bir renkli film g\u00fczelli\u011fi i\u00e7i hayli eskimi\u015f ama yosmal\u0131\u011f\u0131 kusursuzdu c\u0131gara bir c\u0131gara daha besbelli eksiklendi\u011fi dolmabah\u00e7e&#8217;de kustu hem sarho\u015f hem huzursuzdu hayat\u0131 b\u00fcy\u00fck [&hellip;]\" \/>\n<meta property=\"og:url\" content=\"https:\/\/narteks.net\/index.php\/2009\/04\/12\/korkunun-isi\/\" \/>\n<meta property=\"og:site_name\" content=\"narteks.net\" \/>\n<meta property=\"article:published_time\" content=\"2009-04-12T14:18:58+00:00\" \/>\n<meta property=\"og:image\" content=\"https:\/\/narteks.net\/wp-content\/uploads\/narteks.png\" \/>\n\t<meta property=\"og:image:width\" content=\"300\" \/>\n\t<meta property=\"og:image:height\" content=\"90\" \/>\n\t<meta property=\"og:image:type\" content=\"image\/png\" \/>\n<meta name=\"author\" content=\"Tar\u0131k\" \/>\n<meta name=\"twitter:card\" content=\"summary_large_image\" \/>\n<meta name=\"twitter:creator\" content=\"@narteks\" \/>\n<meta name=\"twitter:site\" content=\"@narteks\" \/>\n<meta name=\"twitter:label1\" content=\"Yazan:\" \/>\n\t<meta name=\"twitter:data1\" content=\"Tar\u0131k\" \/>\n\t<meta name=\"twitter:label2\" content=\"Tahmini okuma s\u00fcresi\" \/>\n\t<meta name=\"twitter:data2\" content=\"1 dakika\" \/>\n<script type=\"application\/ld+json\" class=\"yoast-schema-graph\">{\"@context\":\"https:\/\/schema.org\",\"@graph\":[{\"@type\":\"Article\",\"@id\":\"https:\/\/narteks.net\/index.php\/2009\/04\/12\/korkunun-isi\/#article\",\"isPartOf\":{\"@id\":\"https:\/\/narteks.net\/index.php\/2009\/04\/12\/korkunun-isi\/\"},\"author\":{\"name\":\"Tar\u0131k\",\"@id\":\"https:\/\/narteks.net\/#\/schema\/person\/61f37d9834294b72d31d274e7ed79bca\"},\"headline\":\"KORKUNUN \u0130S\u0130\",\"datePublished\":\"2009-04-12T14:18:58+00:00\",\"mainEntityOfPage\":{\"@id\":\"https:\/\/narteks.net\/index.php\/2009\/04\/12\/korkunun-isi\/\"},\"wordCount\":151,\"commentCount\":0,\"publisher\":{\"@id\":\"https:\/\/narteks.net\/#organization\"},\"articleSection\":[\"Attila ILHAN\"],\"inLanguage\":\"tr\",\"potentialAction\":[{\"@type\":\"CommentAction\",\"name\":\"Comment\",\"target\":[\"https:\/\/narteks.net\/index.php\/2009\/04\/12\/korkunun-isi\/#respond\"]}]},{\"@type\":\"WebPage\",\"@id\":\"https:\/\/narteks.net\/index.php\/2009\/04\/12\/korkunun-isi\/\",\"url\":\"https:\/\/narteks.net\/index.php\/2009\/04\/12\/korkunun-isi\/\",\"name\":\"KORKUNUN \u0130S\u0130 - narteks.net\",\"isPartOf\":{\"@id\":\"https:\/\/narteks.net\/#website\"},\"datePublished\":\"2009-04-12T14:18:58+00:00\",\"breadcrumb\":{\"@id\":\"https:\/\/narteks.net\/index.php\/2009\/04\/12\/korkunun-isi\/#breadcrumb\"},\"inLanguage\":\"tr\",\"potentialAction\":[{\"@type\":\"ReadAction\",\"target\":[\"https:\/\/narteks.net\/index.php\/2009\/04\/12\/korkunun-isi\/\"]}]},{\"@type\":\"BreadcrumbList\",\"@id\":\"https:\/\/narteks.net\/index.php\/2009\/04\/12\/korkunun-isi\/#breadcrumb\",\"itemListElement\":[{\"@type\":\"ListItem\",\"position\":1,\"name\":\"Anasayfa\",\"item\":\"https:\/\/narteks.net\/\"},{\"@type\":\"ListItem\",\"position\":2,\"name\":\"KORKUNUN \u0130S\u0130\"}]},{\"@type\":\"WebSite\",\"@id\":\"https:\/\/narteks.net\/#website\",\"url\":\"https:\/\/narteks.net\/\",\"name\":\"narteks.net\",\"description\":\"K\u00fclt\u00fcr Sanat Edebiyat Felsefe\",\"publisher\":{\"@id\":\"https:\/\/narteks.net\/#organization\"},\"alternateName\":\"K\u00fclt\u00fcr Sanat Edebiyat Felsefe\",\"potentialAction\":[{\"@type\":\"SearchAction\",\"target\":{\"@type\":\"EntryPoint\",\"urlTemplate\":\"https:\/\/narteks.net\/?s={search_term_string}\"},\"query-input\":{\"@type\":\"PropertyValueSpecification\",\"valueRequired\":true,\"valueName\":\"search_term_string\"}}],\"inLanguage\":\"tr\"},{\"@type\":\"Organization\",\"@id\":\"https:\/\/narteks.net\/#organization\",\"name\":\"narteks.net\",\"url\":\"https:\/\/narteks.net\/\",\"logo\":{\"@type\":\"ImageObject\",\"inLanguage\":\"tr\",\"@id\":\"https:\/\/narteks.net\/#\/schema\/logo\/image\/\",\"url\":\"https:\/\/narteks.net\/wp-content\/uploads\/narteks.png\",\"contentUrl\":\"https:\/\/narteks.net\/wp-content\/uploads\/narteks.png\",\"width\":300,\"height\":90,\"caption\":\"narteks.net\"},\"image\":{\"@id\":\"https:\/\/narteks.net\/#\/schema\/logo\/image\/\"},\"sameAs\":[\"https:\/\/x.com\/narteks\",\"https:\/\/instagram.com\/narteksnet\"]},{\"@type\":\"Person\",\"@id\":\"https:\/\/narteks.net\/#\/schema\/person\/61f37d9834294b72d31d274e7ed79bca\",\"name\":\"Tar\u0131k\",\"image\":{\"@type\":\"ImageObject\",\"inLanguage\":\"tr\",\"@id\":\"https:\/\/narteks.net\/#\/schema\/person\/image\/\",\"url\":\"https:\/\/secure.gravatar.com\/avatar\/50865afb55632c4ae467e0af0930f6510aa2297d8014be502a55b14f3b7550cf?s=96&d=mm&r=g\",\"contentUrl\":\"https:\/\/secure.gravatar.com\/avatar\/50865afb55632c4ae467e0af0930f6510aa2297d8014be502a55b14f3b7550cf?s=96&d=mm&r=g\",\"caption\":\"Tar\u0131k\"},\"sameAs\":[\"http:\/\/narteks.net\"],\"url\":\"https:\/\/narteks.net\/index.php\/author\/narbak\/\"}]}<\/script>\n<!-- \/ Yoast SEO Premium plugin. -->","yoast_head_json":{"title":"KORKUNUN \u0130S\u0130 - narteks.net","robots":{"index":"index","follow":"follow","max-snippet":"max-snippet:-1","max-image-preview":"max-image-preview:large","max-video-preview":"max-video-preview:-1"},"canonical":"https:\/\/narteks.net\/index.php\/2009\/04\/12\/korkunun-isi\/","og_locale":"tr_TR","og_type":"article","og_title":"KORKUNUN \u0130S\u0130","og_description":"\u00a0 kederli bir a\u011fustostu mehtab\u0131 \u00f6l\u00fcm tehlikesi tellerde bir v\u0131nlama elektri\u011fin titremesi adeta g\u00fcm\u00fc\u015f kaplama ya\u011fl\u0131 beyaz bir taksi bebek&#8217;te unutulmu\u015ftu cihangir&#8217;e son m\u00fc\u015fterisi gece b\u00f6cekleri sustu kad\u0131n de\u011fil koyu sinema bir renkli film g\u00fczelli\u011fi i\u00e7i hayli eskimi\u015f ama yosmal\u0131\u011f\u0131 kusursuzdu c\u0131gara bir c\u0131gara daha besbelli eksiklendi\u011fi dolmabah\u00e7e&#8217;de kustu hem sarho\u015f hem huzursuzdu hayat\u0131 b\u00fcy\u00fck [&hellip;]","og_url":"https:\/\/narteks.net\/index.php\/2009\/04\/12\/korkunun-isi\/","og_site_name":"narteks.net","article_published_time":"2009-04-12T14:18:58+00:00","og_image":[{"width":300,"height":90,"url":"https:\/\/narteks.net\/wp-content\/uploads\/narteks.png","type":"image\/png"}],"author":"Tar\u0131k","twitter_card":"summary_large_image","twitter_creator":"@narteks","twitter_site":"@narteks","twitter_misc":{"Yazan:":"Tar\u0131k","Tahmini okuma s\u00fcresi":"1 dakika"},"schema":{"@context":"https:\/\/schema.org","@graph":[{"@type":"Article","@id":"https:\/\/narteks.net\/index.php\/2009\/04\/12\/korkunun-isi\/#article","isPartOf":{"@id":"https:\/\/narteks.net\/index.php\/2009\/04\/12\/korkunun-isi\/"},"author":{"name":"Tar\u0131k","@id":"https:\/\/narteks.net\/#\/schema\/person\/61f37d9834294b72d31d274e7ed79bca"},"headline":"KORKUNUN \u0130S\u0130","datePublished":"2009-04-12T14:18:58+00:00","mainEntityOfPage":{"@id":"https:\/\/narteks.net\/index.php\/2009\/04\/12\/korkunun-isi\/"},"wordCount":151,"commentCount":0,"publisher":{"@id":"https:\/\/narteks.net\/#organization"},"articleSection":["Attila ILHAN"],"inLanguage":"tr","potentialAction":[{"@type":"CommentAction","name":"Comment","target":["https:\/\/narteks.net\/index.php\/2009\/04\/12\/korkunun-isi\/#respond"]}]},{"@type":"WebPage","@id":"https:\/\/narteks.net\/index.php\/2009\/04\/12\/korkunun-isi\/","url":"https:\/\/narteks.net\/index.php\/2009\/04\/12\/korkunun-isi\/","name":"KORKUNUN \u0130S\u0130 - narteks.net","isPartOf":{"@id":"https:\/\/narteks.net\/#website"},"datePublished":"2009-04-12T14:18:58+00:00","breadcrumb":{"@id":"https:\/\/narteks.net\/index.php\/2009\/04\/12\/korkunun-isi\/#breadcrumb"},"inLanguage":"tr","potentialAction":[{"@type":"ReadAction","target":["https:\/\/narteks.net\/index.php\/2009\/04\/12\/korkunun-isi\/"]}]},{"@type":"BreadcrumbList","@id":"https:\/\/narteks.net\/index.php\/2009\/04\/12\/korkunun-isi\/#breadcrumb","itemListElement":[{"@type":"ListItem","position":1,"name":"Anasayfa","item":"https:\/\/narteks.net\/"},{"@type":"ListItem","position":2,"name":"KORKUNUN \u0130S\u0130"}]},{"@type":"WebSite","@id":"https:\/\/narteks.net\/#website","url":"https:\/\/narteks.net\/","name":"narteks.net","description":"K\u00fclt\u00fcr Sanat Edebiyat Felsefe","publisher":{"@id":"https:\/\/narteks.net\/#organization"},"alternateName":"K\u00fclt\u00fcr Sanat Edebiyat Felsefe","potentialAction":[{"@type":"SearchAction","target":{"@type":"EntryPoint","urlTemplate":"https:\/\/narteks.net\/?s={search_term_string}"},"query-input":{"@type":"PropertyValueSpecification","valueRequired":true,"valueName":"search_term_string"}}],"inLanguage":"tr"},{"@type":"Organization","@id":"https:\/\/narteks.net\/#organization","name":"narteks.net","url":"https:\/\/narteks.net\/","logo":{"@type":"ImageObject","inLanguage":"tr","@id":"https:\/\/narteks.net\/#\/schema\/logo\/image\/","url":"https:\/\/narteks.net\/wp-content\/uploads\/narteks.png","contentUrl":"https:\/\/narteks.net\/wp-content\/uploads\/narteks.png","width":300,"height":90,"caption":"narteks.net"},"image":{"@id":"https:\/\/narteks.net\/#\/schema\/logo\/image\/"},"sameAs":["https:\/\/x.com\/narteks","https:\/\/instagram.com\/narteksnet"]},{"@type":"Person","@id":"https:\/\/narteks.net\/#\/schema\/person\/61f37d9834294b72d31d274e7ed79bca","name":"Tar\u0131k","image":{"@type":"ImageObject","inLanguage":"tr","@id":"https:\/\/narteks.net\/#\/schema\/person\/image\/","url":"https:\/\/secure.gravatar.com\/avatar\/50865afb55632c4ae467e0af0930f6510aa2297d8014be502a55b14f3b7550cf?s=96&d=mm&r=g","contentUrl":"https:\/\/secure.gravatar.com\/avatar\/50865afb55632c4ae467e0af0930f6510aa2297d8014be502a55b14f3b7550cf?s=96&d=mm&r=g","caption":"Tar\u0131k"},"sameAs":["http:\/\/narteks.net"],"url":"https:\/\/narteks.net\/index.php\/author\/narbak\/"}]}},"_links":{"self":[{"href":"https:\/\/narteks.net\/index.php\/wp-json\/wp\/v2\/posts\/534","targetHints":{"allow":["GET"]}}],"collection":[{"href":"https:\/\/narteks.net\/index.php\/wp-json\/wp\/v2\/posts"}],"about":[{"href":"https:\/\/narteks.net\/index.php\/wp-json\/wp\/v2\/types\/post"}],"author":[{"embeddable":true,"href":"https:\/\/narteks.net\/index.php\/wp-json\/wp\/v2\/users\/1"}],"replies":[{"embeddable":true,"href":"https:\/\/narteks.net\/index.php\/wp-json\/wp\/v2\/comments?post=534"}],"version-history":[{"count":0,"href":"https:\/\/narteks.net\/index.php\/wp-json\/wp\/v2\/posts\/534\/revisions"}],"wp:attachment":[{"href":"https:\/\/narteks.net\/index.php\/wp-json\/wp\/v2\/media?parent=534"}],"wp:term":[{"taxonomy":"category","embeddable":true,"href":"https:\/\/narteks.net\/index.php\/wp-json\/wp\/v2\/categories?post=534"},{"taxonomy":"post_tag","embeddable":true,"href":"https:\/\/narteks.net\/index.php\/wp-json\/wp\/v2\/tags?post=534"}],"curies":[{"name":"wp","href":"https:\/\/api.w.org\/{rel}","templated":true}]}}