{"id":535,"date":"2009-04-12T18:57:22","date_gmt":"2009-04-12T15:57:22","guid":{"rendered":"http:\/\/localhost\/wordpress\/2009\/04\/12\/aziz-nesin-biyografisi\/"},"modified":"2009-04-12T18:57:22","modified_gmt":"2009-04-12T15:57:22","slug":"aziz-nesin-biyografisi","status":"publish","type":"post","link":"https:\/\/narteks.net\/index.php\/2009\/04\/12\/aziz-nesin-biyografisi\/","title":{"rendered":"Aziz NES\u0130N Biyografisi"},"content":{"rendered":"<p><span class=\"image\"><img loading=\"lazy\" decoding=\"async\" src=\"http:\/\/upload.wikimedia.org\/wikipedia\/tr\/thumb\/3\/39\/Aziz_Nesin.jpg\/200px-Aziz_Nesin.jpg\" border=\"0\" width=\"200\" height=\"297\" style=\"float: left;\" \/><\/span><\/p>\n<p style=\"text-align: justify;\">Aziz Nesin (as\u0131l ad\u0131 Mehmet Nusret) (d. 20 Aral\u0131k 1915, Heybeliada, \u0130stanbul &#8211; \u00f6. 5 Temmuz 1995, Ala\u00e7at\u0131, \u00c7e\u015fme, \u0130zmir), mizah, k\u0131sa \u00f6yk\u00fc, tiyatro ve \u015fiir dallar\u0131nda pek \u00e7ok yap\u0131t\u0131 bulunan T\u00fcrk mizah yazar\u0131<\/p>\n<p>Aziz Nesin, 20 Aral\u0131k 1915&#8217;de \u0130stanbul Heybeliada&#8217;da do\u011fdu. Babas\u0131 Abd\u00fclaziz Bey Giresun&#8217;un \u015eebinkarahisar il\u00e7esine ba\u011fl\u0131 Ocakta\u015f\u0131 k\u00f6y\u00fcnden \u0130stanbul&#8217;a yerle\u015fti ve bah\u00e7\u0131vanl\u0131k yaparak ge\u00e7imini temin etti.Abd\u00fclaziz Bey, torunu Ate\u015f Nesin&#8217;e g\u00f6re &#8220;dini b\u00fct\u00fcn&#8230;II. Abd\u00fclhamit hayran\u0131, s\u0131k\u0131 bir Atat\u00fcrk hayran\u0131yd\u0131&#8221;.<\/p>\n<p>Aziz Nesin, 1924&#8217;te \u0130stanbul S\u00fcleymaniye&#8217;deki ad\u0131 daha sonra \u0130stanbul 7. \u0130lkokul olarak de\u011fi\u015ftirilecek olan &#8220;Kanuni Sultan S\u00fcleyman \u0130ptidai Mektebi&#8217;nin 3. s\u0131n\u0131f\u0131na girdi. \u0130ki y\u0131l Dar\u00fc\u015f\u015fafaka Lisesi&#8217;nde okuduktan sonra, 1935&#8217;de Kuleli Askeri Lisesi&#8217;ni, 1937&#8217;de Ankara&#8217;da Harp Okulu&#8217;nu bitirip aste\u011fmen oldu. Son olarak 1939&#8217;da Askeri Fen Okulu&#8217;nu bitirdi. Bu d\u00f6nemde bir yandan da G\u00fczel Sanatlar Akademisi S\u00fcsleme B\u00f6l\u00fcm\u00fc\u2019ne devam etti. Bir r\u00f6portaj\u0131nda ona bu e\u011fitim hayat\u0131n\u0131n \u2018Fikri takip\u2019 dedikleri \u015feyi getirdi\u011fini belirtmi\u015ftir.<\/p>\n<p>\u00c7al\u0131\u015fma hayat\u0131 aslen Ankara Harp Okulu&#8217;nu bitirmesinin ard\u0131ndan aste\u011fmen r\u00fctbesiyle orduya kat\u0131lmas\u0131yla ba\u015flam\u0131\u015ft\u0131r Nesin&#8217;in. Ard\u0131ndan da subay olarak Anadolu ve Trakya\u2019n\u0131n \u00e7e\u015fitli yerlerinde g\u00f6rev yapacakt\u0131.<\/p>\n<p>1941&#8217;den ba\u015flayarak II. D\u00fcnya Sava\u015f\u0131 y\u0131llar\u0131nda 2 y\u0131l Trakya&#8217;da \u00e7ad\u0131rl\u0131 ordugahta g\u00f6rev yapt\u0131\u011f\u0131 bilinir. 1942&#8217;de Erzurum M\u00fcstahkem Mevkii \u0130stihkam Taburu B\u00f6l\u00fck Komutanl\u0131\u011f\u0131&#8217;na atand\u0131 ve bir bomba kazas\u0131nda yaraland\u0131. Erzincan&#8217;da depremde y\u0131k\u0131lm\u0131\u015f bir cephaneli\u011fin bo\u015falt\u0131lmas\u0131yla g\u00f6revlendirildi. 1944&#8217;de Ankara&#8217;da Harp Okulu&#8217;nda a\u00e7\u0131lan ilk tank kursuna kat\u0131ld\u0131. Ayn\u0131 y\u0131l Zonguldak&#8217;ta u\u00e7aksavar top mevzileri yapt\u0131rmakla da g\u00f6revlendirildikten sonra \u00fcste\u011fmen r\u00fctbesindeyken \u201cg\u00f6rev ve yetkisini k\u00f6t\u00fcye kulland\u0131\u011f\u0131\u201d su\u00e7lamas\u0131yla askerlikten uzakla\u015ft\u0131r\u0131ld\u0131.<\/p>\n<p>Askerlikten ayr\u0131lmas\u0131n\u0131n ard\u0131ndan bir s\u00fcre bakkall\u0131k, muhasiplik gibi i\u015fler yapt\u0131. 1945 y\u0131l\u0131nda ise gazetecili\u011fe ba\u015flad\u0131. \u00d6nceleri Sedat Simavi\u2019nin \u00e7\u0131kard\u0131\u011f\u0131 \u201cYedig\u00fcn\u201d dergisine girdi; daha sonra Karag\u00f6z gazetesinde de yapaca\u011f\u0131 gibi redakt\u00f6rl\u00fck ve yazarl\u0131k yapt\u0131. Ayn\u0131 y\u0131llarda profesyonel olarak oyun yazarl\u0131\u011f\u0131 yapt\u0131 ve Tan gazetesinde k\u00f6\u015fe yazarl\u0131\u011f\u0131na ba\u015flad\u0131. 4 Aral\u0131k 1946&#8217;da bir grup \u00fcniversite gencinin Tan gazetesini yakmas\u0131 \u00fczerine, sekiz say\u0131 s\u00fcren, \u201cCumartesi\u201d adl\u0131 haftal\u0131k magazin dergisini \u00e7\u0131karmaya giri\u015fti. Bu dergi denemesi de sonlan\u0131nca, \u201cVatan\u201d gazetesinde \u00e7al\u0131\u015fmaya ba\u015flad\u0131. Ayn\u0131 y\u0131l, ilk ba\u011f\u0131ms\u0131z yap\u0131t\u0131 olan &#8220;Parti Kurmak Parti Vurmak&#8221; adl\u0131 16 sayfal\u0131k bro\u015f\u00fcr\u00fc de yay\u0131nlanm\u0131\u015ft\u0131.<\/p>\n<p>1946&#8217;da Sabahattin Ali\u2019yle birlikte Marko Pa\u015fa mizah gazetesini \u00e7\u0131kard\u0131 ve b\u00fcy\u00fck ses getirdi. Dergi d\u00f6nemin politikac\u0131lar\u0131n\u0131 ve tiplemelerini s\u00f6z\u00fcn\u00fc esirgemeden ele\u015ftirmeyi bilmi\u015f, t\u00fcm bask\u0131lar\u0131n ve defalarca kapat\u0131lmas\u0131n\u0131n getirdi\u011fi zor ko\u015fullara kar\u015f\u0131n ula\u015ft\u0131\u011f\u0131 sat\u0131\u015f rakamlar\u0131na ula\u015fm\u0131\u015ft\u0131r. Ancak davalar ve su\u00e7lamalar dergi yazarlar\u0131na epeyi zor d\u00f6nemler ya\u015fatm\u0131\u015ft\u0131r. Nitekim yeni adlarla s\u00fcrd\u00fcrmeye \u00e7al\u0131\u015ft\u0131klar\u0131 &#8220;Markopa\u015fa&#8221; ekol\u00fcn\u00fcn hararetle ele\u015ftirdi\u011fi Amerikan yard\u0131m\u0131n\u0131n T\u00fcrkiye \u00fczerindeki emellerine de\u011findi\u011fi hen\u00fcz yay\u0131nlanmam\u0131\u015f olan \u201cNereye Gidiyoruz?\u201d adl\u0131 yaz\u0131s\u0131 nedeniyle; 12 A\u011fustos 1947\u2019de on ay a\u011f\u0131r hapis ve \u00fc\u00e7 ay on g\u00fcn de Bursa\u2019da \u201cemniyet-i umumiye nezareti\u201d alt\u0131nda bulundurulma cezas\u0131na \u00e7arpt\u0131r\u0131ld\u0131.<\/p>\n<p>\u0130kinci kitab\u0131 Azizname\u2019yi 1948\u2019de \u00e7\u0131kard\u0131. Ta\u015flamalardan olu\u015fan bu kitap i\u00e7in \u0130stanbul 2.A\u011f\u0131r Ceza Mahkemesinde dava a\u00e7\u0131ld\u0131. 4 ay tutuklu olarak s\u00fcren dava sonunda mahkumiyet almad\u0131; ancak 1949Elizabeth, \u0130ran \u015eah\u0131 R\u0131za Pehlevi, M\u0131s\u0131r Kral\u0131 Faruk birlikte Ankara\u2019daki el\u00e7ilikleri arac\u0131l\u0131\u011f\u0131yla T\u00fcrkiye D\u0131\u015fi\u015fleri Bakanl\u0131\u011f\u0131\u2019na resmen ba\u015fvurarak, bir yaz\u0131s\u0131nda kendilerini a\u015fa\u011f\u0131lad\u0131\u011f\u0131 iddias\u0131yla aleyhine dava a\u00e7\u0131nca 6 ay hapse mahkum edildi. y\u0131l\u0131nda \u0130ngiltere Prensesi<\/p>\n<p>1952&#8217;de \u0130stanbul&#8217;da Levent&#8217;te bir d\u00fckk\u00e2n kiralad\u0131 ve Olu\u015f Kitabevi&#8217;ni a\u00e7t\u0131; Levent sakinlerine gazete da\u011f\u0131tma i\u015fini s\u00fcrd\u00fcrmekle beraber, iki k\u00fc\u00e7\u00fck \u00e7ocu\u011funun ge\u00e7imini sa\u011flayamay\u0131nca, 1953&#8217;de Beyo\u011flu&#8217;nda bir orta\u011f\u0131yla &#8220;Paradi Foto\u011fraf St\u00fcdyosu&#8221;&#8216;nu kurdu. 1954&#8217;te Akbaba dergisinde takma adlarla \u00f6yk\u00fcler yazmaya ba\u015flad\u0131. Zira edebiyat hayat\u0131nda iki y\u00fcze yak\u0131n takma ad kullanm\u0131\u015ft\u0131r.<\/p>\n<p>1955&#8217;de 6-7 Eyl\u00fcl facias\u0131 olarak tarihimize gelen \u0130stanbul&#8217;daki az\u0131nl\u0131klar\u0131n ev ve d\u00fckk\u00e2nlar\u0131n\u0131n korkun\u00e7 y\u0131k\u0131m\u0131na su\u00e7lu aranmaya ba\u015flanm\u0131\u015ft\u0131. Aziz Nesin de su\u00e7lu olarak S\u0131k\u0131y\u00f6netimce tutukland\u0131.<\/p>\n<p>Dolmu\u015f\u201d, (1955); \u201cYeni Gazete\u201d (1957), Ak\u015fam (1958), \u201cTanin\u201d (1960), &#8220;G\u00fcnayd\u0131n&#8221; (1969), Ayd\u0131nl\u0131k1993) gibi dergi ve gazetelerde yay\u0131mlanan g\u00fclmece \u00f6yk\u00fcleri, r\u00f6portajlar ve f\u0131kralarla \u00c7a\u011fda\u015f T\u00fcrk edebiyat\u0131n\u0131n tan\u0131nm\u0131\u015f ve en verimli kalemlerinden biri durumuna geldi. (<\/p>\n<p>1956&#8217;da Kemal Tahir\u2019le birlikte D\u00fc\u015f\u00fcn Yay\u0131nevi\u2019ni kurdu. 1958\u2019de \u201cDolmu\u015f-Karikat\u00fcr\u201d dergisi ile birle\u015ferek 1963&#8217;e dek yay\u0131nc\u0131l\u0131\u011f\u0131 tek ba\u015f\u0131na s\u00fcrd\u00fcrd\u00fc. Bir yandan da Yeni Gazete, Ak\u015fam ve Tanin&#8217;de g\u00fcnl\u00fck k\u00f6\u015fe yaz\u0131lar\u0131 yazd\u0131. 1962&#8217;de 42 say\u0131 ya\u015fayacak olan \u201cZ\u00fcb\u00fck\u201d adl\u0131 mizah dergisini \u00e7\u0131kard\u0131.<\/p>\n<p>1956 y\u0131l\u0131nda \u0130talya\u2019da (Bordighera\u2019da) yap\u0131lan ve 22 \u00fclkenin kat\u0131ld\u0131\u011f\u0131 Uluslararas\u0131 G\u00fclmece Yar\u0131\u015fmas\u0131nda ilk \u00f6d\u00fcl olan Alt\u0131n Palmiye\u2019yi \u2018Kazan T\u00f6reni\u2019 adl\u0131 \u00f6yk\u00fcs\u00fcyle kazand\u0131. Ertesi y\u0131l ayn\u0131 \u00f6d\u00fcl\u00fc \u2018Fil Hamdi\u2019 adl\u0131 \u00d6yk\u00fcs\u00fcyle ikinci kez kazand\u0131. \u0130lk \u00f6d\u00fcl\u00fcn\u00fc 1960 y\u0131l\u0131nda devlet hazinesine ba\u011f\u0131\u015flad\u0131.<\/p>\n<p>Yay\u0131nevinin \u015eubat 1963\u2019te yanmas\u0131 \u00fczerine, yazarl\u0131\u011f\u0131 tek u\u011fra\u015f edindi. \u0130lk kez 1965 y\u0131l\u0131nda -ancak elli ya\u015f\u0131ndayken bu hakk\u0131 elde edebilmi\u015fti- bir pasaport alabildi. Berlin ve Weimar&#8217;daki Antifa\u015fist Yazarlar Toplant\u0131s\u0131&#8217;na davetli olarak kat\u0131ld\u0131. Alt\u0131 ay s\u00fcren bu ilk yurtd\u0131\u015f\u0131 gezisinde, Polonya, Sovyetler Birli\u011fi, Romanya ve Bulgaristan&#8217;a gitti.<\/p>\n<p>Nesin, 1966&#8217;da Bulgaristan&#8217;da yap\u0131lan uluslararas\u0131 g\u00fclmece yar\u0131\u015fmas\u0131nda birincilik \u00f6d\u00fcl\u00fc olan Alt\u0131n Kirpi&#8217;yi &#8220;Vatani Vazife&#8221; adl\u0131 \u00f6yk\u00fcs\u00fcyle kazand\u0131. 1968&#8217;de Milliyet Gazetesi&#8217;nin a\u00e7t\u0131\u011f\u0131 Karag\u00f6z oyunu yar\u0131\u015fmas\u0131nda &#8220;\u00dc\u00e7 Karag\u00f6z&#8221; oyunuyla birincilik \u00f6d\u00fcl\u00fc ald\u0131.<\/p>\n<p>1969&#8217;da Moskova&#8217;da yap\u0131lan uluslararas\u0131 g\u00fclmece yar\u0131\u015fmas\u0131nda &#8220;\u0130nsanlar Uyan\u0131yor&#8221; adl\u0131 \u00f6yk\u00fcs\u00fcyle Krokodil birincilik \u00f6d\u00fcl\u00fc, 1970&#8217;de de T\u00fcrk Dil Kurumu&#8217;nun oyun \u00f6d\u00fcl\u00fcn\u00fc &#8220;\u00c7i\u00e7u&#8221; adl\u0131 oyunuyla kazand\u0131<\/p>\n<p>1972\u2019de Nesin Vakf\u0131\u2019n\u0131 kurdu. Vak\u0131f\u2019ta, her y\u0131l belirli say\u0131da al\u0131nan kimsesiz ve yoksul \u00e7ocuklar\u0131n bak\u0131m ve e\u011fitimlerini \u00fcstlendi. Kitaplar\u0131n\u0131n t\u00fcm gelirini vakfa b\u0131rakt\u0131.<\/p>\n<p>1976-1980 aras\u0131nda her y\u0131l\u0131n edebiyat \u00fcr\u00fcnlerinden se\u00e7melerin bulundu\u011fu &#8220;Nesin Vakf\u0131 Edebiyat Y\u0131ll\u0131\u011f\u0131&#8221;&#8216;n\u0131 \u00e7\u0131kard\u0131. 1974&#8217;de Asya-Afrika Yazarlar Birli\u011fi&#8217;nin Lotus \u00f6d\u00fcl\u00fcn\u00fc kazanan Nesin, 1975 Lotus \u00f6d\u00fcl\u00fcn\u00fc almak i\u00e7in Filipinler&#8217;in ba\u015fkenti Manila&#8217;da yap\u0131lan t\u00f6rene kat\u0131ld\u0131. 1976&#8217;da Bulgaristan&#8217;da Gabrovo kentinde d\u00fczenlenen g\u00fclmece kitab\u0131 uluslararas\u0131 yar\u0131\u015fmas\u0131nda birincili\u011fi elde ederek Hitar Petar \u00f6d\u00fcl\u00fcn\u00fc kazand\u0131. 1977&#8217;de T\u00fcrkiye Yazarlar Sendikas\u0131 Ba\u015fkan\u0131 se\u00e7ilen Nesin, bu g\u00f6reve uzun y\u0131llar devam etti.<\/p>\n<p>1978&#8217;de &#8220;Ya\u015far Ne Ya\u015far Ne Ya\u015famaz&#8221; adl\u0131 roman\u0131yla Madaral\u0131 Roman \u00d6d\u00fcl\u00fc&#8217;n\u00fc kazan\u0131rken, 1982&#8217;de Vietnam&#8217;daki Asya-Afrika Yazarlar Birli\u011fi toplant\u0131s\u0131ndan d\u00f6n\u00fc\u015fte Moskova&#8217;da kalp hastal\u0131\u011f\u0131ndan hastaneye kald\u0131r\u0131lan Nesin, &#8220;Kalp Hastal\u0131klar\u0131 Ara\u015ft\u0131rma Merkezi&#8221;nde bir ay kalarak tedavi g\u00f6rd\u00fc.<\/p>\n<p>1983&#8217;de Amerika Birle\u015fik Devletleri&#8217;nde Indiana \u00dcniversitesi&#8217;nin d\u00fczenledi\u011fi uluslararas\u0131 toplant\u0131ya \u00e7a\u011fr\u0131lan Nesin, pasaportu geri al\u0131nd\u0131\u011f\u0131 i\u00e7in bu toplant\u0131ya kat\u0131lamad\u0131.<\/p>\n<p>20 Aral\u0131k 1984&#8217;de \u015ean Sinema Salonu&#8217;nda 70. do\u011fum g\u00fcn\u00fc t\u00f6reni yap\u0131ld\u0131. 1984&#8217;de Ayd\u0131nlar Dilek\u00e7esi1985&#8217;de Ekin A.\u015e&#8217;nin kurulmas\u0131 giri\u015fiminde bulundu. Ayn\u0131 y\u0131l, \u0130ngiltere&#8217;de PEN Kul\u00fcp onur \u00fcyeli\u011fine se\u00e7ildi ve T\u00dcYAP&#8217;\u0131n d\u00fczenledi\u011fi &#8220;Halk\u0131n Se\u00e7ti\u011fi Y\u0131l\u0131n Yazar\u0131&#8221; \u00f6d\u00fcl\u00fcn\u00fc kazand\u0131. giri\u015fiminde bulundu.<\/p>\n<p>Nesin, 1989&#8217;da &#8220;Demokrasi Kurultay\u0131&#8221;n\u0131n toplanmas\u0131nda etkin g\u00f6rev ald\u0131 ve olu\u015fturulan &#8220;Demokrasi \u0130zleme Komitesi&#8221;nin iki ba\u015fkan\u0131ndan biri oldu. Ayn\u0131 y\u0131l, Sovyet \u00c7ocuk Fonu&#8217;nun ilk kez verilen &#8220;Tolstoy Alt\u0131n Madalyas\u0131&#8221;na de\u011fer g\u00f6r\u00fcld\u00fc.<\/p>\n<p>19 Mart 1990&#8217;da Ankara Sanat Kurumu&#8217;nda 75. ya\u015f\u0131n\u0131 kutlayan Nesin, 2 Temmuz 1993&#8217;de Pir Sultan Abdal etkinliklerine kat\u0131lmak \u00fczere Sivas&#8217;a gitti. 37 ki\u015finin ya\u015fam\u0131n\u0131 yitirdi\u011fi Mad\u0131mak Oteli katliam\u0131ndan sa\u011f kurtuldu.<\/p>\n<p>Yazar, s\u00f6yle\u015fi ve imza g\u00fcn\u00fc i\u00e7in gitti\u011fi \u00c7e\u015fme Ala\u00e7at\u0131\u2019da, (Sivas Katliam\u0131&#8221;n\u0131n 3. y\u0131ld\u00f6n\u00fcm\u00fcnden 3 g\u00fcn sonra) 5 Temmuz\u2019u 6 Temmuz\u2019a ba\u011flayan gece sabaha kar\u015f\u0131 ge\u00e7irdi\u011fi kalp kriziyle ya\u015fama veda etti. Cenazesi \u00c7e\u015fme Cumhuriyet Savc\u0131s\u0131\u2019n\u0131n iste\u011fiyle otopsi yap\u0131lmak \u00fczere 6 Temmuz\u2019da \u0130stanbul \u00c7apa T\u0131p Fak\u00fcltesi\u2019ne getirildi. 7 Temmuz 1995\u2019de vasiyeti gere\u011fi hi\u00e7bir t\u00f6ren yap\u0131lmaks\u0131z\u0131n ve yeri belli olmayacak \u015fekilde \u00c7atalca\u2019daki Nesin Vakf\u0131\u2019n\u0131n bah\u00e7esine g\u00f6m\u00fcld\u00fc. Ard\u0131nda 80 y\u0131ll\u0131k m\u00fccadele, say\u0131s\u0131z ba\u015far\u0131 ve &#8220;Nesin Vakf\u0131&#8221;&#8216;n\u0131 b\u0131rakt\u0131.<\/p>\n<p>Ankara Uluslararas\u0131 Film Festivali \u00e7er\u00e7evesinde verilen \u00f6zel \u00f6d\u00fcllerin aras\u0131nda &#8220;Aziz Nesin Emek \u00d6d\u00fcl\u00fc&#8221; verilmektedir.<\/p>\n<p>Hikayeleri<\/p>\n<p> * Parti Kurmak ve Parti Vurmak (1946)<br \/> * Geriye Kalan (1953)<br \/> * \u0130t Kuyru\u011fu (1955)<br \/> * Yedek Par\u00e7a (1955)<br \/> * Fil Hamdi (1956)<br \/> * Damda Deli Var (1956)<br \/> * Koltuk (1957)<br \/> * Kazan T\u00f6reni (1957)<br \/> * Deliler Bo\u015fand\u0131 (1957)<br \/> * Mahallenin K\u0131smeti (1957)<br \/> * \u00d6lm\u00fc\u015f E\u015fek (1957)<br \/> * Hangi Parti Kazanacak? (1957)<br \/> * Toros Canavar\u0131 (1957)<br \/> * Memleketin Birinde (1958)<br \/> * Havadan Sudan (1958)<br \/> * Bay D\u00fcd\u00fck (1958)<br \/> * Nazik Alet (1958)<br \/> * G\u0131d\u0131g\u0131d\u0131 (1958)<br \/> * Aferin (1959)<br \/> * K\u00f6rd\u00f6\u011f\u00fc\u015f\u00fc (1959)<br \/> * Mahmut ile Nigar (1959)<br \/> * Hoptirinam (1960)<br \/> * G\u00f6z\u00fcne G\u00f6zl\u00fck (1960)<br \/> * Ah Biz E\u015fekler (1960)<br \/> * Y\u00fcz Liraya Bir Deli (1961)<br \/> * Bir Koltuk Nas\u0131l Devrilir (1961)<br \/> * Biz Adam Olmay\u0131z (1962)<br \/> * Ye\u015fil Renkli Namus Gaz\u0131 (1964)<br \/> * Sosyalizm Geliyor Savulun (1965)<br \/> * \u0130htilali Nas\u0131l Yapt\u0131k (1965)<br \/> * R\u0131fat Bey Neden Ka\u015f\u0131n\u0131yor (1965)<br \/> * Vatan Sa\u011folsun (1968)<br \/> * \u0130nsanlar Uyan\u0131yor (1972)<br \/> * Hayvan Deyip De Ge\u00e7me (1973)<br \/> * Seyyahatname (Duyduk Duymad\u0131k Demeyin) (1976)<br \/> * B\u00fcy\u00fck Grev (1978)<br \/> * Benim Delilerim (1979)<br \/> * 70 Ya\u015f\u0131m Merhaba (1984)<br \/> * Kalpazanl\u0131k Bile Yap\u0131lam\u0131yor (1984)<br \/> * Ma\u00e7inli K\u0131z i\u00e7in Ev (1987)<br \/> * Nah Kalk\u0131n\u0131r\u0131z (1988)<br \/> * R\u00fcyalar\u0131m Ziyan Olmas\u0131n (1990)<br \/> * A\u015fk\u0131m Dinimdir (1991)<br \/> * G\u00f6z\u00fcn\u00fcz Ayd\u0131n Efendim (1997)<br \/> * Herkesin \u0130\u015fi G\u00fcc\u00fc Var (2005)<br \/> * Bende \u00c7ocuktum (1979<\/p>\n<p>Romanlar\u0131<\/p>\n<p> * Kad\u0131n Olan Erkek (1955)<br \/> * Gol Kral\u0131 Sait Hopsait (1957)<br \/> * Erkek Sabahat (1957)<br \/> * Sa\u00e7k\u0131ran (1959)<br \/> * Z\u00fcb\u00fck (1961)<br \/> * \u015eimdiki \u00c7ocuklar Harika (1967)<br \/> * Tatl\u0131 Bet\u00fc\u015f (1974)<br \/> * Ya\u015far Ne Ya\u015far Ne Ya\u015famaz (1977)<br \/> * Surn\u00e2me (1976)<br \/> * Tek Yol (1978)<\/p>\n<p>An\u0131lar\u0131<\/p>\n<p> * Bir S\u00fcrg\u00fcn\u00fcn Hat\u0131ralar\u0131 (1968)<br \/> * B\u00f6yle Gelmi\u015f B\u00f6yle Gitmez (1. b\u00f6l\u00fcm 1966, 2. b\u00f6l\u00fcm 1976)<br \/> * Poliste (1967)<br \/> * Salk\u0131m Salk\u0131m As\u0131lacak Adamlar (1987)<br \/> * R\u00fcyalar\u0131m Ziyan Olmas\u0131n (1990)<\/p>\n<p>Masallar\u0131<\/p>\n<p> * Memleketin Birinde (1953)<br \/> * Hoptirinam (1960)<br \/> * Uyusana Tosunum (1971)<br \/> * Aziz Dededen Masallar<br \/> * La Fontaine&#8217;nin Yazamad\u0131\u011f\u0131 Masal<\/p>\n<p>Ta\u015flamalar\u0131<\/p>\n<p> * Azizname (1948)<\/p>\n<p>F\u0131kra kitaplar\u0131<\/p>\n<p> * Nutuk Makinas\u0131 (1958)<br \/> * Az Gittik Uz Gittik (1959)<br \/> * Merhaba (kitap) (1971)<br \/> * Su\u00e7lanan ve Aklanan Yaz\u0131lar (1982)<br \/> * Ah Biz \u00d6dlek Ayd\u0131nlar (1985)<br \/> * Korkudan Korkmak (1988)<\/p>\n<p>Gezi notlar\u0131<\/p>\n<p> * Duyduk Duymad\u0131k Demeyin (1976)<br \/> * D\u00fcnya Kazan Ben Kep\u00e7e (1977)<\/p>\n<p>Oyunlar\u0131<\/p>\n<p> * Biraz Gelir misiniz (1950)<br \/> * Bir \u015eey Yap Met (1959)<br \/> * Toros Canavar\u0131 (1963)<br \/> * D\u00fcd\u00fck\u00e7\u00fclerle F\u0131r\u00e7ac\u0131lar\u0131n Sava\u015f\u0131 (1968)<br \/> * \u00c7i\u00e7u (1970)<br \/> * Tut Elimden Rovni (1970)<br \/> * Hadi \u00d6ld\u00fcrsene Canikom (1970)<br \/> * Be\u015f K\u0131sa Oyun (1979)<br \/> * B\u00fct\u00fcn Oyunlar\u0131 (Adam Yay\u0131nlar\u0131) (1981)<br \/> * Ma\u00e7inli K\u0131z\u0131n Evi(1959)<br \/> * Ba\u015far\u0131m\u0131 Kar\u0131lar\u0131ma Bor\u00e7luyum (1992)<br \/> * B\u00fct\u00fcn Oyunlar\u0131 2<\/p>\n<p>\u015eiirleri<\/p>\n<p> * Sondan Ba\u015fa (1984)<br \/> * Ba\u011f\u0131\u015fla (1986)<br \/> * Kendini Yakalamak (1988)<br \/> * Ho\u015f\u00e7akal\u0131n (1990)<br \/> * Sivas Ac\u0131s\u0131 (1995)<br \/> * En Uzun Maraton<br \/> * Kimin Var ki<\/p>\n<p>Konu\u015fmalar\u0131<\/p>\n<p> * \u0130nsanlar Konu\u015fa Konu\u015fa (1988)<br \/> * \u00c7uvala Doldurulmu\u015f Kediler (1995)<\/p>\n<p>Ald\u0131\u011f\u0131 \u00f6d\u00fcller<\/p>\n<p> * 1956 &#8211; Alt\u0131n Palmiye, \u0130talya (Kazan T\u00f6reni adl\u0131 \u00f6yk\u00fcs\u00fcyle)<br \/> * 1957 &#8211; Alt\u0131n Palmiye, \u0130talya (Fil Hamdi adl\u0131 \u00f6yk\u00fcs\u00fcyle)<br \/> * 1966 &#8211; Alt\u0131n Kirpi, Bulgaristan (Vatani Vazife adl\u0131 \u00f6yk\u00fcs\u00fcyle)<br \/> * 1968 &#8211; Milliyet Gazetesi 6. Karacan Arma\u011fan\u0131 Birincilik \u00d6d\u00fcl\u00fc (\u00dc\u00e7 Karag\u00f6z adl\u0131 oyunuyla)<br \/> * 1969 &#8211; Krokodil \u00d6d\u00fcl\u00fc, Sovyetler Birli\u011fi (\u0130nsanlar Uyan\u0131yor adl\u0131 \u00f6yk\u00fcs\u00fcyle)<br \/> * 1970 &#8211; T\u00fcrk Dil Kurumu Tiyatro \u00d6d\u00fcl\u00fc (\u00c7i\u00e7u adl\u0131 oyunuyla)<br \/> * 1975 &#8211; Lotus Asya-Afrika Yazarlar Birli\u011fi \u00d6d\u00fcl\u00fc<br \/> * 1977 &#8211; Bulgaristan Uluslararas\u0131 G\u00fclmece Kitaplar\u0131 Yar\u0131\u015fmas\u0131 Hitar Petar \u00d6d\u00fcl\u00fc<br \/> * 1978 &#8211; Madaral\u0131 Roman \u00d6d\u00fcl\u00fc (Ya\u015far Ne Ya\u015far Ne Ya\u015famaz adl\u0131 roman\u0131yla)<br \/> * 1985 &#8211; T\u00dcYAP Halk\u0131n Se\u00e7ti\u011fi Y\u0131l\u0131n Yazar\u0131<\/p>\n","protected":false},"excerpt":{"rendered":"<p>Aziz Nesin (as\u0131l ad\u0131 Mehmet Nusret) (d. 20 Aral\u0131k 1915, Heybeliada, \u0130stanbul &#8211; \u00f6. 5 Temmuz 1995, Ala\u00e7at\u0131, \u00c7e\u015fme, \u0130zmir), mizah, k\u0131sa \u00f6yk\u00fc, tiyatro ve \u015fiir dallar\u0131nda pek \u00e7ok yap\u0131t\u0131 bulunan T\u00fcrk mizah yazar\u0131 Aziz Nesin, 20 Aral\u0131k 1915&#8217;de \u0130stanbul Heybeliada&#8217;da do\u011fdu. Babas\u0131 Abd\u00fclaziz Bey Giresun&#8217;un \u015eebinkarahisar il\u00e7esine ba\u011fl\u0131 Ocakta\u015f\u0131 k\u00f6y\u00fcnden \u0130stanbul&#8217;a yerle\u015fti ve bah\u00e7\u0131vanl\u0131k [&hellip;]<\/p>\n","protected":false},"author":1,"featured_media":0,"comment_status":"open","ping_status":"open","sticky":false,"template":"","format":"standard","meta":{"footnotes":""},"categories":[12],"tags":[],"class_list":{"0":"post-535","1":"post","2":"type-post","3":"status-publish","4":"format-standard","6":"category-aziz-nesin"},"yoast_head":"<!-- This site is optimized with the Yoast SEO Premium plugin v24.9 (Yoast SEO v24.9) - https:\/\/yoast.com\/wordpress\/plugins\/seo\/ -->\n<title>Aziz NES\u0130N Biyografisi - narteks.net<\/title>\n<meta name=\"robots\" content=\"index, follow, max-snippet:-1, max-image-preview:large, max-video-preview:-1\" \/>\n<link rel=\"canonical\" href=\"https:\/\/narteks.net\/index.php\/2009\/04\/12\/aziz-nesin-biyografisi\/\" \/>\n<meta property=\"og:locale\" content=\"tr_TR\" \/>\n<meta property=\"og:type\" content=\"article\" \/>\n<meta property=\"og:title\" content=\"Aziz NES\u0130N Biyografisi\" \/>\n<meta property=\"og:description\" content=\"Aziz Nesin (as\u0131l ad\u0131 Mehmet Nusret) (d. 20 Aral\u0131k 1915, Heybeliada, \u0130stanbul &#8211; \u00f6. 5 Temmuz 1995, Ala\u00e7at\u0131, \u00c7e\u015fme, \u0130zmir), mizah, k\u0131sa \u00f6yk\u00fc, tiyatro ve \u015fiir dallar\u0131nda pek \u00e7ok yap\u0131t\u0131 bulunan T\u00fcrk mizah yazar\u0131 Aziz Nesin, 20 Aral\u0131k 1915&#8217;de \u0130stanbul Heybeliada&#8217;da do\u011fdu. Babas\u0131 Abd\u00fclaziz Bey Giresun&#8217;un \u015eebinkarahisar il\u00e7esine ba\u011fl\u0131 Ocakta\u015f\u0131 k\u00f6y\u00fcnden \u0130stanbul&#8217;a yerle\u015fti ve bah\u00e7\u0131vanl\u0131k [&hellip;]\" \/>\n<meta property=\"og:url\" content=\"https:\/\/narteks.net\/index.php\/2009\/04\/12\/aziz-nesin-biyografisi\/\" \/>\n<meta property=\"og:site_name\" content=\"narteks.net\" \/>\n<meta property=\"article:published_time\" content=\"2009-04-12T15:57:22+00:00\" \/>\n<meta property=\"og:image\" content=\"http:\/\/upload.wikimedia.org\/wikipedia\/tr\/thumb\/3\/39\/Aziz_Nesin.jpg\/200px-Aziz_Nesin.jpg\" \/>\n<meta name=\"author\" content=\"Tar\u0131k\" \/>\n<meta name=\"twitter:card\" content=\"summary_large_image\" \/>\n<meta name=\"twitter:creator\" content=\"@narteks\" \/>\n<meta name=\"twitter:site\" content=\"@narteks\" \/>\n<meta name=\"twitter:label1\" content=\"Yazan:\" \/>\n\t<meta name=\"twitter:data1\" content=\"Tar\u0131k\" \/>\n\t<meta name=\"twitter:label2\" content=\"Tahmini okuma s\u00fcresi\" \/>\n\t<meta name=\"twitter:data2\" content=\"10 dakika\" \/>\n<script type=\"application\/ld+json\" class=\"yoast-schema-graph\">{\"@context\":\"https:\/\/schema.org\",\"@graph\":[{\"@type\":\"Article\",\"@id\":\"https:\/\/narteks.net\/index.php\/2009\/04\/12\/aziz-nesin-biyografisi\/#article\",\"isPartOf\":{\"@id\":\"https:\/\/narteks.net\/index.php\/2009\/04\/12\/aziz-nesin-biyografisi\/\"},\"author\":{\"name\":\"Tar\u0131k\",\"@id\":\"https:\/\/narteks.net\/#\/schema\/person\/61f37d9834294b72d31d274e7ed79bca\"},\"headline\":\"Aziz NES\u0130N Biyografisi\",\"datePublished\":\"2009-04-12T15:57:22+00:00\",\"mainEntityOfPage\":{\"@id\":\"https:\/\/narteks.net\/index.php\/2009\/04\/12\/aziz-nesin-biyografisi\/\"},\"wordCount\":2077,\"commentCount\":0,\"publisher\":{\"@id\":\"https:\/\/narteks.net\/#organization\"},\"image\":{\"@id\":\"https:\/\/narteks.net\/index.php\/2009\/04\/12\/aziz-nesin-biyografisi\/#primaryimage\"},\"thumbnailUrl\":\"http:\/\/upload.wikimedia.org\/wikipedia\/tr\/thumb\/3\/39\/Aziz_Nesin.jpg\/200px-Aziz_Nesin.jpg\",\"articleSection\":[\"Aziz NESIN\"],\"inLanguage\":\"tr\",\"potentialAction\":[{\"@type\":\"CommentAction\",\"name\":\"Comment\",\"target\":[\"https:\/\/narteks.net\/index.php\/2009\/04\/12\/aziz-nesin-biyografisi\/#respond\"]}]},{\"@type\":\"WebPage\",\"@id\":\"https:\/\/narteks.net\/index.php\/2009\/04\/12\/aziz-nesin-biyografisi\/\",\"url\":\"https:\/\/narteks.net\/index.php\/2009\/04\/12\/aziz-nesin-biyografisi\/\",\"name\":\"Aziz NES\u0130N Biyografisi - narteks.net\",\"isPartOf\":{\"@id\":\"https:\/\/narteks.net\/#website\"},\"primaryImageOfPage\":{\"@id\":\"https:\/\/narteks.net\/index.php\/2009\/04\/12\/aziz-nesin-biyografisi\/#primaryimage\"},\"image\":{\"@id\":\"https:\/\/narteks.net\/index.php\/2009\/04\/12\/aziz-nesin-biyografisi\/#primaryimage\"},\"thumbnailUrl\":\"http:\/\/upload.wikimedia.org\/wikipedia\/tr\/thumb\/3\/39\/Aziz_Nesin.jpg\/200px-Aziz_Nesin.jpg\",\"datePublished\":\"2009-04-12T15:57:22+00:00\",\"breadcrumb\":{\"@id\":\"https:\/\/narteks.net\/index.php\/2009\/04\/12\/aziz-nesin-biyografisi\/#breadcrumb\"},\"inLanguage\":\"tr\",\"potentialAction\":[{\"@type\":\"ReadAction\",\"target\":[\"https:\/\/narteks.net\/index.php\/2009\/04\/12\/aziz-nesin-biyografisi\/\"]}]},{\"@type\":\"ImageObject\",\"inLanguage\":\"tr\",\"@id\":\"https:\/\/narteks.net\/index.php\/2009\/04\/12\/aziz-nesin-biyografisi\/#primaryimage\",\"url\":\"http:\/\/upload.wikimedia.org\/wikipedia\/tr\/thumb\/3\/39\/Aziz_Nesin.jpg\/200px-Aziz_Nesin.jpg\",\"contentUrl\":\"http:\/\/upload.wikimedia.org\/wikipedia\/tr\/thumb\/3\/39\/Aziz_Nesin.jpg\/200px-Aziz_Nesin.jpg\"},{\"@type\":\"BreadcrumbList\",\"@id\":\"https:\/\/narteks.net\/index.php\/2009\/04\/12\/aziz-nesin-biyografisi\/#breadcrumb\",\"itemListElement\":[{\"@type\":\"ListItem\",\"position\":1,\"name\":\"Anasayfa\",\"item\":\"https:\/\/narteks.net\/\"},{\"@type\":\"ListItem\",\"position\":2,\"name\":\"Aziz NES\u0130N Biyografisi\"}]},{\"@type\":\"WebSite\",\"@id\":\"https:\/\/narteks.net\/#website\",\"url\":\"https:\/\/narteks.net\/\",\"name\":\"narteks.net\",\"description\":\"K\u00fclt\u00fcr Sanat Edebiyat Felsefe\",\"publisher\":{\"@id\":\"https:\/\/narteks.net\/#organization\"},\"alternateName\":\"K\u00fclt\u00fcr Sanat Edebiyat Felsefe\",\"potentialAction\":[{\"@type\":\"SearchAction\",\"target\":{\"@type\":\"EntryPoint\",\"urlTemplate\":\"https:\/\/narteks.net\/?s={search_term_string}\"},\"query-input\":{\"@type\":\"PropertyValueSpecification\",\"valueRequired\":true,\"valueName\":\"search_term_string\"}}],\"inLanguage\":\"tr\"},{\"@type\":\"Organization\",\"@id\":\"https:\/\/narteks.net\/#organization\",\"name\":\"narteks.net\",\"url\":\"https:\/\/narteks.net\/\",\"logo\":{\"@type\":\"ImageObject\",\"inLanguage\":\"tr\",\"@id\":\"https:\/\/narteks.net\/#\/schema\/logo\/image\/\",\"url\":\"https:\/\/narteks.net\/wp-content\/uploads\/narteks.png\",\"contentUrl\":\"https:\/\/narteks.net\/wp-content\/uploads\/narteks.png\",\"width\":300,\"height\":90,\"caption\":\"narteks.net\"},\"image\":{\"@id\":\"https:\/\/narteks.net\/#\/schema\/logo\/image\/\"},\"sameAs\":[\"https:\/\/x.com\/narteks\",\"https:\/\/instagram.com\/narteksnet\"]},{\"@type\":\"Person\",\"@id\":\"https:\/\/narteks.net\/#\/schema\/person\/61f37d9834294b72d31d274e7ed79bca\",\"name\":\"Tar\u0131k\",\"image\":{\"@type\":\"ImageObject\",\"inLanguage\":\"tr\",\"@id\":\"https:\/\/narteks.net\/#\/schema\/person\/image\/\",\"url\":\"https:\/\/secure.gravatar.com\/avatar\/50865afb55632c4ae467e0af0930f6510aa2297d8014be502a55b14f3b7550cf?s=96&d=mm&r=g\",\"contentUrl\":\"https:\/\/secure.gravatar.com\/avatar\/50865afb55632c4ae467e0af0930f6510aa2297d8014be502a55b14f3b7550cf?s=96&d=mm&r=g\",\"caption\":\"Tar\u0131k\"},\"sameAs\":[\"http:\/\/narteks.net\"],\"url\":\"https:\/\/narteks.net\/index.php\/author\/narbak\/\"}]}<\/script>\n<!-- \/ Yoast SEO Premium plugin. -->","yoast_head_json":{"title":"Aziz NES\u0130N Biyografisi - narteks.net","robots":{"index":"index","follow":"follow","max-snippet":"max-snippet:-1","max-image-preview":"max-image-preview:large","max-video-preview":"max-video-preview:-1"},"canonical":"https:\/\/narteks.net\/index.php\/2009\/04\/12\/aziz-nesin-biyografisi\/","og_locale":"tr_TR","og_type":"article","og_title":"Aziz NES\u0130N Biyografisi","og_description":"Aziz Nesin (as\u0131l ad\u0131 Mehmet Nusret) (d. 20 Aral\u0131k 1915, Heybeliada, \u0130stanbul &#8211; \u00f6. 5 Temmuz 1995, Ala\u00e7at\u0131, \u00c7e\u015fme, \u0130zmir), mizah, k\u0131sa \u00f6yk\u00fc, tiyatro ve \u015fiir dallar\u0131nda pek \u00e7ok yap\u0131t\u0131 bulunan T\u00fcrk mizah yazar\u0131 Aziz Nesin, 20 Aral\u0131k 1915&#8217;de \u0130stanbul Heybeliada&#8217;da do\u011fdu. Babas\u0131 Abd\u00fclaziz Bey Giresun&#8217;un \u015eebinkarahisar il\u00e7esine ba\u011fl\u0131 Ocakta\u015f\u0131 k\u00f6y\u00fcnden \u0130stanbul&#8217;a yerle\u015fti ve bah\u00e7\u0131vanl\u0131k [&hellip;]","og_url":"https:\/\/narteks.net\/index.php\/2009\/04\/12\/aziz-nesin-biyografisi\/","og_site_name":"narteks.net","article_published_time":"2009-04-12T15:57:22+00:00","og_image":[{"url":"http:\/\/upload.wikimedia.org\/wikipedia\/tr\/thumb\/3\/39\/Aziz_Nesin.jpg\/200px-Aziz_Nesin.jpg","type":"","width":"","height":""}],"author":"Tar\u0131k","twitter_card":"summary_large_image","twitter_creator":"@narteks","twitter_site":"@narteks","twitter_misc":{"Yazan:":"Tar\u0131k","Tahmini okuma s\u00fcresi":"10 dakika"},"schema":{"@context":"https:\/\/schema.org","@graph":[{"@type":"Article","@id":"https:\/\/narteks.net\/index.php\/2009\/04\/12\/aziz-nesin-biyografisi\/#article","isPartOf":{"@id":"https:\/\/narteks.net\/index.php\/2009\/04\/12\/aziz-nesin-biyografisi\/"},"author":{"name":"Tar\u0131k","@id":"https:\/\/narteks.net\/#\/schema\/person\/61f37d9834294b72d31d274e7ed79bca"},"headline":"Aziz NES\u0130N Biyografisi","datePublished":"2009-04-12T15:57:22+00:00","mainEntityOfPage":{"@id":"https:\/\/narteks.net\/index.php\/2009\/04\/12\/aziz-nesin-biyografisi\/"},"wordCount":2077,"commentCount":0,"publisher":{"@id":"https:\/\/narteks.net\/#organization"},"image":{"@id":"https:\/\/narteks.net\/index.php\/2009\/04\/12\/aziz-nesin-biyografisi\/#primaryimage"},"thumbnailUrl":"http:\/\/upload.wikimedia.org\/wikipedia\/tr\/thumb\/3\/39\/Aziz_Nesin.jpg\/200px-Aziz_Nesin.jpg","articleSection":["Aziz NESIN"],"inLanguage":"tr","potentialAction":[{"@type":"CommentAction","name":"Comment","target":["https:\/\/narteks.net\/index.php\/2009\/04\/12\/aziz-nesin-biyografisi\/#respond"]}]},{"@type":"WebPage","@id":"https:\/\/narteks.net\/index.php\/2009\/04\/12\/aziz-nesin-biyografisi\/","url":"https:\/\/narteks.net\/index.php\/2009\/04\/12\/aziz-nesin-biyografisi\/","name":"Aziz NES\u0130N Biyografisi - narteks.net","isPartOf":{"@id":"https:\/\/narteks.net\/#website"},"primaryImageOfPage":{"@id":"https:\/\/narteks.net\/index.php\/2009\/04\/12\/aziz-nesin-biyografisi\/#primaryimage"},"image":{"@id":"https:\/\/narteks.net\/index.php\/2009\/04\/12\/aziz-nesin-biyografisi\/#primaryimage"},"thumbnailUrl":"http:\/\/upload.wikimedia.org\/wikipedia\/tr\/thumb\/3\/39\/Aziz_Nesin.jpg\/200px-Aziz_Nesin.jpg","datePublished":"2009-04-12T15:57:22+00:00","breadcrumb":{"@id":"https:\/\/narteks.net\/index.php\/2009\/04\/12\/aziz-nesin-biyografisi\/#breadcrumb"},"inLanguage":"tr","potentialAction":[{"@type":"ReadAction","target":["https:\/\/narteks.net\/index.php\/2009\/04\/12\/aziz-nesin-biyografisi\/"]}]},{"@type":"ImageObject","inLanguage":"tr","@id":"https:\/\/narteks.net\/index.php\/2009\/04\/12\/aziz-nesin-biyografisi\/#primaryimage","url":"http:\/\/upload.wikimedia.org\/wikipedia\/tr\/thumb\/3\/39\/Aziz_Nesin.jpg\/200px-Aziz_Nesin.jpg","contentUrl":"http:\/\/upload.wikimedia.org\/wikipedia\/tr\/thumb\/3\/39\/Aziz_Nesin.jpg\/200px-Aziz_Nesin.jpg"},{"@type":"BreadcrumbList","@id":"https:\/\/narteks.net\/index.php\/2009\/04\/12\/aziz-nesin-biyografisi\/#breadcrumb","itemListElement":[{"@type":"ListItem","position":1,"name":"Anasayfa","item":"https:\/\/narteks.net\/"},{"@type":"ListItem","position":2,"name":"Aziz NES\u0130N Biyografisi"}]},{"@type":"WebSite","@id":"https:\/\/narteks.net\/#website","url":"https:\/\/narteks.net\/","name":"narteks.net","description":"K\u00fclt\u00fcr Sanat Edebiyat Felsefe","publisher":{"@id":"https:\/\/narteks.net\/#organization"},"alternateName":"K\u00fclt\u00fcr Sanat Edebiyat Felsefe","potentialAction":[{"@type":"SearchAction","target":{"@type":"EntryPoint","urlTemplate":"https:\/\/narteks.net\/?s={search_term_string}"},"query-input":{"@type":"PropertyValueSpecification","valueRequired":true,"valueName":"search_term_string"}}],"inLanguage":"tr"},{"@type":"Organization","@id":"https:\/\/narteks.net\/#organization","name":"narteks.net","url":"https:\/\/narteks.net\/","logo":{"@type":"ImageObject","inLanguage":"tr","@id":"https:\/\/narteks.net\/#\/schema\/logo\/image\/","url":"https:\/\/narteks.net\/wp-content\/uploads\/narteks.png","contentUrl":"https:\/\/narteks.net\/wp-content\/uploads\/narteks.png","width":300,"height":90,"caption":"narteks.net"},"image":{"@id":"https:\/\/narteks.net\/#\/schema\/logo\/image\/"},"sameAs":["https:\/\/x.com\/narteks","https:\/\/instagram.com\/narteksnet"]},{"@type":"Person","@id":"https:\/\/narteks.net\/#\/schema\/person\/61f37d9834294b72d31d274e7ed79bca","name":"Tar\u0131k","image":{"@type":"ImageObject","inLanguage":"tr","@id":"https:\/\/narteks.net\/#\/schema\/person\/image\/","url":"https:\/\/secure.gravatar.com\/avatar\/50865afb55632c4ae467e0af0930f6510aa2297d8014be502a55b14f3b7550cf?s=96&d=mm&r=g","contentUrl":"https:\/\/secure.gravatar.com\/avatar\/50865afb55632c4ae467e0af0930f6510aa2297d8014be502a55b14f3b7550cf?s=96&d=mm&r=g","caption":"Tar\u0131k"},"sameAs":["http:\/\/narteks.net"],"url":"https:\/\/narteks.net\/index.php\/author\/narbak\/"}]}},"_links":{"self":[{"href":"https:\/\/narteks.net\/index.php\/wp-json\/wp\/v2\/posts\/535","targetHints":{"allow":["GET"]}}],"collection":[{"href":"https:\/\/narteks.net\/index.php\/wp-json\/wp\/v2\/posts"}],"about":[{"href":"https:\/\/narteks.net\/index.php\/wp-json\/wp\/v2\/types\/post"}],"author":[{"embeddable":true,"href":"https:\/\/narteks.net\/index.php\/wp-json\/wp\/v2\/users\/1"}],"replies":[{"embeddable":true,"href":"https:\/\/narteks.net\/index.php\/wp-json\/wp\/v2\/comments?post=535"}],"version-history":[{"count":0,"href":"https:\/\/narteks.net\/index.php\/wp-json\/wp\/v2\/posts\/535\/revisions"}],"wp:attachment":[{"href":"https:\/\/narteks.net\/index.php\/wp-json\/wp\/v2\/media?parent=535"}],"wp:term":[{"taxonomy":"category","embeddable":true,"href":"https:\/\/narteks.net\/index.php\/wp-json\/wp\/v2\/categories?post=535"},{"taxonomy":"post_tag","embeddable":true,"href":"https:\/\/narteks.net\/index.php\/wp-json\/wp\/v2\/tags?post=535"}],"curies":[{"name":"wp","href":"https:\/\/api.w.org\/{rel}","templated":true}]}}