{"id":5352,"date":"2011-02-28T14:37:11","date_gmt":"2011-02-28T11:37:11","guid":{"rendered":"http:\/\/localhost\/wordpress\/2011\/02\/28\/ilgaz-daglarindan\/"},"modified":"2011-02-28T14:37:11","modified_gmt":"2011-02-28T11:37:11","slug":"ilgaz-daglarindan","status":"publish","type":"post","link":"https:\/\/narteks.net\/index.php\/2011\/02\/28\/ilgaz-daglarindan\/","title":{"rendered":"ILGAZ DA\u011eLARINDAN"},"content":{"rendered":"<p>\u00a0<\/p>\n<p>Siz, a\u011fa\u00e7lar, elbet beni bildiniz,<br \/>Ben sizden ayr\u0131lm\u0131\u015f y\u00fcr\u00fcr bir dal\u0131m.<br \/>Ey \u00e7amlar, k\u00f6knarlar, ey ye\u015fil deniz.<br \/>Ben kendi kendini s\u00fcr\u00fcr bir dal\u0131m.<\/p>\n<p>K\u0131r\u0131\u011f\u0131m, i\u00e7imden \u00e7\u0131kmaz bu ac\u0131,<br \/>G\u00fcn oldu ba\u015f\u0131ma hasretin tac\u0131,<br \/>D\u00fc\u015f\u00fcnd\u00fc\u011f\u00fcm zaman as\u0131l a\u011fac\u0131,<br \/>\u0130\u00e7imi yaln\u0131zl\u0131k b\u00fcr\u00fcr bir dal\u0131m.<\/p>\n<p>Ne sert k\u0131\u015f ne g\u00fcmrah ve g\u00f6lgeli yaz,<br \/>Ne \u0131l\u0131k meltemler, ne keskin ayaz.<br \/>Mevsimler derdime bir \u015fifa olmaz,<br \/>Ben k\u00f6k\u00fcnden kopmu\u015f \u00e7\u00fcr\u00fck bir dal\u0131m. <\/p>\n<p>Ahmet Kutsi TECER<\/p>\n","protected":false},"excerpt":{"rendered":"<p>\u00a0 Siz, a\u011fa\u00e7lar, elbet beni bildiniz,Ben sizden ayr\u0131lm\u0131\u015f y\u00fcr\u00fcr bir dal\u0131m.Ey \u00e7amlar, k\u00f6knarlar, ey ye\u015fil deniz.Ben kendi kendini s\u00fcr\u00fcr bir dal\u0131m. K\u0131r\u0131\u011f\u0131m, i\u00e7imden \u00e7\u0131kmaz bu ac\u0131,G\u00fcn oldu ba\u015f\u0131ma hasretin tac\u0131,D\u00fc\u015f\u00fcnd\u00fc\u011f\u00fcm zaman as\u0131l a\u011fac\u0131,\u0130\u00e7imi yaln\u0131zl\u0131k b\u00fcr\u00fcr bir dal\u0131m. Ne sert k\u0131\u015f ne g\u00fcmrah ve g\u00f6lgeli yaz,Ne \u0131l\u0131k meltemler, ne keskin ayaz.Mevsimler derdime bir \u015fifa olmaz,Ben k\u00f6k\u00fcnden [&hellip;]<\/p>\n","protected":false},"author":1,"featured_media":0,"comment_status":"open","ping_status":"open","sticky":false,"template":"","format":"standard","meta":{"footnotes":""},"categories":[168],"tags":[],"class_list":{"0":"post-5352","1":"post","2":"type-post","3":"status-publish","4":"format-standard","6":"category-ahmet-kutsi-tecer"},"yoast_head":"<!-- This site is optimized with the Yoast SEO Premium plugin v24.9 (Yoast SEO v24.9) - https:\/\/yoast.com\/wordpress\/plugins\/seo\/ -->\n<title>ILGAZ DA\u011eLARINDAN - narteks.net<\/title>\n<meta name=\"robots\" content=\"index, follow, max-snippet:-1, max-image-preview:large, max-video-preview:-1\" \/>\n<link rel=\"canonical\" href=\"https:\/\/narteks.net\/index.php\/2011\/02\/28\/ilgaz-daglarindan\/\" \/>\n<meta property=\"og:locale\" content=\"tr_TR\" \/>\n<meta property=\"og:type\" content=\"article\" \/>\n<meta property=\"og:title\" content=\"ILGAZ DA\u011eLARINDAN\" \/>\n<meta property=\"og:description\" content=\"\u00a0 Siz, a\u011fa\u00e7lar, elbet beni bildiniz,Ben sizden ayr\u0131lm\u0131\u015f y\u00fcr\u00fcr bir dal\u0131m.Ey \u00e7amlar, k\u00f6knarlar, ey ye\u015fil deniz.Ben kendi kendini s\u00fcr\u00fcr bir dal\u0131m. K\u0131r\u0131\u011f\u0131m, i\u00e7imden \u00e7\u0131kmaz bu ac\u0131,G\u00fcn oldu ba\u015f\u0131ma hasretin tac\u0131,D\u00fc\u015f\u00fcnd\u00fc\u011f\u00fcm zaman as\u0131l a\u011fac\u0131,\u0130\u00e7imi yaln\u0131zl\u0131k b\u00fcr\u00fcr bir dal\u0131m. Ne sert k\u0131\u015f ne g\u00fcmrah ve g\u00f6lgeli yaz,Ne \u0131l\u0131k meltemler, ne keskin ayaz.Mevsimler derdime bir \u015fifa olmaz,Ben k\u00f6k\u00fcnden [&hellip;]\" \/>\n<meta property=\"og:url\" content=\"https:\/\/narteks.net\/index.php\/2011\/02\/28\/ilgaz-daglarindan\/\" \/>\n<meta property=\"og:site_name\" content=\"narteks.net\" \/>\n<meta property=\"article:published_time\" content=\"2011-02-28T11:37:11+00:00\" \/>\n<meta property=\"og:image\" content=\"https:\/\/narteks.net\/wp-content\/uploads\/narteks.png\" \/>\n\t<meta property=\"og:image:width\" content=\"300\" \/>\n\t<meta property=\"og:image:height\" content=\"90\" \/>\n\t<meta property=\"og:image:type\" content=\"image\/png\" \/>\n<meta name=\"author\" content=\"Tar\u0131k\" \/>\n<meta name=\"twitter:card\" content=\"summary_large_image\" \/>\n<meta name=\"twitter:creator\" content=\"@narteks\" \/>\n<meta name=\"twitter:site\" content=\"@narteks\" \/>\n<meta name=\"twitter:label1\" content=\"Yazan:\" \/>\n\t<meta name=\"twitter:data1\" content=\"Tar\u0131k\" \/>\n\t<meta name=\"twitter:label2\" content=\"Tahmini okuma s\u00fcresi\" \/>\n\t<meta name=\"twitter:data2\" content=\"1 dakika\" \/>\n<script type=\"application\/ld+json\" class=\"yoast-schema-graph\">{\"@context\":\"https:\/\/schema.org\",\"@graph\":[{\"@type\":\"Article\",\"@id\":\"https:\/\/narteks.net\/index.php\/2011\/02\/28\/ilgaz-daglarindan\/#article\",\"isPartOf\":{\"@id\":\"https:\/\/narteks.net\/index.php\/2011\/02\/28\/ilgaz-daglarindan\/\"},\"author\":{\"name\":\"Tar\u0131k\",\"@id\":\"https:\/\/narteks.net\/#\/schema\/person\/61f37d9834294b72d31d274e7ed79bca\"},\"headline\":\"ILGAZ DA\u011eLARINDAN\",\"datePublished\":\"2011-02-28T11:37:11+00:00\",\"mainEntityOfPage\":{\"@id\":\"https:\/\/narteks.net\/index.php\/2011\/02\/28\/ilgaz-daglarindan\/\"},\"wordCount\":105,\"commentCount\":0,\"publisher\":{\"@id\":\"https:\/\/narteks.net\/#organization\"},\"articleSection\":[\"Ahmet Kutsi TECER\"],\"inLanguage\":\"tr\",\"potentialAction\":[{\"@type\":\"CommentAction\",\"name\":\"Comment\",\"target\":[\"https:\/\/narteks.net\/index.php\/2011\/02\/28\/ilgaz-daglarindan\/#respond\"]}]},{\"@type\":\"WebPage\",\"@id\":\"https:\/\/narteks.net\/index.php\/2011\/02\/28\/ilgaz-daglarindan\/\",\"url\":\"https:\/\/narteks.net\/index.php\/2011\/02\/28\/ilgaz-daglarindan\/\",\"name\":\"ILGAZ DA\u011eLARINDAN - narteks.net\",\"isPartOf\":{\"@id\":\"https:\/\/narteks.net\/#website\"},\"datePublished\":\"2011-02-28T11:37:11+00:00\",\"breadcrumb\":{\"@id\":\"https:\/\/narteks.net\/index.php\/2011\/02\/28\/ilgaz-daglarindan\/#breadcrumb\"},\"inLanguage\":\"tr\",\"potentialAction\":[{\"@type\":\"ReadAction\",\"target\":[\"https:\/\/narteks.net\/index.php\/2011\/02\/28\/ilgaz-daglarindan\/\"]}]},{\"@type\":\"BreadcrumbList\",\"@id\":\"https:\/\/narteks.net\/index.php\/2011\/02\/28\/ilgaz-daglarindan\/#breadcrumb\",\"itemListElement\":[{\"@type\":\"ListItem\",\"position\":1,\"name\":\"Anasayfa\",\"item\":\"https:\/\/narteks.net\/\"},{\"@type\":\"ListItem\",\"position\":2,\"name\":\"ILGAZ DA\u011eLARINDAN\"}]},{\"@type\":\"WebSite\",\"@id\":\"https:\/\/narteks.net\/#website\",\"url\":\"https:\/\/narteks.net\/\",\"name\":\"narteks.net\",\"description\":\"K\u00fclt\u00fcr Sanat Edebiyat Felsefe\",\"publisher\":{\"@id\":\"https:\/\/narteks.net\/#organization\"},\"alternateName\":\"K\u00fclt\u00fcr Sanat Edebiyat Felsefe\",\"potentialAction\":[{\"@type\":\"SearchAction\",\"target\":{\"@type\":\"EntryPoint\",\"urlTemplate\":\"https:\/\/narteks.net\/?s={search_term_string}\"},\"query-input\":{\"@type\":\"PropertyValueSpecification\",\"valueRequired\":true,\"valueName\":\"search_term_string\"}}],\"inLanguage\":\"tr\"},{\"@type\":\"Organization\",\"@id\":\"https:\/\/narteks.net\/#organization\",\"name\":\"narteks.net\",\"url\":\"https:\/\/narteks.net\/\",\"logo\":{\"@type\":\"ImageObject\",\"inLanguage\":\"tr\",\"@id\":\"https:\/\/narteks.net\/#\/schema\/logo\/image\/\",\"url\":\"https:\/\/narteks.net\/wp-content\/uploads\/narteks.png\",\"contentUrl\":\"https:\/\/narteks.net\/wp-content\/uploads\/narteks.png\",\"width\":300,\"height\":90,\"caption\":\"narteks.net\"},\"image\":{\"@id\":\"https:\/\/narteks.net\/#\/schema\/logo\/image\/\"},\"sameAs\":[\"https:\/\/x.com\/narteks\",\"https:\/\/instagram.com\/narteksnet\"]},{\"@type\":\"Person\",\"@id\":\"https:\/\/narteks.net\/#\/schema\/person\/61f37d9834294b72d31d274e7ed79bca\",\"name\":\"Tar\u0131k\",\"image\":{\"@type\":\"ImageObject\",\"inLanguage\":\"tr\",\"@id\":\"https:\/\/narteks.net\/#\/schema\/person\/image\/\",\"url\":\"https:\/\/secure.gravatar.com\/avatar\/50865afb55632c4ae467e0af0930f6510aa2297d8014be502a55b14f3b7550cf?s=96&d=mm&r=g\",\"contentUrl\":\"https:\/\/secure.gravatar.com\/avatar\/50865afb55632c4ae467e0af0930f6510aa2297d8014be502a55b14f3b7550cf?s=96&d=mm&r=g\",\"caption\":\"Tar\u0131k\"},\"sameAs\":[\"http:\/\/narteks.net\"],\"url\":\"https:\/\/narteks.net\/index.php\/author\/narbak\/\"}]}<\/script>\n<!-- \/ Yoast SEO Premium plugin. -->","yoast_head_json":{"title":"ILGAZ DA\u011eLARINDAN - narteks.net","robots":{"index":"index","follow":"follow","max-snippet":"max-snippet:-1","max-image-preview":"max-image-preview:large","max-video-preview":"max-video-preview:-1"},"canonical":"https:\/\/narteks.net\/index.php\/2011\/02\/28\/ilgaz-daglarindan\/","og_locale":"tr_TR","og_type":"article","og_title":"ILGAZ DA\u011eLARINDAN","og_description":"\u00a0 Siz, a\u011fa\u00e7lar, elbet beni bildiniz,Ben sizden ayr\u0131lm\u0131\u015f y\u00fcr\u00fcr bir dal\u0131m.Ey \u00e7amlar, k\u00f6knarlar, ey ye\u015fil deniz.Ben kendi kendini s\u00fcr\u00fcr bir dal\u0131m. K\u0131r\u0131\u011f\u0131m, i\u00e7imden \u00e7\u0131kmaz bu ac\u0131,G\u00fcn oldu ba\u015f\u0131ma hasretin tac\u0131,D\u00fc\u015f\u00fcnd\u00fc\u011f\u00fcm zaman as\u0131l a\u011fac\u0131,\u0130\u00e7imi yaln\u0131zl\u0131k b\u00fcr\u00fcr bir dal\u0131m. Ne sert k\u0131\u015f ne g\u00fcmrah ve g\u00f6lgeli yaz,Ne \u0131l\u0131k meltemler, ne keskin ayaz.Mevsimler derdime bir \u015fifa olmaz,Ben k\u00f6k\u00fcnden [&hellip;]","og_url":"https:\/\/narteks.net\/index.php\/2011\/02\/28\/ilgaz-daglarindan\/","og_site_name":"narteks.net","article_published_time":"2011-02-28T11:37:11+00:00","og_image":[{"width":300,"height":90,"url":"https:\/\/narteks.net\/wp-content\/uploads\/narteks.png","type":"image\/png"}],"author":"Tar\u0131k","twitter_card":"summary_large_image","twitter_creator":"@narteks","twitter_site":"@narteks","twitter_misc":{"Yazan:":"Tar\u0131k","Tahmini okuma s\u00fcresi":"1 dakika"},"schema":{"@context":"https:\/\/schema.org","@graph":[{"@type":"Article","@id":"https:\/\/narteks.net\/index.php\/2011\/02\/28\/ilgaz-daglarindan\/#article","isPartOf":{"@id":"https:\/\/narteks.net\/index.php\/2011\/02\/28\/ilgaz-daglarindan\/"},"author":{"name":"Tar\u0131k","@id":"https:\/\/narteks.net\/#\/schema\/person\/61f37d9834294b72d31d274e7ed79bca"},"headline":"ILGAZ DA\u011eLARINDAN","datePublished":"2011-02-28T11:37:11+00:00","mainEntityOfPage":{"@id":"https:\/\/narteks.net\/index.php\/2011\/02\/28\/ilgaz-daglarindan\/"},"wordCount":105,"commentCount":0,"publisher":{"@id":"https:\/\/narteks.net\/#organization"},"articleSection":["Ahmet Kutsi TECER"],"inLanguage":"tr","potentialAction":[{"@type":"CommentAction","name":"Comment","target":["https:\/\/narteks.net\/index.php\/2011\/02\/28\/ilgaz-daglarindan\/#respond"]}]},{"@type":"WebPage","@id":"https:\/\/narteks.net\/index.php\/2011\/02\/28\/ilgaz-daglarindan\/","url":"https:\/\/narteks.net\/index.php\/2011\/02\/28\/ilgaz-daglarindan\/","name":"ILGAZ DA\u011eLARINDAN - narteks.net","isPartOf":{"@id":"https:\/\/narteks.net\/#website"},"datePublished":"2011-02-28T11:37:11+00:00","breadcrumb":{"@id":"https:\/\/narteks.net\/index.php\/2011\/02\/28\/ilgaz-daglarindan\/#breadcrumb"},"inLanguage":"tr","potentialAction":[{"@type":"ReadAction","target":["https:\/\/narteks.net\/index.php\/2011\/02\/28\/ilgaz-daglarindan\/"]}]},{"@type":"BreadcrumbList","@id":"https:\/\/narteks.net\/index.php\/2011\/02\/28\/ilgaz-daglarindan\/#breadcrumb","itemListElement":[{"@type":"ListItem","position":1,"name":"Anasayfa","item":"https:\/\/narteks.net\/"},{"@type":"ListItem","position":2,"name":"ILGAZ DA\u011eLARINDAN"}]},{"@type":"WebSite","@id":"https:\/\/narteks.net\/#website","url":"https:\/\/narteks.net\/","name":"narteks.net","description":"K\u00fclt\u00fcr Sanat Edebiyat Felsefe","publisher":{"@id":"https:\/\/narteks.net\/#organization"},"alternateName":"K\u00fclt\u00fcr Sanat Edebiyat Felsefe","potentialAction":[{"@type":"SearchAction","target":{"@type":"EntryPoint","urlTemplate":"https:\/\/narteks.net\/?s={search_term_string}"},"query-input":{"@type":"PropertyValueSpecification","valueRequired":true,"valueName":"search_term_string"}}],"inLanguage":"tr"},{"@type":"Organization","@id":"https:\/\/narteks.net\/#organization","name":"narteks.net","url":"https:\/\/narteks.net\/","logo":{"@type":"ImageObject","inLanguage":"tr","@id":"https:\/\/narteks.net\/#\/schema\/logo\/image\/","url":"https:\/\/narteks.net\/wp-content\/uploads\/narteks.png","contentUrl":"https:\/\/narteks.net\/wp-content\/uploads\/narteks.png","width":300,"height":90,"caption":"narteks.net"},"image":{"@id":"https:\/\/narteks.net\/#\/schema\/logo\/image\/"},"sameAs":["https:\/\/x.com\/narteks","https:\/\/instagram.com\/narteksnet"]},{"@type":"Person","@id":"https:\/\/narteks.net\/#\/schema\/person\/61f37d9834294b72d31d274e7ed79bca","name":"Tar\u0131k","image":{"@type":"ImageObject","inLanguage":"tr","@id":"https:\/\/narteks.net\/#\/schema\/person\/image\/","url":"https:\/\/secure.gravatar.com\/avatar\/50865afb55632c4ae467e0af0930f6510aa2297d8014be502a55b14f3b7550cf?s=96&d=mm&r=g","contentUrl":"https:\/\/secure.gravatar.com\/avatar\/50865afb55632c4ae467e0af0930f6510aa2297d8014be502a55b14f3b7550cf?s=96&d=mm&r=g","caption":"Tar\u0131k"},"sameAs":["http:\/\/narteks.net"],"url":"https:\/\/narteks.net\/index.php\/author\/narbak\/"}]}},"_links":{"self":[{"href":"https:\/\/narteks.net\/index.php\/wp-json\/wp\/v2\/posts\/5352","targetHints":{"allow":["GET"]}}],"collection":[{"href":"https:\/\/narteks.net\/index.php\/wp-json\/wp\/v2\/posts"}],"about":[{"href":"https:\/\/narteks.net\/index.php\/wp-json\/wp\/v2\/types\/post"}],"author":[{"embeddable":true,"href":"https:\/\/narteks.net\/index.php\/wp-json\/wp\/v2\/users\/1"}],"replies":[{"embeddable":true,"href":"https:\/\/narteks.net\/index.php\/wp-json\/wp\/v2\/comments?post=5352"}],"version-history":[{"count":0,"href":"https:\/\/narteks.net\/index.php\/wp-json\/wp\/v2\/posts\/5352\/revisions"}],"wp:attachment":[{"href":"https:\/\/narteks.net\/index.php\/wp-json\/wp\/v2\/media?parent=5352"}],"wp:term":[{"taxonomy":"category","embeddable":true,"href":"https:\/\/narteks.net\/index.php\/wp-json\/wp\/v2\/categories?post=5352"},{"taxonomy":"post_tag","embeddable":true,"href":"https:\/\/narteks.net\/index.php\/wp-json\/wp\/v2\/tags?post=5352"}],"curies":[{"name":"wp","href":"https:\/\/api.w.org\/{rel}","templated":true}]}}