{"id":5354,"date":"2011-02-28T14:38:27","date_gmt":"2011-02-28T11:38:27","guid":{"rendered":"http:\/\/localhost\/wordpress\/2011\/02\/28\/ilk-uykular\/"},"modified":"2011-02-28T14:38:27","modified_gmt":"2011-02-28T11:38:27","slug":"ilk-uykular","status":"publish","type":"post","link":"https:\/\/narteks.net\/index.php\/2011\/02\/28\/ilk-uykular\/","title":{"rendered":"\u0130LK UYKULAR"},"content":{"rendered":"<p>\u00a0<\/p>\n<p>Y\u0131llar var, o zaman k\u00fc\u00e7\u00fckt\u00fc g\u00f6\u011fs\u00fcn<br \/>Bo\u011fu\u015fmak bilmezdin bu ku\u015f t\u00fcy\u00fcyle<br \/>H\u00fclyan\u0131n ve yaz\u0131n ve teneff\u00fcs\u00fcn.<br \/>Sihriyle uyuyan bir k\u0131zd\u0131n \u00f6yle.<\/p>\n<p>Alsan da koynuna seher yelini<br \/>Sa\u00e7\u0131n\u0131n vermezdin ona telini<br \/>Elinin \u00fcst\u00fcne konan elini<br \/>\u00c7ekerdin ans\u0131z\u0131n bir \u00fcrpermeyle.<\/p>\n<p>Ey \u015fimdi bo\u011fulmu\u015f, yorgun, soluyan<br \/>Kumral k\u0131z! \u015eu atlas yast\u0131\u011fa dayan<br \/>O hafif, h\u00fclyal\u0131 ilk uykulardan<br \/>Ne zaman, ne zaman uyand\u0131n s\u00f6yle? <\/p>\n<p>Ahmet Kutsi TECER<\/p>\n","protected":false},"excerpt":{"rendered":"<p>\u00a0 Y\u0131llar var, o zaman k\u00fc\u00e7\u00fckt\u00fc g\u00f6\u011fs\u00fcnBo\u011fu\u015fmak bilmezdin bu ku\u015f t\u00fcy\u00fcyleH\u00fclyan\u0131n ve yaz\u0131n ve teneff\u00fcs\u00fcn.Sihriyle uyuyan bir k\u0131zd\u0131n \u00f6yle. Alsan da koynuna seher yeliniSa\u00e7\u0131n\u0131n vermezdin ona teliniElinin \u00fcst\u00fcne konan elini\u00c7ekerdin ans\u0131z\u0131n bir \u00fcrpermeyle. Ey \u015fimdi bo\u011fulmu\u015f, yorgun, soluyanKumral k\u0131z! \u015eu atlas yast\u0131\u011fa dayanO hafif, h\u00fclyal\u0131 ilk uykulardanNe zaman, ne zaman uyand\u0131n s\u00f6yle? Ahmet Kutsi TECER<\/p>\n","protected":false},"author":1,"featured_media":0,"comment_status":"open","ping_status":"open","sticky":false,"template":"","format":"standard","meta":{"footnotes":""},"categories":[168],"tags":[],"class_list":{"0":"post-5354","1":"post","2":"type-post","3":"status-publish","4":"format-standard","6":"category-ahmet-kutsi-tecer"},"yoast_head":"<!-- This site is optimized with the Yoast SEO Premium plugin v24.9 (Yoast SEO v24.9) - https:\/\/yoast.com\/wordpress\/plugins\/seo\/ -->\n<title>\u0130LK UYKULAR - narteks.net<\/title>\n<meta name=\"robots\" content=\"index, follow, max-snippet:-1, max-image-preview:large, max-video-preview:-1\" \/>\n<link rel=\"canonical\" href=\"https:\/\/narteks.net\/index.php\/2011\/02\/28\/ilk-uykular\/\" \/>\n<meta property=\"og:locale\" content=\"tr_TR\" \/>\n<meta property=\"og:type\" content=\"article\" \/>\n<meta property=\"og:title\" content=\"\u0130LK UYKULAR\" \/>\n<meta property=\"og:description\" content=\"\u00a0 Y\u0131llar var, o zaman k\u00fc\u00e7\u00fckt\u00fc g\u00f6\u011fs\u00fcnBo\u011fu\u015fmak bilmezdin bu ku\u015f t\u00fcy\u00fcyleH\u00fclyan\u0131n ve yaz\u0131n ve teneff\u00fcs\u00fcn.Sihriyle uyuyan bir k\u0131zd\u0131n \u00f6yle. Alsan da koynuna seher yeliniSa\u00e7\u0131n\u0131n vermezdin ona teliniElinin \u00fcst\u00fcne konan elini\u00c7ekerdin ans\u0131z\u0131n bir \u00fcrpermeyle. Ey \u015fimdi bo\u011fulmu\u015f, yorgun, soluyanKumral k\u0131z! \u015eu atlas yast\u0131\u011fa dayanO hafif, h\u00fclyal\u0131 ilk uykulardanNe zaman, ne zaman uyand\u0131n s\u00f6yle? Ahmet Kutsi TECER\" \/>\n<meta property=\"og:url\" content=\"https:\/\/narteks.net\/index.php\/2011\/02\/28\/ilk-uykular\/\" \/>\n<meta property=\"og:site_name\" content=\"narteks.net\" \/>\n<meta property=\"article:published_time\" content=\"2011-02-28T11:38:27+00:00\" \/>\n<meta property=\"og:image\" content=\"https:\/\/narteks.net\/wp-content\/uploads\/narteks.png\" \/>\n\t<meta property=\"og:image:width\" content=\"300\" \/>\n\t<meta property=\"og:image:height\" content=\"90\" \/>\n\t<meta property=\"og:image:type\" content=\"image\/png\" \/>\n<meta name=\"author\" content=\"Tar\u0131k\" \/>\n<meta name=\"twitter:card\" content=\"summary_large_image\" \/>\n<meta name=\"twitter:creator\" content=\"@narteks\" \/>\n<meta name=\"twitter:site\" content=\"@narteks\" \/>\n<meta name=\"twitter:label1\" content=\"Yazan:\" \/>\n\t<meta name=\"twitter:data1\" content=\"Tar\u0131k\" \/>\n<script type=\"application\/ld+json\" class=\"yoast-schema-graph\">{\"@context\":\"https:\/\/schema.org\",\"@graph\":[{\"@type\":\"Article\",\"@id\":\"https:\/\/narteks.net\/index.php\/2011\/02\/28\/ilk-uykular\/#article\",\"isPartOf\":{\"@id\":\"https:\/\/narteks.net\/index.php\/2011\/02\/28\/ilk-uykular\/\"},\"author\":{\"name\":\"Tar\u0131k\",\"@id\":\"https:\/\/narteks.net\/#\/schema\/person\/61f37d9834294b72d31d274e7ed79bca\"},\"headline\":\"\u0130LK UYKULAR\",\"datePublished\":\"2011-02-28T11:38:27+00:00\",\"mainEntityOfPage\":{\"@id\":\"https:\/\/narteks.net\/index.php\/2011\/02\/28\/ilk-uykular\/\"},\"wordCount\":84,\"commentCount\":0,\"publisher\":{\"@id\":\"https:\/\/narteks.net\/#organization\"},\"articleSection\":[\"Ahmet Kutsi TECER\"],\"inLanguage\":\"tr\",\"potentialAction\":[{\"@type\":\"CommentAction\",\"name\":\"Comment\",\"target\":[\"https:\/\/narteks.net\/index.php\/2011\/02\/28\/ilk-uykular\/#respond\"]}]},{\"@type\":\"WebPage\",\"@id\":\"https:\/\/narteks.net\/index.php\/2011\/02\/28\/ilk-uykular\/\",\"url\":\"https:\/\/narteks.net\/index.php\/2011\/02\/28\/ilk-uykular\/\",\"name\":\"\u0130LK UYKULAR - narteks.net\",\"isPartOf\":{\"@id\":\"https:\/\/narteks.net\/#website\"},\"datePublished\":\"2011-02-28T11:38:27+00:00\",\"breadcrumb\":{\"@id\":\"https:\/\/narteks.net\/index.php\/2011\/02\/28\/ilk-uykular\/#breadcrumb\"},\"inLanguage\":\"tr\",\"potentialAction\":[{\"@type\":\"ReadAction\",\"target\":[\"https:\/\/narteks.net\/index.php\/2011\/02\/28\/ilk-uykular\/\"]}]},{\"@type\":\"BreadcrumbList\",\"@id\":\"https:\/\/narteks.net\/index.php\/2011\/02\/28\/ilk-uykular\/#breadcrumb\",\"itemListElement\":[{\"@type\":\"ListItem\",\"position\":1,\"name\":\"Anasayfa\",\"item\":\"https:\/\/narteks.net\/\"},{\"@type\":\"ListItem\",\"position\":2,\"name\":\"\u0130LK UYKULAR\"}]},{\"@type\":\"WebSite\",\"@id\":\"https:\/\/narteks.net\/#website\",\"url\":\"https:\/\/narteks.net\/\",\"name\":\"narteks.net\",\"description\":\"K\u00fclt\u00fcr Sanat Edebiyat Felsefe\",\"publisher\":{\"@id\":\"https:\/\/narteks.net\/#organization\"},\"alternateName\":\"K\u00fclt\u00fcr Sanat Edebiyat Felsefe\",\"potentialAction\":[{\"@type\":\"SearchAction\",\"target\":{\"@type\":\"EntryPoint\",\"urlTemplate\":\"https:\/\/narteks.net\/?s={search_term_string}\"},\"query-input\":{\"@type\":\"PropertyValueSpecification\",\"valueRequired\":true,\"valueName\":\"search_term_string\"}}],\"inLanguage\":\"tr\"},{\"@type\":\"Organization\",\"@id\":\"https:\/\/narteks.net\/#organization\",\"name\":\"narteks.net\",\"url\":\"https:\/\/narteks.net\/\",\"logo\":{\"@type\":\"ImageObject\",\"inLanguage\":\"tr\",\"@id\":\"https:\/\/narteks.net\/#\/schema\/logo\/image\/\",\"url\":\"https:\/\/narteks.net\/wp-content\/uploads\/narteks.png\",\"contentUrl\":\"https:\/\/narteks.net\/wp-content\/uploads\/narteks.png\",\"width\":300,\"height\":90,\"caption\":\"narteks.net\"},\"image\":{\"@id\":\"https:\/\/narteks.net\/#\/schema\/logo\/image\/\"},\"sameAs\":[\"https:\/\/x.com\/narteks\",\"https:\/\/instagram.com\/narteksnet\"]},{\"@type\":\"Person\",\"@id\":\"https:\/\/narteks.net\/#\/schema\/person\/61f37d9834294b72d31d274e7ed79bca\",\"name\":\"Tar\u0131k\",\"image\":{\"@type\":\"ImageObject\",\"inLanguage\":\"tr\",\"@id\":\"https:\/\/narteks.net\/#\/schema\/person\/image\/\",\"url\":\"https:\/\/secure.gravatar.com\/avatar\/50865afb55632c4ae467e0af0930f6510aa2297d8014be502a55b14f3b7550cf?s=96&d=mm&r=g\",\"contentUrl\":\"https:\/\/secure.gravatar.com\/avatar\/50865afb55632c4ae467e0af0930f6510aa2297d8014be502a55b14f3b7550cf?s=96&d=mm&r=g\",\"caption\":\"Tar\u0131k\"},\"sameAs\":[\"http:\/\/narteks.net\"],\"url\":\"https:\/\/narteks.net\/index.php\/author\/narbak\/\"}]}<\/script>\n<!-- \/ Yoast SEO Premium plugin. -->","yoast_head_json":{"title":"\u0130LK UYKULAR - narteks.net","robots":{"index":"index","follow":"follow","max-snippet":"max-snippet:-1","max-image-preview":"max-image-preview:large","max-video-preview":"max-video-preview:-1"},"canonical":"https:\/\/narteks.net\/index.php\/2011\/02\/28\/ilk-uykular\/","og_locale":"tr_TR","og_type":"article","og_title":"\u0130LK UYKULAR","og_description":"\u00a0 Y\u0131llar var, o zaman k\u00fc\u00e7\u00fckt\u00fc g\u00f6\u011fs\u00fcnBo\u011fu\u015fmak bilmezdin bu ku\u015f t\u00fcy\u00fcyleH\u00fclyan\u0131n ve yaz\u0131n ve teneff\u00fcs\u00fcn.Sihriyle uyuyan bir k\u0131zd\u0131n \u00f6yle. Alsan da koynuna seher yeliniSa\u00e7\u0131n\u0131n vermezdin ona teliniElinin \u00fcst\u00fcne konan elini\u00c7ekerdin ans\u0131z\u0131n bir \u00fcrpermeyle. Ey \u015fimdi bo\u011fulmu\u015f, yorgun, soluyanKumral k\u0131z! \u015eu atlas yast\u0131\u011fa dayanO hafif, h\u00fclyal\u0131 ilk uykulardanNe zaman, ne zaman uyand\u0131n s\u00f6yle? Ahmet Kutsi TECER","og_url":"https:\/\/narteks.net\/index.php\/2011\/02\/28\/ilk-uykular\/","og_site_name":"narteks.net","article_published_time":"2011-02-28T11:38:27+00:00","og_image":[{"width":300,"height":90,"url":"https:\/\/narteks.net\/wp-content\/uploads\/narteks.png","type":"image\/png"}],"author":"Tar\u0131k","twitter_card":"summary_large_image","twitter_creator":"@narteks","twitter_site":"@narteks","twitter_misc":{"Yazan:":"Tar\u0131k"},"schema":{"@context":"https:\/\/schema.org","@graph":[{"@type":"Article","@id":"https:\/\/narteks.net\/index.php\/2011\/02\/28\/ilk-uykular\/#article","isPartOf":{"@id":"https:\/\/narteks.net\/index.php\/2011\/02\/28\/ilk-uykular\/"},"author":{"name":"Tar\u0131k","@id":"https:\/\/narteks.net\/#\/schema\/person\/61f37d9834294b72d31d274e7ed79bca"},"headline":"\u0130LK UYKULAR","datePublished":"2011-02-28T11:38:27+00:00","mainEntityOfPage":{"@id":"https:\/\/narteks.net\/index.php\/2011\/02\/28\/ilk-uykular\/"},"wordCount":84,"commentCount":0,"publisher":{"@id":"https:\/\/narteks.net\/#organization"},"articleSection":["Ahmet Kutsi TECER"],"inLanguage":"tr","potentialAction":[{"@type":"CommentAction","name":"Comment","target":["https:\/\/narteks.net\/index.php\/2011\/02\/28\/ilk-uykular\/#respond"]}]},{"@type":"WebPage","@id":"https:\/\/narteks.net\/index.php\/2011\/02\/28\/ilk-uykular\/","url":"https:\/\/narteks.net\/index.php\/2011\/02\/28\/ilk-uykular\/","name":"\u0130LK UYKULAR - narteks.net","isPartOf":{"@id":"https:\/\/narteks.net\/#website"},"datePublished":"2011-02-28T11:38:27+00:00","breadcrumb":{"@id":"https:\/\/narteks.net\/index.php\/2011\/02\/28\/ilk-uykular\/#breadcrumb"},"inLanguage":"tr","potentialAction":[{"@type":"ReadAction","target":["https:\/\/narteks.net\/index.php\/2011\/02\/28\/ilk-uykular\/"]}]},{"@type":"BreadcrumbList","@id":"https:\/\/narteks.net\/index.php\/2011\/02\/28\/ilk-uykular\/#breadcrumb","itemListElement":[{"@type":"ListItem","position":1,"name":"Anasayfa","item":"https:\/\/narteks.net\/"},{"@type":"ListItem","position":2,"name":"\u0130LK UYKULAR"}]},{"@type":"WebSite","@id":"https:\/\/narteks.net\/#website","url":"https:\/\/narteks.net\/","name":"narteks.net","description":"K\u00fclt\u00fcr Sanat Edebiyat Felsefe","publisher":{"@id":"https:\/\/narteks.net\/#organization"},"alternateName":"K\u00fclt\u00fcr Sanat Edebiyat Felsefe","potentialAction":[{"@type":"SearchAction","target":{"@type":"EntryPoint","urlTemplate":"https:\/\/narteks.net\/?s={search_term_string}"},"query-input":{"@type":"PropertyValueSpecification","valueRequired":true,"valueName":"search_term_string"}}],"inLanguage":"tr"},{"@type":"Organization","@id":"https:\/\/narteks.net\/#organization","name":"narteks.net","url":"https:\/\/narteks.net\/","logo":{"@type":"ImageObject","inLanguage":"tr","@id":"https:\/\/narteks.net\/#\/schema\/logo\/image\/","url":"https:\/\/narteks.net\/wp-content\/uploads\/narteks.png","contentUrl":"https:\/\/narteks.net\/wp-content\/uploads\/narteks.png","width":300,"height":90,"caption":"narteks.net"},"image":{"@id":"https:\/\/narteks.net\/#\/schema\/logo\/image\/"},"sameAs":["https:\/\/x.com\/narteks","https:\/\/instagram.com\/narteksnet"]},{"@type":"Person","@id":"https:\/\/narteks.net\/#\/schema\/person\/61f37d9834294b72d31d274e7ed79bca","name":"Tar\u0131k","image":{"@type":"ImageObject","inLanguage":"tr","@id":"https:\/\/narteks.net\/#\/schema\/person\/image\/","url":"https:\/\/secure.gravatar.com\/avatar\/50865afb55632c4ae467e0af0930f6510aa2297d8014be502a55b14f3b7550cf?s=96&d=mm&r=g","contentUrl":"https:\/\/secure.gravatar.com\/avatar\/50865afb55632c4ae467e0af0930f6510aa2297d8014be502a55b14f3b7550cf?s=96&d=mm&r=g","caption":"Tar\u0131k"},"sameAs":["http:\/\/narteks.net"],"url":"https:\/\/narteks.net\/index.php\/author\/narbak\/"}]}},"_links":{"self":[{"href":"https:\/\/narteks.net\/index.php\/wp-json\/wp\/v2\/posts\/5354","targetHints":{"allow":["GET"]}}],"collection":[{"href":"https:\/\/narteks.net\/index.php\/wp-json\/wp\/v2\/posts"}],"about":[{"href":"https:\/\/narteks.net\/index.php\/wp-json\/wp\/v2\/types\/post"}],"author":[{"embeddable":true,"href":"https:\/\/narteks.net\/index.php\/wp-json\/wp\/v2\/users\/1"}],"replies":[{"embeddable":true,"href":"https:\/\/narteks.net\/index.php\/wp-json\/wp\/v2\/comments?post=5354"}],"version-history":[{"count":0,"href":"https:\/\/narteks.net\/index.php\/wp-json\/wp\/v2\/posts\/5354\/revisions"}],"wp:attachment":[{"href":"https:\/\/narteks.net\/index.php\/wp-json\/wp\/v2\/media?parent=5354"}],"wp:term":[{"taxonomy":"category","embeddable":true,"href":"https:\/\/narteks.net\/index.php\/wp-json\/wp\/v2\/categories?post=5354"},{"taxonomy":"post_tag","embeddable":true,"href":"https:\/\/narteks.net\/index.php\/wp-json\/wp\/v2\/tags?post=5354"}],"curies":[{"name":"wp","href":"https:\/\/api.w.org\/{rel}","templated":true}]}}