{"id":5356,"date":"2011-02-28T14:39:39","date_gmt":"2011-02-28T11:39:39","guid":{"rendered":"http:\/\/localhost\/wordpress\/2011\/02\/28\/kir-uykusu\/"},"modified":"2011-02-28T14:39:39","modified_gmt":"2011-02-28T11:39:39","slug":"kir-uykusu","status":"publish","type":"post","link":"https:\/\/narteks.net\/index.php\/2011\/02\/28\/kir-uykusu\/","title":{"rendered":"KIR UYKUSU"},"content":{"rendered":"<p>\u00a0<\/p>\n<p>Ne ho\u015ftur k\u0131rlarda yaz\u0131n uyumak!<br \/>Bulutlar ufukta beyaz bir yumak,<br \/>A\u011fa\u00e7lar bir derin hulyaya varm\u0131\u015f,<br \/>Sa\u00e7\u0131nda yepyeni teller a\u011farm\u0131\u015f.<br \/>Ba\u015f yorgun, yaslan\u0131r ye\u015fil otlara,<br \/>G\u00f6z dalg\u0131n, uzan\u0131r ta bulutlara.<br \/>\u00d6\u011fleyin bu uyku bir aral\u0131kt\u0131r,<br \/>Saf hava bir kanat gibi \u0131l\u0131kt\u0131r.<br \/>zaman g\u00f6n\u00fclde ne varsa dinler,<br \/>Y\u00fczlere t\u00fcl\u00fcms\u00fc bir bu\u011fu iner.<br \/>Erirken s\u0131cakta yaz kokular\u0131,<br \/>Ne ho\u015ftur, ne ho\u015ftur k\u0131r uykular\u0131!\u00a0 <\/p>\n<p>Ahmet Kutsi TECER<\/p>\n","protected":false},"excerpt":{"rendered":"<p>\u00a0 Ne ho\u015ftur k\u0131rlarda yaz\u0131n uyumak!Bulutlar ufukta beyaz bir yumak,A\u011fa\u00e7lar bir derin hulyaya varm\u0131\u015f,Sa\u00e7\u0131nda yepyeni teller a\u011farm\u0131\u015f.Ba\u015f yorgun, yaslan\u0131r ye\u015fil otlara,G\u00f6z dalg\u0131n, uzan\u0131r ta bulutlara.\u00d6\u011fleyin bu uyku bir aral\u0131kt\u0131r,Saf hava bir kanat gibi \u0131l\u0131kt\u0131r.zaman g\u00f6n\u00fclde ne varsa dinler,Y\u00fczlere t\u00fcl\u00fcms\u00fc bir bu\u011fu iner.Erirken s\u0131cakta yaz kokular\u0131,Ne ho\u015ftur, ne ho\u015ftur k\u0131r uykular\u0131!\u00a0 Ahmet Kutsi TECER<\/p>\n","protected":false},"author":1,"featured_media":0,"comment_status":"open","ping_status":"open","sticky":false,"template":"","format":"standard","meta":{"footnotes":""},"categories":[168],"tags":[],"class_list":{"0":"post-5356","1":"post","2":"type-post","3":"status-publish","4":"format-standard","6":"category-ahmet-kutsi-tecer"},"yoast_head":"<!-- This site is optimized with the Yoast SEO Premium plugin v24.9 (Yoast SEO v24.9) - https:\/\/yoast.com\/wordpress\/plugins\/seo\/ -->\n<title>KIR UYKUSU - narteks.net<\/title>\n<meta name=\"robots\" content=\"index, follow, max-snippet:-1, max-image-preview:large, max-video-preview:-1\" \/>\n<link rel=\"canonical\" href=\"https:\/\/narteks.net\/index.php\/2011\/02\/28\/kir-uykusu\/\" \/>\n<meta property=\"og:locale\" content=\"tr_TR\" \/>\n<meta property=\"og:type\" content=\"article\" \/>\n<meta property=\"og:title\" content=\"KIR UYKUSU\" \/>\n<meta property=\"og:description\" content=\"\u00a0 Ne ho\u015ftur k\u0131rlarda yaz\u0131n uyumak!Bulutlar ufukta beyaz bir yumak,A\u011fa\u00e7lar bir derin hulyaya varm\u0131\u015f,Sa\u00e7\u0131nda yepyeni teller a\u011farm\u0131\u015f.Ba\u015f yorgun, yaslan\u0131r ye\u015fil otlara,G\u00f6z dalg\u0131n, uzan\u0131r ta bulutlara.\u00d6\u011fleyin bu uyku bir aral\u0131kt\u0131r,Saf hava bir kanat gibi \u0131l\u0131kt\u0131r.zaman g\u00f6n\u00fclde ne varsa dinler,Y\u00fczlere t\u00fcl\u00fcms\u00fc bir bu\u011fu iner.Erirken s\u0131cakta yaz kokular\u0131,Ne ho\u015ftur, ne ho\u015ftur k\u0131r uykular\u0131!\u00a0 Ahmet Kutsi TECER\" \/>\n<meta property=\"og:url\" content=\"https:\/\/narteks.net\/index.php\/2011\/02\/28\/kir-uykusu\/\" \/>\n<meta property=\"og:site_name\" content=\"narteks.net\" \/>\n<meta property=\"article:published_time\" content=\"2011-02-28T11:39:39+00:00\" \/>\n<meta property=\"og:image\" content=\"https:\/\/narteks.net\/wp-content\/uploads\/narteks.png\" \/>\n\t<meta property=\"og:image:width\" content=\"300\" \/>\n\t<meta property=\"og:image:height\" content=\"90\" \/>\n\t<meta property=\"og:image:type\" content=\"image\/png\" \/>\n<meta name=\"author\" content=\"Tar\u0131k\" \/>\n<meta name=\"twitter:card\" content=\"summary_large_image\" \/>\n<meta name=\"twitter:creator\" content=\"@narteks\" \/>\n<meta name=\"twitter:site\" content=\"@narteks\" \/>\n<meta name=\"twitter:label1\" content=\"Yazan:\" \/>\n\t<meta name=\"twitter:data1\" content=\"Tar\u0131k\" \/>\n<script type=\"application\/ld+json\" class=\"yoast-schema-graph\">{\"@context\":\"https:\/\/schema.org\",\"@graph\":[{\"@type\":\"Article\",\"@id\":\"https:\/\/narteks.net\/index.php\/2011\/02\/28\/kir-uykusu\/#article\",\"isPartOf\":{\"@id\":\"https:\/\/narteks.net\/index.php\/2011\/02\/28\/kir-uykusu\/\"},\"author\":{\"name\":\"Tar\u0131k\",\"@id\":\"https:\/\/narteks.net\/#\/schema\/person\/61f37d9834294b72d31d274e7ed79bca\"},\"headline\":\"KIR UYKUSU\",\"datePublished\":\"2011-02-28T11:39:39+00:00\",\"mainEntityOfPage\":{\"@id\":\"https:\/\/narteks.net\/index.php\/2011\/02\/28\/kir-uykusu\/\"},\"wordCount\":91,\"commentCount\":0,\"publisher\":{\"@id\":\"https:\/\/narteks.net\/#organization\"},\"articleSection\":[\"Ahmet Kutsi TECER\"],\"inLanguage\":\"tr\",\"potentialAction\":[{\"@type\":\"CommentAction\",\"name\":\"Comment\",\"target\":[\"https:\/\/narteks.net\/index.php\/2011\/02\/28\/kir-uykusu\/#respond\"]}]},{\"@type\":\"WebPage\",\"@id\":\"https:\/\/narteks.net\/index.php\/2011\/02\/28\/kir-uykusu\/\",\"url\":\"https:\/\/narteks.net\/index.php\/2011\/02\/28\/kir-uykusu\/\",\"name\":\"KIR UYKUSU - narteks.net\",\"isPartOf\":{\"@id\":\"https:\/\/narteks.net\/#website\"},\"datePublished\":\"2011-02-28T11:39:39+00:00\",\"breadcrumb\":{\"@id\":\"https:\/\/narteks.net\/index.php\/2011\/02\/28\/kir-uykusu\/#breadcrumb\"},\"inLanguage\":\"tr\",\"potentialAction\":[{\"@type\":\"ReadAction\",\"target\":[\"https:\/\/narteks.net\/index.php\/2011\/02\/28\/kir-uykusu\/\"]}]},{\"@type\":\"BreadcrumbList\",\"@id\":\"https:\/\/narteks.net\/index.php\/2011\/02\/28\/kir-uykusu\/#breadcrumb\",\"itemListElement\":[{\"@type\":\"ListItem\",\"position\":1,\"name\":\"Anasayfa\",\"item\":\"https:\/\/narteks.net\/\"},{\"@type\":\"ListItem\",\"position\":2,\"name\":\"KIR UYKUSU\"}]},{\"@type\":\"WebSite\",\"@id\":\"https:\/\/narteks.net\/#website\",\"url\":\"https:\/\/narteks.net\/\",\"name\":\"narteks.net\",\"description\":\"K\u00fclt\u00fcr Sanat Edebiyat Felsefe\",\"publisher\":{\"@id\":\"https:\/\/narteks.net\/#organization\"},\"alternateName\":\"K\u00fclt\u00fcr Sanat Edebiyat Felsefe\",\"potentialAction\":[{\"@type\":\"SearchAction\",\"target\":{\"@type\":\"EntryPoint\",\"urlTemplate\":\"https:\/\/narteks.net\/?s={search_term_string}\"},\"query-input\":{\"@type\":\"PropertyValueSpecification\",\"valueRequired\":true,\"valueName\":\"search_term_string\"}}],\"inLanguage\":\"tr\"},{\"@type\":\"Organization\",\"@id\":\"https:\/\/narteks.net\/#organization\",\"name\":\"narteks.net\",\"url\":\"https:\/\/narteks.net\/\",\"logo\":{\"@type\":\"ImageObject\",\"inLanguage\":\"tr\",\"@id\":\"https:\/\/narteks.net\/#\/schema\/logo\/image\/\",\"url\":\"https:\/\/narteks.net\/wp-content\/uploads\/narteks.png\",\"contentUrl\":\"https:\/\/narteks.net\/wp-content\/uploads\/narteks.png\",\"width\":300,\"height\":90,\"caption\":\"narteks.net\"},\"image\":{\"@id\":\"https:\/\/narteks.net\/#\/schema\/logo\/image\/\"},\"sameAs\":[\"https:\/\/x.com\/narteks\",\"https:\/\/instagram.com\/narteksnet\"]},{\"@type\":\"Person\",\"@id\":\"https:\/\/narteks.net\/#\/schema\/person\/61f37d9834294b72d31d274e7ed79bca\",\"name\":\"Tar\u0131k\",\"image\":{\"@type\":\"ImageObject\",\"inLanguage\":\"tr\",\"@id\":\"https:\/\/narteks.net\/#\/schema\/person\/image\/\",\"url\":\"https:\/\/secure.gravatar.com\/avatar\/50865afb55632c4ae467e0af0930f6510aa2297d8014be502a55b14f3b7550cf?s=96&d=mm&r=g\",\"contentUrl\":\"https:\/\/secure.gravatar.com\/avatar\/50865afb55632c4ae467e0af0930f6510aa2297d8014be502a55b14f3b7550cf?s=96&d=mm&r=g\",\"caption\":\"Tar\u0131k\"},\"sameAs\":[\"http:\/\/narteks.net\"],\"url\":\"https:\/\/narteks.net\/index.php\/author\/narbak\/\"}]}<\/script>\n<!-- \/ Yoast SEO Premium plugin. -->","yoast_head_json":{"title":"KIR UYKUSU - narteks.net","robots":{"index":"index","follow":"follow","max-snippet":"max-snippet:-1","max-image-preview":"max-image-preview:large","max-video-preview":"max-video-preview:-1"},"canonical":"https:\/\/narteks.net\/index.php\/2011\/02\/28\/kir-uykusu\/","og_locale":"tr_TR","og_type":"article","og_title":"KIR UYKUSU","og_description":"\u00a0 Ne ho\u015ftur k\u0131rlarda yaz\u0131n uyumak!Bulutlar ufukta beyaz bir yumak,A\u011fa\u00e7lar bir derin hulyaya varm\u0131\u015f,Sa\u00e7\u0131nda yepyeni teller a\u011farm\u0131\u015f.Ba\u015f yorgun, yaslan\u0131r ye\u015fil otlara,G\u00f6z dalg\u0131n, uzan\u0131r ta bulutlara.\u00d6\u011fleyin bu uyku bir aral\u0131kt\u0131r,Saf hava bir kanat gibi \u0131l\u0131kt\u0131r.zaman g\u00f6n\u00fclde ne varsa dinler,Y\u00fczlere t\u00fcl\u00fcms\u00fc bir bu\u011fu iner.Erirken s\u0131cakta yaz kokular\u0131,Ne ho\u015ftur, ne ho\u015ftur k\u0131r uykular\u0131!\u00a0 Ahmet Kutsi TECER","og_url":"https:\/\/narteks.net\/index.php\/2011\/02\/28\/kir-uykusu\/","og_site_name":"narteks.net","article_published_time":"2011-02-28T11:39:39+00:00","og_image":[{"width":300,"height":90,"url":"https:\/\/narteks.net\/wp-content\/uploads\/narteks.png","type":"image\/png"}],"author":"Tar\u0131k","twitter_card":"summary_large_image","twitter_creator":"@narteks","twitter_site":"@narteks","twitter_misc":{"Yazan:":"Tar\u0131k"},"schema":{"@context":"https:\/\/schema.org","@graph":[{"@type":"Article","@id":"https:\/\/narteks.net\/index.php\/2011\/02\/28\/kir-uykusu\/#article","isPartOf":{"@id":"https:\/\/narteks.net\/index.php\/2011\/02\/28\/kir-uykusu\/"},"author":{"name":"Tar\u0131k","@id":"https:\/\/narteks.net\/#\/schema\/person\/61f37d9834294b72d31d274e7ed79bca"},"headline":"KIR UYKUSU","datePublished":"2011-02-28T11:39:39+00:00","mainEntityOfPage":{"@id":"https:\/\/narteks.net\/index.php\/2011\/02\/28\/kir-uykusu\/"},"wordCount":91,"commentCount":0,"publisher":{"@id":"https:\/\/narteks.net\/#organization"},"articleSection":["Ahmet Kutsi TECER"],"inLanguage":"tr","potentialAction":[{"@type":"CommentAction","name":"Comment","target":["https:\/\/narteks.net\/index.php\/2011\/02\/28\/kir-uykusu\/#respond"]}]},{"@type":"WebPage","@id":"https:\/\/narteks.net\/index.php\/2011\/02\/28\/kir-uykusu\/","url":"https:\/\/narteks.net\/index.php\/2011\/02\/28\/kir-uykusu\/","name":"KIR UYKUSU - narteks.net","isPartOf":{"@id":"https:\/\/narteks.net\/#website"},"datePublished":"2011-02-28T11:39:39+00:00","breadcrumb":{"@id":"https:\/\/narteks.net\/index.php\/2011\/02\/28\/kir-uykusu\/#breadcrumb"},"inLanguage":"tr","potentialAction":[{"@type":"ReadAction","target":["https:\/\/narteks.net\/index.php\/2011\/02\/28\/kir-uykusu\/"]}]},{"@type":"BreadcrumbList","@id":"https:\/\/narteks.net\/index.php\/2011\/02\/28\/kir-uykusu\/#breadcrumb","itemListElement":[{"@type":"ListItem","position":1,"name":"Anasayfa","item":"https:\/\/narteks.net\/"},{"@type":"ListItem","position":2,"name":"KIR UYKUSU"}]},{"@type":"WebSite","@id":"https:\/\/narteks.net\/#website","url":"https:\/\/narteks.net\/","name":"narteks.net","description":"K\u00fclt\u00fcr Sanat Edebiyat Felsefe","publisher":{"@id":"https:\/\/narteks.net\/#organization"},"alternateName":"K\u00fclt\u00fcr Sanat Edebiyat Felsefe","potentialAction":[{"@type":"SearchAction","target":{"@type":"EntryPoint","urlTemplate":"https:\/\/narteks.net\/?s={search_term_string}"},"query-input":{"@type":"PropertyValueSpecification","valueRequired":true,"valueName":"search_term_string"}}],"inLanguage":"tr"},{"@type":"Organization","@id":"https:\/\/narteks.net\/#organization","name":"narteks.net","url":"https:\/\/narteks.net\/","logo":{"@type":"ImageObject","inLanguage":"tr","@id":"https:\/\/narteks.net\/#\/schema\/logo\/image\/","url":"https:\/\/narteks.net\/wp-content\/uploads\/narteks.png","contentUrl":"https:\/\/narteks.net\/wp-content\/uploads\/narteks.png","width":300,"height":90,"caption":"narteks.net"},"image":{"@id":"https:\/\/narteks.net\/#\/schema\/logo\/image\/"},"sameAs":["https:\/\/x.com\/narteks","https:\/\/instagram.com\/narteksnet"]},{"@type":"Person","@id":"https:\/\/narteks.net\/#\/schema\/person\/61f37d9834294b72d31d274e7ed79bca","name":"Tar\u0131k","image":{"@type":"ImageObject","inLanguage":"tr","@id":"https:\/\/narteks.net\/#\/schema\/person\/image\/","url":"https:\/\/secure.gravatar.com\/avatar\/50865afb55632c4ae467e0af0930f6510aa2297d8014be502a55b14f3b7550cf?s=96&d=mm&r=g","contentUrl":"https:\/\/secure.gravatar.com\/avatar\/50865afb55632c4ae467e0af0930f6510aa2297d8014be502a55b14f3b7550cf?s=96&d=mm&r=g","caption":"Tar\u0131k"},"sameAs":["http:\/\/narteks.net"],"url":"https:\/\/narteks.net\/index.php\/author\/narbak\/"}]}},"_links":{"self":[{"href":"https:\/\/narteks.net\/index.php\/wp-json\/wp\/v2\/posts\/5356","targetHints":{"allow":["GET"]}}],"collection":[{"href":"https:\/\/narteks.net\/index.php\/wp-json\/wp\/v2\/posts"}],"about":[{"href":"https:\/\/narteks.net\/index.php\/wp-json\/wp\/v2\/types\/post"}],"author":[{"embeddable":true,"href":"https:\/\/narteks.net\/index.php\/wp-json\/wp\/v2\/users\/1"}],"replies":[{"embeddable":true,"href":"https:\/\/narteks.net\/index.php\/wp-json\/wp\/v2\/comments?post=5356"}],"version-history":[{"count":0,"href":"https:\/\/narteks.net\/index.php\/wp-json\/wp\/v2\/posts\/5356\/revisions"}],"wp:attachment":[{"href":"https:\/\/narteks.net\/index.php\/wp-json\/wp\/v2\/media?parent=5356"}],"wp:term":[{"taxonomy":"category","embeddable":true,"href":"https:\/\/narteks.net\/index.php\/wp-json\/wp\/v2\/categories?post=5356"},{"taxonomy":"post_tag","embeddable":true,"href":"https:\/\/narteks.net\/index.php\/wp-json\/wp\/v2\/tags?post=5356"}],"curies":[{"name":"wp","href":"https:\/\/api.w.org\/{rel}","templated":true}]}}