{"id":5358,"date":"2011-02-28T14:40:46","date_gmt":"2011-02-28T11:40:46","guid":{"rendered":"http:\/\/localhost\/wordpress\/2011\/02\/28\/konya-destani\/"},"modified":"2011-02-28T14:40:46","modified_gmt":"2011-02-28T11:40:46","slug":"konya-destani","status":"publish","type":"post","link":"https:\/\/narteks.net\/index.php\/2011\/02\/28\/konya-destani\/","title":{"rendered":"KONYA DESTANI"},"content":{"rendered":"<p>\u00a0<\/p>\n<p>Sabahtan vard\u0131m Konya&#8217;ya<br \/>Bakt\u0131m cihana uyan\u0131k.<br \/>Kimi binek, kimi yaya,<br \/>Bakt\u0131m meydana uyan\u0131k.<\/p>\n<p>\u015eehirde herkes ayakta,<br \/>Kepenkler kald\u0131r\u0131lmakta.<br \/>Asker, mektepli sokakta,<br \/>Bakt\u0131m her yana uyan\u0131k.<\/p>\n<p>Sabahtan ak\u015fama kadar,<br \/>Didinir, terler, \u00e7abalar.<br \/>Uyan\u0131k b\u00fct\u00fcn babalar,<br \/>O\u011ful, k\u0131z, ana uyan\u0131k.<\/p>\n<p>Konu\u015fursan bir kelime,<br \/>Kavu\u015fursun bin selama,<br \/>Laf\u0131nda \u015five var ama,<br \/>Fikirde mana uyan\u0131k.<\/p>\n<p>Karatay, \u0130nceminare,<br \/>Dola\u015ft\u0131m hep birer kere.<br \/>Her k\u00f6\u015feye, her esere,<br \/>Bak\u0131nd\u0131m rana uyan\u0131k.<\/p>\n<p>Alaiddin tepesi&#8217;ne,<br \/>\u00c7\u0131kd\u0131m tarihin sesine.<br \/>Sel\u00e7uklar\u0131n t\u00fcrbesine,<br \/>Bakt\u0131m, amenna, uyan\u0131k.<\/p>\n<p>Bakt\u0131m tarihe, zamana,<br \/>Bakt\u0131m Alaiddin Han&#8217;a,<br \/>Bakt\u0131m o b\u00fcy\u00fck insana,<br \/>K\u0131l\u0131\u00e7 Arslan&#8217;a uyan\u0131k.<\/p>\n<p>G\u00f6r\u00fcnmez bir debdebede,<br \/>G\u00f6n\u00fcllerden bir t\u00fcrbede,<br \/>Ye\u015fil \u00fcsk\u00fcfl\u00fc kubbede,<br \/>Uyur Mevlana, uyan\u0131k.<\/p>\n<p>Tecerim bu nas\u0131l h\u00fclya,<br \/>Uyan\u0131kken g\u00f6rd\u00fcm r\u00fcya,<br \/>Eski Konya, Yeni Konya,<br \/>G\u00f6r\u00fcnd\u00fc bana uyan\u0131k.\u00a0\u00a0 <\/p>\n<p>Ahmet Kutsi TECER<\/p>\n","protected":false},"excerpt":{"rendered":"<p>\u00a0 Sabahtan vard\u0131m Konya&#8217;yaBakt\u0131m cihana uyan\u0131k.Kimi binek, kimi yaya,Bakt\u0131m meydana uyan\u0131k. \u015eehirde herkes ayakta,Kepenkler kald\u0131r\u0131lmakta.Asker, mektepli sokakta,Bakt\u0131m her yana uyan\u0131k. Sabahtan ak\u015fama kadar,Didinir, terler, \u00e7abalar.Uyan\u0131k b\u00fct\u00fcn babalar,O\u011ful, k\u0131z, ana uyan\u0131k. Konu\u015fursan bir kelime,Kavu\u015fursun bin selama,Laf\u0131nda \u015five var ama,Fikirde mana uyan\u0131k. Karatay, \u0130nceminare,Dola\u015ft\u0131m hep birer kere.Her k\u00f6\u015feye, her esere,Bak\u0131nd\u0131m rana uyan\u0131k. Alaiddin tepesi&#8217;ne,\u00c7\u0131kd\u0131m tarihin sesine.Sel\u00e7uklar\u0131n t\u00fcrbesine,Bakt\u0131m, [&hellip;]<\/p>\n","protected":false},"author":1,"featured_media":0,"comment_status":"open","ping_status":"open","sticky":false,"template":"","format":"standard","meta":{"footnotes":""},"categories":[168],"tags":[],"class_list":{"0":"post-5358","1":"post","2":"type-post","3":"status-publish","4":"format-standard","6":"category-ahmet-kutsi-tecer"},"yoast_head":"<!-- This site is optimized with the Yoast SEO Premium plugin v24.9 (Yoast SEO v24.9) - https:\/\/yoast.com\/wordpress\/plugins\/seo\/ -->\n<title>KONYA DESTANI - narteks.net<\/title>\n<meta name=\"robots\" content=\"index, follow, max-snippet:-1, max-image-preview:large, max-video-preview:-1\" \/>\n<link rel=\"canonical\" href=\"https:\/\/narteks.net\/index.php\/2011\/02\/28\/konya-destani\/\" \/>\n<meta property=\"og:locale\" content=\"tr_TR\" \/>\n<meta property=\"og:type\" content=\"article\" \/>\n<meta property=\"og:title\" content=\"KONYA DESTANI\" \/>\n<meta property=\"og:description\" content=\"\u00a0 Sabahtan vard\u0131m Konya&#8217;yaBakt\u0131m cihana uyan\u0131k.Kimi binek, kimi yaya,Bakt\u0131m meydana uyan\u0131k. \u015eehirde herkes ayakta,Kepenkler kald\u0131r\u0131lmakta.Asker, mektepli sokakta,Bakt\u0131m her yana uyan\u0131k. Sabahtan ak\u015fama kadar,Didinir, terler, \u00e7abalar.Uyan\u0131k b\u00fct\u00fcn babalar,O\u011ful, k\u0131z, ana uyan\u0131k. Konu\u015fursan bir kelime,Kavu\u015fursun bin selama,Laf\u0131nda \u015five var ama,Fikirde mana uyan\u0131k. Karatay, \u0130nceminare,Dola\u015ft\u0131m hep birer kere.Her k\u00f6\u015feye, her esere,Bak\u0131nd\u0131m rana uyan\u0131k. Alaiddin tepesi&#8217;ne,\u00c7\u0131kd\u0131m tarihin sesine.Sel\u00e7uklar\u0131n t\u00fcrbesine,Bakt\u0131m, [&hellip;]\" \/>\n<meta property=\"og:url\" content=\"https:\/\/narteks.net\/index.php\/2011\/02\/28\/konya-destani\/\" \/>\n<meta property=\"og:site_name\" content=\"narteks.net\" \/>\n<meta property=\"article:published_time\" content=\"2011-02-28T11:40:46+00:00\" \/>\n<meta property=\"og:image\" content=\"https:\/\/narteks.net\/wp-content\/uploads\/narteks.png\" \/>\n\t<meta property=\"og:image:width\" content=\"300\" \/>\n\t<meta property=\"og:image:height\" content=\"90\" \/>\n\t<meta property=\"og:image:type\" content=\"image\/png\" \/>\n<meta name=\"author\" content=\"Tar\u0131k\" \/>\n<meta name=\"twitter:card\" content=\"summary_large_image\" \/>\n<meta name=\"twitter:creator\" content=\"@narteks\" \/>\n<meta name=\"twitter:site\" content=\"@narteks\" \/>\n<meta name=\"twitter:label1\" content=\"Yazan:\" \/>\n\t<meta name=\"twitter:data1\" content=\"Tar\u0131k\" \/>\n\t<meta name=\"twitter:label2\" content=\"Tahmini okuma s\u00fcresi\" \/>\n\t<meta name=\"twitter:data2\" content=\"1 dakika\" \/>\n<script type=\"application\/ld+json\" class=\"yoast-schema-graph\">{\"@context\":\"https:\/\/schema.org\",\"@graph\":[{\"@type\":\"Article\",\"@id\":\"https:\/\/narteks.net\/index.php\/2011\/02\/28\/konya-destani\/#article\",\"isPartOf\":{\"@id\":\"https:\/\/narteks.net\/index.php\/2011\/02\/28\/konya-destani\/\"},\"author\":{\"name\":\"Tar\u0131k\",\"@id\":\"https:\/\/narteks.net\/#\/schema\/person\/61f37d9834294b72d31d274e7ed79bca\"},\"headline\":\"KONYA DESTANI\",\"datePublished\":\"2011-02-28T11:40:46+00:00\",\"mainEntityOfPage\":{\"@id\":\"https:\/\/narteks.net\/index.php\/2011\/02\/28\/konya-destani\/\"},\"wordCount\":173,\"commentCount\":0,\"publisher\":{\"@id\":\"https:\/\/narteks.net\/#organization\"},\"articleSection\":[\"Ahmet Kutsi TECER\"],\"inLanguage\":\"tr\",\"potentialAction\":[{\"@type\":\"CommentAction\",\"name\":\"Comment\",\"target\":[\"https:\/\/narteks.net\/index.php\/2011\/02\/28\/konya-destani\/#respond\"]}]},{\"@type\":\"WebPage\",\"@id\":\"https:\/\/narteks.net\/index.php\/2011\/02\/28\/konya-destani\/\",\"url\":\"https:\/\/narteks.net\/index.php\/2011\/02\/28\/konya-destani\/\",\"name\":\"KONYA DESTANI - narteks.net\",\"isPartOf\":{\"@id\":\"https:\/\/narteks.net\/#website\"},\"datePublished\":\"2011-02-28T11:40:46+00:00\",\"breadcrumb\":{\"@id\":\"https:\/\/narteks.net\/index.php\/2011\/02\/28\/konya-destani\/#breadcrumb\"},\"inLanguage\":\"tr\",\"potentialAction\":[{\"@type\":\"ReadAction\",\"target\":[\"https:\/\/narteks.net\/index.php\/2011\/02\/28\/konya-destani\/\"]}]},{\"@type\":\"BreadcrumbList\",\"@id\":\"https:\/\/narteks.net\/index.php\/2011\/02\/28\/konya-destani\/#breadcrumb\",\"itemListElement\":[{\"@type\":\"ListItem\",\"position\":1,\"name\":\"Anasayfa\",\"item\":\"https:\/\/narteks.net\/\"},{\"@type\":\"ListItem\",\"position\":2,\"name\":\"KONYA DESTANI\"}]},{\"@type\":\"WebSite\",\"@id\":\"https:\/\/narteks.net\/#website\",\"url\":\"https:\/\/narteks.net\/\",\"name\":\"narteks.net\",\"description\":\"K\u00fclt\u00fcr Sanat Edebiyat Felsefe\",\"publisher\":{\"@id\":\"https:\/\/narteks.net\/#organization\"},\"alternateName\":\"K\u00fclt\u00fcr Sanat Edebiyat Felsefe\",\"potentialAction\":[{\"@type\":\"SearchAction\",\"target\":{\"@type\":\"EntryPoint\",\"urlTemplate\":\"https:\/\/narteks.net\/?s={search_term_string}\"},\"query-input\":{\"@type\":\"PropertyValueSpecification\",\"valueRequired\":true,\"valueName\":\"search_term_string\"}}],\"inLanguage\":\"tr\"},{\"@type\":\"Organization\",\"@id\":\"https:\/\/narteks.net\/#organization\",\"name\":\"narteks.net\",\"url\":\"https:\/\/narteks.net\/\",\"logo\":{\"@type\":\"ImageObject\",\"inLanguage\":\"tr\",\"@id\":\"https:\/\/narteks.net\/#\/schema\/logo\/image\/\",\"url\":\"https:\/\/narteks.net\/wp-content\/uploads\/narteks.png\",\"contentUrl\":\"https:\/\/narteks.net\/wp-content\/uploads\/narteks.png\",\"width\":300,\"height\":90,\"caption\":\"narteks.net\"},\"image\":{\"@id\":\"https:\/\/narteks.net\/#\/schema\/logo\/image\/\"},\"sameAs\":[\"https:\/\/x.com\/narteks\",\"https:\/\/instagram.com\/narteksnet\"]},{\"@type\":\"Person\",\"@id\":\"https:\/\/narteks.net\/#\/schema\/person\/61f37d9834294b72d31d274e7ed79bca\",\"name\":\"Tar\u0131k\",\"image\":{\"@type\":\"ImageObject\",\"inLanguage\":\"tr\",\"@id\":\"https:\/\/narteks.net\/#\/schema\/person\/image\/\",\"url\":\"https:\/\/secure.gravatar.com\/avatar\/50865afb55632c4ae467e0af0930f6510aa2297d8014be502a55b14f3b7550cf?s=96&d=mm&r=g\",\"contentUrl\":\"https:\/\/secure.gravatar.com\/avatar\/50865afb55632c4ae467e0af0930f6510aa2297d8014be502a55b14f3b7550cf?s=96&d=mm&r=g\",\"caption\":\"Tar\u0131k\"},\"sameAs\":[\"http:\/\/narteks.net\"],\"url\":\"https:\/\/narteks.net\/index.php\/author\/narbak\/\"}]}<\/script>\n<!-- \/ Yoast SEO Premium plugin. -->","yoast_head_json":{"title":"KONYA DESTANI - narteks.net","robots":{"index":"index","follow":"follow","max-snippet":"max-snippet:-1","max-image-preview":"max-image-preview:large","max-video-preview":"max-video-preview:-1"},"canonical":"https:\/\/narteks.net\/index.php\/2011\/02\/28\/konya-destani\/","og_locale":"tr_TR","og_type":"article","og_title":"KONYA DESTANI","og_description":"\u00a0 Sabahtan vard\u0131m Konya&#8217;yaBakt\u0131m cihana uyan\u0131k.Kimi binek, kimi yaya,Bakt\u0131m meydana uyan\u0131k. \u015eehirde herkes ayakta,Kepenkler kald\u0131r\u0131lmakta.Asker, mektepli sokakta,Bakt\u0131m her yana uyan\u0131k. Sabahtan ak\u015fama kadar,Didinir, terler, \u00e7abalar.Uyan\u0131k b\u00fct\u00fcn babalar,O\u011ful, k\u0131z, ana uyan\u0131k. Konu\u015fursan bir kelime,Kavu\u015fursun bin selama,Laf\u0131nda \u015five var ama,Fikirde mana uyan\u0131k. Karatay, \u0130nceminare,Dola\u015ft\u0131m hep birer kere.Her k\u00f6\u015feye, her esere,Bak\u0131nd\u0131m rana uyan\u0131k. Alaiddin tepesi&#8217;ne,\u00c7\u0131kd\u0131m tarihin sesine.Sel\u00e7uklar\u0131n t\u00fcrbesine,Bakt\u0131m, [&hellip;]","og_url":"https:\/\/narteks.net\/index.php\/2011\/02\/28\/konya-destani\/","og_site_name":"narteks.net","article_published_time":"2011-02-28T11:40:46+00:00","og_image":[{"width":300,"height":90,"url":"https:\/\/narteks.net\/wp-content\/uploads\/narteks.png","type":"image\/png"}],"author":"Tar\u0131k","twitter_card":"summary_large_image","twitter_creator":"@narteks","twitter_site":"@narteks","twitter_misc":{"Yazan:":"Tar\u0131k","Tahmini okuma s\u00fcresi":"1 dakika"},"schema":{"@context":"https:\/\/schema.org","@graph":[{"@type":"Article","@id":"https:\/\/narteks.net\/index.php\/2011\/02\/28\/konya-destani\/#article","isPartOf":{"@id":"https:\/\/narteks.net\/index.php\/2011\/02\/28\/konya-destani\/"},"author":{"name":"Tar\u0131k","@id":"https:\/\/narteks.net\/#\/schema\/person\/61f37d9834294b72d31d274e7ed79bca"},"headline":"KONYA DESTANI","datePublished":"2011-02-28T11:40:46+00:00","mainEntityOfPage":{"@id":"https:\/\/narteks.net\/index.php\/2011\/02\/28\/konya-destani\/"},"wordCount":173,"commentCount":0,"publisher":{"@id":"https:\/\/narteks.net\/#organization"},"articleSection":["Ahmet Kutsi TECER"],"inLanguage":"tr","potentialAction":[{"@type":"CommentAction","name":"Comment","target":["https:\/\/narteks.net\/index.php\/2011\/02\/28\/konya-destani\/#respond"]}]},{"@type":"WebPage","@id":"https:\/\/narteks.net\/index.php\/2011\/02\/28\/konya-destani\/","url":"https:\/\/narteks.net\/index.php\/2011\/02\/28\/konya-destani\/","name":"KONYA DESTANI - narteks.net","isPartOf":{"@id":"https:\/\/narteks.net\/#website"},"datePublished":"2011-02-28T11:40:46+00:00","breadcrumb":{"@id":"https:\/\/narteks.net\/index.php\/2011\/02\/28\/konya-destani\/#breadcrumb"},"inLanguage":"tr","potentialAction":[{"@type":"ReadAction","target":["https:\/\/narteks.net\/index.php\/2011\/02\/28\/konya-destani\/"]}]},{"@type":"BreadcrumbList","@id":"https:\/\/narteks.net\/index.php\/2011\/02\/28\/konya-destani\/#breadcrumb","itemListElement":[{"@type":"ListItem","position":1,"name":"Anasayfa","item":"https:\/\/narteks.net\/"},{"@type":"ListItem","position":2,"name":"KONYA DESTANI"}]},{"@type":"WebSite","@id":"https:\/\/narteks.net\/#website","url":"https:\/\/narteks.net\/","name":"narteks.net","description":"K\u00fclt\u00fcr Sanat Edebiyat Felsefe","publisher":{"@id":"https:\/\/narteks.net\/#organization"},"alternateName":"K\u00fclt\u00fcr Sanat Edebiyat Felsefe","potentialAction":[{"@type":"SearchAction","target":{"@type":"EntryPoint","urlTemplate":"https:\/\/narteks.net\/?s={search_term_string}"},"query-input":{"@type":"PropertyValueSpecification","valueRequired":true,"valueName":"search_term_string"}}],"inLanguage":"tr"},{"@type":"Organization","@id":"https:\/\/narteks.net\/#organization","name":"narteks.net","url":"https:\/\/narteks.net\/","logo":{"@type":"ImageObject","inLanguage":"tr","@id":"https:\/\/narteks.net\/#\/schema\/logo\/image\/","url":"https:\/\/narteks.net\/wp-content\/uploads\/narteks.png","contentUrl":"https:\/\/narteks.net\/wp-content\/uploads\/narteks.png","width":300,"height":90,"caption":"narteks.net"},"image":{"@id":"https:\/\/narteks.net\/#\/schema\/logo\/image\/"},"sameAs":["https:\/\/x.com\/narteks","https:\/\/instagram.com\/narteksnet"]},{"@type":"Person","@id":"https:\/\/narteks.net\/#\/schema\/person\/61f37d9834294b72d31d274e7ed79bca","name":"Tar\u0131k","image":{"@type":"ImageObject","inLanguage":"tr","@id":"https:\/\/narteks.net\/#\/schema\/person\/image\/","url":"https:\/\/secure.gravatar.com\/avatar\/50865afb55632c4ae467e0af0930f6510aa2297d8014be502a55b14f3b7550cf?s=96&d=mm&r=g","contentUrl":"https:\/\/secure.gravatar.com\/avatar\/50865afb55632c4ae467e0af0930f6510aa2297d8014be502a55b14f3b7550cf?s=96&d=mm&r=g","caption":"Tar\u0131k"},"sameAs":["http:\/\/narteks.net"],"url":"https:\/\/narteks.net\/index.php\/author\/narbak\/"}]}},"_links":{"self":[{"href":"https:\/\/narteks.net\/index.php\/wp-json\/wp\/v2\/posts\/5358","targetHints":{"allow":["GET"]}}],"collection":[{"href":"https:\/\/narteks.net\/index.php\/wp-json\/wp\/v2\/posts"}],"about":[{"href":"https:\/\/narteks.net\/index.php\/wp-json\/wp\/v2\/types\/post"}],"author":[{"embeddable":true,"href":"https:\/\/narteks.net\/index.php\/wp-json\/wp\/v2\/users\/1"}],"replies":[{"embeddable":true,"href":"https:\/\/narteks.net\/index.php\/wp-json\/wp\/v2\/comments?post=5358"}],"version-history":[{"count":0,"href":"https:\/\/narteks.net\/index.php\/wp-json\/wp\/v2\/posts\/5358\/revisions"}],"wp:attachment":[{"href":"https:\/\/narteks.net\/index.php\/wp-json\/wp\/v2\/media?parent=5358"}],"wp:term":[{"taxonomy":"category","embeddable":true,"href":"https:\/\/narteks.net\/index.php\/wp-json\/wp\/v2\/categories?post=5358"},{"taxonomy":"post_tag","embeddable":true,"href":"https:\/\/narteks.net\/index.php\/wp-json\/wp\/v2\/tags?post=5358"}],"curies":[{"name":"wp","href":"https:\/\/api.w.org\/{rel}","templated":true}]}}