{"id":537,"date":"2009-04-12T19:10:56","date_gmt":"2009-04-12T16:10:56","guid":{"rendered":"http:\/\/localhost\/wordpress\/2009\/04\/12\/acili-gecenin-bitiminde\/"},"modified":"2009-04-12T19:10:56","modified_gmt":"2009-04-12T16:10:56","slug":"acili-gecenin-bitiminde","status":"publish","type":"post","link":"https:\/\/narteks.net\/index.php\/2009\/04\/12\/acili-gecenin-bitiminde\/","title":{"rendered":"ACILI GECEN\u0130N B\u0130T\u0130M\u0130NDE"},"content":{"rendered":"<p>\u00a0<\/p>\n<p>Ya\u015fad\u0131\u011f\u0131m\u0131 i\u015fitmek istiyorum <br \/> Bir ses uzaktan yak\u0131ndan ya da i\u00e7imden <br \/> D\u00fc\u015fen yaprak \u00f6rne\u011fin <br \/> Ka\u011f\u0131t h\u0131\u015f\u0131rt\u0131s\u0131 olsun <br \/> Ya da eski tahtalar\u0131 i\u00e7ten kemiren bir kurdun \u00e7\u0131t\u0131rt\u0131s\u0131 <br \/> Bir inilti derinden <br \/> Damlayan su <br \/> Bir elektrik d\u00fc\u011fmesi \u00e7\u0131t diye <br \/> \u00c7ok uzaklardan yank\u0131lanan duyulur duyulmaz <br \/> \u0130\u00e7imdeki ma\u011faralarda besler b\u00fcy\u00fct\u00fcr\u00fcm <br \/> Her ne olursa olsun bir ses <br \/> Yeter ki bana ispat etsin ya\u015fad\u0131\u011f\u0131m\u0131 <\/p>\n<p> Ya\u015fad\u0131\u011f\u0131m\u0131 g\u00f6rmek istiyorum <br \/> Bir \u0131\u015f\u0131k uzaktan yak\u0131ndan ya da i\u00e7imden <br \/> Sesindeki p\u0131r\u0131lt\u0131ya <br \/> G\u00f6z\u00fcndeki \u0131\u015f\u0131lt\u0131ya benzer <br \/> Bir kibrit \u00e7ak\u0131m\u0131 <br \/> Bir yan\u0131p s\u00f6nse yeter <br \/> Sabah\u0131n ya\u011fan toz mavisi g\u00f6\u011fs\u00fcnde \u00e7\u0131plak <br \/> Ya da g\u00fcn bat\u0131m\u0131 pembesi dudak <br \/> Bir y\u0131ld\u0131r\u0131m h\u0131z\u0131nda \u00e7izilsin <br \/> Bir \u015fim\u015fek\u00e7e yaz\u0131ls\u0131n karanl\u0131\u011f\u0131m <br \/> Bir fener ki uzakl\u0131\u011f\u0131 bilinmeyen <br \/> Bir y\u0131ld\u0131z parlay\u0131p s\u00f6nen <br \/> Di\u015flerinin ayd\u0131nl\u0131\u011f\u0131n\u0131 <br \/> \u0130\u00e7imdeki ma\u011faralarda besler b\u00fcy\u00fct\u00fcr\u00fcm <br \/> Her ne olursa olsun bir \u0131\u015f\u0131k <br \/> Yeter ki bana ispat etsin ya\u015fad\u0131\u011f\u0131m\u0131 <\/p>\n<p> Ya\u015fad\u0131\u011f\u0131m\u0131 duymak istiyorum <br \/> Bir \u0131s\u0131 uzaktan yak\u0131ndan ya da i\u00e7imden <br \/> Tenine ilk dokundu\u011fum zamanki <br \/> Elini ilk tuttu\u011fum <br \/> Y\u00fcre\u011fimi kanatland\u0131ran o titre\u015fim <br \/> Kan\u0131 ge\u00e7iyor kan\u0131ma sand\u0131\u011f\u0131m <br \/> \u00d6yle bir de\u011fdin ki varla yok aras\u0131 <br \/> Ve yanarken ate\u015ften ellerim <br \/> Yatak \u00e7ar\u015faf\u0131n\u0131n apakl\u0131\u011f\u0131nda duydu\u011fum serinlik <br \/> Ve sevgiyi sende buldu\u011fum ilk <br \/> O \u0131l\u0131kl\u0131\u011fa de\u011finmek yerine <br \/> Uzak d\u00fc\u015flerde olsa da yeter <br \/> \u0130\u00e7indeki ma\u011faralarda besler b\u00fcy\u00fct\u00fcr\u00fcm <br \/> Her ne olursa olsun bir de\u011fini <br \/> Yeter ki bana ispat etsin ya\u015fad\u0131\u011f\u0131m\u0131 <\/p>\n<p> Ya\u015fad\u0131\u011f\u0131m\u0131 koklamak istiyorum <br \/> Bir koku uzaktan yak\u0131ndan ya da kendimden <br \/> Kulak memelerinde \u015febboy <br \/> Sa\u00e7lar\u0131nda o koku <br \/> Ki \u00f6pt\u00fck\u00e7e \u00f6p\u00fcld\u00fck\u00e7e b\u00fcy\u00fcyen <br \/> Her yel estik\u00e7e getirir d\u00fc\u015flerime <br \/> Koklar\u0131m \u00e7ok uzaklardaki an\u0131lardan seviyi <br \/> Bir yel esmi\u015f mi esmemi\u015f mi <br \/> Bir k\u0131p\u0131 dal oynasa <br \/> Bir yaprak k\u0131p\u0131rdasa <br \/> Duyulur duyulmaz olsa da <br \/> \u0130\u00e7imdeki ma\u011faralarda besler b\u00fcy\u00fct\u00fcr\u00fcm <br \/> Her ne olursa olsun bir koku <br \/> Yeter ki bana ispat etsin ya\u015fad\u0131\u011f\u0131m\u0131 <\/p>\n<p> Ya\u015fad\u0131\u011f\u0131m\u0131 tatmak istiyorum <br \/> Bir tat ki uzaktan yak\u0131ndan ya da kendimden <br \/> A\u011fz\u0131mda dilimde dama\u011f\u0131mda <br \/> Bir buruksu mutluluk sand\u0131\u011f\u0131m <br \/> Salt benim diye aldand\u0131\u011f\u0131m <br \/> Kendi yalanlar\u0131ma kand\u0131\u011f\u0131m <br \/> Artt\u0131 ya\u015fad\u0131k\u00e7a duydu\u011fum ac\u0131 <br \/> Yitirmemek i\u00e7in o ac\u0131y\u0131 \u00e7o\u011falt\u0131r\u0131m <br \/> \u0130\u00e7imdeki ma\u011faralarda besler b\u00fcy\u00fct\u00fcr\u00fcm <br \/> Her ne olursa olsun bir tat <br \/> Yeter ki bana ispat etsin ya\u015fad\u0131\u011f\u0131m\u0131<\/p>\n<p>Aziz NES\u0130N<\/p>\n","protected":false},"excerpt":{"rendered":"<p>\u00a0 Ya\u015fad\u0131\u011f\u0131m\u0131 i\u015fitmek istiyorum Bir ses uzaktan yak\u0131ndan ya da i\u00e7imden D\u00fc\u015fen yaprak \u00f6rne\u011fin Ka\u011f\u0131t h\u0131\u015f\u0131rt\u0131s\u0131 olsun Ya da eski tahtalar\u0131 i\u00e7ten kemiren bir kurdun \u00e7\u0131t\u0131rt\u0131s\u0131 Bir inilti derinden Damlayan su Bir elektrik d\u00fc\u011fmesi \u00e7\u0131t diye \u00c7ok uzaklardan yank\u0131lanan duyulur duyulmaz \u0130\u00e7imdeki ma\u011faralarda besler b\u00fcy\u00fct\u00fcr\u00fcm Her ne olursa olsun bir ses Yeter ki bana ispat [&hellip;]<\/p>\n","protected":false},"author":1,"featured_media":0,"comment_status":"open","ping_status":"open","sticky":false,"template":"","format":"standard","meta":{"footnotes":""},"categories":[12],"tags":[],"class_list":{"0":"post-537","1":"post","2":"type-post","3":"status-publish","4":"format-standard","6":"category-aziz-nesin"},"yoast_head":"<!-- This site is optimized with the Yoast SEO Premium plugin v24.9 (Yoast SEO v24.9) - https:\/\/yoast.com\/wordpress\/plugins\/seo\/ -->\n<title>ACILI GECEN\u0130N B\u0130T\u0130M\u0130NDE - narteks.net<\/title>\n<meta name=\"robots\" content=\"index, follow, max-snippet:-1, max-image-preview:large, max-video-preview:-1\" \/>\n<link rel=\"canonical\" href=\"https:\/\/narteks.net\/index.php\/2009\/04\/12\/acili-gecenin-bitiminde\/\" \/>\n<meta property=\"og:locale\" content=\"tr_TR\" \/>\n<meta property=\"og:type\" content=\"article\" \/>\n<meta property=\"og:title\" content=\"ACILI GECEN\u0130N B\u0130T\u0130M\u0130NDE\" \/>\n<meta property=\"og:description\" content=\"\u00a0 Ya\u015fad\u0131\u011f\u0131m\u0131 i\u015fitmek istiyorum Bir ses uzaktan yak\u0131ndan ya da i\u00e7imden D\u00fc\u015fen yaprak \u00f6rne\u011fin Ka\u011f\u0131t h\u0131\u015f\u0131rt\u0131s\u0131 olsun Ya da eski tahtalar\u0131 i\u00e7ten kemiren bir kurdun \u00e7\u0131t\u0131rt\u0131s\u0131 Bir inilti derinden Damlayan su Bir elektrik d\u00fc\u011fmesi \u00e7\u0131t diye \u00c7ok uzaklardan yank\u0131lanan duyulur duyulmaz \u0130\u00e7imdeki ma\u011faralarda besler b\u00fcy\u00fct\u00fcr\u00fcm Her ne olursa olsun bir ses Yeter ki bana ispat [&hellip;]\" \/>\n<meta property=\"og:url\" content=\"https:\/\/narteks.net\/index.php\/2009\/04\/12\/acili-gecenin-bitiminde\/\" \/>\n<meta property=\"og:site_name\" content=\"narteks.net\" \/>\n<meta property=\"article:published_time\" content=\"2009-04-12T16:10:56+00:00\" \/>\n<meta property=\"og:image\" content=\"https:\/\/narteks.net\/wp-content\/uploads\/narteks.png\" \/>\n\t<meta property=\"og:image:width\" content=\"300\" \/>\n\t<meta property=\"og:image:height\" content=\"90\" \/>\n\t<meta property=\"og:image:type\" content=\"image\/png\" \/>\n<meta name=\"author\" content=\"Tar\u0131k\" \/>\n<meta name=\"twitter:card\" content=\"summary_large_image\" \/>\n<meta name=\"twitter:creator\" content=\"@narteks\" \/>\n<meta name=\"twitter:site\" content=\"@narteks\" \/>\n<meta name=\"twitter:label1\" content=\"Yazan:\" \/>\n\t<meta name=\"twitter:data1\" content=\"Tar\u0131k\" \/>\n\t<meta name=\"twitter:label2\" content=\"Tahmini okuma s\u00fcresi\" \/>\n\t<meta name=\"twitter:data2\" content=\"2 dakika\" \/>\n<script type=\"application\/ld+json\" class=\"yoast-schema-graph\">{\"@context\":\"https:\/\/schema.org\",\"@graph\":[{\"@type\":\"Article\",\"@id\":\"https:\/\/narteks.net\/index.php\/2009\/04\/12\/acili-gecenin-bitiminde\/#article\",\"isPartOf\":{\"@id\":\"https:\/\/narteks.net\/index.php\/2009\/04\/12\/acili-gecenin-bitiminde\/\"},\"author\":{\"name\":\"Tar\u0131k\",\"@id\":\"https:\/\/narteks.net\/#\/schema\/person\/61f37d9834294b72d31d274e7ed79bca\"},\"headline\":\"ACILI GECEN\u0130N B\u0130T\u0130M\u0130NDE\",\"datePublished\":\"2009-04-12T16:10:56+00:00\",\"mainEntityOfPage\":{\"@id\":\"https:\/\/narteks.net\/index.php\/2009\/04\/12\/acili-gecenin-bitiminde\/\"},\"wordCount\":470,\"commentCount\":0,\"publisher\":{\"@id\":\"https:\/\/narteks.net\/#organization\"},\"articleSection\":[\"Aziz NESIN\"],\"inLanguage\":\"tr\",\"potentialAction\":[{\"@type\":\"CommentAction\",\"name\":\"Comment\",\"target\":[\"https:\/\/narteks.net\/index.php\/2009\/04\/12\/acili-gecenin-bitiminde\/#respond\"]}]},{\"@type\":\"WebPage\",\"@id\":\"https:\/\/narteks.net\/index.php\/2009\/04\/12\/acili-gecenin-bitiminde\/\",\"url\":\"https:\/\/narteks.net\/index.php\/2009\/04\/12\/acili-gecenin-bitiminde\/\",\"name\":\"ACILI GECEN\u0130N B\u0130T\u0130M\u0130NDE - narteks.net\",\"isPartOf\":{\"@id\":\"https:\/\/narteks.net\/#website\"},\"datePublished\":\"2009-04-12T16:10:56+00:00\",\"breadcrumb\":{\"@id\":\"https:\/\/narteks.net\/index.php\/2009\/04\/12\/acili-gecenin-bitiminde\/#breadcrumb\"},\"inLanguage\":\"tr\",\"potentialAction\":[{\"@type\":\"ReadAction\",\"target\":[\"https:\/\/narteks.net\/index.php\/2009\/04\/12\/acili-gecenin-bitiminde\/\"]}]},{\"@type\":\"BreadcrumbList\",\"@id\":\"https:\/\/narteks.net\/index.php\/2009\/04\/12\/acili-gecenin-bitiminde\/#breadcrumb\",\"itemListElement\":[{\"@type\":\"ListItem\",\"position\":1,\"name\":\"Anasayfa\",\"item\":\"https:\/\/narteks.net\/\"},{\"@type\":\"ListItem\",\"position\":2,\"name\":\"ACILI GECEN\u0130N B\u0130T\u0130M\u0130NDE\"}]},{\"@type\":\"WebSite\",\"@id\":\"https:\/\/narteks.net\/#website\",\"url\":\"https:\/\/narteks.net\/\",\"name\":\"narteks.net\",\"description\":\"K\u00fclt\u00fcr Sanat Edebiyat Felsefe\",\"publisher\":{\"@id\":\"https:\/\/narteks.net\/#organization\"},\"alternateName\":\"K\u00fclt\u00fcr Sanat Edebiyat Felsefe\",\"potentialAction\":[{\"@type\":\"SearchAction\",\"target\":{\"@type\":\"EntryPoint\",\"urlTemplate\":\"https:\/\/narteks.net\/?s={search_term_string}\"},\"query-input\":{\"@type\":\"PropertyValueSpecification\",\"valueRequired\":true,\"valueName\":\"search_term_string\"}}],\"inLanguage\":\"tr\"},{\"@type\":\"Organization\",\"@id\":\"https:\/\/narteks.net\/#organization\",\"name\":\"narteks.net\",\"url\":\"https:\/\/narteks.net\/\",\"logo\":{\"@type\":\"ImageObject\",\"inLanguage\":\"tr\",\"@id\":\"https:\/\/narteks.net\/#\/schema\/logo\/image\/\",\"url\":\"https:\/\/narteks.net\/wp-content\/uploads\/narteks.png\",\"contentUrl\":\"https:\/\/narteks.net\/wp-content\/uploads\/narteks.png\",\"width\":300,\"height\":90,\"caption\":\"narteks.net\"},\"image\":{\"@id\":\"https:\/\/narteks.net\/#\/schema\/logo\/image\/\"},\"sameAs\":[\"https:\/\/x.com\/narteks\",\"https:\/\/instagram.com\/narteksnet\"]},{\"@type\":\"Person\",\"@id\":\"https:\/\/narteks.net\/#\/schema\/person\/61f37d9834294b72d31d274e7ed79bca\",\"name\":\"Tar\u0131k\",\"image\":{\"@type\":\"ImageObject\",\"inLanguage\":\"tr\",\"@id\":\"https:\/\/narteks.net\/#\/schema\/person\/image\/\",\"url\":\"https:\/\/secure.gravatar.com\/avatar\/50865afb55632c4ae467e0af0930f6510aa2297d8014be502a55b14f3b7550cf?s=96&d=mm&r=g\",\"contentUrl\":\"https:\/\/secure.gravatar.com\/avatar\/50865afb55632c4ae467e0af0930f6510aa2297d8014be502a55b14f3b7550cf?s=96&d=mm&r=g\",\"caption\":\"Tar\u0131k\"},\"sameAs\":[\"http:\/\/narteks.net\"],\"url\":\"https:\/\/narteks.net\/index.php\/author\/narbak\/\"}]}<\/script>\n<!-- \/ Yoast SEO Premium plugin. -->","yoast_head_json":{"title":"ACILI GECEN\u0130N B\u0130T\u0130M\u0130NDE - narteks.net","robots":{"index":"index","follow":"follow","max-snippet":"max-snippet:-1","max-image-preview":"max-image-preview:large","max-video-preview":"max-video-preview:-1"},"canonical":"https:\/\/narteks.net\/index.php\/2009\/04\/12\/acili-gecenin-bitiminde\/","og_locale":"tr_TR","og_type":"article","og_title":"ACILI GECEN\u0130N B\u0130T\u0130M\u0130NDE","og_description":"\u00a0 Ya\u015fad\u0131\u011f\u0131m\u0131 i\u015fitmek istiyorum Bir ses uzaktan yak\u0131ndan ya da i\u00e7imden D\u00fc\u015fen yaprak \u00f6rne\u011fin Ka\u011f\u0131t h\u0131\u015f\u0131rt\u0131s\u0131 olsun Ya da eski tahtalar\u0131 i\u00e7ten kemiren bir kurdun \u00e7\u0131t\u0131rt\u0131s\u0131 Bir inilti derinden Damlayan su Bir elektrik d\u00fc\u011fmesi \u00e7\u0131t diye \u00c7ok uzaklardan yank\u0131lanan duyulur duyulmaz \u0130\u00e7imdeki ma\u011faralarda besler b\u00fcy\u00fct\u00fcr\u00fcm Her ne olursa olsun bir ses Yeter ki bana ispat [&hellip;]","og_url":"https:\/\/narteks.net\/index.php\/2009\/04\/12\/acili-gecenin-bitiminde\/","og_site_name":"narteks.net","article_published_time":"2009-04-12T16:10:56+00:00","og_image":[{"width":300,"height":90,"url":"https:\/\/narteks.net\/wp-content\/uploads\/narteks.png","type":"image\/png"}],"author":"Tar\u0131k","twitter_card":"summary_large_image","twitter_creator":"@narteks","twitter_site":"@narteks","twitter_misc":{"Yazan:":"Tar\u0131k","Tahmini okuma s\u00fcresi":"2 dakika"},"schema":{"@context":"https:\/\/schema.org","@graph":[{"@type":"Article","@id":"https:\/\/narteks.net\/index.php\/2009\/04\/12\/acili-gecenin-bitiminde\/#article","isPartOf":{"@id":"https:\/\/narteks.net\/index.php\/2009\/04\/12\/acili-gecenin-bitiminde\/"},"author":{"name":"Tar\u0131k","@id":"https:\/\/narteks.net\/#\/schema\/person\/61f37d9834294b72d31d274e7ed79bca"},"headline":"ACILI GECEN\u0130N B\u0130T\u0130M\u0130NDE","datePublished":"2009-04-12T16:10:56+00:00","mainEntityOfPage":{"@id":"https:\/\/narteks.net\/index.php\/2009\/04\/12\/acili-gecenin-bitiminde\/"},"wordCount":470,"commentCount":0,"publisher":{"@id":"https:\/\/narteks.net\/#organization"},"articleSection":["Aziz NESIN"],"inLanguage":"tr","potentialAction":[{"@type":"CommentAction","name":"Comment","target":["https:\/\/narteks.net\/index.php\/2009\/04\/12\/acili-gecenin-bitiminde\/#respond"]}]},{"@type":"WebPage","@id":"https:\/\/narteks.net\/index.php\/2009\/04\/12\/acili-gecenin-bitiminde\/","url":"https:\/\/narteks.net\/index.php\/2009\/04\/12\/acili-gecenin-bitiminde\/","name":"ACILI GECEN\u0130N B\u0130T\u0130M\u0130NDE - narteks.net","isPartOf":{"@id":"https:\/\/narteks.net\/#website"},"datePublished":"2009-04-12T16:10:56+00:00","breadcrumb":{"@id":"https:\/\/narteks.net\/index.php\/2009\/04\/12\/acili-gecenin-bitiminde\/#breadcrumb"},"inLanguage":"tr","potentialAction":[{"@type":"ReadAction","target":["https:\/\/narteks.net\/index.php\/2009\/04\/12\/acili-gecenin-bitiminde\/"]}]},{"@type":"BreadcrumbList","@id":"https:\/\/narteks.net\/index.php\/2009\/04\/12\/acili-gecenin-bitiminde\/#breadcrumb","itemListElement":[{"@type":"ListItem","position":1,"name":"Anasayfa","item":"https:\/\/narteks.net\/"},{"@type":"ListItem","position":2,"name":"ACILI GECEN\u0130N B\u0130T\u0130M\u0130NDE"}]},{"@type":"WebSite","@id":"https:\/\/narteks.net\/#website","url":"https:\/\/narteks.net\/","name":"narteks.net","description":"K\u00fclt\u00fcr Sanat Edebiyat Felsefe","publisher":{"@id":"https:\/\/narteks.net\/#organization"},"alternateName":"K\u00fclt\u00fcr Sanat Edebiyat Felsefe","potentialAction":[{"@type":"SearchAction","target":{"@type":"EntryPoint","urlTemplate":"https:\/\/narteks.net\/?s={search_term_string}"},"query-input":{"@type":"PropertyValueSpecification","valueRequired":true,"valueName":"search_term_string"}}],"inLanguage":"tr"},{"@type":"Organization","@id":"https:\/\/narteks.net\/#organization","name":"narteks.net","url":"https:\/\/narteks.net\/","logo":{"@type":"ImageObject","inLanguage":"tr","@id":"https:\/\/narteks.net\/#\/schema\/logo\/image\/","url":"https:\/\/narteks.net\/wp-content\/uploads\/narteks.png","contentUrl":"https:\/\/narteks.net\/wp-content\/uploads\/narteks.png","width":300,"height":90,"caption":"narteks.net"},"image":{"@id":"https:\/\/narteks.net\/#\/schema\/logo\/image\/"},"sameAs":["https:\/\/x.com\/narteks","https:\/\/instagram.com\/narteksnet"]},{"@type":"Person","@id":"https:\/\/narteks.net\/#\/schema\/person\/61f37d9834294b72d31d274e7ed79bca","name":"Tar\u0131k","image":{"@type":"ImageObject","inLanguage":"tr","@id":"https:\/\/narteks.net\/#\/schema\/person\/image\/","url":"https:\/\/secure.gravatar.com\/avatar\/50865afb55632c4ae467e0af0930f6510aa2297d8014be502a55b14f3b7550cf?s=96&d=mm&r=g","contentUrl":"https:\/\/secure.gravatar.com\/avatar\/50865afb55632c4ae467e0af0930f6510aa2297d8014be502a55b14f3b7550cf?s=96&d=mm&r=g","caption":"Tar\u0131k"},"sameAs":["http:\/\/narteks.net"],"url":"https:\/\/narteks.net\/index.php\/author\/narbak\/"}]}},"_links":{"self":[{"href":"https:\/\/narteks.net\/index.php\/wp-json\/wp\/v2\/posts\/537","targetHints":{"allow":["GET"]}}],"collection":[{"href":"https:\/\/narteks.net\/index.php\/wp-json\/wp\/v2\/posts"}],"about":[{"href":"https:\/\/narteks.net\/index.php\/wp-json\/wp\/v2\/types\/post"}],"author":[{"embeddable":true,"href":"https:\/\/narteks.net\/index.php\/wp-json\/wp\/v2\/users\/1"}],"replies":[{"embeddable":true,"href":"https:\/\/narteks.net\/index.php\/wp-json\/wp\/v2\/comments?post=537"}],"version-history":[{"count":0,"href":"https:\/\/narteks.net\/index.php\/wp-json\/wp\/v2\/posts\/537\/revisions"}],"wp:attachment":[{"href":"https:\/\/narteks.net\/index.php\/wp-json\/wp\/v2\/media?parent=537"}],"wp:term":[{"taxonomy":"category","embeddable":true,"href":"https:\/\/narteks.net\/index.php\/wp-json\/wp\/v2\/categories?post=537"},{"taxonomy":"post_tag","embeddable":true,"href":"https:\/\/narteks.net\/index.php\/wp-json\/wp\/v2\/tags?post=537"}],"curies":[{"name":"wp","href":"https:\/\/api.w.org\/{rel}","templated":true}]}}