{"id":5370,"date":"2011-02-28T14:53:32","date_gmt":"2011-02-28T11:53:32","guid":{"rendered":"http:\/\/localhost\/wordpress\/2011\/02\/28\/ahmet-kutsi-tecer-biyografisi\/"},"modified":"2011-02-28T14:53:32","modified_gmt":"2011-02-28T11:53:32","slug":"ahmet-kutsi-tecer-biyografisi","status":"publish","type":"post","link":"https:\/\/narteks.net\/index.php\/2011\/02\/28\/ahmet-kutsi-tecer-biyografisi\/","title":{"rendered":"Ahmet Kutsi TECER Biyografisi"},"content":{"rendered":"<p style=\"text-align: justify;\"><img loading=\"lazy\" decoding=\"async\" src=\"http:\/\/www.seyrierzincan.com\/images\/erzincanbelgeligi\/Ahmet_Kutsi_Tecer.jpg\" border=\"0\" width=\"155\" height=\"205\" style=\"float: left;\" \/>Kud\u00fcs&#8217;de do\u011fan Tecer, ilk ve orta \u00f6\u011frenimini K\u0131rklareli&#8217;nde; liseyi ise \u0130stanbul Kad\u0131k\u00f6y&#8217;de okur. Ailenin son \u00e7ocu\u011fu olan Ahmet Kutsi&#8217;in \u00e7ocuklu\u011fu hakk\u0131nda pek bilgi yoktur.Vatan Gazetesi&#8217;nde \u00e7ocuklu\u011funa dair yazm\u0131\u015f oldu\u011fu birka\u00e7 yaz\u0131 vard\u0131r.<br \/>Tecer s\u0131ras\u0131yla Frereler Okulu (Kud\u00fcs), K\u0131r\u0131klareli Numune Mektebi \u0130dadisi (K\u0131rklareli) , Kad\u0131k\u00f6y Sultanisi (\u0130stanbul &#8211; yat\u0131l\u0131,\u00fccretsiz) okullar\u0131nda e\u011fitim g\u00f6r\u00fcr. Liseden sonra 1918 y\u0131l\u0131nda \u0130stanbul \u00dcniversitesi Edebiyat fak\u00fcltesi Felsefe B\u00f6l\u00fcm\u00fc&#8217;nde y\u00fcksek \u00f6\u011frenim yapar. Dergah dergisi \u00e7everesindeki ayd\u0131n gruba kat\u0131l\u0131r.<br \/>Tecer\u00een ilk \u015fiirlerinden olan &#8220;Bir Kad\u0131n De\u011fildi,G\u00f6lgesinde Oturdu\u011fum A\u011fa\u00e7,Ben&#8221; \u015fiirleri Dergah Dergisi&#8217;nde yay\u0131nlan\u0131r.Fak\u00fcltedeyken bir bursla Fransa&#8217;ya gidince \u00f6\u011frenimi yar\u0131da kal\u0131r ve 1928 y\u0131l\u0131nda geri d\u00f6nd\u00fc\u011f\u00fcnde \u00f6\u011frenimine devam ederek 1929&#8217;da e\u011fitimini tamamlar. Tecer&#8217;in Frans\u0131zca, Arap\u00e7a, \u0130ngilizce ve Fars\u00e7a bildi\u011fi nakledilir ayr\u0131ca 1937 y\u0131l\u0131nda \u0130stanbul&#8217;dan Ankara&#8217;ya staj i\u00e7in gelen Meliha Han\u0131m ile evlenir. \u015eair o s\u0131rada bakanl\u0131kta g\u00f6revlidir. Mehmet ve Leyle ad\u0131nda iki \u00e7ocu\u011fu d\u00fcnyaya gelir evlilik sonras\u0131.A\u015f\u0131k Veyselin siirlerine ve bestelerine de \u00e7ok b\u00fcy\u00fck katk\u0131da bulundu&#8230;.<\/p>\n<p>Tecer,1925-27 y\u0131llar\u0131nda Sarbonne \u00dcniversitesi Edebiyat Fak\u00fcltesi&#8217;nde devlet taraf\u0131ndan sa\u011flanan bir burs ile e\u011fitim al\u0131r.Bu d\u00f6nemde Tecer,Paris Milli K\u00fct\u00fcphanesi&#8217;nde Cezayir Halk \u015eairleri yazmalar\u0131n\u0131 bularak halk edbeiyat\u0131m\u0131z\u0131n bilinmeyen bir y\u00f6n\u00fcn\u00fc ortaya \u00e7\u0131kar\u0131r.Tecer&#8217;in &#8220;Paris Ac\u0131lar\u0131&#8221; \u015fiiri,\u015fairin Paris&#8217;teki hayat\u0131n\u0131 ve ac\u0131lar\u0131n\u0131 yans\u0131t\u0131r.\u015eair,bu y\u0131llarda Paris k\u00fclt\u00fcr ve sanat ya\u015fam\u0131na kat\u0131l\u0131r.1928 y\u0131l\u0131ndaParis&#8217;ten \u0130stanbul&#8217;a d\u00f6ner.<\/p>\n<p>Tecer&#8217;in Paris hayat\u0131n\u0131n ikinci d\u00f6nemi,\u00f6\u011frencilik hayat\u0131ndan sonra K\u00fclt\u00fcr Ate\u015feli\u011fi yapmak i\u00e7in gitti\u011fi d\u00f6nemdir.Bu d\u00f6nemde Atilla \u0130lhan da Paris&#8217;te Naz\u0131m Hikmet&#8217;i hapisten \u00e7\u0131karmak i\u00e7in kurulan kurulda \u00e7al\u0131\u015fmaktad\u0131r.Tecer yap\u0131lan macera olarak yorumlar ve Paris&#8217;te devlet memuru olarak bulundu\u011funu belirtir.Ayr\u0131ca Ahmet Kutsi,Paris&#8217;te \u0130dil Biret&#8217;in m\u00fczik e\u011fitimi i\u00e7in gerekli resmi \u00e7al\u0131\u015fmalar\u0131 d\u00fczenler.<\/p>\n<p>Tecer,1928 y\u0131l\u0131nda Paris&#8217;ten geri d\u00f6ner ve Halk Bilgisi Derne\u011fi&#8217;nin kurulan ilk \u015fubesindeki i\u015flerde \u00e7al\u0131\u015f\u0131r.Halk Bilgisi Mecmuas\u0131&#8217;nda yaz\u0131lar\u0131 yay\u0131nlan\u0131r.1929&#8217;da \u00f6\u011frenimini tamamlayarak felsefe b\u00f6l\u00fcm\u00fcnden diplomas\u0131n\u0131 al\u0131r.\u00d6nce Samsun&#8217;a tayini \u00e7\u0131kar fakat gitmez.Sonra Ankara Erkek Lisesi&#8217;ne tayini \u00e7\u0131kar ve orada T\u00fcrk\u00e7e \u00f6\u011fretmenli\u011fi ile yard\u0131mc\u0131 m\u00fcd\u00fcr g\u00f6revleriyle i\u015fe ba\u015flar.<\/p>\n<p>Ankara&#8217;da Gazi E\u011fitim Enstit\u00fcs\u00fc ve \u00d6\u011fretmen Okulu&#8217;nda t\u00fcrk\u00e7e \u00f6\u011fretmenli\u011fi ve edebiyat \u00f6\u011fretmenli\u011finden sonra Tecer,Sivas Erkek Lisesi&#8217;ne edebiyat \u00f6\u011fretmeni olarak tayin edilir.<br \/>Tecer ve arkada\u015flar Sivas&#8217;ta \u00e7e\u015fitli k\u00fclt\u00fcrel faaliyetlerde bulunurlar.Halk \u015eairlerini Koruma Derne\u011fi&#8217;ni kurduktan sonra Halk \u015eairleri Bayram\u0131 &#8216;n\u0131 ger\u00e7ekle\u015ftirirler.Ayr\u0131ca Tecer,e\u011fitim verdi\u011fi okulda Toplant\u0131 ad\u0131yla bir \u00f6\u011frenci dergisi \u00e7\u0131kar\u0131r.<\/p>\n<p>Halk \u015eairleri Bayram\u0131 i\u00e7in oyun ekipleri haz\u0131rlan\u0131r,davul-zurna tak\u0131mlar\u0131 getirtilir,b\u00f6lgenin her taraf\u0131ndan gelen saz \u015fairleri dernek taraf\u0131ndan a\u011f\u0131rlan\u0131r.Meydanda g\u00f6steriler,kapal\u0131 yerlerde \u015fiir toplant\u0131lar\u0131 yap\u0131l\u0131r.Bayram bir hafta s\u00fcrer ve bayram\u0131n ikincisi bir tak\u0131m politik g\u00fc\u00e7l\u00fcklerden dolay\u0131 ger\u00e7ekle\u015ftirilemez.Tecer,bu bayram vesilesi ileA\u015f\u0131k Veysel&#8217;i ke\u015ffeder ve onunla olan dostlu\u011fu ba\u015flar.<br \/>Ahmet Kutsi Tecer,1932 y\u0131l\u0131nda Sivas Maarif M\u00fcd\u00fcrl\u00fc\u011f\u00fc&#8217;ne atan\u0131r ve ayn\u0131 okulda Frans\u0131zca dersler verir.Ayr\u0131ca Tecer,K\u0131z Muallim Mektebi ve K\u0131z Meslek Lisesi&#8217;nde de edebiyat \u00f6\u011fretmenli\u011fi yapar.<br \/>Tecer,Sivas&#8217;ta d\u00f6rt y\u0131la yak\u0131n bir s\u00fcre kalm\u0131\u015ft\u0131r.<\/p>\n<p>Tecer,1942&#8217;den sonra Adana ve Urfa&#8217;da milletvekili olur. Bu d\u00f6nemlerde Ahmet Kutsi, Ankara ve \u0130stanbul&#8217;daki baz\u0131 fak\u00fcltelerde dekanl\u0131k \u00fccretleri aras\u0131nda denklik olmad\u0131\u011f\u0131n\u0131 ve bu e\u015fitsizli\u011finin giderilme iste\u011fini belirtir. Tecer,milletvekilli\u011fi s\u0131ras\u0131nda Halk Evleri \u015eenli\u011fi&#8217;ni d\u00fczenler ve k\u00fclt\u00fcr a\u011f\u0131rl\u0131kl\u0131 siyasi \u00e7al\u0131\u015fmalarda bulunur. 1945 y\u0131l\u0131naki bir yaz\u0131s\u0131nda Taha Toros&#8217;tan yazm\u0131\u015f oldu\u011fu Dadalo\u011flu kitab\u0131ndan \u00e7ok fazla ister, Ziraat takvimini k\u00f6yl\u00fcler i\u00e7in gerekli bulur ve 3000 tane ister. Urfa milletvekili iken \u00c7ocuklar isimli kitaptan 2250 adet ister. Ali R\u0131za Yalg\u0131n&#8217;\u0131n folklor ve etno\u011frafya \u00e7al\u0131\u015fmalar\u0131n\u0131 yapabilmesi i\u00e7in bir defal\u0131\u011f\u0131na mahsus olarak para yard\u0131m\u0131 yapar.<br \/>1948 y\u0131l\u0131nda Ankara&#8217;da ge\u00e7ici bir UNESCO komitesi kurulur.Kurulan 12 ki\u015filik komitede Tecer de bulunur.Tecer,konferanslara kat\u0131l\u0131r,komitenin devaml\u0131l\u0131\u011f\u0131 i\u00e7in y\u00f6netmeli\u011fin haz\u0131rlanmas\u0131nda yard\u0131mc\u0131 olur.UNESCO Y\u00f6netim Kurulu&#8217;na \u00fcye olan Tecer,ilerleyen d\u00f6nemlerde idare heyetine se\u00e7ilir.Konferanslara \u00fcye olarak gider,tv programlar\u0131nda konu\u015fma yapar,UNESCO hakk\u0131nda yaz\u0131lar yay\u0131nlar ve g\u00f6zlerimi a\u00e7\u0131klar.<\/p>\n<p>Tecer,1957&#8217;de\u0130stanbul G\u00fczel Sanatlar Akademisi&#8217;nde estetik dersleri verir ve bu arada \u0130stanbul \u00dcniversitesi Gazetecilik Enstit\u00fcs\u00fc&#8217;nde \u00f6\u011fretim \u00fcyesi olarak bas\u0131n mesle\u011fine yararl\u0131 olur.Bir y\u0131l sonra alt\u0131 hafta kalaca\u011f\u0131 Antalya&#8217;ya gider.<br \/>1961&#8217;de Viyana&#8217;da bir tiyatro kongresine kat\u0131l\u0131r ve Paris&#8217;te yay\u0131nlanan Turkey Ancient Minsatures adl\u0131 UNESCO yay\u0131n\u0131 olan kitab\u0131n haz\u0131rlan\u0131\u015f\u0131nda yard\u0131mc\u0131 olur.<\/p>\n<p>Tecer,23 Temmuz 1967 tarihinin pazar gecesi Vak\u0131f Gureba Hastanesi&#8217;nde vefat eder.Bir \u00e7ok gazetede \u00f6l\u00fcm haberi \u00e7\u0131kar ve ilk \u00f6l\u00fcm ilan\u0131n\u0131 ailesi yay\u0131nlar.Cenaze namaz\u0131 \u015ei\u015fli Camii&#8217;nde k\u0131l\u0131n\u0131r ve cenazesi Zincirlikuyu Mezarl\u0131\u011f\u0131&#8217;na defnedilir.Ulus Dergisi&#8217;nde Tecer ile ilgili yaz\u0131lar yay\u0131nlan\u0131r ve yaz\u0131da \u015fairin biyografisi i\u015flenir.\u0130stanbul G\u00fczel Sanatlar Akademisi,UNESCO,T\u00fcrkiye Tiyatro Yazarlar Birli\u011fi gibi kurumlar Tecer i\u00e7in gazetelere \u00f6l\u00fcm ilan\u0131 verir.T\u00fcrk Folklr Ara\u015ft\u0131rma Dergisi,Vral\u0131k Dergisi Tecer i\u00e7in \u00f6zel say\u0131lar \u00e7\u0131kar\u0131r.<\/p>\n<p><strong>Eserleri<\/strong><\/p>\n<p>\u0130lk eseri Buket adl\u0131 bir tiyatro metnidir.<\/p>\n<p style=\"text-align: justify;\">\u015eiirleri<\/p>\n<p>\u0130lk eseri 1932 y\u0131l\u0131nda bast\u0131rd\u0131\u011f\u0131 \u015eiirler kitab\u0131d\u0131r. Bu eser s\u0131n\u0131rl\u0131 say\u0131da bas\u0131ld\u0131\u011f\u0131 i\u00e7in (250 adet) k\u00fct\u00fcphanelerde mevcut de\u011fildir. Bu \u015fiirleri ile yeni bir \u015fair ki\u015fili\u011fi g\u00f6r\u00fclmektedir. Daha sonraki \u015fiirleri Varl\u0131k, Olu\u015f, Y\u00fccel, \u00dclk\u00fc, T\u00fcrk D\u00fc\u015f\u00fcncesi, \u015ead\u0131rvan, T\u00fcrk Dili gibi dergilerde \u00e7\u0131kar.<br \/>2002 y\u0131l\u0131nda K\u00fclt\u00fcr Bakanl\u0131\u011f\u0131 taraf\u0131ndan Tecer&#8217;in B\u00fct\u00fcn \u015eiirleri yay\u0131nlan\u0131r. Ahmet Kutsi, \u015fiirlerini hece \u00f6l\u00e7\u00fcs\u00fcnde ve yal\u0131n bir dille yazm\u0131\u015f. A\u015fk, do\u011fa, \u00f6l\u00fcm, \u00f6zlem gibi konular\u0131 i\u015flemi\u015ftir.<\/p>\n<p>En \u00e7ok bilinen &#8220;Orada Bir K\u00f6y Var Uzakta&#8221; adl\u0131 \u015fiirini babas\u0131n\u0131n memleketi olan Ap\u00e7a\u011fa K\u00f6y\u00fc (Erzincan\/Kemaliye) i\u00e7in yazm\u0131\u015ft\u0131r.<\/p>\n<p style=\"text-align: justify;\">K\u00f6yl\u00fc Temsilleri<\/p>\n<p>1940 y\u0131l\u0131nda yay\u0131nlanan K\u00f6yl\u00fc Temsilleri adl\u0131 kitab\u0131 seyirlik oyunlar\u0131m\u0131z \u00fczerine yaz\u0131lm\u0131\u015ft\u0131r.Birka\u00e7 defa yay\u0131nlanan eser,b\u00fcy\u00fck yank\u0131lar uyand\u0131rm\u0131\u015ft\u0131r.<\/p>\n<p style=\"text-align: justify;\">Tiyatro Eserleri <\/p>\n<p>Tecer,tiyatro oyunlar\u0131 yazarak T\u00fcrk Edebiyat\u0131&#8217;ndaki b\u00fcy\u00fck bir bo\u015flu\u011fu doldurmu\u015ftur ve tiyatrocu kimli\u011fini ispat etmi\u015ftir.<\/p>\n<p> 1. K\u00f6\u015feba\u015f\u0131:\u0130lk defa \u0130stanbul \u015eehir Tiyatrosu&#8217;nda oynanm\u0131\u015ft\u0131r.The Neighbourhood ad\u0131yla \u0130ngilizce&#8217;ye \u00e7evrilmi\u015f,ABD&#8217;de sahneye konmu\u015ftur.1964 y\u0131l\u0131nda Ankara&#8217;da bas\u0131lm\u0131\u015ft\u0131r.<br \/> 2. Ko\u00e7yi\u011fit K\u00f6ro\u011flu: \u0130lk defa \u00dclk\u00fc&#8217;de yay\u0131nlanm\u0131\u015ft\u0131r.Ankara Devlet Tiyatrosu&#8217;nda 1949 ve 1961 y\u0131llar\u0131nda sahnelenmi\u015ftir.<br \/> 3. Yaz\u0131lan Bozulmaz:1946&#8217;da Ankara Devlet Konsevatuar\u0131 Tatbikat sahnesinde oynanm\u0131\u015ft\u0131r.<br \/> 4. Bir Pazar G\u00fcn\u00fc:1957&#8217;de Teknik \u00dcniversitesi Tiyatrosu;1959&#8217;da gen\u00e7 oyuncular bu oyunu sahneye koymu\u015flard\u0131r.<br \/> 5. Sat\u0131l\u0131k Ev:1961&#8217;de \u0130stanbul \u015eehir Tiyatrosu&#8217;nda sahnelenmi\u015ftir.<\/p>\n","protected":false},"excerpt":{"rendered":"<p>Kud\u00fcs&#8217;de do\u011fan Tecer, ilk ve orta \u00f6\u011frenimini K\u0131rklareli&#8217;nde; liseyi ise \u0130stanbul Kad\u0131k\u00f6y&#8217;de okur. Ailenin son \u00e7ocu\u011fu olan Ahmet Kutsi&#8217;in \u00e7ocuklu\u011fu hakk\u0131nda pek bilgi yoktur.Vatan Gazetesi&#8217;nde \u00e7ocuklu\u011funa dair yazm\u0131\u015f oldu\u011fu birka\u00e7 yaz\u0131 vard\u0131r.Tecer s\u0131ras\u0131yla Frereler Okulu (Kud\u00fcs), K\u0131r\u0131klareli Numune Mektebi \u0130dadisi (K\u0131rklareli) , Kad\u0131k\u00f6y Sultanisi (\u0130stanbul &#8211; yat\u0131l\u0131,\u00fccretsiz) okullar\u0131nda e\u011fitim g\u00f6r\u00fcr. Liseden sonra 1918 y\u0131l\u0131nda \u0130stanbul [&hellip;]<\/p>\n","protected":false},"author":1,"featured_media":0,"comment_status":"open","ping_status":"open","sticky":false,"template":"","format":"standard","meta":{"footnotes":""},"categories":[168],"tags":[],"class_list":{"0":"post-5370","1":"post","2":"type-post","3":"status-publish","4":"format-standard","6":"category-ahmet-kutsi-tecer"},"yoast_head":"<!-- This site is optimized with the Yoast SEO Premium plugin v24.9 (Yoast SEO v24.9) - https:\/\/yoast.com\/wordpress\/plugins\/seo\/ -->\n<title>Ahmet Kutsi TECER Biyografisi - narteks.net<\/title>\n<meta name=\"robots\" content=\"index, follow, max-snippet:-1, max-image-preview:large, max-video-preview:-1\" \/>\n<link rel=\"canonical\" href=\"https:\/\/narteks.net\/index.php\/2011\/02\/28\/ahmet-kutsi-tecer-biyografisi\/\" \/>\n<meta property=\"og:locale\" content=\"tr_TR\" \/>\n<meta property=\"og:type\" content=\"article\" \/>\n<meta property=\"og:title\" content=\"Ahmet Kutsi TECER Biyografisi\" \/>\n<meta property=\"og:description\" content=\"Kud\u00fcs&#8217;de do\u011fan Tecer, ilk ve orta \u00f6\u011frenimini K\u0131rklareli&#8217;nde; liseyi ise \u0130stanbul Kad\u0131k\u00f6y&#8217;de okur. Ailenin son \u00e7ocu\u011fu olan Ahmet Kutsi&#8217;in \u00e7ocuklu\u011fu hakk\u0131nda pek bilgi yoktur.Vatan Gazetesi&#8217;nde \u00e7ocuklu\u011funa dair yazm\u0131\u015f oldu\u011fu birka\u00e7 yaz\u0131 vard\u0131r.Tecer s\u0131ras\u0131yla Frereler Okulu (Kud\u00fcs), K\u0131r\u0131klareli Numune Mektebi \u0130dadisi (K\u0131rklareli) , Kad\u0131k\u00f6y Sultanisi (\u0130stanbul &#8211; yat\u0131l\u0131,\u00fccretsiz) okullar\u0131nda e\u011fitim g\u00f6r\u00fcr. Liseden sonra 1918 y\u0131l\u0131nda \u0130stanbul [&hellip;]\" \/>\n<meta property=\"og:url\" content=\"https:\/\/narteks.net\/index.php\/2011\/02\/28\/ahmet-kutsi-tecer-biyografisi\/\" \/>\n<meta property=\"og:site_name\" content=\"narteks.net\" \/>\n<meta property=\"article:published_time\" content=\"2011-02-28T11:53:32+00:00\" \/>\n<meta property=\"og:image\" content=\"http:\/\/www.seyrierzincan.com\/images\/erzincanbelgeligi\/Ahmet_Kutsi_Tecer.jpg\" \/>\n<meta name=\"author\" content=\"Tar\u0131k\" \/>\n<meta name=\"twitter:card\" content=\"summary_large_image\" \/>\n<meta name=\"twitter:creator\" content=\"@narteks\" \/>\n<meta name=\"twitter:site\" content=\"@narteks\" \/>\n<meta name=\"twitter:label1\" content=\"Yazan:\" \/>\n\t<meta name=\"twitter:data1\" content=\"Tar\u0131k\" \/>\n\t<meta name=\"twitter:label2\" content=\"Tahmini okuma s\u00fcresi\" \/>\n\t<meta name=\"twitter:data2\" content=\"7 dakika\" \/>\n<script type=\"application\/ld+json\" class=\"yoast-schema-graph\">{\"@context\":\"https:\/\/schema.org\",\"@graph\":[{\"@type\":\"Article\",\"@id\":\"https:\/\/narteks.net\/index.php\/2011\/02\/28\/ahmet-kutsi-tecer-biyografisi\/#article\",\"isPartOf\":{\"@id\":\"https:\/\/narteks.net\/index.php\/2011\/02\/28\/ahmet-kutsi-tecer-biyografisi\/\"},\"author\":{\"name\":\"Tar\u0131k\",\"@id\":\"https:\/\/narteks.net\/#\/schema\/person\/61f37d9834294b72d31d274e7ed79bca\"},\"headline\":\"Ahmet Kutsi TECER Biyografisi\",\"datePublished\":\"2011-02-28T11:53:32+00:00\",\"mainEntityOfPage\":{\"@id\":\"https:\/\/narteks.net\/index.php\/2011\/02\/28\/ahmet-kutsi-tecer-biyografisi\/\"},\"wordCount\":1306,\"commentCount\":0,\"publisher\":{\"@id\":\"https:\/\/narteks.net\/#organization\"},\"image\":{\"@id\":\"https:\/\/narteks.net\/index.php\/2011\/02\/28\/ahmet-kutsi-tecer-biyografisi\/#primaryimage\"},\"thumbnailUrl\":\"http:\/\/www.seyrierzincan.com\/images\/erzincanbelgeligi\/Ahmet_Kutsi_Tecer.jpg\",\"articleSection\":[\"Ahmet Kutsi TECER\"],\"inLanguage\":\"tr\",\"potentialAction\":[{\"@type\":\"CommentAction\",\"name\":\"Comment\",\"target\":[\"https:\/\/narteks.net\/index.php\/2011\/02\/28\/ahmet-kutsi-tecer-biyografisi\/#respond\"]}]},{\"@type\":\"WebPage\",\"@id\":\"https:\/\/narteks.net\/index.php\/2011\/02\/28\/ahmet-kutsi-tecer-biyografisi\/\",\"url\":\"https:\/\/narteks.net\/index.php\/2011\/02\/28\/ahmet-kutsi-tecer-biyografisi\/\",\"name\":\"Ahmet Kutsi TECER Biyografisi - narteks.net\",\"isPartOf\":{\"@id\":\"https:\/\/narteks.net\/#website\"},\"primaryImageOfPage\":{\"@id\":\"https:\/\/narteks.net\/index.php\/2011\/02\/28\/ahmet-kutsi-tecer-biyografisi\/#primaryimage\"},\"image\":{\"@id\":\"https:\/\/narteks.net\/index.php\/2011\/02\/28\/ahmet-kutsi-tecer-biyografisi\/#primaryimage\"},\"thumbnailUrl\":\"http:\/\/www.seyrierzincan.com\/images\/erzincanbelgeligi\/Ahmet_Kutsi_Tecer.jpg\",\"datePublished\":\"2011-02-28T11:53:32+00:00\",\"breadcrumb\":{\"@id\":\"https:\/\/narteks.net\/index.php\/2011\/02\/28\/ahmet-kutsi-tecer-biyografisi\/#breadcrumb\"},\"inLanguage\":\"tr\",\"potentialAction\":[{\"@type\":\"ReadAction\",\"target\":[\"https:\/\/narteks.net\/index.php\/2011\/02\/28\/ahmet-kutsi-tecer-biyografisi\/\"]}]},{\"@type\":\"ImageObject\",\"inLanguage\":\"tr\",\"@id\":\"https:\/\/narteks.net\/index.php\/2011\/02\/28\/ahmet-kutsi-tecer-biyografisi\/#primaryimage\",\"url\":\"http:\/\/www.seyrierzincan.com\/images\/erzincanbelgeligi\/Ahmet_Kutsi_Tecer.jpg\",\"contentUrl\":\"http:\/\/www.seyrierzincan.com\/images\/erzincanbelgeligi\/Ahmet_Kutsi_Tecer.jpg\"},{\"@type\":\"BreadcrumbList\",\"@id\":\"https:\/\/narteks.net\/index.php\/2011\/02\/28\/ahmet-kutsi-tecer-biyografisi\/#breadcrumb\",\"itemListElement\":[{\"@type\":\"ListItem\",\"position\":1,\"name\":\"Anasayfa\",\"item\":\"https:\/\/narteks.net\/\"},{\"@type\":\"ListItem\",\"position\":2,\"name\":\"Ahmet Kutsi TECER Biyografisi\"}]},{\"@type\":\"WebSite\",\"@id\":\"https:\/\/narteks.net\/#website\",\"url\":\"https:\/\/narteks.net\/\",\"name\":\"narteks.net\",\"description\":\"K\u00fclt\u00fcr Sanat Edebiyat Felsefe\",\"publisher\":{\"@id\":\"https:\/\/narteks.net\/#organization\"},\"alternateName\":\"K\u00fclt\u00fcr Sanat Edebiyat Felsefe\",\"potentialAction\":[{\"@type\":\"SearchAction\",\"target\":{\"@type\":\"EntryPoint\",\"urlTemplate\":\"https:\/\/narteks.net\/?s={search_term_string}\"},\"query-input\":{\"@type\":\"PropertyValueSpecification\",\"valueRequired\":true,\"valueName\":\"search_term_string\"}}],\"inLanguage\":\"tr\"},{\"@type\":\"Organization\",\"@id\":\"https:\/\/narteks.net\/#organization\",\"name\":\"narteks.net\",\"url\":\"https:\/\/narteks.net\/\",\"logo\":{\"@type\":\"ImageObject\",\"inLanguage\":\"tr\",\"@id\":\"https:\/\/narteks.net\/#\/schema\/logo\/image\/\",\"url\":\"https:\/\/narteks.net\/wp-content\/uploads\/narteks.png\",\"contentUrl\":\"https:\/\/narteks.net\/wp-content\/uploads\/narteks.png\",\"width\":300,\"height\":90,\"caption\":\"narteks.net\"},\"image\":{\"@id\":\"https:\/\/narteks.net\/#\/schema\/logo\/image\/\"},\"sameAs\":[\"https:\/\/x.com\/narteks\",\"https:\/\/instagram.com\/narteksnet\"]},{\"@type\":\"Person\",\"@id\":\"https:\/\/narteks.net\/#\/schema\/person\/61f37d9834294b72d31d274e7ed79bca\",\"name\":\"Tar\u0131k\",\"image\":{\"@type\":\"ImageObject\",\"inLanguage\":\"tr\",\"@id\":\"https:\/\/narteks.net\/#\/schema\/person\/image\/\",\"url\":\"https:\/\/secure.gravatar.com\/avatar\/50865afb55632c4ae467e0af0930f6510aa2297d8014be502a55b14f3b7550cf?s=96&d=mm&r=g\",\"contentUrl\":\"https:\/\/secure.gravatar.com\/avatar\/50865afb55632c4ae467e0af0930f6510aa2297d8014be502a55b14f3b7550cf?s=96&d=mm&r=g\",\"caption\":\"Tar\u0131k\"},\"sameAs\":[\"http:\/\/narteks.net\"],\"url\":\"https:\/\/narteks.net\/index.php\/author\/narbak\/\"}]}<\/script>\n<!-- \/ Yoast SEO Premium plugin. -->","yoast_head_json":{"title":"Ahmet Kutsi TECER Biyografisi - narteks.net","robots":{"index":"index","follow":"follow","max-snippet":"max-snippet:-1","max-image-preview":"max-image-preview:large","max-video-preview":"max-video-preview:-1"},"canonical":"https:\/\/narteks.net\/index.php\/2011\/02\/28\/ahmet-kutsi-tecer-biyografisi\/","og_locale":"tr_TR","og_type":"article","og_title":"Ahmet Kutsi TECER Biyografisi","og_description":"Kud\u00fcs&#8217;de do\u011fan Tecer, ilk ve orta \u00f6\u011frenimini K\u0131rklareli&#8217;nde; liseyi ise \u0130stanbul Kad\u0131k\u00f6y&#8217;de okur. Ailenin son \u00e7ocu\u011fu olan Ahmet Kutsi&#8217;in \u00e7ocuklu\u011fu hakk\u0131nda pek bilgi yoktur.Vatan Gazetesi&#8217;nde \u00e7ocuklu\u011funa dair yazm\u0131\u015f oldu\u011fu birka\u00e7 yaz\u0131 vard\u0131r.Tecer s\u0131ras\u0131yla Frereler Okulu (Kud\u00fcs), K\u0131r\u0131klareli Numune Mektebi \u0130dadisi (K\u0131rklareli) , Kad\u0131k\u00f6y Sultanisi (\u0130stanbul &#8211; yat\u0131l\u0131,\u00fccretsiz) okullar\u0131nda e\u011fitim g\u00f6r\u00fcr. Liseden sonra 1918 y\u0131l\u0131nda \u0130stanbul [&hellip;]","og_url":"https:\/\/narteks.net\/index.php\/2011\/02\/28\/ahmet-kutsi-tecer-biyografisi\/","og_site_name":"narteks.net","article_published_time":"2011-02-28T11:53:32+00:00","og_image":[{"url":"http:\/\/www.seyrierzincan.com\/images\/erzincanbelgeligi\/Ahmet_Kutsi_Tecer.jpg","type":"","width":"","height":""}],"author":"Tar\u0131k","twitter_card":"summary_large_image","twitter_creator":"@narteks","twitter_site":"@narteks","twitter_misc":{"Yazan:":"Tar\u0131k","Tahmini okuma s\u00fcresi":"7 dakika"},"schema":{"@context":"https:\/\/schema.org","@graph":[{"@type":"Article","@id":"https:\/\/narteks.net\/index.php\/2011\/02\/28\/ahmet-kutsi-tecer-biyografisi\/#article","isPartOf":{"@id":"https:\/\/narteks.net\/index.php\/2011\/02\/28\/ahmet-kutsi-tecer-biyografisi\/"},"author":{"name":"Tar\u0131k","@id":"https:\/\/narteks.net\/#\/schema\/person\/61f37d9834294b72d31d274e7ed79bca"},"headline":"Ahmet Kutsi TECER Biyografisi","datePublished":"2011-02-28T11:53:32+00:00","mainEntityOfPage":{"@id":"https:\/\/narteks.net\/index.php\/2011\/02\/28\/ahmet-kutsi-tecer-biyografisi\/"},"wordCount":1306,"commentCount":0,"publisher":{"@id":"https:\/\/narteks.net\/#organization"},"image":{"@id":"https:\/\/narteks.net\/index.php\/2011\/02\/28\/ahmet-kutsi-tecer-biyografisi\/#primaryimage"},"thumbnailUrl":"http:\/\/www.seyrierzincan.com\/images\/erzincanbelgeligi\/Ahmet_Kutsi_Tecer.jpg","articleSection":["Ahmet Kutsi TECER"],"inLanguage":"tr","potentialAction":[{"@type":"CommentAction","name":"Comment","target":["https:\/\/narteks.net\/index.php\/2011\/02\/28\/ahmet-kutsi-tecer-biyografisi\/#respond"]}]},{"@type":"WebPage","@id":"https:\/\/narteks.net\/index.php\/2011\/02\/28\/ahmet-kutsi-tecer-biyografisi\/","url":"https:\/\/narteks.net\/index.php\/2011\/02\/28\/ahmet-kutsi-tecer-biyografisi\/","name":"Ahmet Kutsi TECER Biyografisi - narteks.net","isPartOf":{"@id":"https:\/\/narteks.net\/#website"},"primaryImageOfPage":{"@id":"https:\/\/narteks.net\/index.php\/2011\/02\/28\/ahmet-kutsi-tecer-biyografisi\/#primaryimage"},"image":{"@id":"https:\/\/narteks.net\/index.php\/2011\/02\/28\/ahmet-kutsi-tecer-biyografisi\/#primaryimage"},"thumbnailUrl":"http:\/\/www.seyrierzincan.com\/images\/erzincanbelgeligi\/Ahmet_Kutsi_Tecer.jpg","datePublished":"2011-02-28T11:53:32+00:00","breadcrumb":{"@id":"https:\/\/narteks.net\/index.php\/2011\/02\/28\/ahmet-kutsi-tecer-biyografisi\/#breadcrumb"},"inLanguage":"tr","potentialAction":[{"@type":"ReadAction","target":["https:\/\/narteks.net\/index.php\/2011\/02\/28\/ahmet-kutsi-tecer-biyografisi\/"]}]},{"@type":"ImageObject","inLanguage":"tr","@id":"https:\/\/narteks.net\/index.php\/2011\/02\/28\/ahmet-kutsi-tecer-biyografisi\/#primaryimage","url":"http:\/\/www.seyrierzincan.com\/images\/erzincanbelgeligi\/Ahmet_Kutsi_Tecer.jpg","contentUrl":"http:\/\/www.seyrierzincan.com\/images\/erzincanbelgeligi\/Ahmet_Kutsi_Tecer.jpg"},{"@type":"BreadcrumbList","@id":"https:\/\/narteks.net\/index.php\/2011\/02\/28\/ahmet-kutsi-tecer-biyografisi\/#breadcrumb","itemListElement":[{"@type":"ListItem","position":1,"name":"Anasayfa","item":"https:\/\/narteks.net\/"},{"@type":"ListItem","position":2,"name":"Ahmet Kutsi TECER Biyografisi"}]},{"@type":"WebSite","@id":"https:\/\/narteks.net\/#website","url":"https:\/\/narteks.net\/","name":"narteks.net","description":"K\u00fclt\u00fcr Sanat Edebiyat Felsefe","publisher":{"@id":"https:\/\/narteks.net\/#organization"},"alternateName":"K\u00fclt\u00fcr Sanat Edebiyat Felsefe","potentialAction":[{"@type":"SearchAction","target":{"@type":"EntryPoint","urlTemplate":"https:\/\/narteks.net\/?s={search_term_string}"},"query-input":{"@type":"PropertyValueSpecification","valueRequired":true,"valueName":"search_term_string"}}],"inLanguage":"tr"},{"@type":"Organization","@id":"https:\/\/narteks.net\/#organization","name":"narteks.net","url":"https:\/\/narteks.net\/","logo":{"@type":"ImageObject","inLanguage":"tr","@id":"https:\/\/narteks.net\/#\/schema\/logo\/image\/","url":"https:\/\/narteks.net\/wp-content\/uploads\/narteks.png","contentUrl":"https:\/\/narteks.net\/wp-content\/uploads\/narteks.png","width":300,"height":90,"caption":"narteks.net"},"image":{"@id":"https:\/\/narteks.net\/#\/schema\/logo\/image\/"},"sameAs":["https:\/\/x.com\/narteks","https:\/\/instagram.com\/narteksnet"]},{"@type":"Person","@id":"https:\/\/narteks.net\/#\/schema\/person\/61f37d9834294b72d31d274e7ed79bca","name":"Tar\u0131k","image":{"@type":"ImageObject","inLanguage":"tr","@id":"https:\/\/narteks.net\/#\/schema\/person\/image\/","url":"https:\/\/secure.gravatar.com\/avatar\/50865afb55632c4ae467e0af0930f6510aa2297d8014be502a55b14f3b7550cf?s=96&d=mm&r=g","contentUrl":"https:\/\/secure.gravatar.com\/avatar\/50865afb55632c4ae467e0af0930f6510aa2297d8014be502a55b14f3b7550cf?s=96&d=mm&r=g","caption":"Tar\u0131k"},"sameAs":["http:\/\/narteks.net"],"url":"https:\/\/narteks.net\/index.php\/author\/narbak\/"}]}},"_links":{"self":[{"href":"https:\/\/narteks.net\/index.php\/wp-json\/wp\/v2\/posts\/5370","targetHints":{"allow":["GET"]}}],"collection":[{"href":"https:\/\/narteks.net\/index.php\/wp-json\/wp\/v2\/posts"}],"about":[{"href":"https:\/\/narteks.net\/index.php\/wp-json\/wp\/v2\/types\/post"}],"author":[{"embeddable":true,"href":"https:\/\/narteks.net\/index.php\/wp-json\/wp\/v2\/users\/1"}],"replies":[{"embeddable":true,"href":"https:\/\/narteks.net\/index.php\/wp-json\/wp\/v2\/comments?post=5370"}],"version-history":[{"count":0,"href":"https:\/\/narteks.net\/index.php\/wp-json\/wp\/v2\/posts\/5370\/revisions"}],"wp:attachment":[{"href":"https:\/\/narteks.net\/index.php\/wp-json\/wp\/v2\/media?parent=5370"}],"wp:term":[{"taxonomy":"category","embeddable":true,"href":"https:\/\/narteks.net\/index.php\/wp-json\/wp\/v2\/categories?post=5370"},{"taxonomy":"post_tag","embeddable":true,"href":"https:\/\/narteks.net\/index.php\/wp-json\/wp\/v2\/tags?post=5370"}],"curies":[{"name":"wp","href":"https:\/\/api.w.org\/{rel}","templated":true}]}}