{"id":5371,"date":"2011-02-28T14:55:56","date_gmt":"2011-02-28T11:55:56","guid":{"rendered":"http:\/\/localhost\/wordpress\/2011\/02\/28\/vadi\/"},"modified":"2011-02-28T14:55:56","modified_gmt":"2011-02-28T11:55:56","slug":"vadi","status":"publish","type":"post","link":"https:\/\/narteks.net\/index.php\/2011\/02\/28\/vadi\/","title":{"rendered":"VAD\u0130"},"content":{"rendered":"<p>\u00a0<\/p>\n<p>Bir \u00e7\u0131plak yamac\u0131n alt\u0131nda dere,<br \/>Yollardan gelinir \u015f\u0131r\u0131lt\u0131s\u0131na<br \/>Ne s\u00f6yl\u00fcyor bilmem bu s\u00f6\u011f\u00fctlere?<br \/>Dalm\u0131\u015flar sular\u0131n ak\u0131nt\u0131s\u0131na.<\/p>\n<p>Ufukta dallar\u0131 k\u0131z\u0131l bir orman,<br \/>B\u00fcr\u00fcyor yollar\u0131n \u00fcst\u00fcn\u00fc duman,<br \/>Benziyor de\u011fne\u011fe yaslanan \u00e7oban,<br \/>Bir eski heykelin karalt\u0131s\u0131na.<\/p>\n<p>Bir kanl\u0131 cenk teri olan bu vadi,<br \/>Bulan\u0131r \u0131ss\u0131zl\u0131k i\u00e7inde \u015fimdi,<br \/>Dalm\u0131\u015ft\u0131r y\u0131llardan beri ebedi<br \/>Akseden bir m\u0131zrak \u015fak\u0131rt\u0131s\u0131na.<\/p>\n<p>Ahmet Kutsi TECER<\/p>\n","protected":false},"excerpt":{"rendered":"<p>\u00a0 Bir \u00e7\u0131plak yamac\u0131n alt\u0131nda dere,Yollardan gelinir \u015f\u0131r\u0131lt\u0131s\u0131naNe s\u00f6yl\u00fcyor bilmem bu s\u00f6\u011f\u00fctlere?Dalm\u0131\u015flar sular\u0131n ak\u0131nt\u0131s\u0131na. Ufukta dallar\u0131 k\u0131z\u0131l bir orman,B\u00fcr\u00fcyor yollar\u0131n \u00fcst\u00fcn\u00fc duman,Benziyor de\u011fne\u011fe yaslanan \u00e7oban,Bir eski heykelin karalt\u0131s\u0131na. Bir kanl\u0131 cenk teri olan bu vadi,Bulan\u0131r \u0131ss\u0131zl\u0131k i\u00e7inde \u015fimdi,Dalm\u0131\u015ft\u0131r y\u0131llardan beri ebediAkseden bir m\u0131zrak \u015fak\u0131rt\u0131s\u0131na. Ahmet Kutsi TECER<\/p>\n","protected":false},"author":1,"featured_media":0,"comment_status":"open","ping_status":"open","sticky":false,"template":"","format":"standard","meta":{"footnotes":""},"categories":[168],"tags":[],"class_list":{"0":"post-5371","1":"post","2":"type-post","3":"status-publish","4":"format-standard","6":"category-ahmet-kutsi-tecer"},"yoast_head":"<!-- This site is optimized with the Yoast SEO Premium plugin v24.9 (Yoast SEO v24.9) - https:\/\/yoast.com\/wordpress\/plugins\/seo\/ -->\n<title>VAD\u0130 - narteks.net<\/title>\n<meta name=\"robots\" content=\"index, follow, max-snippet:-1, max-image-preview:large, max-video-preview:-1\" \/>\n<link rel=\"canonical\" href=\"https:\/\/narteks.net\/index.php\/2011\/02\/28\/vadi\/\" \/>\n<meta property=\"og:locale\" content=\"tr_TR\" \/>\n<meta property=\"og:type\" content=\"article\" \/>\n<meta property=\"og:title\" content=\"VAD\u0130\" \/>\n<meta property=\"og:description\" content=\"\u00a0 Bir \u00e7\u0131plak yamac\u0131n alt\u0131nda dere,Yollardan gelinir \u015f\u0131r\u0131lt\u0131s\u0131naNe s\u00f6yl\u00fcyor bilmem bu s\u00f6\u011f\u00fctlere?Dalm\u0131\u015flar sular\u0131n ak\u0131nt\u0131s\u0131na. Ufukta dallar\u0131 k\u0131z\u0131l bir orman,B\u00fcr\u00fcyor yollar\u0131n \u00fcst\u00fcn\u00fc duman,Benziyor de\u011fne\u011fe yaslanan \u00e7oban,Bir eski heykelin karalt\u0131s\u0131na. Bir kanl\u0131 cenk teri olan bu vadi,Bulan\u0131r \u0131ss\u0131zl\u0131k i\u00e7inde \u015fimdi,Dalm\u0131\u015ft\u0131r y\u0131llardan beri ebediAkseden bir m\u0131zrak \u015fak\u0131rt\u0131s\u0131na. Ahmet Kutsi TECER\" \/>\n<meta property=\"og:url\" content=\"https:\/\/narteks.net\/index.php\/2011\/02\/28\/vadi\/\" \/>\n<meta property=\"og:site_name\" content=\"narteks.net\" \/>\n<meta property=\"article:published_time\" content=\"2011-02-28T11:55:56+00:00\" \/>\n<meta property=\"og:image\" content=\"https:\/\/narteks.net\/wp-content\/uploads\/narteks.png\" \/>\n\t<meta property=\"og:image:width\" content=\"300\" \/>\n\t<meta property=\"og:image:height\" content=\"90\" \/>\n\t<meta property=\"og:image:type\" content=\"image\/png\" \/>\n<meta name=\"author\" content=\"Tar\u0131k\" \/>\n<meta name=\"twitter:card\" content=\"summary_large_image\" \/>\n<meta name=\"twitter:creator\" content=\"@narteks\" \/>\n<meta name=\"twitter:site\" content=\"@narteks\" \/>\n<meta name=\"twitter:label1\" content=\"Yazan:\" \/>\n\t<meta name=\"twitter:data1\" content=\"Tar\u0131k\" \/>\n<script type=\"application\/ld+json\" class=\"yoast-schema-graph\">{\"@context\":\"https:\/\/schema.org\",\"@graph\":[{\"@type\":\"Article\",\"@id\":\"https:\/\/narteks.net\/index.php\/2011\/02\/28\/vadi\/#article\",\"isPartOf\":{\"@id\":\"https:\/\/narteks.net\/index.php\/2011\/02\/28\/vadi\/\"},\"author\":{\"name\":\"Tar\u0131k\",\"@id\":\"https:\/\/narteks.net\/#\/schema\/person\/61f37d9834294b72d31d274e7ed79bca\"},\"headline\":\"VAD\u0130\",\"datePublished\":\"2011-02-28T11:55:56+00:00\",\"mainEntityOfPage\":{\"@id\":\"https:\/\/narteks.net\/index.php\/2011\/02\/28\/vadi\/\"},\"wordCount\":88,\"commentCount\":0,\"publisher\":{\"@id\":\"https:\/\/narteks.net\/#organization\"},\"articleSection\":[\"Ahmet Kutsi TECER\"],\"inLanguage\":\"tr\",\"potentialAction\":[{\"@type\":\"CommentAction\",\"name\":\"Comment\",\"target\":[\"https:\/\/narteks.net\/index.php\/2011\/02\/28\/vadi\/#respond\"]}]},{\"@type\":\"WebPage\",\"@id\":\"https:\/\/narteks.net\/index.php\/2011\/02\/28\/vadi\/\",\"url\":\"https:\/\/narteks.net\/index.php\/2011\/02\/28\/vadi\/\",\"name\":\"VAD\u0130 - narteks.net\",\"isPartOf\":{\"@id\":\"https:\/\/narteks.net\/#website\"},\"datePublished\":\"2011-02-28T11:55:56+00:00\",\"breadcrumb\":{\"@id\":\"https:\/\/narteks.net\/index.php\/2011\/02\/28\/vadi\/#breadcrumb\"},\"inLanguage\":\"tr\",\"potentialAction\":[{\"@type\":\"ReadAction\",\"target\":[\"https:\/\/narteks.net\/index.php\/2011\/02\/28\/vadi\/\"]}]},{\"@type\":\"BreadcrumbList\",\"@id\":\"https:\/\/narteks.net\/index.php\/2011\/02\/28\/vadi\/#breadcrumb\",\"itemListElement\":[{\"@type\":\"ListItem\",\"position\":1,\"name\":\"Anasayfa\",\"item\":\"https:\/\/narteks.net\/\"},{\"@type\":\"ListItem\",\"position\":2,\"name\":\"VAD\u0130\"}]},{\"@type\":\"WebSite\",\"@id\":\"https:\/\/narteks.net\/#website\",\"url\":\"https:\/\/narteks.net\/\",\"name\":\"narteks.net\",\"description\":\"K\u00fclt\u00fcr Sanat Edebiyat Felsefe\",\"publisher\":{\"@id\":\"https:\/\/narteks.net\/#organization\"},\"alternateName\":\"K\u00fclt\u00fcr Sanat Edebiyat Felsefe\",\"potentialAction\":[{\"@type\":\"SearchAction\",\"target\":{\"@type\":\"EntryPoint\",\"urlTemplate\":\"https:\/\/narteks.net\/?s={search_term_string}\"},\"query-input\":{\"@type\":\"PropertyValueSpecification\",\"valueRequired\":true,\"valueName\":\"search_term_string\"}}],\"inLanguage\":\"tr\"},{\"@type\":\"Organization\",\"@id\":\"https:\/\/narteks.net\/#organization\",\"name\":\"narteks.net\",\"url\":\"https:\/\/narteks.net\/\",\"logo\":{\"@type\":\"ImageObject\",\"inLanguage\":\"tr\",\"@id\":\"https:\/\/narteks.net\/#\/schema\/logo\/image\/\",\"url\":\"https:\/\/narteks.net\/wp-content\/uploads\/narteks.png\",\"contentUrl\":\"https:\/\/narteks.net\/wp-content\/uploads\/narteks.png\",\"width\":300,\"height\":90,\"caption\":\"narteks.net\"},\"image\":{\"@id\":\"https:\/\/narteks.net\/#\/schema\/logo\/image\/\"},\"sameAs\":[\"https:\/\/x.com\/narteks\",\"https:\/\/instagram.com\/narteksnet\"]},{\"@type\":\"Person\",\"@id\":\"https:\/\/narteks.net\/#\/schema\/person\/61f37d9834294b72d31d274e7ed79bca\",\"name\":\"Tar\u0131k\",\"image\":{\"@type\":\"ImageObject\",\"inLanguage\":\"tr\",\"@id\":\"https:\/\/narteks.net\/#\/schema\/person\/image\/\",\"url\":\"https:\/\/secure.gravatar.com\/avatar\/50865afb55632c4ae467e0af0930f6510aa2297d8014be502a55b14f3b7550cf?s=96&d=mm&r=g\",\"contentUrl\":\"https:\/\/secure.gravatar.com\/avatar\/50865afb55632c4ae467e0af0930f6510aa2297d8014be502a55b14f3b7550cf?s=96&d=mm&r=g\",\"caption\":\"Tar\u0131k\"},\"sameAs\":[\"http:\/\/narteks.net\"],\"url\":\"https:\/\/narteks.net\/index.php\/author\/narbak\/\"}]}<\/script>\n<!-- \/ Yoast SEO Premium plugin. -->","yoast_head_json":{"title":"VAD\u0130 - narteks.net","robots":{"index":"index","follow":"follow","max-snippet":"max-snippet:-1","max-image-preview":"max-image-preview:large","max-video-preview":"max-video-preview:-1"},"canonical":"https:\/\/narteks.net\/index.php\/2011\/02\/28\/vadi\/","og_locale":"tr_TR","og_type":"article","og_title":"VAD\u0130","og_description":"\u00a0 Bir \u00e7\u0131plak yamac\u0131n alt\u0131nda dere,Yollardan gelinir \u015f\u0131r\u0131lt\u0131s\u0131naNe s\u00f6yl\u00fcyor bilmem bu s\u00f6\u011f\u00fctlere?Dalm\u0131\u015flar sular\u0131n ak\u0131nt\u0131s\u0131na. Ufukta dallar\u0131 k\u0131z\u0131l bir orman,B\u00fcr\u00fcyor yollar\u0131n \u00fcst\u00fcn\u00fc duman,Benziyor de\u011fne\u011fe yaslanan \u00e7oban,Bir eski heykelin karalt\u0131s\u0131na. Bir kanl\u0131 cenk teri olan bu vadi,Bulan\u0131r \u0131ss\u0131zl\u0131k i\u00e7inde \u015fimdi,Dalm\u0131\u015ft\u0131r y\u0131llardan beri ebediAkseden bir m\u0131zrak \u015fak\u0131rt\u0131s\u0131na. Ahmet Kutsi TECER","og_url":"https:\/\/narteks.net\/index.php\/2011\/02\/28\/vadi\/","og_site_name":"narteks.net","article_published_time":"2011-02-28T11:55:56+00:00","og_image":[{"width":300,"height":90,"url":"https:\/\/narteks.net\/wp-content\/uploads\/narteks.png","type":"image\/png"}],"author":"Tar\u0131k","twitter_card":"summary_large_image","twitter_creator":"@narteks","twitter_site":"@narteks","twitter_misc":{"Yazan:":"Tar\u0131k"},"schema":{"@context":"https:\/\/schema.org","@graph":[{"@type":"Article","@id":"https:\/\/narteks.net\/index.php\/2011\/02\/28\/vadi\/#article","isPartOf":{"@id":"https:\/\/narteks.net\/index.php\/2011\/02\/28\/vadi\/"},"author":{"name":"Tar\u0131k","@id":"https:\/\/narteks.net\/#\/schema\/person\/61f37d9834294b72d31d274e7ed79bca"},"headline":"VAD\u0130","datePublished":"2011-02-28T11:55:56+00:00","mainEntityOfPage":{"@id":"https:\/\/narteks.net\/index.php\/2011\/02\/28\/vadi\/"},"wordCount":88,"commentCount":0,"publisher":{"@id":"https:\/\/narteks.net\/#organization"},"articleSection":["Ahmet Kutsi TECER"],"inLanguage":"tr","potentialAction":[{"@type":"CommentAction","name":"Comment","target":["https:\/\/narteks.net\/index.php\/2011\/02\/28\/vadi\/#respond"]}]},{"@type":"WebPage","@id":"https:\/\/narteks.net\/index.php\/2011\/02\/28\/vadi\/","url":"https:\/\/narteks.net\/index.php\/2011\/02\/28\/vadi\/","name":"VAD\u0130 - narteks.net","isPartOf":{"@id":"https:\/\/narteks.net\/#website"},"datePublished":"2011-02-28T11:55:56+00:00","breadcrumb":{"@id":"https:\/\/narteks.net\/index.php\/2011\/02\/28\/vadi\/#breadcrumb"},"inLanguage":"tr","potentialAction":[{"@type":"ReadAction","target":["https:\/\/narteks.net\/index.php\/2011\/02\/28\/vadi\/"]}]},{"@type":"BreadcrumbList","@id":"https:\/\/narteks.net\/index.php\/2011\/02\/28\/vadi\/#breadcrumb","itemListElement":[{"@type":"ListItem","position":1,"name":"Anasayfa","item":"https:\/\/narteks.net\/"},{"@type":"ListItem","position":2,"name":"VAD\u0130"}]},{"@type":"WebSite","@id":"https:\/\/narteks.net\/#website","url":"https:\/\/narteks.net\/","name":"narteks.net","description":"K\u00fclt\u00fcr Sanat Edebiyat Felsefe","publisher":{"@id":"https:\/\/narteks.net\/#organization"},"alternateName":"K\u00fclt\u00fcr Sanat Edebiyat Felsefe","potentialAction":[{"@type":"SearchAction","target":{"@type":"EntryPoint","urlTemplate":"https:\/\/narteks.net\/?s={search_term_string}"},"query-input":{"@type":"PropertyValueSpecification","valueRequired":true,"valueName":"search_term_string"}}],"inLanguage":"tr"},{"@type":"Organization","@id":"https:\/\/narteks.net\/#organization","name":"narteks.net","url":"https:\/\/narteks.net\/","logo":{"@type":"ImageObject","inLanguage":"tr","@id":"https:\/\/narteks.net\/#\/schema\/logo\/image\/","url":"https:\/\/narteks.net\/wp-content\/uploads\/narteks.png","contentUrl":"https:\/\/narteks.net\/wp-content\/uploads\/narteks.png","width":300,"height":90,"caption":"narteks.net"},"image":{"@id":"https:\/\/narteks.net\/#\/schema\/logo\/image\/"},"sameAs":["https:\/\/x.com\/narteks","https:\/\/instagram.com\/narteksnet"]},{"@type":"Person","@id":"https:\/\/narteks.net\/#\/schema\/person\/61f37d9834294b72d31d274e7ed79bca","name":"Tar\u0131k","image":{"@type":"ImageObject","inLanguage":"tr","@id":"https:\/\/narteks.net\/#\/schema\/person\/image\/","url":"https:\/\/secure.gravatar.com\/avatar\/50865afb55632c4ae467e0af0930f6510aa2297d8014be502a55b14f3b7550cf?s=96&d=mm&r=g","contentUrl":"https:\/\/secure.gravatar.com\/avatar\/50865afb55632c4ae467e0af0930f6510aa2297d8014be502a55b14f3b7550cf?s=96&d=mm&r=g","caption":"Tar\u0131k"},"sameAs":["http:\/\/narteks.net"],"url":"https:\/\/narteks.net\/index.php\/author\/narbak\/"}]}},"_links":{"self":[{"href":"https:\/\/narteks.net\/index.php\/wp-json\/wp\/v2\/posts\/5371","targetHints":{"allow":["GET"]}}],"collection":[{"href":"https:\/\/narteks.net\/index.php\/wp-json\/wp\/v2\/posts"}],"about":[{"href":"https:\/\/narteks.net\/index.php\/wp-json\/wp\/v2\/types\/post"}],"author":[{"embeddable":true,"href":"https:\/\/narteks.net\/index.php\/wp-json\/wp\/v2\/users\/1"}],"replies":[{"embeddable":true,"href":"https:\/\/narteks.net\/index.php\/wp-json\/wp\/v2\/comments?post=5371"}],"version-history":[{"count":0,"href":"https:\/\/narteks.net\/index.php\/wp-json\/wp\/v2\/posts\/5371\/revisions"}],"wp:attachment":[{"href":"https:\/\/narteks.net\/index.php\/wp-json\/wp\/v2\/media?parent=5371"}],"wp:term":[{"taxonomy":"category","embeddable":true,"href":"https:\/\/narteks.net\/index.php\/wp-json\/wp\/v2\/categories?post=5371"},{"taxonomy":"post_tag","embeddable":true,"href":"https:\/\/narteks.net\/index.php\/wp-json\/wp\/v2\/tags?post=5371"}],"curies":[{"name":"wp","href":"https:\/\/api.w.org\/{rel}","templated":true}]}}