{"id":5373,"date":"2011-02-28T15:08:51","date_gmt":"2011-02-28T12:08:51","guid":{"rendered":"http:\/\/localhost\/wordpress\/2011\/02\/28\/konstantinos-kavafis-biyografisi\/"},"modified":"2011-02-28T15:08:51","modified_gmt":"2011-02-28T12:08:51","slug":"konstantinos-kavafis-biyografisi","status":"publish","type":"post","link":"https:\/\/narteks.net\/index.php\/2011\/02\/28\/konstantinos-kavafis-biyografisi\/","title":{"rendered":"Konstantinos KAVAF\u0130S Biyografisi"},"content":{"rendered":"<p style=\"text-align: justify;\"><img loading=\"lazy\" decoding=\"async\" style=\"float: left;\" src=\"http:\/\/cache.virtualtourist.com\/1\/1539937-Travel_Picture-Konstantinos_Kavafis.jpg\" width=\"155\" height=\"205\" border=\"0\" \/>1863 bahar\u0131nda \u0130skenderiye`de do\u011fdu. 1850 y\u0131l\u0131nda M\u0131s\u0131r`a yerle\u015fen \u0130stanbul-Yenik\u00f6y k\u00f6kenli Pedros Kavafis ile Harikleya Fotiyadi`nin dokuzuncu \u00e7ocu\u011fuydu. Kavafis 7 ya\u015f\u0131ndayken babas\u0131n\u0131 kaybetti (1870). Babas\u0131 arkas\u0131nda eski s\u0131hhatli g\u00fcnlerine nazaran pek bir \u015fey b\u0131rakmad\u0131. Aile 2 y\u0131l sonra 1872`de \u0130ngiltere`ye gitti. Konstantinos, e\u011fitimini burada s\u00fcrd\u00fcrd\u00fc. Babadan kalan \u015firket 1876 bunal\u0131m\u0131 sonras\u0131nda, erkek karde\u015flerin de tecr\u00fcbesizli\u011finin etkisiyle bat\u0131nca aile 1880 y\u0131l\u0131nda \u0130skenderiye`ye geri d\u00f6nd\u00fc. Kavafis \u0130stanbul&#8217;da ya\u015fad\u0131\u011f\u0131 1882-1885 y\u0131llar\u0131nda, Bizans ve Helen tarihini inceledi, demotiki olarak bilinen halk dilini burada tan\u0131d\u0131.<\/p>\n<p>\u0130skenderiye&#8217;ye d\u00f6nd\u00fckten sonra Su \u0130\u015fleri Bakanl\u0131\u011f\u0131&#8217;nda uzun y\u0131llar k\u00e2tiplik yapm\u0131\u015f, \u0130skenderiye Borsas\u0131&#8217;nda simsar olarak \u00e7al\u0131\u015fm\u0131\u015ft\u0131r. \u00d6mr\u00fcn\u00fcn son y\u0131llar\u0131nda g\u0131rtlak kanserine yakalanan Kavafis 29 Nisan 1933&#8217;de \u0130skenderiye&#8217;de yaln\u0131zl\u0131k i\u00e7inde \u00f6lm\u00fc\u015ft\u00fcr.<\/p>\n<p>\u0130lk \u015fiirleri 1903&#8217;te Yunanistan&#8217;da yay\u0131mland\u0131. Bir y\u0131l sonra 14 \u015fiirden olu\u015fan ilk kitab\u0131n\u0131 \u00e7\u0131kard\u0131. 1907&#8217;de Nea Zoi (Yeni Hayat) adl\u0131 edebiyat dergisinin \u00e7evresinde toplanan gen\u00e7 sanat\u00e7\u0131larla ili\u015fki kurdu. 1910&#8217;da birinci kitab\u0131n\u0131 12 \u015fiir ekleyerek yeniden yay\u0131mlad\u0131. 1911&#8217;den \u00f6l\u00fcm\u00fcne dek \u015fiirlerini dergilerde yay\u0131mlayan Kavafis&#8217;in 154 \u015fiiri toplu olarak 1935&#8217;te yay\u0131mlanabildi. B\u00fct\u00fcn \u015fiirleri 1963&#8217;te g\u00fcn y\u00fcz\u00fc g\u00f6rebildi. En \u00f6nemli \u015fiirlerini 40 ya\u015f\u0131ndan sonra yay\u0131mlad\u0131\u011f\u0131 i\u00e7in kendisini &#8220;ya\u015fl\u0131l\u0131\u011f\u0131n \u015fairi&#8221; olarak nitelendirmi\u015ftir.<\/p>\n<p>Kavafis konular\u0131n\u0131n \u00e7ok b\u00fcy\u00fck bir b\u00f6l\u00fcm\u00fcn\u00fc tarihten alm\u0131\u015ft\u0131r. Onun as\u0131l ilgi alan\u0131 olan Helenistik d\u00f6nem ve Bizans, bir kahramanlar \u00e7a\u011f\u0131 de\u011fil, karmakar\u0131\u015f\u0131k olaylar, nedensiz gibi g\u00f6r\u00fclen sava\u015flar, uydu krall\u0131klar, s\u00fcrg\u00fcn edilmi\u015f kukla krallar, politik dalgalar, k\u0131skan\u00e7, tutkulu sanat\u00e7\u0131lar \u00e7a\u011f\u0131d\u0131r. Doludizgin bir cinsellik bu \u00f6rg\u00fcn\u00fcn dokusuna i\u015flenmi\u015ftir.<\/p>\n","protected":false},"excerpt":{"rendered":"<p>1863 bahar\u0131nda \u0130skenderiye`de do\u011fdu. 1850 y\u0131l\u0131nda M\u0131s\u0131r`a yerle\u015fen \u0130stanbul-Yenik\u00f6y k\u00f6kenli Pedros Kavafis ile Harikleya Fotiyadi`nin dokuzuncu \u00e7ocu\u011fuydu. Kavafis 7 ya\u015f\u0131ndayken babas\u0131n\u0131 kaybetti (1870). Babas\u0131 arkas\u0131nda eski s\u0131hhatli g\u00fcnlerine nazaran pek bir \u015fey b\u0131rakmad\u0131. Aile 2 y\u0131l sonra 1872`de \u0130ngiltere`ye gitti. Konstantinos, e\u011fitimini burada s\u00fcrd\u00fcrd\u00fc. Babadan kalan \u015firket 1876 bunal\u0131m\u0131 sonras\u0131nda, erkek karde\u015flerin de tecr\u00fcbesizli\u011finin etkisiyle [&hellip;]<\/p>\n","protected":false},"author":1,"featured_media":0,"comment_status":"open","ping_status":"open","sticky":false,"template":"","format":"standard","meta":{"footnotes":""},"categories":[169],"tags":[],"class_list":{"0":"post-5373","1":"post","2":"type-post","3":"status-publish","4":"format-standard","6":"category-konstantinos-kavafis"},"yoast_head":"<!-- This site is optimized with the Yoast SEO Premium plugin v24.9 (Yoast SEO v24.9) - https:\/\/yoast.com\/wordpress\/plugins\/seo\/ -->\n<title>Konstantinos KAVAF\u0130S Biyografisi - narteks.net<\/title>\n<meta name=\"robots\" content=\"index, follow, max-snippet:-1, max-image-preview:large, max-video-preview:-1\" \/>\n<link rel=\"canonical\" href=\"https:\/\/narteks.net\/index.php\/2011\/02\/28\/konstantinos-kavafis-biyografisi\/\" \/>\n<meta property=\"og:locale\" content=\"tr_TR\" \/>\n<meta property=\"og:type\" content=\"article\" \/>\n<meta property=\"og:title\" content=\"Konstantinos KAVAF\u0130S Biyografisi\" \/>\n<meta property=\"og:description\" content=\"1863 bahar\u0131nda \u0130skenderiye`de do\u011fdu. 1850 y\u0131l\u0131nda M\u0131s\u0131r`a yerle\u015fen \u0130stanbul-Yenik\u00f6y k\u00f6kenli Pedros Kavafis ile Harikleya Fotiyadi`nin dokuzuncu \u00e7ocu\u011fuydu. Kavafis 7 ya\u015f\u0131ndayken babas\u0131n\u0131 kaybetti (1870). Babas\u0131 arkas\u0131nda eski s\u0131hhatli g\u00fcnlerine nazaran pek bir \u015fey b\u0131rakmad\u0131. Aile 2 y\u0131l sonra 1872`de \u0130ngiltere`ye gitti. Konstantinos, e\u011fitimini burada s\u00fcrd\u00fcrd\u00fc. Babadan kalan \u015firket 1876 bunal\u0131m\u0131 sonras\u0131nda, erkek karde\u015flerin de tecr\u00fcbesizli\u011finin etkisiyle [&hellip;]\" \/>\n<meta property=\"og:url\" content=\"https:\/\/narteks.net\/index.php\/2011\/02\/28\/konstantinos-kavafis-biyografisi\/\" \/>\n<meta property=\"og:site_name\" content=\"narteks.net\" \/>\n<meta property=\"article:published_time\" content=\"2011-02-28T12:08:51+00:00\" \/>\n<meta property=\"og:image\" content=\"http:\/\/cache.virtualtourist.com\/1\/1539937-Travel_Picture-Konstantinos_Kavafis.jpg\" \/>\n<meta name=\"author\" content=\"Tar\u0131k\" \/>\n<meta name=\"twitter:card\" content=\"summary_large_image\" \/>\n<meta name=\"twitter:creator\" content=\"@narteks\" \/>\n<meta name=\"twitter:site\" content=\"@narteks\" \/>\n<meta name=\"twitter:label1\" content=\"Yazan:\" \/>\n\t<meta name=\"twitter:data1\" content=\"Tar\u0131k\" \/>\n\t<meta name=\"twitter:label2\" content=\"Tahmini okuma s\u00fcresi\" \/>\n\t<meta name=\"twitter:data2\" content=\"2 dakika\" \/>\n<script type=\"application\/ld+json\" class=\"yoast-schema-graph\">{\"@context\":\"https:\/\/schema.org\",\"@graph\":[{\"@type\":\"Article\",\"@id\":\"https:\/\/narteks.net\/index.php\/2011\/02\/28\/konstantinos-kavafis-biyografisi\/#article\",\"isPartOf\":{\"@id\":\"https:\/\/narteks.net\/index.php\/2011\/02\/28\/konstantinos-kavafis-biyografisi\/\"},\"author\":{\"name\":\"Tar\u0131k\",\"@id\":\"https:\/\/narteks.net\/#\/schema\/person\/61f37d9834294b72d31d274e7ed79bca\"},\"headline\":\"Konstantinos KAVAF\u0130S Biyografisi\",\"datePublished\":\"2011-02-28T12:08:51+00:00\",\"mainEntityOfPage\":{\"@id\":\"https:\/\/narteks.net\/index.php\/2011\/02\/28\/konstantinos-kavafis-biyografisi\/\"},\"wordCount\":322,\"commentCount\":0,\"publisher\":{\"@id\":\"https:\/\/narteks.net\/#organization\"},\"image\":{\"@id\":\"https:\/\/narteks.net\/index.php\/2011\/02\/28\/konstantinos-kavafis-biyografisi\/#primaryimage\"},\"thumbnailUrl\":\"http:\/\/cache.virtualtourist.com\/1\/1539937-Travel_Picture-Konstantinos_Kavafis.jpg\",\"articleSection\":[\"Konstantinos KAVAF\u0130S\"],\"inLanguage\":\"tr\",\"potentialAction\":[{\"@type\":\"CommentAction\",\"name\":\"Comment\",\"target\":[\"https:\/\/narteks.net\/index.php\/2011\/02\/28\/konstantinos-kavafis-biyografisi\/#respond\"]}]},{\"@type\":\"WebPage\",\"@id\":\"https:\/\/narteks.net\/index.php\/2011\/02\/28\/konstantinos-kavafis-biyografisi\/\",\"url\":\"https:\/\/narteks.net\/index.php\/2011\/02\/28\/konstantinos-kavafis-biyografisi\/\",\"name\":\"Konstantinos KAVAF\u0130S Biyografisi - narteks.net\",\"isPartOf\":{\"@id\":\"https:\/\/narteks.net\/#website\"},\"primaryImageOfPage\":{\"@id\":\"https:\/\/narteks.net\/index.php\/2011\/02\/28\/konstantinos-kavafis-biyografisi\/#primaryimage\"},\"image\":{\"@id\":\"https:\/\/narteks.net\/index.php\/2011\/02\/28\/konstantinos-kavafis-biyografisi\/#primaryimage\"},\"thumbnailUrl\":\"http:\/\/cache.virtualtourist.com\/1\/1539937-Travel_Picture-Konstantinos_Kavafis.jpg\",\"datePublished\":\"2011-02-28T12:08:51+00:00\",\"breadcrumb\":{\"@id\":\"https:\/\/narteks.net\/index.php\/2011\/02\/28\/konstantinos-kavafis-biyografisi\/#breadcrumb\"},\"inLanguage\":\"tr\",\"potentialAction\":[{\"@type\":\"ReadAction\",\"target\":[\"https:\/\/narteks.net\/index.php\/2011\/02\/28\/konstantinos-kavafis-biyografisi\/\"]}]},{\"@type\":\"ImageObject\",\"inLanguage\":\"tr\",\"@id\":\"https:\/\/narteks.net\/index.php\/2011\/02\/28\/konstantinos-kavafis-biyografisi\/#primaryimage\",\"url\":\"http:\/\/cache.virtualtourist.com\/1\/1539937-Travel_Picture-Konstantinos_Kavafis.jpg\",\"contentUrl\":\"http:\/\/cache.virtualtourist.com\/1\/1539937-Travel_Picture-Konstantinos_Kavafis.jpg\"},{\"@type\":\"BreadcrumbList\",\"@id\":\"https:\/\/narteks.net\/index.php\/2011\/02\/28\/konstantinos-kavafis-biyografisi\/#breadcrumb\",\"itemListElement\":[{\"@type\":\"ListItem\",\"position\":1,\"name\":\"Anasayfa\",\"item\":\"https:\/\/narteks.net\/\"},{\"@type\":\"ListItem\",\"position\":2,\"name\":\"Konstantinos KAVAF\u0130S Biyografisi\"}]},{\"@type\":\"WebSite\",\"@id\":\"https:\/\/narteks.net\/#website\",\"url\":\"https:\/\/narteks.net\/\",\"name\":\"narteks.net\",\"description\":\"K\u00fclt\u00fcr Sanat Edebiyat Felsefe\",\"publisher\":{\"@id\":\"https:\/\/narteks.net\/#organization\"},\"alternateName\":\"K\u00fclt\u00fcr Sanat Edebiyat Felsefe\",\"potentialAction\":[{\"@type\":\"SearchAction\",\"target\":{\"@type\":\"EntryPoint\",\"urlTemplate\":\"https:\/\/narteks.net\/?s={search_term_string}\"},\"query-input\":{\"@type\":\"PropertyValueSpecification\",\"valueRequired\":true,\"valueName\":\"search_term_string\"}}],\"inLanguage\":\"tr\"},{\"@type\":\"Organization\",\"@id\":\"https:\/\/narteks.net\/#organization\",\"name\":\"narteks.net\",\"url\":\"https:\/\/narteks.net\/\",\"logo\":{\"@type\":\"ImageObject\",\"inLanguage\":\"tr\",\"@id\":\"https:\/\/narteks.net\/#\/schema\/logo\/image\/\",\"url\":\"https:\/\/narteks.net\/wp-content\/uploads\/narteks.png\",\"contentUrl\":\"https:\/\/narteks.net\/wp-content\/uploads\/narteks.png\",\"width\":300,\"height\":90,\"caption\":\"narteks.net\"},\"image\":{\"@id\":\"https:\/\/narteks.net\/#\/schema\/logo\/image\/\"},\"sameAs\":[\"https:\/\/x.com\/narteks\",\"https:\/\/instagram.com\/narteksnet\"]},{\"@type\":\"Person\",\"@id\":\"https:\/\/narteks.net\/#\/schema\/person\/61f37d9834294b72d31d274e7ed79bca\",\"name\":\"Tar\u0131k\",\"image\":{\"@type\":\"ImageObject\",\"inLanguage\":\"tr\",\"@id\":\"https:\/\/narteks.net\/#\/schema\/person\/image\/\",\"url\":\"https:\/\/secure.gravatar.com\/avatar\/50865afb55632c4ae467e0af0930f6510aa2297d8014be502a55b14f3b7550cf?s=96&d=mm&r=g\",\"contentUrl\":\"https:\/\/secure.gravatar.com\/avatar\/50865afb55632c4ae467e0af0930f6510aa2297d8014be502a55b14f3b7550cf?s=96&d=mm&r=g\",\"caption\":\"Tar\u0131k\"},\"sameAs\":[\"http:\/\/narteks.net\"],\"url\":\"https:\/\/narteks.net\/index.php\/author\/narbak\/\"}]}<\/script>\n<!-- \/ Yoast SEO Premium plugin. -->","yoast_head_json":{"title":"Konstantinos KAVAF\u0130S Biyografisi - narteks.net","robots":{"index":"index","follow":"follow","max-snippet":"max-snippet:-1","max-image-preview":"max-image-preview:large","max-video-preview":"max-video-preview:-1"},"canonical":"https:\/\/narteks.net\/index.php\/2011\/02\/28\/konstantinos-kavafis-biyografisi\/","og_locale":"tr_TR","og_type":"article","og_title":"Konstantinos KAVAF\u0130S Biyografisi","og_description":"1863 bahar\u0131nda \u0130skenderiye`de do\u011fdu. 1850 y\u0131l\u0131nda M\u0131s\u0131r`a yerle\u015fen \u0130stanbul-Yenik\u00f6y k\u00f6kenli Pedros Kavafis ile Harikleya Fotiyadi`nin dokuzuncu \u00e7ocu\u011fuydu. Kavafis 7 ya\u015f\u0131ndayken babas\u0131n\u0131 kaybetti (1870). Babas\u0131 arkas\u0131nda eski s\u0131hhatli g\u00fcnlerine nazaran pek bir \u015fey b\u0131rakmad\u0131. Aile 2 y\u0131l sonra 1872`de \u0130ngiltere`ye gitti. Konstantinos, e\u011fitimini burada s\u00fcrd\u00fcrd\u00fc. Babadan kalan \u015firket 1876 bunal\u0131m\u0131 sonras\u0131nda, erkek karde\u015flerin de tecr\u00fcbesizli\u011finin etkisiyle [&hellip;]","og_url":"https:\/\/narteks.net\/index.php\/2011\/02\/28\/konstantinos-kavafis-biyografisi\/","og_site_name":"narteks.net","article_published_time":"2011-02-28T12:08:51+00:00","og_image":[{"url":"http:\/\/cache.virtualtourist.com\/1\/1539937-Travel_Picture-Konstantinos_Kavafis.jpg","type":"","width":"","height":""}],"author":"Tar\u0131k","twitter_card":"summary_large_image","twitter_creator":"@narteks","twitter_site":"@narteks","twitter_misc":{"Yazan:":"Tar\u0131k","Tahmini okuma s\u00fcresi":"2 dakika"},"schema":{"@context":"https:\/\/schema.org","@graph":[{"@type":"Article","@id":"https:\/\/narteks.net\/index.php\/2011\/02\/28\/konstantinos-kavafis-biyografisi\/#article","isPartOf":{"@id":"https:\/\/narteks.net\/index.php\/2011\/02\/28\/konstantinos-kavafis-biyografisi\/"},"author":{"name":"Tar\u0131k","@id":"https:\/\/narteks.net\/#\/schema\/person\/61f37d9834294b72d31d274e7ed79bca"},"headline":"Konstantinos KAVAF\u0130S Biyografisi","datePublished":"2011-02-28T12:08:51+00:00","mainEntityOfPage":{"@id":"https:\/\/narteks.net\/index.php\/2011\/02\/28\/konstantinos-kavafis-biyografisi\/"},"wordCount":322,"commentCount":0,"publisher":{"@id":"https:\/\/narteks.net\/#organization"},"image":{"@id":"https:\/\/narteks.net\/index.php\/2011\/02\/28\/konstantinos-kavafis-biyografisi\/#primaryimage"},"thumbnailUrl":"http:\/\/cache.virtualtourist.com\/1\/1539937-Travel_Picture-Konstantinos_Kavafis.jpg","articleSection":["Konstantinos KAVAF\u0130S"],"inLanguage":"tr","potentialAction":[{"@type":"CommentAction","name":"Comment","target":["https:\/\/narteks.net\/index.php\/2011\/02\/28\/konstantinos-kavafis-biyografisi\/#respond"]}]},{"@type":"WebPage","@id":"https:\/\/narteks.net\/index.php\/2011\/02\/28\/konstantinos-kavafis-biyografisi\/","url":"https:\/\/narteks.net\/index.php\/2011\/02\/28\/konstantinos-kavafis-biyografisi\/","name":"Konstantinos KAVAF\u0130S Biyografisi - narteks.net","isPartOf":{"@id":"https:\/\/narteks.net\/#website"},"primaryImageOfPage":{"@id":"https:\/\/narteks.net\/index.php\/2011\/02\/28\/konstantinos-kavafis-biyografisi\/#primaryimage"},"image":{"@id":"https:\/\/narteks.net\/index.php\/2011\/02\/28\/konstantinos-kavafis-biyografisi\/#primaryimage"},"thumbnailUrl":"http:\/\/cache.virtualtourist.com\/1\/1539937-Travel_Picture-Konstantinos_Kavafis.jpg","datePublished":"2011-02-28T12:08:51+00:00","breadcrumb":{"@id":"https:\/\/narteks.net\/index.php\/2011\/02\/28\/konstantinos-kavafis-biyografisi\/#breadcrumb"},"inLanguage":"tr","potentialAction":[{"@type":"ReadAction","target":["https:\/\/narteks.net\/index.php\/2011\/02\/28\/konstantinos-kavafis-biyografisi\/"]}]},{"@type":"ImageObject","inLanguage":"tr","@id":"https:\/\/narteks.net\/index.php\/2011\/02\/28\/konstantinos-kavafis-biyografisi\/#primaryimage","url":"http:\/\/cache.virtualtourist.com\/1\/1539937-Travel_Picture-Konstantinos_Kavafis.jpg","contentUrl":"http:\/\/cache.virtualtourist.com\/1\/1539937-Travel_Picture-Konstantinos_Kavafis.jpg"},{"@type":"BreadcrumbList","@id":"https:\/\/narteks.net\/index.php\/2011\/02\/28\/konstantinos-kavafis-biyografisi\/#breadcrumb","itemListElement":[{"@type":"ListItem","position":1,"name":"Anasayfa","item":"https:\/\/narteks.net\/"},{"@type":"ListItem","position":2,"name":"Konstantinos KAVAF\u0130S Biyografisi"}]},{"@type":"WebSite","@id":"https:\/\/narteks.net\/#website","url":"https:\/\/narteks.net\/","name":"narteks.net","description":"K\u00fclt\u00fcr Sanat Edebiyat Felsefe","publisher":{"@id":"https:\/\/narteks.net\/#organization"},"alternateName":"K\u00fclt\u00fcr Sanat Edebiyat Felsefe","potentialAction":[{"@type":"SearchAction","target":{"@type":"EntryPoint","urlTemplate":"https:\/\/narteks.net\/?s={search_term_string}"},"query-input":{"@type":"PropertyValueSpecification","valueRequired":true,"valueName":"search_term_string"}}],"inLanguage":"tr"},{"@type":"Organization","@id":"https:\/\/narteks.net\/#organization","name":"narteks.net","url":"https:\/\/narteks.net\/","logo":{"@type":"ImageObject","inLanguage":"tr","@id":"https:\/\/narteks.net\/#\/schema\/logo\/image\/","url":"https:\/\/narteks.net\/wp-content\/uploads\/narteks.png","contentUrl":"https:\/\/narteks.net\/wp-content\/uploads\/narteks.png","width":300,"height":90,"caption":"narteks.net"},"image":{"@id":"https:\/\/narteks.net\/#\/schema\/logo\/image\/"},"sameAs":["https:\/\/x.com\/narteks","https:\/\/instagram.com\/narteksnet"]},{"@type":"Person","@id":"https:\/\/narteks.net\/#\/schema\/person\/61f37d9834294b72d31d274e7ed79bca","name":"Tar\u0131k","image":{"@type":"ImageObject","inLanguage":"tr","@id":"https:\/\/narteks.net\/#\/schema\/person\/image\/","url":"https:\/\/secure.gravatar.com\/avatar\/50865afb55632c4ae467e0af0930f6510aa2297d8014be502a55b14f3b7550cf?s=96&d=mm&r=g","contentUrl":"https:\/\/secure.gravatar.com\/avatar\/50865afb55632c4ae467e0af0930f6510aa2297d8014be502a55b14f3b7550cf?s=96&d=mm&r=g","caption":"Tar\u0131k"},"sameAs":["http:\/\/narteks.net"],"url":"https:\/\/narteks.net\/index.php\/author\/narbak\/"}]}},"_links":{"self":[{"href":"https:\/\/narteks.net\/index.php\/wp-json\/wp\/v2\/posts\/5373","targetHints":{"allow":["GET"]}}],"collection":[{"href":"https:\/\/narteks.net\/index.php\/wp-json\/wp\/v2\/posts"}],"about":[{"href":"https:\/\/narteks.net\/index.php\/wp-json\/wp\/v2\/types\/post"}],"author":[{"embeddable":true,"href":"https:\/\/narteks.net\/index.php\/wp-json\/wp\/v2\/users\/1"}],"replies":[{"embeddable":true,"href":"https:\/\/narteks.net\/index.php\/wp-json\/wp\/v2\/comments?post=5373"}],"version-history":[{"count":0,"href":"https:\/\/narteks.net\/index.php\/wp-json\/wp\/v2\/posts\/5373\/revisions"}],"wp:attachment":[{"href":"https:\/\/narteks.net\/index.php\/wp-json\/wp\/v2\/media?parent=5373"}],"wp:term":[{"taxonomy":"category","embeddable":true,"href":"https:\/\/narteks.net\/index.php\/wp-json\/wp\/v2\/categories?post=5373"},{"taxonomy":"post_tag","embeddable":true,"href":"https:\/\/narteks.net\/index.php\/wp-json\/wp\/v2\/tags?post=5373"}],"curies":[{"name":"wp","href":"https:\/\/api.w.org\/{rel}","templated":true}]}}