{"id":5379,"date":"2011-02-28T15:15:22","date_gmt":"2011-02-28T12:15:22","guid":{"rendered":"http:\/\/localhost\/wordpress\/2011\/02\/28\/sehir\/"},"modified":"2011-02-28T15:15:22","modified_gmt":"2011-02-28T12:15:22","slug":"sehir","status":"publish","type":"post","link":"https:\/\/narteks.net\/index.php\/2011\/02\/28\/sehir\/","title":{"rendered":"\u015eEH\u0130R"},"content":{"rendered":"<p>\u00a0<\/p>\n<p>Bir ba\u015fka \u00fclkeye, bir ba\u015fka denize giderim, dedin<br \/>bundan daha iyi bir ba\u015fka \u015fehir bulunur elbet.<br \/>Her \u00e7abam kaderin olumsuz bir yarg\u0131s\u0131yla kar\u015f\u0131 kar\u015f\u0131ya;<br \/>-bir ceset gibi- g\u00f6m\u00fcl\u00fc kalbim.<br \/>Akl\u0131m daha ne kadar kalacak bu \u00e7orak \u00fclkede?<br \/>Y\u00fcz\u00fcm\u00fc nereye \u00e7evirsem, nereye baksam,<br \/>kara y\u0131k\u0131nt\u0131lar\u0131n\u0131 g\u00f6r\u00fcyorum \u00f6mr\u00fcm\u00fcn,<br \/>bo\u015funa bunca y\u0131l t\u00fcketti\u011fim bu \u00fclkede.&#8217;<\/p>\n<p>Yeni bir \u00fclke bulamazs\u0131n, ba\u015fka bir deniz bulamazs\u0131n.<br \/>Bu \u015fehir arkandan gelecektir.<br \/>Sen gene ayn\u0131 sokaklarda dola\u015facaks\u0131n,<br \/>ayn\u0131 mahallede kocayacaks\u0131n;<br \/>ayn\u0131 evlerde k\u0131r d\u00fc\u015fecek sa\u00e7lar\u0131na.<br \/>D\u00f6n\u00fcp dola\u015f\u0131p bu \u015fehre geleceksin sonunda.<br \/>Ba\u015fka bir \u015fey umma-<br \/>\u00d6mr\u00fcn\u00fc nas\u0131l t\u00fckettiysen burada, bu k\u00f6\u015fecikte,<br \/>\u00f6yle t\u00fckettin demektir b\u00fct\u00fcn yery\u00fcz\u00fcn\u00fc de.<\/p>\n<p>( \u00c7eviren: Cevat \u00c7apan )<\/p>\n<p>Konstantinos KAVAF\u0130S<\/p>\n","protected":false},"excerpt":{"rendered":"<p>\u00a0 Bir ba\u015fka \u00fclkeye, bir ba\u015fka denize giderim, dedinbundan daha iyi bir ba\u015fka \u015fehir bulunur elbet.Her \u00e7abam kaderin olumsuz bir yarg\u0131s\u0131yla kar\u015f\u0131 kar\u015f\u0131ya;-bir ceset gibi- g\u00f6m\u00fcl\u00fc kalbim.Akl\u0131m daha ne kadar kalacak bu \u00e7orak \u00fclkede?Y\u00fcz\u00fcm\u00fc nereye \u00e7evirsem, nereye baksam,kara y\u0131k\u0131nt\u0131lar\u0131n\u0131 g\u00f6r\u00fcyorum \u00f6mr\u00fcm\u00fcn,bo\u015funa bunca y\u0131l t\u00fcketti\u011fim bu \u00fclkede.&#8217; Yeni bir \u00fclke bulamazs\u0131n, ba\u015fka bir deniz bulamazs\u0131n.Bu \u015fehir [&hellip;]<\/p>\n","protected":false},"author":1,"featured_media":0,"comment_status":"open","ping_status":"open","sticky":false,"template":"","format":"standard","meta":{"footnotes":""},"categories":[169],"tags":[],"class_list":{"0":"post-5379","1":"post","2":"type-post","3":"status-publish","4":"format-standard","6":"category-konstantinos-kavafis"},"yoast_head":"<!-- This site is optimized with the Yoast SEO Premium plugin v24.9 (Yoast SEO v24.9) - https:\/\/yoast.com\/wordpress\/plugins\/seo\/ -->\n<title>\u015eEH\u0130R - narteks.net<\/title>\n<meta name=\"robots\" content=\"index, follow, max-snippet:-1, max-image-preview:large, max-video-preview:-1\" \/>\n<link rel=\"canonical\" href=\"https:\/\/narteks.net\/index.php\/2011\/02\/28\/sehir\/\" \/>\n<meta property=\"og:locale\" content=\"tr_TR\" \/>\n<meta property=\"og:type\" content=\"article\" \/>\n<meta property=\"og:title\" content=\"\u015eEH\u0130R\" \/>\n<meta property=\"og:description\" content=\"\u00a0 Bir ba\u015fka \u00fclkeye, bir ba\u015fka denize giderim, dedinbundan daha iyi bir ba\u015fka \u015fehir bulunur elbet.Her \u00e7abam kaderin olumsuz bir yarg\u0131s\u0131yla kar\u015f\u0131 kar\u015f\u0131ya;-bir ceset gibi- g\u00f6m\u00fcl\u00fc kalbim.Akl\u0131m daha ne kadar kalacak bu \u00e7orak \u00fclkede?Y\u00fcz\u00fcm\u00fc nereye \u00e7evirsem, nereye baksam,kara y\u0131k\u0131nt\u0131lar\u0131n\u0131 g\u00f6r\u00fcyorum \u00f6mr\u00fcm\u00fcn,bo\u015funa bunca y\u0131l t\u00fcketti\u011fim bu \u00fclkede.&#8217; Yeni bir \u00fclke bulamazs\u0131n, ba\u015fka bir deniz bulamazs\u0131n.Bu \u015fehir [&hellip;]\" \/>\n<meta property=\"og:url\" content=\"https:\/\/narteks.net\/index.php\/2011\/02\/28\/sehir\/\" \/>\n<meta property=\"og:site_name\" content=\"narteks.net\" \/>\n<meta property=\"article:published_time\" content=\"2011-02-28T12:15:22+00:00\" \/>\n<meta property=\"og:image\" content=\"https:\/\/narteks.net\/wp-content\/uploads\/narteks.png\" \/>\n\t<meta property=\"og:image:width\" content=\"300\" \/>\n\t<meta property=\"og:image:height\" content=\"90\" \/>\n\t<meta property=\"og:image:type\" content=\"image\/png\" \/>\n<meta name=\"author\" content=\"Tar\u0131k\" \/>\n<meta name=\"twitter:card\" content=\"summary_large_image\" \/>\n<meta name=\"twitter:creator\" content=\"@narteks\" \/>\n<meta name=\"twitter:site\" content=\"@narteks\" \/>\n<meta name=\"twitter:label1\" content=\"Yazan:\" \/>\n\t<meta name=\"twitter:data1\" content=\"Tar\u0131k\" \/>\n\t<meta name=\"twitter:label2\" content=\"Tahmini okuma s\u00fcresi\" \/>\n\t<meta name=\"twitter:data2\" content=\"1 dakika\" \/>\n<script type=\"application\/ld+json\" class=\"yoast-schema-graph\">{\"@context\":\"https:\/\/schema.org\",\"@graph\":[{\"@type\":\"Article\",\"@id\":\"https:\/\/narteks.net\/index.php\/2011\/02\/28\/sehir\/#article\",\"isPartOf\":{\"@id\":\"https:\/\/narteks.net\/index.php\/2011\/02\/28\/sehir\/\"},\"author\":{\"name\":\"Tar\u0131k\",\"@id\":\"https:\/\/narteks.net\/#\/schema\/person\/61f37d9834294b72d31d274e7ed79bca\"},\"headline\":\"\u015eEH\u0130R\",\"datePublished\":\"2011-02-28T12:15:22+00:00\",\"mainEntityOfPage\":{\"@id\":\"https:\/\/narteks.net\/index.php\/2011\/02\/28\/sehir\/\"},\"wordCount\":153,\"commentCount\":0,\"publisher\":{\"@id\":\"https:\/\/narteks.net\/#organization\"},\"articleSection\":[\"Konstantinos KAVAF\u0130S\"],\"inLanguage\":\"tr\",\"potentialAction\":[{\"@type\":\"CommentAction\",\"name\":\"Comment\",\"target\":[\"https:\/\/narteks.net\/index.php\/2011\/02\/28\/sehir\/#respond\"]}]},{\"@type\":\"WebPage\",\"@id\":\"https:\/\/narteks.net\/index.php\/2011\/02\/28\/sehir\/\",\"url\":\"https:\/\/narteks.net\/index.php\/2011\/02\/28\/sehir\/\",\"name\":\"\u015eEH\u0130R - narteks.net\",\"isPartOf\":{\"@id\":\"https:\/\/narteks.net\/#website\"},\"datePublished\":\"2011-02-28T12:15:22+00:00\",\"breadcrumb\":{\"@id\":\"https:\/\/narteks.net\/index.php\/2011\/02\/28\/sehir\/#breadcrumb\"},\"inLanguage\":\"tr\",\"potentialAction\":[{\"@type\":\"ReadAction\",\"target\":[\"https:\/\/narteks.net\/index.php\/2011\/02\/28\/sehir\/\"]}]},{\"@type\":\"BreadcrumbList\",\"@id\":\"https:\/\/narteks.net\/index.php\/2011\/02\/28\/sehir\/#breadcrumb\",\"itemListElement\":[{\"@type\":\"ListItem\",\"position\":1,\"name\":\"Anasayfa\",\"item\":\"https:\/\/narteks.net\/\"},{\"@type\":\"ListItem\",\"position\":2,\"name\":\"\u015eEH\u0130R\"}]},{\"@type\":\"WebSite\",\"@id\":\"https:\/\/narteks.net\/#website\",\"url\":\"https:\/\/narteks.net\/\",\"name\":\"narteks.net\",\"description\":\"K\u00fclt\u00fcr Sanat Edebiyat Felsefe\",\"publisher\":{\"@id\":\"https:\/\/narteks.net\/#organization\"},\"alternateName\":\"K\u00fclt\u00fcr Sanat Edebiyat Felsefe\",\"potentialAction\":[{\"@type\":\"SearchAction\",\"target\":{\"@type\":\"EntryPoint\",\"urlTemplate\":\"https:\/\/narteks.net\/?s={search_term_string}\"},\"query-input\":{\"@type\":\"PropertyValueSpecification\",\"valueRequired\":true,\"valueName\":\"search_term_string\"}}],\"inLanguage\":\"tr\"},{\"@type\":\"Organization\",\"@id\":\"https:\/\/narteks.net\/#organization\",\"name\":\"narteks.net\",\"url\":\"https:\/\/narteks.net\/\",\"logo\":{\"@type\":\"ImageObject\",\"inLanguage\":\"tr\",\"@id\":\"https:\/\/narteks.net\/#\/schema\/logo\/image\/\",\"url\":\"https:\/\/narteks.net\/wp-content\/uploads\/narteks.png\",\"contentUrl\":\"https:\/\/narteks.net\/wp-content\/uploads\/narteks.png\",\"width\":300,\"height\":90,\"caption\":\"narteks.net\"},\"image\":{\"@id\":\"https:\/\/narteks.net\/#\/schema\/logo\/image\/\"},\"sameAs\":[\"https:\/\/x.com\/narteks\",\"https:\/\/instagram.com\/narteksnet\"]},{\"@type\":\"Person\",\"@id\":\"https:\/\/narteks.net\/#\/schema\/person\/61f37d9834294b72d31d274e7ed79bca\",\"name\":\"Tar\u0131k\",\"image\":{\"@type\":\"ImageObject\",\"inLanguage\":\"tr\",\"@id\":\"https:\/\/narteks.net\/#\/schema\/person\/image\/\",\"url\":\"https:\/\/secure.gravatar.com\/avatar\/50865afb55632c4ae467e0af0930f6510aa2297d8014be502a55b14f3b7550cf?s=96&d=mm&r=g\",\"contentUrl\":\"https:\/\/secure.gravatar.com\/avatar\/50865afb55632c4ae467e0af0930f6510aa2297d8014be502a55b14f3b7550cf?s=96&d=mm&r=g\",\"caption\":\"Tar\u0131k\"},\"sameAs\":[\"http:\/\/narteks.net\"],\"url\":\"https:\/\/narteks.net\/index.php\/author\/narbak\/\"}]}<\/script>\n<!-- \/ Yoast SEO Premium plugin. -->","yoast_head_json":{"title":"\u015eEH\u0130R - narteks.net","robots":{"index":"index","follow":"follow","max-snippet":"max-snippet:-1","max-image-preview":"max-image-preview:large","max-video-preview":"max-video-preview:-1"},"canonical":"https:\/\/narteks.net\/index.php\/2011\/02\/28\/sehir\/","og_locale":"tr_TR","og_type":"article","og_title":"\u015eEH\u0130R","og_description":"\u00a0 Bir ba\u015fka \u00fclkeye, bir ba\u015fka denize giderim, dedinbundan daha iyi bir ba\u015fka \u015fehir bulunur elbet.Her \u00e7abam kaderin olumsuz bir yarg\u0131s\u0131yla kar\u015f\u0131 kar\u015f\u0131ya;-bir ceset gibi- g\u00f6m\u00fcl\u00fc kalbim.Akl\u0131m daha ne kadar kalacak bu \u00e7orak \u00fclkede?Y\u00fcz\u00fcm\u00fc nereye \u00e7evirsem, nereye baksam,kara y\u0131k\u0131nt\u0131lar\u0131n\u0131 g\u00f6r\u00fcyorum \u00f6mr\u00fcm\u00fcn,bo\u015funa bunca y\u0131l t\u00fcketti\u011fim bu \u00fclkede.&#8217; Yeni bir \u00fclke bulamazs\u0131n, ba\u015fka bir deniz bulamazs\u0131n.Bu \u015fehir [&hellip;]","og_url":"https:\/\/narteks.net\/index.php\/2011\/02\/28\/sehir\/","og_site_name":"narteks.net","article_published_time":"2011-02-28T12:15:22+00:00","og_image":[{"width":300,"height":90,"url":"https:\/\/narteks.net\/wp-content\/uploads\/narteks.png","type":"image\/png"}],"author":"Tar\u0131k","twitter_card":"summary_large_image","twitter_creator":"@narteks","twitter_site":"@narteks","twitter_misc":{"Yazan:":"Tar\u0131k","Tahmini okuma s\u00fcresi":"1 dakika"},"schema":{"@context":"https:\/\/schema.org","@graph":[{"@type":"Article","@id":"https:\/\/narteks.net\/index.php\/2011\/02\/28\/sehir\/#article","isPartOf":{"@id":"https:\/\/narteks.net\/index.php\/2011\/02\/28\/sehir\/"},"author":{"name":"Tar\u0131k","@id":"https:\/\/narteks.net\/#\/schema\/person\/61f37d9834294b72d31d274e7ed79bca"},"headline":"\u015eEH\u0130R","datePublished":"2011-02-28T12:15:22+00:00","mainEntityOfPage":{"@id":"https:\/\/narteks.net\/index.php\/2011\/02\/28\/sehir\/"},"wordCount":153,"commentCount":0,"publisher":{"@id":"https:\/\/narteks.net\/#organization"},"articleSection":["Konstantinos KAVAF\u0130S"],"inLanguage":"tr","potentialAction":[{"@type":"CommentAction","name":"Comment","target":["https:\/\/narteks.net\/index.php\/2011\/02\/28\/sehir\/#respond"]}]},{"@type":"WebPage","@id":"https:\/\/narteks.net\/index.php\/2011\/02\/28\/sehir\/","url":"https:\/\/narteks.net\/index.php\/2011\/02\/28\/sehir\/","name":"\u015eEH\u0130R - narteks.net","isPartOf":{"@id":"https:\/\/narteks.net\/#website"},"datePublished":"2011-02-28T12:15:22+00:00","breadcrumb":{"@id":"https:\/\/narteks.net\/index.php\/2011\/02\/28\/sehir\/#breadcrumb"},"inLanguage":"tr","potentialAction":[{"@type":"ReadAction","target":["https:\/\/narteks.net\/index.php\/2011\/02\/28\/sehir\/"]}]},{"@type":"BreadcrumbList","@id":"https:\/\/narteks.net\/index.php\/2011\/02\/28\/sehir\/#breadcrumb","itemListElement":[{"@type":"ListItem","position":1,"name":"Anasayfa","item":"https:\/\/narteks.net\/"},{"@type":"ListItem","position":2,"name":"\u015eEH\u0130R"}]},{"@type":"WebSite","@id":"https:\/\/narteks.net\/#website","url":"https:\/\/narteks.net\/","name":"narteks.net","description":"K\u00fclt\u00fcr Sanat Edebiyat Felsefe","publisher":{"@id":"https:\/\/narteks.net\/#organization"},"alternateName":"K\u00fclt\u00fcr Sanat Edebiyat Felsefe","potentialAction":[{"@type":"SearchAction","target":{"@type":"EntryPoint","urlTemplate":"https:\/\/narteks.net\/?s={search_term_string}"},"query-input":{"@type":"PropertyValueSpecification","valueRequired":true,"valueName":"search_term_string"}}],"inLanguage":"tr"},{"@type":"Organization","@id":"https:\/\/narteks.net\/#organization","name":"narteks.net","url":"https:\/\/narteks.net\/","logo":{"@type":"ImageObject","inLanguage":"tr","@id":"https:\/\/narteks.net\/#\/schema\/logo\/image\/","url":"https:\/\/narteks.net\/wp-content\/uploads\/narteks.png","contentUrl":"https:\/\/narteks.net\/wp-content\/uploads\/narteks.png","width":300,"height":90,"caption":"narteks.net"},"image":{"@id":"https:\/\/narteks.net\/#\/schema\/logo\/image\/"},"sameAs":["https:\/\/x.com\/narteks","https:\/\/instagram.com\/narteksnet"]},{"@type":"Person","@id":"https:\/\/narteks.net\/#\/schema\/person\/61f37d9834294b72d31d274e7ed79bca","name":"Tar\u0131k","image":{"@type":"ImageObject","inLanguage":"tr","@id":"https:\/\/narteks.net\/#\/schema\/person\/image\/","url":"https:\/\/secure.gravatar.com\/avatar\/50865afb55632c4ae467e0af0930f6510aa2297d8014be502a55b14f3b7550cf?s=96&d=mm&r=g","contentUrl":"https:\/\/secure.gravatar.com\/avatar\/50865afb55632c4ae467e0af0930f6510aa2297d8014be502a55b14f3b7550cf?s=96&d=mm&r=g","caption":"Tar\u0131k"},"sameAs":["http:\/\/narteks.net"],"url":"https:\/\/narteks.net\/index.php\/author\/narbak\/"}]}},"_links":{"self":[{"href":"https:\/\/narteks.net\/index.php\/wp-json\/wp\/v2\/posts\/5379","targetHints":{"allow":["GET"]}}],"collection":[{"href":"https:\/\/narteks.net\/index.php\/wp-json\/wp\/v2\/posts"}],"about":[{"href":"https:\/\/narteks.net\/index.php\/wp-json\/wp\/v2\/types\/post"}],"author":[{"embeddable":true,"href":"https:\/\/narteks.net\/index.php\/wp-json\/wp\/v2\/users\/1"}],"replies":[{"embeddable":true,"href":"https:\/\/narteks.net\/index.php\/wp-json\/wp\/v2\/comments?post=5379"}],"version-history":[{"count":0,"href":"https:\/\/narteks.net\/index.php\/wp-json\/wp\/v2\/posts\/5379\/revisions"}],"wp:attachment":[{"href":"https:\/\/narteks.net\/index.php\/wp-json\/wp\/v2\/media?parent=5379"}],"wp:term":[{"taxonomy":"category","embeddable":true,"href":"https:\/\/narteks.net\/index.php\/wp-json\/wp\/v2\/categories?post=5379"},{"taxonomy":"post_tag","embeddable":true,"href":"https:\/\/narteks.net\/index.php\/wp-json\/wp\/v2\/tags?post=5379"}],"curies":[{"name":"wp","href":"https:\/\/api.w.org\/{rel}","templated":true}]}}