{"id":5388,"date":"2011-02-28T15:25:28","date_gmt":"2011-02-28T12:25:28","guid":{"rendered":"http:\/\/localhost\/wordpress\/2011\/02\/28\/barbarlari-beklerken\/"},"modified":"2011-02-28T15:25:28","modified_gmt":"2011-02-28T12:25:28","slug":"barbarlari-beklerken","status":"publish","type":"post","link":"https:\/\/narteks.net\/index.php\/2011\/02\/28\/barbarlari-beklerken\/","title":{"rendered":"BARBARLARI BEKLERKEN"},"content":{"rendered":"<p>\u00a0<\/p>\n<p>Neyi bekliyoruz b\u00f6yle toplanm\u0131\u015f pazar yerine?<\/p>\n<p> Bug\u00fcn barbarlar geliyormu\u015f buraya.<\/p>\n<p>Neden hi\u00e7 k\u0131p\u0131rt\u0131 yok senatoda?<br \/>Senat\u00f6rler neden yasa yapmadan oturuyorlar?<\/p>\n<p> \u00c7\u00fcnk\u00fc barbarlar geliyormu\u015f bug\u00fcn.<br \/> Senat\u00f6rler neden yasa yaps\u0131nlar?<br \/> Barbarlar geldi mi bir kez, yasalar\u0131 onlar yapacaklar.<\/p>\n<p>Neden \u00f6yle erken kalkm\u0131\u015f imparatorumuz,<br \/>\u015fehrin en b\u00fcy\u00fck kap\u0131s\u0131nda neden kurulmu\u015f taht\u0131na,<br \/>ba\u015f\u0131nda tac\u0131, t\u00f6rene haz\u0131r?<\/p>\n<p> \u00c7\u00fcnk\u00fc barbarlar geliyormu\u015f bug\u00fcn,<br \/> onlar\u0131n ba\u015fbu\u011funu kar\u015f\u0131lamaya \u00e7\u0131km\u0131\u015f imparatorumuz.<br \/> Bir de koca ferman haz\u0131rlatm\u0131\u015f<br \/> ona r\u00fctbeler, unvanlar ba\u011f\u0131\u015flayan.<\/p>\n<p>\u0130ki kons\u00fcl\u00fcm\u00fczle yarg\u0131\u00e7lar\u0131m\u0131z neden b\u00f6yle<br \/>i\u015flemeli, k\u0131rm\u0131z\u0131 kaftanlar giyinip gelmi\u015fler?<br \/>Neden b\u00f6yle yakut bilezikler, parlak,<br \/>g\u00f6rkemli z\u00fcmr\u00fct y\u00fcz\u00fckler tak\u0131nm\u0131\u015flar?<br \/>Ellerinde neden b\u00f6yle alt\u0131n,<br \/>g\u00fcm\u00fc\u015f kakmal\u0131 asalar var?<\/p>\n<p> \u00c7\u00fcnk\u00fc barbarlar geliyormu\u015f bug\u00fcn,<br \/> onlar\u0131n g\u00f6zlerini kama\u015ft\u0131r\u0131rm\u0131\u015f b\u00f6yle tak\u0131lar.<\/p>\n<p>\u00dcnl\u00fc konu\u015fmac\u0131lar\u0131m\u0131z nerde peki,<br \/>neden herzamanki gibi s\u00f6ylev \u00e7ekmiyorlar?<\/p>\n<p> \u00c7\u00fcnk\u00fc barbarlar geliyormu\u015f bug\u00fcn,<br \/> onlar pek ald\u0131rmazlarm\u0131\u015f g\u00fczel s\u00f6zlere.<\/p>\n<p>Neden bu beklenmedik \u015fa\u015fk\u0131nl\u0131k, bu karga\u015fa?<br \/>(Nas\u0131l da as\u0131ld\u0131 y\u00fcz\u00fc herkesin!)<br \/>Neden b\u00f6yle h\u0131zla bo\u015fal\u0131yor sokaklarla alanlar,<br \/>neden herkes dalg\u0131n d\u00f6n\u00fcyor evine?<\/p>\n<p> \u00c7\u00fcnk\u00fc hava karard\u0131, barbarlar gelmedi.<br \/> ve s\u0131n\u0131r boyundan d\u00f6nen habercilere g\u00f6re,<br \/> barbarlar diye kimseler yokmu\u015f art\u0131k.<\/p>\n<p>Peki, biz ne yapaca\u011f\u0131z \u015fimdi barbarlar olmadan?<br \/>Bir \u00e7e\u015fit \u00e7\u00f6z\u00fcmd\u00fc onlar sorunlar\u0131m\u0131za.<\/p>\n<p>\u00c7eviri: Cevat \u00c7APAN<\/p>\n<p>Konstantinos KAVAF\u0130S<\/p>\n","protected":false},"excerpt":{"rendered":"<p>\u00a0 Neyi bekliyoruz b\u00f6yle toplanm\u0131\u015f pazar yerine? Bug\u00fcn barbarlar geliyormu\u015f buraya. Neden hi\u00e7 k\u0131p\u0131rt\u0131 yok senatoda?Senat\u00f6rler neden yasa yapmadan oturuyorlar? \u00c7\u00fcnk\u00fc barbarlar geliyormu\u015f bug\u00fcn. Senat\u00f6rler neden yasa yaps\u0131nlar? Barbarlar geldi mi bir kez, yasalar\u0131 onlar yapacaklar. Neden \u00f6yle erken kalkm\u0131\u015f imparatorumuz,\u015fehrin en b\u00fcy\u00fck kap\u0131s\u0131nda neden kurulmu\u015f taht\u0131na,ba\u015f\u0131nda tac\u0131, t\u00f6rene haz\u0131r? \u00c7\u00fcnk\u00fc barbarlar geliyormu\u015f bug\u00fcn, onlar\u0131n [&hellip;]<\/p>\n","protected":false},"author":1,"featured_media":0,"comment_status":"open","ping_status":"open","sticky":false,"template":"","format":"standard","meta":{"footnotes":""},"categories":[169],"tags":[],"class_list":{"0":"post-5388","1":"post","2":"type-post","3":"status-publish","4":"format-standard","6":"category-konstantinos-kavafis"},"yoast_head":"<!-- This site is optimized with the Yoast SEO Premium plugin v24.9 (Yoast SEO v24.9) - https:\/\/yoast.com\/wordpress\/plugins\/seo\/ -->\n<title>BARBARLARI BEKLERKEN - narteks.net<\/title>\n<meta name=\"robots\" content=\"index, follow, max-snippet:-1, max-image-preview:large, max-video-preview:-1\" \/>\n<link rel=\"canonical\" href=\"https:\/\/narteks.net\/index.php\/2011\/02\/28\/barbarlari-beklerken\/\" \/>\n<meta property=\"og:locale\" content=\"tr_TR\" \/>\n<meta property=\"og:type\" content=\"article\" \/>\n<meta property=\"og:title\" content=\"BARBARLARI BEKLERKEN\" \/>\n<meta property=\"og:description\" content=\"\u00a0 Neyi bekliyoruz b\u00f6yle toplanm\u0131\u015f pazar yerine? Bug\u00fcn barbarlar geliyormu\u015f buraya. Neden hi\u00e7 k\u0131p\u0131rt\u0131 yok senatoda?Senat\u00f6rler neden yasa yapmadan oturuyorlar? \u00c7\u00fcnk\u00fc barbarlar geliyormu\u015f bug\u00fcn. Senat\u00f6rler neden yasa yaps\u0131nlar? Barbarlar geldi mi bir kez, yasalar\u0131 onlar yapacaklar. Neden \u00f6yle erken kalkm\u0131\u015f imparatorumuz,\u015fehrin en b\u00fcy\u00fck kap\u0131s\u0131nda neden kurulmu\u015f taht\u0131na,ba\u015f\u0131nda tac\u0131, t\u00f6rene haz\u0131r? \u00c7\u00fcnk\u00fc barbarlar geliyormu\u015f bug\u00fcn, onlar\u0131n [&hellip;]\" \/>\n<meta property=\"og:url\" content=\"https:\/\/narteks.net\/index.php\/2011\/02\/28\/barbarlari-beklerken\/\" \/>\n<meta property=\"og:site_name\" content=\"narteks.net\" \/>\n<meta property=\"article:published_time\" content=\"2011-02-28T12:25:28+00:00\" \/>\n<meta property=\"og:image\" content=\"https:\/\/narteks.net\/wp-content\/uploads\/narteks.png\" \/>\n\t<meta property=\"og:image:width\" content=\"300\" \/>\n\t<meta property=\"og:image:height\" content=\"90\" \/>\n\t<meta property=\"og:image:type\" content=\"image\/png\" \/>\n<meta name=\"author\" content=\"Tar\u0131k\" \/>\n<meta name=\"twitter:card\" content=\"summary_large_image\" \/>\n<meta name=\"twitter:creator\" content=\"@narteks\" \/>\n<meta name=\"twitter:site\" content=\"@narteks\" \/>\n<meta name=\"twitter:label1\" content=\"Yazan:\" \/>\n\t<meta name=\"twitter:data1\" content=\"Tar\u0131k\" \/>\n\t<meta name=\"twitter:label2\" content=\"Tahmini okuma s\u00fcresi\" \/>\n\t<meta name=\"twitter:data2\" content=\"1 dakika\" \/>\n<script type=\"application\/ld+json\" class=\"yoast-schema-graph\">{\"@context\":\"https:\/\/schema.org\",\"@graph\":[{\"@type\":\"Article\",\"@id\":\"https:\/\/narteks.net\/index.php\/2011\/02\/28\/barbarlari-beklerken\/#article\",\"isPartOf\":{\"@id\":\"https:\/\/narteks.net\/index.php\/2011\/02\/28\/barbarlari-beklerken\/\"},\"author\":{\"name\":\"Tar\u0131k\",\"@id\":\"https:\/\/narteks.net\/#\/schema\/person\/61f37d9834294b72d31d274e7ed79bca\"},\"headline\":\"BARBARLARI BEKLERKEN\",\"datePublished\":\"2011-02-28T12:25:28+00:00\",\"mainEntityOfPage\":{\"@id\":\"https:\/\/narteks.net\/index.php\/2011\/02\/28\/barbarlari-beklerken\/\"},\"wordCount\":268,\"commentCount\":0,\"publisher\":{\"@id\":\"https:\/\/narteks.net\/#organization\"},\"articleSection\":[\"Konstantinos KAVAF\u0130S\"],\"inLanguage\":\"tr\",\"potentialAction\":[{\"@type\":\"CommentAction\",\"name\":\"Comment\",\"target\":[\"https:\/\/narteks.net\/index.php\/2011\/02\/28\/barbarlari-beklerken\/#respond\"]}]},{\"@type\":\"WebPage\",\"@id\":\"https:\/\/narteks.net\/index.php\/2011\/02\/28\/barbarlari-beklerken\/\",\"url\":\"https:\/\/narteks.net\/index.php\/2011\/02\/28\/barbarlari-beklerken\/\",\"name\":\"BARBARLARI BEKLERKEN - narteks.net\",\"isPartOf\":{\"@id\":\"https:\/\/narteks.net\/#website\"},\"datePublished\":\"2011-02-28T12:25:28+00:00\",\"breadcrumb\":{\"@id\":\"https:\/\/narteks.net\/index.php\/2011\/02\/28\/barbarlari-beklerken\/#breadcrumb\"},\"inLanguage\":\"tr\",\"potentialAction\":[{\"@type\":\"ReadAction\",\"target\":[\"https:\/\/narteks.net\/index.php\/2011\/02\/28\/barbarlari-beklerken\/\"]}]},{\"@type\":\"BreadcrumbList\",\"@id\":\"https:\/\/narteks.net\/index.php\/2011\/02\/28\/barbarlari-beklerken\/#breadcrumb\",\"itemListElement\":[{\"@type\":\"ListItem\",\"position\":1,\"name\":\"Anasayfa\",\"item\":\"https:\/\/narteks.net\/\"},{\"@type\":\"ListItem\",\"position\":2,\"name\":\"BARBARLARI BEKLERKEN\"}]},{\"@type\":\"WebSite\",\"@id\":\"https:\/\/narteks.net\/#website\",\"url\":\"https:\/\/narteks.net\/\",\"name\":\"narteks.net\",\"description\":\"K\u00fclt\u00fcr Sanat Edebiyat Felsefe\",\"publisher\":{\"@id\":\"https:\/\/narteks.net\/#organization\"},\"alternateName\":\"K\u00fclt\u00fcr Sanat Edebiyat Felsefe\",\"potentialAction\":[{\"@type\":\"SearchAction\",\"target\":{\"@type\":\"EntryPoint\",\"urlTemplate\":\"https:\/\/narteks.net\/?s={search_term_string}\"},\"query-input\":{\"@type\":\"PropertyValueSpecification\",\"valueRequired\":true,\"valueName\":\"search_term_string\"}}],\"inLanguage\":\"tr\"},{\"@type\":\"Organization\",\"@id\":\"https:\/\/narteks.net\/#organization\",\"name\":\"narteks.net\",\"url\":\"https:\/\/narteks.net\/\",\"logo\":{\"@type\":\"ImageObject\",\"inLanguage\":\"tr\",\"@id\":\"https:\/\/narteks.net\/#\/schema\/logo\/image\/\",\"url\":\"https:\/\/narteks.net\/wp-content\/uploads\/narteks.png\",\"contentUrl\":\"https:\/\/narteks.net\/wp-content\/uploads\/narteks.png\",\"width\":300,\"height\":90,\"caption\":\"narteks.net\"},\"image\":{\"@id\":\"https:\/\/narteks.net\/#\/schema\/logo\/image\/\"},\"sameAs\":[\"https:\/\/x.com\/narteks\",\"https:\/\/instagram.com\/narteksnet\"]},{\"@type\":\"Person\",\"@id\":\"https:\/\/narteks.net\/#\/schema\/person\/61f37d9834294b72d31d274e7ed79bca\",\"name\":\"Tar\u0131k\",\"image\":{\"@type\":\"ImageObject\",\"inLanguage\":\"tr\",\"@id\":\"https:\/\/narteks.net\/#\/schema\/person\/image\/\",\"url\":\"https:\/\/secure.gravatar.com\/avatar\/50865afb55632c4ae467e0af0930f6510aa2297d8014be502a55b14f3b7550cf?s=96&d=mm&r=g\",\"contentUrl\":\"https:\/\/secure.gravatar.com\/avatar\/50865afb55632c4ae467e0af0930f6510aa2297d8014be502a55b14f3b7550cf?s=96&d=mm&r=g\",\"caption\":\"Tar\u0131k\"},\"sameAs\":[\"http:\/\/narteks.net\"],\"url\":\"https:\/\/narteks.net\/index.php\/author\/narbak\/\"}]}<\/script>\n<!-- \/ Yoast SEO Premium plugin. -->","yoast_head_json":{"title":"BARBARLARI BEKLERKEN - narteks.net","robots":{"index":"index","follow":"follow","max-snippet":"max-snippet:-1","max-image-preview":"max-image-preview:large","max-video-preview":"max-video-preview:-1"},"canonical":"https:\/\/narteks.net\/index.php\/2011\/02\/28\/barbarlari-beklerken\/","og_locale":"tr_TR","og_type":"article","og_title":"BARBARLARI BEKLERKEN","og_description":"\u00a0 Neyi bekliyoruz b\u00f6yle toplanm\u0131\u015f pazar yerine? Bug\u00fcn barbarlar geliyormu\u015f buraya. Neden hi\u00e7 k\u0131p\u0131rt\u0131 yok senatoda?Senat\u00f6rler neden yasa yapmadan oturuyorlar? \u00c7\u00fcnk\u00fc barbarlar geliyormu\u015f bug\u00fcn. Senat\u00f6rler neden yasa yaps\u0131nlar? Barbarlar geldi mi bir kez, yasalar\u0131 onlar yapacaklar. Neden \u00f6yle erken kalkm\u0131\u015f imparatorumuz,\u015fehrin en b\u00fcy\u00fck kap\u0131s\u0131nda neden kurulmu\u015f taht\u0131na,ba\u015f\u0131nda tac\u0131, t\u00f6rene haz\u0131r? \u00c7\u00fcnk\u00fc barbarlar geliyormu\u015f bug\u00fcn, onlar\u0131n [&hellip;]","og_url":"https:\/\/narteks.net\/index.php\/2011\/02\/28\/barbarlari-beklerken\/","og_site_name":"narteks.net","article_published_time":"2011-02-28T12:25:28+00:00","og_image":[{"width":300,"height":90,"url":"https:\/\/narteks.net\/wp-content\/uploads\/narteks.png","type":"image\/png"}],"author":"Tar\u0131k","twitter_card":"summary_large_image","twitter_creator":"@narteks","twitter_site":"@narteks","twitter_misc":{"Yazan:":"Tar\u0131k","Tahmini okuma s\u00fcresi":"1 dakika"},"schema":{"@context":"https:\/\/schema.org","@graph":[{"@type":"Article","@id":"https:\/\/narteks.net\/index.php\/2011\/02\/28\/barbarlari-beklerken\/#article","isPartOf":{"@id":"https:\/\/narteks.net\/index.php\/2011\/02\/28\/barbarlari-beklerken\/"},"author":{"name":"Tar\u0131k","@id":"https:\/\/narteks.net\/#\/schema\/person\/61f37d9834294b72d31d274e7ed79bca"},"headline":"BARBARLARI BEKLERKEN","datePublished":"2011-02-28T12:25:28+00:00","mainEntityOfPage":{"@id":"https:\/\/narteks.net\/index.php\/2011\/02\/28\/barbarlari-beklerken\/"},"wordCount":268,"commentCount":0,"publisher":{"@id":"https:\/\/narteks.net\/#organization"},"articleSection":["Konstantinos KAVAF\u0130S"],"inLanguage":"tr","potentialAction":[{"@type":"CommentAction","name":"Comment","target":["https:\/\/narteks.net\/index.php\/2011\/02\/28\/barbarlari-beklerken\/#respond"]}]},{"@type":"WebPage","@id":"https:\/\/narteks.net\/index.php\/2011\/02\/28\/barbarlari-beklerken\/","url":"https:\/\/narteks.net\/index.php\/2011\/02\/28\/barbarlari-beklerken\/","name":"BARBARLARI BEKLERKEN - narteks.net","isPartOf":{"@id":"https:\/\/narteks.net\/#website"},"datePublished":"2011-02-28T12:25:28+00:00","breadcrumb":{"@id":"https:\/\/narteks.net\/index.php\/2011\/02\/28\/barbarlari-beklerken\/#breadcrumb"},"inLanguage":"tr","potentialAction":[{"@type":"ReadAction","target":["https:\/\/narteks.net\/index.php\/2011\/02\/28\/barbarlari-beklerken\/"]}]},{"@type":"BreadcrumbList","@id":"https:\/\/narteks.net\/index.php\/2011\/02\/28\/barbarlari-beklerken\/#breadcrumb","itemListElement":[{"@type":"ListItem","position":1,"name":"Anasayfa","item":"https:\/\/narteks.net\/"},{"@type":"ListItem","position":2,"name":"BARBARLARI BEKLERKEN"}]},{"@type":"WebSite","@id":"https:\/\/narteks.net\/#website","url":"https:\/\/narteks.net\/","name":"narteks.net","description":"K\u00fclt\u00fcr Sanat Edebiyat Felsefe","publisher":{"@id":"https:\/\/narteks.net\/#organization"},"alternateName":"K\u00fclt\u00fcr Sanat Edebiyat Felsefe","potentialAction":[{"@type":"SearchAction","target":{"@type":"EntryPoint","urlTemplate":"https:\/\/narteks.net\/?s={search_term_string}"},"query-input":{"@type":"PropertyValueSpecification","valueRequired":true,"valueName":"search_term_string"}}],"inLanguage":"tr"},{"@type":"Organization","@id":"https:\/\/narteks.net\/#organization","name":"narteks.net","url":"https:\/\/narteks.net\/","logo":{"@type":"ImageObject","inLanguage":"tr","@id":"https:\/\/narteks.net\/#\/schema\/logo\/image\/","url":"https:\/\/narteks.net\/wp-content\/uploads\/narteks.png","contentUrl":"https:\/\/narteks.net\/wp-content\/uploads\/narteks.png","width":300,"height":90,"caption":"narteks.net"},"image":{"@id":"https:\/\/narteks.net\/#\/schema\/logo\/image\/"},"sameAs":["https:\/\/x.com\/narteks","https:\/\/instagram.com\/narteksnet"]},{"@type":"Person","@id":"https:\/\/narteks.net\/#\/schema\/person\/61f37d9834294b72d31d274e7ed79bca","name":"Tar\u0131k","image":{"@type":"ImageObject","inLanguage":"tr","@id":"https:\/\/narteks.net\/#\/schema\/person\/image\/","url":"https:\/\/secure.gravatar.com\/avatar\/50865afb55632c4ae467e0af0930f6510aa2297d8014be502a55b14f3b7550cf?s=96&d=mm&r=g","contentUrl":"https:\/\/secure.gravatar.com\/avatar\/50865afb55632c4ae467e0af0930f6510aa2297d8014be502a55b14f3b7550cf?s=96&d=mm&r=g","caption":"Tar\u0131k"},"sameAs":["http:\/\/narteks.net"],"url":"https:\/\/narteks.net\/index.php\/author\/narbak\/"}]}},"_links":{"self":[{"href":"https:\/\/narteks.net\/index.php\/wp-json\/wp\/v2\/posts\/5388","targetHints":{"allow":["GET"]}}],"collection":[{"href":"https:\/\/narteks.net\/index.php\/wp-json\/wp\/v2\/posts"}],"about":[{"href":"https:\/\/narteks.net\/index.php\/wp-json\/wp\/v2\/types\/post"}],"author":[{"embeddable":true,"href":"https:\/\/narteks.net\/index.php\/wp-json\/wp\/v2\/users\/1"}],"replies":[{"embeddable":true,"href":"https:\/\/narteks.net\/index.php\/wp-json\/wp\/v2\/comments?post=5388"}],"version-history":[{"count":0,"href":"https:\/\/narteks.net\/index.php\/wp-json\/wp\/v2\/posts\/5388\/revisions"}],"wp:attachment":[{"href":"https:\/\/narteks.net\/index.php\/wp-json\/wp\/v2\/media?parent=5388"}],"wp:term":[{"taxonomy":"category","embeddable":true,"href":"https:\/\/narteks.net\/index.php\/wp-json\/wp\/v2\/categories?post=5388"},{"taxonomy":"post_tag","embeddable":true,"href":"https:\/\/narteks.net\/index.php\/wp-json\/wp\/v2\/tags?post=5388"}],"curies":[{"name":"wp","href":"https:\/\/api.w.org\/{rel}","templated":true}]}}