{"id":5389,"date":"2011-02-28T15:26:55","date_gmt":"2011-02-28T12:26:55","guid":{"rendered":"http:\/\/localhost\/wordpress\/2011\/02\/28\/kaleler\/"},"modified":"2011-02-28T15:26:55","modified_gmt":"2011-02-28T12:26:55","slug":"kaleler","status":"publish","type":"post","link":"https:\/\/narteks.net\/index.php\/2011\/02\/28\/kaleler\/","title":{"rendered":"KALELER"},"content":{"rendered":"<p>\u00a0<\/p>\n<p>D\u00fc\u015f\u00fcnmeden, ac\u0131madan, utanmadan<br \/>y\u00fcksek kaleler kurmu\u015flar d\u00f6rt yan\u0131ma.<\/p>\n<p>Umutsuzluk i\u00e7inde b\u00f6yle hep<br \/>bir \u015fey d\u00fc\u015f\u00fcnmez oldum al\u0131nyaz\u0131mdan ba\u015fka.<\/p>\n<p>D\u0131\u015far\u0131da g\u00f6r\u00fclecek bir s\u00fcr\u00fc i\u015fim vard\u0131<br \/>ben nas\u0131l sezmedim kaleler kuruldu da.<\/p>\n<p>Ses seda i\u015fitmedim \u00e7al\u0131\u015fan i\u015f\u00e7ilerden<br \/>habersiz kapad\u0131lar beni d\u00fcnyan\u0131n d\u0131\u015f\u0131na.<\/p>\n<p> (1896)<\/p>\n<p>\u00c7evirenler : Ionna KU\u00c7URAD\u0130 ve A.Turan OFLAZO\u011eLU<\/p>\n<p>Konstantinos KAVAF\u0130S<\/p>\n","protected":false},"excerpt":{"rendered":"<p>\u00a0 D\u00fc\u015f\u00fcnmeden, ac\u0131madan, utanmadany\u00fcksek kaleler kurmu\u015flar d\u00f6rt yan\u0131ma. Umutsuzluk i\u00e7inde b\u00f6yle hepbir \u015fey d\u00fc\u015f\u00fcnmez oldum al\u0131nyaz\u0131mdan ba\u015fka. D\u0131\u015far\u0131da g\u00f6r\u00fclecek bir s\u00fcr\u00fc i\u015fim vard\u0131ben nas\u0131l sezmedim kaleler kuruldu da. Ses seda i\u015fitmedim \u00e7al\u0131\u015fan i\u015f\u00e7ilerdenhabersiz kapad\u0131lar beni d\u00fcnyan\u0131n d\u0131\u015f\u0131na. (1896) \u00c7evirenler : Ionna KU\u00c7URAD\u0130 ve A.Turan OFLAZO\u011eLU Konstantinos KAVAF\u0130S<\/p>\n","protected":false},"author":1,"featured_media":0,"comment_status":"open","ping_status":"open","sticky":false,"template":"","format":"standard","meta":{"footnotes":""},"categories":[169],"tags":[],"class_list":{"0":"post-5389","1":"post","2":"type-post","3":"status-publish","4":"format-standard","6":"category-konstantinos-kavafis"},"yoast_head":"<!-- This site is optimized with the Yoast SEO Premium plugin v24.9 (Yoast SEO v24.9) - https:\/\/yoast.com\/wordpress\/plugins\/seo\/ -->\n<title>KALELER - narteks.net<\/title>\n<meta name=\"robots\" content=\"index, follow, max-snippet:-1, max-image-preview:large, max-video-preview:-1\" \/>\n<link rel=\"canonical\" href=\"https:\/\/narteks.net\/index.php\/2011\/02\/28\/kaleler\/\" \/>\n<meta property=\"og:locale\" content=\"tr_TR\" \/>\n<meta property=\"og:type\" content=\"article\" \/>\n<meta property=\"og:title\" content=\"KALELER\" \/>\n<meta property=\"og:description\" content=\"\u00a0 D\u00fc\u015f\u00fcnmeden, ac\u0131madan, utanmadany\u00fcksek kaleler kurmu\u015flar d\u00f6rt yan\u0131ma. Umutsuzluk i\u00e7inde b\u00f6yle hepbir \u015fey d\u00fc\u015f\u00fcnmez oldum al\u0131nyaz\u0131mdan ba\u015fka. D\u0131\u015far\u0131da g\u00f6r\u00fclecek bir s\u00fcr\u00fc i\u015fim vard\u0131ben nas\u0131l sezmedim kaleler kuruldu da. Ses seda i\u015fitmedim \u00e7al\u0131\u015fan i\u015f\u00e7ilerdenhabersiz kapad\u0131lar beni d\u00fcnyan\u0131n d\u0131\u015f\u0131na. (1896) \u00c7evirenler : Ionna KU\u00c7URAD\u0130 ve A.Turan OFLAZO\u011eLU Konstantinos KAVAF\u0130S\" \/>\n<meta property=\"og:url\" content=\"https:\/\/narteks.net\/index.php\/2011\/02\/28\/kaleler\/\" \/>\n<meta property=\"og:site_name\" content=\"narteks.net\" \/>\n<meta property=\"article:published_time\" content=\"2011-02-28T12:26:55+00:00\" \/>\n<meta property=\"og:image\" content=\"https:\/\/narteks.net\/wp-content\/uploads\/narteks.png\" \/>\n\t<meta property=\"og:image:width\" content=\"300\" \/>\n\t<meta property=\"og:image:height\" content=\"90\" \/>\n\t<meta property=\"og:image:type\" content=\"image\/png\" \/>\n<meta name=\"author\" content=\"Tar\u0131k\" \/>\n<meta name=\"twitter:card\" content=\"summary_large_image\" \/>\n<meta name=\"twitter:creator\" content=\"@narteks\" \/>\n<meta name=\"twitter:site\" content=\"@narteks\" \/>\n<meta name=\"twitter:label1\" content=\"Yazan:\" \/>\n\t<meta name=\"twitter:data1\" content=\"Tar\u0131k\" \/>\n<script type=\"application\/ld+json\" class=\"yoast-schema-graph\">{\"@context\":\"https:\/\/schema.org\",\"@graph\":[{\"@type\":\"Article\",\"@id\":\"https:\/\/narteks.net\/index.php\/2011\/02\/28\/kaleler\/#article\",\"isPartOf\":{\"@id\":\"https:\/\/narteks.net\/index.php\/2011\/02\/28\/kaleler\/\"},\"author\":{\"name\":\"Tar\u0131k\",\"@id\":\"https:\/\/narteks.net\/#\/schema\/person\/61f37d9834294b72d31d274e7ed79bca\"},\"headline\":\"KALELER\",\"datePublished\":\"2011-02-28T12:26:55+00:00\",\"mainEntityOfPage\":{\"@id\":\"https:\/\/narteks.net\/index.php\/2011\/02\/28\/kaleler\/\"},\"wordCount\":76,\"commentCount\":0,\"publisher\":{\"@id\":\"https:\/\/narteks.net\/#organization\"},\"articleSection\":[\"Konstantinos KAVAF\u0130S\"],\"inLanguage\":\"tr\",\"potentialAction\":[{\"@type\":\"CommentAction\",\"name\":\"Comment\",\"target\":[\"https:\/\/narteks.net\/index.php\/2011\/02\/28\/kaleler\/#respond\"]}]},{\"@type\":\"WebPage\",\"@id\":\"https:\/\/narteks.net\/index.php\/2011\/02\/28\/kaleler\/\",\"url\":\"https:\/\/narteks.net\/index.php\/2011\/02\/28\/kaleler\/\",\"name\":\"KALELER - narteks.net\",\"isPartOf\":{\"@id\":\"https:\/\/narteks.net\/#website\"},\"datePublished\":\"2011-02-28T12:26:55+00:00\",\"breadcrumb\":{\"@id\":\"https:\/\/narteks.net\/index.php\/2011\/02\/28\/kaleler\/#breadcrumb\"},\"inLanguage\":\"tr\",\"potentialAction\":[{\"@type\":\"ReadAction\",\"target\":[\"https:\/\/narteks.net\/index.php\/2011\/02\/28\/kaleler\/\"]}]},{\"@type\":\"BreadcrumbList\",\"@id\":\"https:\/\/narteks.net\/index.php\/2011\/02\/28\/kaleler\/#breadcrumb\",\"itemListElement\":[{\"@type\":\"ListItem\",\"position\":1,\"name\":\"Anasayfa\",\"item\":\"https:\/\/narteks.net\/\"},{\"@type\":\"ListItem\",\"position\":2,\"name\":\"KALELER\"}]},{\"@type\":\"WebSite\",\"@id\":\"https:\/\/narteks.net\/#website\",\"url\":\"https:\/\/narteks.net\/\",\"name\":\"narteks.net\",\"description\":\"K\u00fclt\u00fcr Sanat Edebiyat Felsefe\",\"publisher\":{\"@id\":\"https:\/\/narteks.net\/#organization\"},\"alternateName\":\"K\u00fclt\u00fcr Sanat Edebiyat Felsefe\",\"potentialAction\":[{\"@type\":\"SearchAction\",\"target\":{\"@type\":\"EntryPoint\",\"urlTemplate\":\"https:\/\/narteks.net\/?s={search_term_string}\"},\"query-input\":{\"@type\":\"PropertyValueSpecification\",\"valueRequired\":true,\"valueName\":\"search_term_string\"}}],\"inLanguage\":\"tr\"},{\"@type\":\"Organization\",\"@id\":\"https:\/\/narteks.net\/#organization\",\"name\":\"narteks.net\",\"url\":\"https:\/\/narteks.net\/\",\"logo\":{\"@type\":\"ImageObject\",\"inLanguage\":\"tr\",\"@id\":\"https:\/\/narteks.net\/#\/schema\/logo\/image\/\",\"url\":\"https:\/\/narteks.net\/wp-content\/uploads\/narteks.png\",\"contentUrl\":\"https:\/\/narteks.net\/wp-content\/uploads\/narteks.png\",\"width\":300,\"height\":90,\"caption\":\"narteks.net\"},\"image\":{\"@id\":\"https:\/\/narteks.net\/#\/schema\/logo\/image\/\"},\"sameAs\":[\"https:\/\/x.com\/narteks\",\"https:\/\/instagram.com\/narteksnet\"]},{\"@type\":\"Person\",\"@id\":\"https:\/\/narteks.net\/#\/schema\/person\/61f37d9834294b72d31d274e7ed79bca\",\"name\":\"Tar\u0131k\",\"image\":{\"@type\":\"ImageObject\",\"inLanguage\":\"tr\",\"@id\":\"https:\/\/narteks.net\/#\/schema\/person\/image\/\",\"url\":\"https:\/\/secure.gravatar.com\/avatar\/50865afb55632c4ae467e0af0930f6510aa2297d8014be502a55b14f3b7550cf?s=96&d=mm&r=g\",\"contentUrl\":\"https:\/\/secure.gravatar.com\/avatar\/50865afb55632c4ae467e0af0930f6510aa2297d8014be502a55b14f3b7550cf?s=96&d=mm&r=g\",\"caption\":\"Tar\u0131k\"},\"sameAs\":[\"http:\/\/narteks.net\"],\"url\":\"https:\/\/narteks.net\/index.php\/author\/narbak\/\"}]}<\/script>\n<!-- \/ Yoast SEO Premium plugin. -->","yoast_head_json":{"title":"KALELER - narteks.net","robots":{"index":"index","follow":"follow","max-snippet":"max-snippet:-1","max-image-preview":"max-image-preview:large","max-video-preview":"max-video-preview:-1"},"canonical":"https:\/\/narteks.net\/index.php\/2011\/02\/28\/kaleler\/","og_locale":"tr_TR","og_type":"article","og_title":"KALELER","og_description":"\u00a0 D\u00fc\u015f\u00fcnmeden, ac\u0131madan, utanmadany\u00fcksek kaleler kurmu\u015flar d\u00f6rt yan\u0131ma. Umutsuzluk i\u00e7inde b\u00f6yle hepbir \u015fey d\u00fc\u015f\u00fcnmez oldum al\u0131nyaz\u0131mdan ba\u015fka. D\u0131\u015far\u0131da g\u00f6r\u00fclecek bir s\u00fcr\u00fc i\u015fim vard\u0131ben nas\u0131l sezmedim kaleler kuruldu da. Ses seda i\u015fitmedim \u00e7al\u0131\u015fan i\u015f\u00e7ilerdenhabersiz kapad\u0131lar beni d\u00fcnyan\u0131n d\u0131\u015f\u0131na. (1896) \u00c7evirenler : Ionna KU\u00c7URAD\u0130 ve A.Turan OFLAZO\u011eLU Konstantinos KAVAF\u0130S","og_url":"https:\/\/narteks.net\/index.php\/2011\/02\/28\/kaleler\/","og_site_name":"narteks.net","article_published_time":"2011-02-28T12:26:55+00:00","og_image":[{"width":300,"height":90,"url":"https:\/\/narteks.net\/wp-content\/uploads\/narteks.png","type":"image\/png"}],"author":"Tar\u0131k","twitter_card":"summary_large_image","twitter_creator":"@narteks","twitter_site":"@narteks","twitter_misc":{"Yazan:":"Tar\u0131k"},"schema":{"@context":"https:\/\/schema.org","@graph":[{"@type":"Article","@id":"https:\/\/narteks.net\/index.php\/2011\/02\/28\/kaleler\/#article","isPartOf":{"@id":"https:\/\/narteks.net\/index.php\/2011\/02\/28\/kaleler\/"},"author":{"name":"Tar\u0131k","@id":"https:\/\/narteks.net\/#\/schema\/person\/61f37d9834294b72d31d274e7ed79bca"},"headline":"KALELER","datePublished":"2011-02-28T12:26:55+00:00","mainEntityOfPage":{"@id":"https:\/\/narteks.net\/index.php\/2011\/02\/28\/kaleler\/"},"wordCount":76,"commentCount":0,"publisher":{"@id":"https:\/\/narteks.net\/#organization"},"articleSection":["Konstantinos KAVAF\u0130S"],"inLanguage":"tr","potentialAction":[{"@type":"CommentAction","name":"Comment","target":["https:\/\/narteks.net\/index.php\/2011\/02\/28\/kaleler\/#respond"]}]},{"@type":"WebPage","@id":"https:\/\/narteks.net\/index.php\/2011\/02\/28\/kaleler\/","url":"https:\/\/narteks.net\/index.php\/2011\/02\/28\/kaleler\/","name":"KALELER - narteks.net","isPartOf":{"@id":"https:\/\/narteks.net\/#website"},"datePublished":"2011-02-28T12:26:55+00:00","breadcrumb":{"@id":"https:\/\/narteks.net\/index.php\/2011\/02\/28\/kaleler\/#breadcrumb"},"inLanguage":"tr","potentialAction":[{"@type":"ReadAction","target":["https:\/\/narteks.net\/index.php\/2011\/02\/28\/kaleler\/"]}]},{"@type":"BreadcrumbList","@id":"https:\/\/narteks.net\/index.php\/2011\/02\/28\/kaleler\/#breadcrumb","itemListElement":[{"@type":"ListItem","position":1,"name":"Anasayfa","item":"https:\/\/narteks.net\/"},{"@type":"ListItem","position":2,"name":"KALELER"}]},{"@type":"WebSite","@id":"https:\/\/narteks.net\/#website","url":"https:\/\/narteks.net\/","name":"narteks.net","description":"K\u00fclt\u00fcr Sanat Edebiyat Felsefe","publisher":{"@id":"https:\/\/narteks.net\/#organization"},"alternateName":"K\u00fclt\u00fcr Sanat Edebiyat Felsefe","potentialAction":[{"@type":"SearchAction","target":{"@type":"EntryPoint","urlTemplate":"https:\/\/narteks.net\/?s={search_term_string}"},"query-input":{"@type":"PropertyValueSpecification","valueRequired":true,"valueName":"search_term_string"}}],"inLanguage":"tr"},{"@type":"Organization","@id":"https:\/\/narteks.net\/#organization","name":"narteks.net","url":"https:\/\/narteks.net\/","logo":{"@type":"ImageObject","inLanguage":"tr","@id":"https:\/\/narteks.net\/#\/schema\/logo\/image\/","url":"https:\/\/narteks.net\/wp-content\/uploads\/narteks.png","contentUrl":"https:\/\/narteks.net\/wp-content\/uploads\/narteks.png","width":300,"height":90,"caption":"narteks.net"},"image":{"@id":"https:\/\/narteks.net\/#\/schema\/logo\/image\/"},"sameAs":["https:\/\/x.com\/narteks","https:\/\/instagram.com\/narteksnet"]},{"@type":"Person","@id":"https:\/\/narteks.net\/#\/schema\/person\/61f37d9834294b72d31d274e7ed79bca","name":"Tar\u0131k","image":{"@type":"ImageObject","inLanguage":"tr","@id":"https:\/\/narteks.net\/#\/schema\/person\/image\/","url":"https:\/\/secure.gravatar.com\/avatar\/50865afb55632c4ae467e0af0930f6510aa2297d8014be502a55b14f3b7550cf?s=96&d=mm&r=g","contentUrl":"https:\/\/secure.gravatar.com\/avatar\/50865afb55632c4ae467e0af0930f6510aa2297d8014be502a55b14f3b7550cf?s=96&d=mm&r=g","caption":"Tar\u0131k"},"sameAs":["http:\/\/narteks.net"],"url":"https:\/\/narteks.net\/index.php\/author\/narbak\/"}]}},"_links":{"self":[{"href":"https:\/\/narteks.net\/index.php\/wp-json\/wp\/v2\/posts\/5389","targetHints":{"allow":["GET"]}}],"collection":[{"href":"https:\/\/narteks.net\/index.php\/wp-json\/wp\/v2\/posts"}],"about":[{"href":"https:\/\/narteks.net\/index.php\/wp-json\/wp\/v2\/types\/post"}],"author":[{"embeddable":true,"href":"https:\/\/narteks.net\/index.php\/wp-json\/wp\/v2\/users\/1"}],"replies":[{"embeddable":true,"href":"https:\/\/narteks.net\/index.php\/wp-json\/wp\/v2\/comments?post=5389"}],"version-history":[{"count":0,"href":"https:\/\/narteks.net\/index.php\/wp-json\/wp\/v2\/posts\/5389\/revisions"}],"wp:attachment":[{"href":"https:\/\/narteks.net\/index.php\/wp-json\/wp\/v2\/media?parent=5389"}],"wp:term":[{"taxonomy":"category","embeddable":true,"href":"https:\/\/narteks.net\/index.php\/wp-json\/wp\/v2\/categories?post=5389"},{"taxonomy":"post_tag","embeddable":true,"href":"https:\/\/narteks.net\/index.php\/wp-json\/wp\/v2\/tags?post=5389"}],"curies":[{"name":"wp","href":"https:\/\/api.w.org\/{rel}","templated":true}]}}