{"id":54,"date":"2009-02-27T14:36:03","date_gmt":"2009-02-27T11:36:03","guid":{"rendered":"http:\/\/localhost\/wordpress\/2009\/02\/27\/kara\/"},"modified":"2009-02-27T14:36:03","modified_gmt":"2009-02-27T11:36:03","slug":"kara","status":"publish","type":"post","link":"https:\/\/narteks.net\/index.php\/2009\/02\/27\/kara\/","title":{"rendered":"KARA"},"content":{"rendered":"<p>\u00a0<\/p>\n<p><span>\u00c7arpm\u0131\u015f, <br \/> Parampar\u00e7a etmi\u015f, <br \/> Kara s\u00fct\u00fc, kara sevdayla seni&#8230; <br \/> Ve kara memelerinde di\u015flerin asi, <br \/> Karad\u0131r, upuzun yatt\u0131\u011f\u0131n gece, <br \/> Felek, ah ettirir, boynun k\u0131l-ince&#8230; <br \/> Cihanlar, \u00e7ocuklar, ku\u015flar i\u00e7inde <br \/> S\u0131zlar bir yerlerin <br \/> Ads\u0131z ve kay\u0131p <br \/> S\u0131zlar, usul-usul, darg\u0131n <br \/> Ve kan tad\u0131nda bir konca, <br \/> Dam\u0131t\u0131r kendini m\u0131sralar\u0131nca&#8230; <\/p>\n<p> De be aslan karam, <br \/> De yi\u011fit karam, <br \/> Hangi kalemin yaz\u0131s\u0131, <br \/> Zorlu yaz\u0131s\u0131, <br \/> Belanda? <\/p>\n<p> Anadan do\u011fma ni\u015fan m\u0131, <br \/> S\u00fctl\u00fc barut damgas\u0131 m\u0131, <br \/> Bir gece par\u00e7as\u0131 m\u0131 kaburgandaki? <br \/> K\u0131z kak\u00fcl\u00fc, ne hal eylermi\u015f teni, <br \/> Ellerin, deli hoyrat, <br \/> Ellerin, susuz, yang\u0131n. <br \/> Ellerin ooooy alarga&#8230; <\/p>\n<p> De be aslan karam, <br \/> De yi\u011fit karam, <br \/> Hangi g\u00fczelin di\u015f yeri, <br \/> Mavi di\u015f yeri, <br \/> Sevdanda? <\/p>\n<p> Vurmu\u015f, <br \/> Demirlerin \u00e7apraz g\u00f6lgesi, <br \/> Aln\u0131n galip ve serin. <br \/> K\u00fcnyen \u00e7izileli ka\u00e7 y\u0131ld\u0131z u\u00e7tu, <br \/> Ka\u00e7 ayva sarard\u0131, ka\u00e7 k\u0131z sevi\u015fti, <br \/> Gelmemi\u015f, kimselerin&#8230; <\/p>\n<p> De be aslan karam, <br \/> De yi\u011fit karam, <br \/> Hangi zehirin meltemi, <br \/> Saran meltemi, <br \/> H\u00fclyanda? <\/p>\n<p> Hakikatl\u0131 dostun muydu, <br \/> Can koydu\u011fun ustan m\u0131yd\u0131, <br \/> Bir uyumaz hasm\u0131n m\u0131yd\u0131, <br \/> &#8220;Ooooof&#8221; de bunlar olsun muydu? <\/p>\n<p> De be aslan karam, <br \/> De yi\u011fit karam, <br \/> Hangi kahpenin han\u00e7eri, <br \/> Sakl\u0131 han\u00e7eri, <br \/> Yaranda? <\/span><\/p>\n<p>Ahmed AR\u0130F<\/p>\n","protected":false},"excerpt":{"rendered":"<p>\u00a0 \u00c7arpm\u0131\u015f, Parampar\u00e7a etmi\u015f, Kara s\u00fct\u00fc, kara sevdayla seni&#8230; Ve kara memelerinde di\u015flerin asi, Karad\u0131r, upuzun yatt\u0131\u011f\u0131n gece, Felek, ah ettirir, boynun k\u0131l-ince&#8230; Cihanlar, \u00e7ocuklar, ku\u015flar i\u00e7inde S\u0131zlar bir yerlerin Ads\u0131z ve kay\u0131p S\u0131zlar, usul-usul, darg\u0131n Ve kan tad\u0131nda bir konca, Dam\u0131t\u0131r kendini m\u0131sralar\u0131nca&#8230; De be aslan karam, De yi\u011fit karam, Hangi kalemin yaz\u0131s\u0131, Zorlu [&hellip;]<\/p>\n","protected":false},"author":1,"featured_media":0,"comment_status":"open","ping_status":"open","sticky":false,"template":"","format":"standard","meta":{"footnotes":""},"categories":[179],"tags":[],"class_list":{"0":"post-54","1":"post","2":"type-post","3":"status-publish","4":"format-standard","6":"category-ahmed-arif"},"yoast_head":"<!-- This site is optimized with the Yoast SEO Premium plugin v24.9 (Yoast SEO v24.9) - https:\/\/yoast.com\/wordpress\/plugins\/seo\/ -->\n<title>KARA - narteks.net<\/title>\n<meta name=\"robots\" content=\"index, follow, max-snippet:-1, max-image-preview:large, max-video-preview:-1\" \/>\n<link rel=\"canonical\" href=\"https:\/\/narteks.net\/index.php\/2009\/02\/27\/kara\/\" \/>\n<meta property=\"og:locale\" content=\"tr_TR\" \/>\n<meta property=\"og:type\" content=\"article\" \/>\n<meta property=\"og:title\" content=\"KARA\" \/>\n<meta property=\"og:description\" content=\"\u00a0 \u00c7arpm\u0131\u015f, Parampar\u00e7a etmi\u015f, Kara s\u00fct\u00fc, kara sevdayla seni&#8230; Ve kara memelerinde di\u015flerin asi, Karad\u0131r, upuzun yatt\u0131\u011f\u0131n gece, Felek, ah ettirir, boynun k\u0131l-ince&#8230; Cihanlar, \u00e7ocuklar, ku\u015flar i\u00e7inde S\u0131zlar bir yerlerin Ads\u0131z ve kay\u0131p S\u0131zlar, usul-usul, darg\u0131n Ve kan tad\u0131nda bir konca, Dam\u0131t\u0131r kendini m\u0131sralar\u0131nca&#8230; De be aslan karam, De yi\u011fit karam, Hangi kalemin yaz\u0131s\u0131, Zorlu [&hellip;]\" \/>\n<meta property=\"og:url\" content=\"https:\/\/narteks.net\/index.php\/2009\/02\/27\/kara\/\" \/>\n<meta property=\"og:site_name\" content=\"narteks.net\" \/>\n<meta property=\"article:published_time\" content=\"2009-02-27T11:36:03+00:00\" \/>\n<meta property=\"og:image\" content=\"https:\/\/narteks.net\/wp-content\/uploads\/narteks.png\" \/>\n\t<meta property=\"og:image:width\" content=\"300\" \/>\n\t<meta property=\"og:image:height\" content=\"90\" \/>\n\t<meta property=\"og:image:type\" content=\"image\/png\" \/>\n<meta name=\"author\" content=\"Tar\u0131k\" \/>\n<meta name=\"twitter:card\" content=\"summary_large_image\" \/>\n<meta name=\"twitter:creator\" content=\"@narteks\" \/>\n<meta name=\"twitter:site\" content=\"@narteks\" \/>\n<meta name=\"twitter:label1\" content=\"Yazan:\" \/>\n\t<meta name=\"twitter:data1\" content=\"Tar\u0131k\" \/>\n\t<meta name=\"twitter:label2\" content=\"Tahmini okuma s\u00fcresi\" \/>\n\t<meta name=\"twitter:data2\" content=\"1 dakika\" \/>\n<script type=\"application\/ld+json\" class=\"yoast-schema-graph\">{\"@context\":\"https:\/\/schema.org\",\"@graph\":[{\"@type\":\"Article\",\"@id\":\"https:\/\/narteks.net\/index.php\/2009\/02\/27\/kara\/#article\",\"isPartOf\":{\"@id\":\"https:\/\/narteks.net\/index.php\/2009\/02\/27\/kara\/\"},\"author\":{\"name\":\"Tar\u0131k\",\"@id\":\"https:\/\/narteks.net\/#\/schema\/person\/61f37d9834294b72d31d274e7ed79bca\"},\"headline\":\"KARA\",\"datePublished\":\"2009-02-27T11:36:03+00:00\",\"mainEntityOfPage\":{\"@id\":\"https:\/\/narteks.net\/index.php\/2009\/02\/27\/kara\/\"},\"wordCount\":213,\"commentCount\":0,\"publisher\":{\"@id\":\"https:\/\/narteks.net\/#organization\"},\"articleSection\":[\"Ahmed AR\u0130F\"],\"inLanguage\":\"tr\",\"potentialAction\":[{\"@type\":\"CommentAction\",\"name\":\"Comment\",\"target\":[\"https:\/\/narteks.net\/index.php\/2009\/02\/27\/kara\/#respond\"]}]},{\"@type\":\"WebPage\",\"@id\":\"https:\/\/narteks.net\/index.php\/2009\/02\/27\/kara\/\",\"url\":\"https:\/\/narteks.net\/index.php\/2009\/02\/27\/kara\/\",\"name\":\"KARA - narteks.net\",\"isPartOf\":{\"@id\":\"https:\/\/narteks.net\/#website\"},\"datePublished\":\"2009-02-27T11:36:03+00:00\",\"breadcrumb\":{\"@id\":\"https:\/\/narteks.net\/index.php\/2009\/02\/27\/kara\/#breadcrumb\"},\"inLanguage\":\"tr\",\"potentialAction\":[{\"@type\":\"ReadAction\",\"target\":[\"https:\/\/narteks.net\/index.php\/2009\/02\/27\/kara\/\"]}]},{\"@type\":\"BreadcrumbList\",\"@id\":\"https:\/\/narteks.net\/index.php\/2009\/02\/27\/kara\/#breadcrumb\",\"itemListElement\":[{\"@type\":\"ListItem\",\"position\":1,\"name\":\"Anasayfa\",\"item\":\"https:\/\/narteks.net\/\"},{\"@type\":\"ListItem\",\"position\":2,\"name\":\"KARA\"}]},{\"@type\":\"WebSite\",\"@id\":\"https:\/\/narteks.net\/#website\",\"url\":\"https:\/\/narteks.net\/\",\"name\":\"narteks.net\",\"description\":\"K\u00fclt\u00fcr Sanat Edebiyat Felsefe\",\"publisher\":{\"@id\":\"https:\/\/narteks.net\/#organization\"},\"alternateName\":\"K\u00fclt\u00fcr Sanat Edebiyat Felsefe\",\"potentialAction\":[{\"@type\":\"SearchAction\",\"target\":{\"@type\":\"EntryPoint\",\"urlTemplate\":\"https:\/\/narteks.net\/?s={search_term_string}\"},\"query-input\":{\"@type\":\"PropertyValueSpecification\",\"valueRequired\":true,\"valueName\":\"search_term_string\"}}],\"inLanguage\":\"tr\"},{\"@type\":\"Organization\",\"@id\":\"https:\/\/narteks.net\/#organization\",\"name\":\"narteks.net\",\"url\":\"https:\/\/narteks.net\/\",\"logo\":{\"@type\":\"ImageObject\",\"inLanguage\":\"tr\",\"@id\":\"https:\/\/narteks.net\/#\/schema\/logo\/image\/\",\"url\":\"https:\/\/narteks.net\/wp-content\/uploads\/narteks.png\",\"contentUrl\":\"https:\/\/narteks.net\/wp-content\/uploads\/narteks.png\",\"width\":300,\"height\":90,\"caption\":\"narteks.net\"},\"image\":{\"@id\":\"https:\/\/narteks.net\/#\/schema\/logo\/image\/\"},\"sameAs\":[\"https:\/\/x.com\/narteks\",\"https:\/\/instagram.com\/narteksnet\"]},{\"@type\":\"Person\",\"@id\":\"https:\/\/narteks.net\/#\/schema\/person\/61f37d9834294b72d31d274e7ed79bca\",\"name\":\"Tar\u0131k\",\"image\":{\"@type\":\"ImageObject\",\"inLanguage\":\"tr\",\"@id\":\"https:\/\/narteks.net\/#\/schema\/person\/image\/\",\"url\":\"https:\/\/secure.gravatar.com\/avatar\/50865afb55632c4ae467e0af0930f6510aa2297d8014be502a55b14f3b7550cf?s=96&d=mm&r=g\",\"contentUrl\":\"https:\/\/secure.gravatar.com\/avatar\/50865afb55632c4ae467e0af0930f6510aa2297d8014be502a55b14f3b7550cf?s=96&d=mm&r=g\",\"caption\":\"Tar\u0131k\"},\"sameAs\":[\"http:\/\/narteks.net\"],\"url\":\"https:\/\/narteks.net\/index.php\/author\/narbak\/\"}]}<\/script>\n<!-- \/ Yoast SEO Premium plugin. -->","yoast_head_json":{"title":"KARA - narteks.net","robots":{"index":"index","follow":"follow","max-snippet":"max-snippet:-1","max-image-preview":"max-image-preview:large","max-video-preview":"max-video-preview:-1"},"canonical":"https:\/\/narteks.net\/index.php\/2009\/02\/27\/kara\/","og_locale":"tr_TR","og_type":"article","og_title":"KARA","og_description":"\u00a0 \u00c7arpm\u0131\u015f, Parampar\u00e7a etmi\u015f, Kara s\u00fct\u00fc, kara sevdayla seni&#8230; Ve kara memelerinde di\u015flerin asi, Karad\u0131r, upuzun yatt\u0131\u011f\u0131n gece, Felek, ah ettirir, boynun k\u0131l-ince&#8230; Cihanlar, \u00e7ocuklar, ku\u015flar i\u00e7inde S\u0131zlar bir yerlerin Ads\u0131z ve kay\u0131p S\u0131zlar, usul-usul, darg\u0131n Ve kan tad\u0131nda bir konca, Dam\u0131t\u0131r kendini m\u0131sralar\u0131nca&#8230; De be aslan karam, De yi\u011fit karam, Hangi kalemin yaz\u0131s\u0131, Zorlu [&hellip;]","og_url":"https:\/\/narteks.net\/index.php\/2009\/02\/27\/kara\/","og_site_name":"narteks.net","article_published_time":"2009-02-27T11:36:03+00:00","og_image":[{"width":300,"height":90,"url":"https:\/\/narteks.net\/wp-content\/uploads\/narteks.png","type":"image\/png"}],"author":"Tar\u0131k","twitter_card":"summary_large_image","twitter_creator":"@narteks","twitter_site":"@narteks","twitter_misc":{"Yazan:":"Tar\u0131k","Tahmini okuma s\u00fcresi":"1 dakika"},"schema":{"@context":"https:\/\/schema.org","@graph":[{"@type":"Article","@id":"https:\/\/narteks.net\/index.php\/2009\/02\/27\/kara\/#article","isPartOf":{"@id":"https:\/\/narteks.net\/index.php\/2009\/02\/27\/kara\/"},"author":{"name":"Tar\u0131k","@id":"https:\/\/narteks.net\/#\/schema\/person\/61f37d9834294b72d31d274e7ed79bca"},"headline":"KARA","datePublished":"2009-02-27T11:36:03+00:00","mainEntityOfPage":{"@id":"https:\/\/narteks.net\/index.php\/2009\/02\/27\/kara\/"},"wordCount":213,"commentCount":0,"publisher":{"@id":"https:\/\/narteks.net\/#organization"},"articleSection":["Ahmed AR\u0130F"],"inLanguage":"tr","potentialAction":[{"@type":"CommentAction","name":"Comment","target":["https:\/\/narteks.net\/index.php\/2009\/02\/27\/kara\/#respond"]}]},{"@type":"WebPage","@id":"https:\/\/narteks.net\/index.php\/2009\/02\/27\/kara\/","url":"https:\/\/narteks.net\/index.php\/2009\/02\/27\/kara\/","name":"KARA - narteks.net","isPartOf":{"@id":"https:\/\/narteks.net\/#website"},"datePublished":"2009-02-27T11:36:03+00:00","breadcrumb":{"@id":"https:\/\/narteks.net\/index.php\/2009\/02\/27\/kara\/#breadcrumb"},"inLanguage":"tr","potentialAction":[{"@type":"ReadAction","target":["https:\/\/narteks.net\/index.php\/2009\/02\/27\/kara\/"]}]},{"@type":"BreadcrumbList","@id":"https:\/\/narteks.net\/index.php\/2009\/02\/27\/kara\/#breadcrumb","itemListElement":[{"@type":"ListItem","position":1,"name":"Anasayfa","item":"https:\/\/narteks.net\/"},{"@type":"ListItem","position":2,"name":"KARA"}]},{"@type":"WebSite","@id":"https:\/\/narteks.net\/#website","url":"https:\/\/narteks.net\/","name":"narteks.net","description":"K\u00fclt\u00fcr Sanat Edebiyat Felsefe","publisher":{"@id":"https:\/\/narteks.net\/#organization"},"alternateName":"K\u00fclt\u00fcr Sanat Edebiyat Felsefe","potentialAction":[{"@type":"SearchAction","target":{"@type":"EntryPoint","urlTemplate":"https:\/\/narteks.net\/?s={search_term_string}"},"query-input":{"@type":"PropertyValueSpecification","valueRequired":true,"valueName":"search_term_string"}}],"inLanguage":"tr"},{"@type":"Organization","@id":"https:\/\/narteks.net\/#organization","name":"narteks.net","url":"https:\/\/narteks.net\/","logo":{"@type":"ImageObject","inLanguage":"tr","@id":"https:\/\/narteks.net\/#\/schema\/logo\/image\/","url":"https:\/\/narteks.net\/wp-content\/uploads\/narteks.png","contentUrl":"https:\/\/narteks.net\/wp-content\/uploads\/narteks.png","width":300,"height":90,"caption":"narteks.net"},"image":{"@id":"https:\/\/narteks.net\/#\/schema\/logo\/image\/"},"sameAs":["https:\/\/x.com\/narteks","https:\/\/instagram.com\/narteksnet"]},{"@type":"Person","@id":"https:\/\/narteks.net\/#\/schema\/person\/61f37d9834294b72d31d274e7ed79bca","name":"Tar\u0131k","image":{"@type":"ImageObject","inLanguage":"tr","@id":"https:\/\/narteks.net\/#\/schema\/person\/image\/","url":"https:\/\/secure.gravatar.com\/avatar\/50865afb55632c4ae467e0af0930f6510aa2297d8014be502a55b14f3b7550cf?s=96&d=mm&r=g","contentUrl":"https:\/\/secure.gravatar.com\/avatar\/50865afb55632c4ae467e0af0930f6510aa2297d8014be502a55b14f3b7550cf?s=96&d=mm&r=g","caption":"Tar\u0131k"},"sameAs":["http:\/\/narteks.net"],"url":"https:\/\/narteks.net\/index.php\/author\/narbak\/"}]}},"_links":{"self":[{"href":"https:\/\/narteks.net\/index.php\/wp-json\/wp\/v2\/posts\/54","targetHints":{"allow":["GET"]}}],"collection":[{"href":"https:\/\/narteks.net\/index.php\/wp-json\/wp\/v2\/posts"}],"about":[{"href":"https:\/\/narteks.net\/index.php\/wp-json\/wp\/v2\/types\/post"}],"author":[{"embeddable":true,"href":"https:\/\/narteks.net\/index.php\/wp-json\/wp\/v2\/users\/1"}],"replies":[{"embeddable":true,"href":"https:\/\/narteks.net\/index.php\/wp-json\/wp\/v2\/comments?post=54"}],"version-history":[{"count":0,"href":"https:\/\/narteks.net\/index.php\/wp-json\/wp\/v2\/posts\/54\/revisions"}],"wp:attachment":[{"href":"https:\/\/narteks.net\/index.php\/wp-json\/wp\/v2\/media?parent=54"}],"wp:term":[{"taxonomy":"category","embeddable":true,"href":"https:\/\/narteks.net\/index.php\/wp-json\/wp\/v2\/categories?post=54"},{"taxonomy":"post_tag","embeddable":true,"href":"https:\/\/narteks.net\/index.php\/wp-json\/wp\/v2\/tags?post=54"}],"curies":[{"name":"wp","href":"https:\/\/api.w.org\/{rel}","templated":true}]}}