{"id":540,"date":"2009-04-12T19:13:25","date_gmt":"2009-04-12T16:13:25","guid":{"rendered":"http:\/\/localhost\/wordpress\/2009\/04\/12\/aslinda-bu-denli-guzel-kokmaz\/"},"modified":"2009-04-12T19:13:25","modified_gmt":"2009-04-12T16:13:25","slug":"aslinda-bu-denli-guzel-kokmaz","status":"publish","type":"post","link":"https:\/\/narteks.net\/index.php\/2009\/04\/12\/aslinda-bu-denli-guzel-kokmaz\/","title":{"rendered":"ASLINDA BU DENL\u0130 G\u00dcZEL KOKMAZ"},"content":{"rendered":"<p>\u00a0<\/p>\n<p>Asl\u0131nda bu denli g\u00fczel kokmaz hi\u00e7 bir karanfil, <br \/> Onda seni koklad\u0131\u011f\u0131mdan bunca g\u00fczel. <br \/> Asl\u0131nda bu denli g\u00fczel olmaz hi\u00e7 bir Sar\u0131yer, <br \/> Orda seni \u00f6pt\u00fc\u011f\u00fcmden bunca g\u00fczel. <br \/> Asl\u0131nda bunca g\u00fczel olmaz hi\u00e7 bir d\u00fcnya, <br \/> Seni sevdi\u011fim i\u00e7in d\u00fcnya da b\u00f6yle g\u00fczel. <br \/> Asl\u0131nda bu denli deli de\u011fildim sor kime istersen, <br \/> Sevince seni delilik bile bak ne g\u00fczel. <br \/> Asl\u0131nda sen d\u00fcnya g\u00fczeli de\u011filsin, <br \/> Sevdi\u011fim i\u00e7in d\u00fcnyada tek g\u00fczelsin&#8230;<\/p>\n<p>Aziz NES\u0130N<\/p>\n","protected":false},"excerpt":{"rendered":"<p>\u00a0 Asl\u0131nda bu denli g\u00fczel kokmaz hi\u00e7 bir karanfil, Onda seni koklad\u0131\u011f\u0131mdan bunca g\u00fczel. Asl\u0131nda bu denli g\u00fczel olmaz hi\u00e7 bir Sar\u0131yer, Orda seni \u00f6pt\u00fc\u011f\u00fcmden bunca g\u00fczel. Asl\u0131nda bunca g\u00fczel olmaz hi\u00e7 bir d\u00fcnya, Seni sevdi\u011fim i\u00e7in d\u00fcnya da b\u00f6yle g\u00fczel. Asl\u0131nda bu denli deli de\u011fildim sor kime istersen, Sevince seni delilik bile bak ne [&hellip;]<\/p>\n","protected":false},"author":1,"featured_media":0,"comment_status":"open","ping_status":"open","sticky":false,"template":"","format":"standard","meta":{"footnotes":""},"categories":[12],"tags":[],"class_list":{"0":"post-540","1":"post","2":"type-post","3":"status-publish","4":"format-standard","6":"category-aziz-nesin"},"yoast_head":"<!-- This site is optimized with the Yoast SEO Premium plugin v24.9 (Yoast SEO v24.9) - https:\/\/yoast.com\/wordpress\/plugins\/seo\/ -->\n<title>ASLINDA BU DENL\u0130 G\u00dcZEL KOKMAZ - narteks.net<\/title>\n<meta name=\"robots\" content=\"index, follow, max-snippet:-1, max-image-preview:large, max-video-preview:-1\" \/>\n<link rel=\"canonical\" href=\"https:\/\/narteks.net\/index.php\/2009\/04\/12\/aslinda-bu-denli-guzel-kokmaz\/\" \/>\n<meta property=\"og:locale\" content=\"tr_TR\" \/>\n<meta property=\"og:type\" content=\"article\" \/>\n<meta property=\"og:title\" content=\"ASLINDA BU DENL\u0130 G\u00dcZEL KOKMAZ\" \/>\n<meta property=\"og:description\" content=\"\u00a0 Asl\u0131nda bu denli g\u00fczel kokmaz hi\u00e7 bir karanfil, Onda seni koklad\u0131\u011f\u0131mdan bunca g\u00fczel. Asl\u0131nda bu denli g\u00fczel olmaz hi\u00e7 bir Sar\u0131yer, Orda seni \u00f6pt\u00fc\u011f\u00fcmden bunca g\u00fczel. Asl\u0131nda bunca g\u00fczel olmaz hi\u00e7 bir d\u00fcnya, Seni sevdi\u011fim i\u00e7in d\u00fcnya da b\u00f6yle g\u00fczel. Asl\u0131nda bu denli deli de\u011fildim sor kime istersen, Sevince seni delilik bile bak ne [&hellip;]\" \/>\n<meta property=\"og:url\" content=\"https:\/\/narteks.net\/index.php\/2009\/04\/12\/aslinda-bu-denli-guzel-kokmaz\/\" \/>\n<meta property=\"og:site_name\" content=\"narteks.net\" \/>\n<meta property=\"article:published_time\" content=\"2009-04-12T16:13:25+00:00\" \/>\n<meta property=\"og:image\" content=\"https:\/\/narteks.net\/wp-content\/uploads\/narteks.png\" \/>\n\t<meta property=\"og:image:width\" content=\"300\" \/>\n\t<meta property=\"og:image:height\" content=\"90\" \/>\n\t<meta property=\"og:image:type\" content=\"image\/png\" \/>\n<meta name=\"author\" content=\"Tar\u0131k\" \/>\n<meta name=\"twitter:card\" content=\"summary_large_image\" \/>\n<meta name=\"twitter:creator\" content=\"@narteks\" \/>\n<meta name=\"twitter:site\" content=\"@narteks\" \/>\n<meta name=\"twitter:label1\" content=\"Yazan:\" \/>\n\t<meta name=\"twitter:data1\" content=\"Tar\u0131k\" \/>\n<script type=\"application\/ld+json\" class=\"yoast-schema-graph\">{\"@context\":\"https:\/\/schema.org\",\"@graph\":[{\"@type\":\"Article\",\"@id\":\"https:\/\/narteks.net\/index.php\/2009\/04\/12\/aslinda-bu-denli-guzel-kokmaz\/#article\",\"isPartOf\":{\"@id\":\"https:\/\/narteks.net\/index.php\/2009\/04\/12\/aslinda-bu-denli-guzel-kokmaz\/\"},\"author\":{\"name\":\"Tar\u0131k\",\"@id\":\"https:\/\/narteks.net\/#\/schema\/person\/61f37d9834294b72d31d274e7ed79bca\"},\"headline\":\"ASLINDA BU DENL\u0130 G\u00dcZEL KOKMAZ\",\"datePublished\":\"2009-04-12T16:13:25+00:00\",\"mainEntityOfPage\":{\"@id\":\"https:\/\/narteks.net\/index.php\/2009\/04\/12\/aslinda-bu-denli-guzel-kokmaz\/\"},\"wordCount\":102,\"commentCount\":0,\"publisher\":{\"@id\":\"https:\/\/narteks.net\/#organization\"},\"articleSection\":[\"Aziz NESIN\"],\"inLanguage\":\"tr\",\"potentialAction\":[{\"@type\":\"CommentAction\",\"name\":\"Comment\",\"target\":[\"https:\/\/narteks.net\/index.php\/2009\/04\/12\/aslinda-bu-denli-guzel-kokmaz\/#respond\"]}]},{\"@type\":\"WebPage\",\"@id\":\"https:\/\/narteks.net\/index.php\/2009\/04\/12\/aslinda-bu-denli-guzel-kokmaz\/\",\"url\":\"https:\/\/narteks.net\/index.php\/2009\/04\/12\/aslinda-bu-denli-guzel-kokmaz\/\",\"name\":\"ASLINDA BU DENL\u0130 G\u00dcZEL KOKMAZ - narteks.net\",\"isPartOf\":{\"@id\":\"https:\/\/narteks.net\/#website\"},\"datePublished\":\"2009-04-12T16:13:25+00:00\",\"breadcrumb\":{\"@id\":\"https:\/\/narteks.net\/index.php\/2009\/04\/12\/aslinda-bu-denli-guzel-kokmaz\/#breadcrumb\"},\"inLanguage\":\"tr\",\"potentialAction\":[{\"@type\":\"ReadAction\",\"target\":[\"https:\/\/narteks.net\/index.php\/2009\/04\/12\/aslinda-bu-denli-guzel-kokmaz\/\"]}]},{\"@type\":\"BreadcrumbList\",\"@id\":\"https:\/\/narteks.net\/index.php\/2009\/04\/12\/aslinda-bu-denli-guzel-kokmaz\/#breadcrumb\",\"itemListElement\":[{\"@type\":\"ListItem\",\"position\":1,\"name\":\"Anasayfa\",\"item\":\"https:\/\/narteks.net\/\"},{\"@type\":\"ListItem\",\"position\":2,\"name\":\"ASLINDA BU DENL\u0130 G\u00dcZEL KOKMAZ\"}]},{\"@type\":\"WebSite\",\"@id\":\"https:\/\/narteks.net\/#website\",\"url\":\"https:\/\/narteks.net\/\",\"name\":\"narteks.net\",\"description\":\"K\u00fclt\u00fcr Sanat Edebiyat Felsefe\",\"publisher\":{\"@id\":\"https:\/\/narteks.net\/#organization\"},\"alternateName\":\"K\u00fclt\u00fcr Sanat Edebiyat Felsefe\",\"potentialAction\":[{\"@type\":\"SearchAction\",\"target\":{\"@type\":\"EntryPoint\",\"urlTemplate\":\"https:\/\/narteks.net\/?s={search_term_string}\"},\"query-input\":{\"@type\":\"PropertyValueSpecification\",\"valueRequired\":true,\"valueName\":\"search_term_string\"}}],\"inLanguage\":\"tr\"},{\"@type\":\"Organization\",\"@id\":\"https:\/\/narteks.net\/#organization\",\"name\":\"narteks.net\",\"url\":\"https:\/\/narteks.net\/\",\"logo\":{\"@type\":\"ImageObject\",\"inLanguage\":\"tr\",\"@id\":\"https:\/\/narteks.net\/#\/schema\/logo\/image\/\",\"url\":\"https:\/\/narteks.net\/wp-content\/uploads\/narteks.png\",\"contentUrl\":\"https:\/\/narteks.net\/wp-content\/uploads\/narteks.png\",\"width\":300,\"height\":90,\"caption\":\"narteks.net\"},\"image\":{\"@id\":\"https:\/\/narteks.net\/#\/schema\/logo\/image\/\"},\"sameAs\":[\"https:\/\/x.com\/narteks\",\"https:\/\/instagram.com\/narteksnet\"]},{\"@type\":\"Person\",\"@id\":\"https:\/\/narteks.net\/#\/schema\/person\/61f37d9834294b72d31d274e7ed79bca\",\"name\":\"Tar\u0131k\",\"image\":{\"@type\":\"ImageObject\",\"inLanguage\":\"tr\",\"@id\":\"https:\/\/narteks.net\/#\/schema\/person\/image\/\",\"url\":\"https:\/\/secure.gravatar.com\/avatar\/50865afb55632c4ae467e0af0930f6510aa2297d8014be502a55b14f3b7550cf?s=96&d=mm&r=g\",\"contentUrl\":\"https:\/\/secure.gravatar.com\/avatar\/50865afb55632c4ae467e0af0930f6510aa2297d8014be502a55b14f3b7550cf?s=96&d=mm&r=g\",\"caption\":\"Tar\u0131k\"},\"sameAs\":[\"http:\/\/narteks.net\"],\"url\":\"https:\/\/narteks.net\/index.php\/author\/narbak\/\"}]}<\/script>\n<!-- \/ Yoast SEO Premium plugin. -->","yoast_head_json":{"title":"ASLINDA BU DENL\u0130 G\u00dcZEL KOKMAZ - narteks.net","robots":{"index":"index","follow":"follow","max-snippet":"max-snippet:-1","max-image-preview":"max-image-preview:large","max-video-preview":"max-video-preview:-1"},"canonical":"https:\/\/narteks.net\/index.php\/2009\/04\/12\/aslinda-bu-denli-guzel-kokmaz\/","og_locale":"tr_TR","og_type":"article","og_title":"ASLINDA BU DENL\u0130 G\u00dcZEL KOKMAZ","og_description":"\u00a0 Asl\u0131nda bu denli g\u00fczel kokmaz hi\u00e7 bir karanfil, Onda seni koklad\u0131\u011f\u0131mdan bunca g\u00fczel. Asl\u0131nda bu denli g\u00fczel olmaz hi\u00e7 bir Sar\u0131yer, Orda seni \u00f6pt\u00fc\u011f\u00fcmden bunca g\u00fczel. Asl\u0131nda bunca g\u00fczel olmaz hi\u00e7 bir d\u00fcnya, Seni sevdi\u011fim i\u00e7in d\u00fcnya da b\u00f6yle g\u00fczel. Asl\u0131nda bu denli deli de\u011fildim sor kime istersen, Sevince seni delilik bile bak ne [&hellip;]","og_url":"https:\/\/narteks.net\/index.php\/2009\/04\/12\/aslinda-bu-denli-guzel-kokmaz\/","og_site_name":"narteks.net","article_published_time":"2009-04-12T16:13:25+00:00","og_image":[{"width":300,"height":90,"url":"https:\/\/narteks.net\/wp-content\/uploads\/narteks.png","type":"image\/png"}],"author":"Tar\u0131k","twitter_card":"summary_large_image","twitter_creator":"@narteks","twitter_site":"@narteks","twitter_misc":{"Yazan:":"Tar\u0131k"},"schema":{"@context":"https:\/\/schema.org","@graph":[{"@type":"Article","@id":"https:\/\/narteks.net\/index.php\/2009\/04\/12\/aslinda-bu-denli-guzel-kokmaz\/#article","isPartOf":{"@id":"https:\/\/narteks.net\/index.php\/2009\/04\/12\/aslinda-bu-denli-guzel-kokmaz\/"},"author":{"name":"Tar\u0131k","@id":"https:\/\/narteks.net\/#\/schema\/person\/61f37d9834294b72d31d274e7ed79bca"},"headline":"ASLINDA BU DENL\u0130 G\u00dcZEL KOKMAZ","datePublished":"2009-04-12T16:13:25+00:00","mainEntityOfPage":{"@id":"https:\/\/narteks.net\/index.php\/2009\/04\/12\/aslinda-bu-denli-guzel-kokmaz\/"},"wordCount":102,"commentCount":0,"publisher":{"@id":"https:\/\/narteks.net\/#organization"},"articleSection":["Aziz NESIN"],"inLanguage":"tr","potentialAction":[{"@type":"CommentAction","name":"Comment","target":["https:\/\/narteks.net\/index.php\/2009\/04\/12\/aslinda-bu-denli-guzel-kokmaz\/#respond"]}]},{"@type":"WebPage","@id":"https:\/\/narteks.net\/index.php\/2009\/04\/12\/aslinda-bu-denli-guzel-kokmaz\/","url":"https:\/\/narteks.net\/index.php\/2009\/04\/12\/aslinda-bu-denli-guzel-kokmaz\/","name":"ASLINDA BU DENL\u0130 G\u00dcZEL KOKMAZ - narteks.net","isPartOf":{"@id":"https:\/\/narteks.net\/#website"},"datePublished":"2009-04-12T16:13:25+00:00","breadcrumb":{"@id":"https:\/\/narteks.net\/index.php\/2009\/04\/12\/aslinda-bu-denli-guzel-kokmaz\/#breadcrumb"},"inLanguage":"tr","potentialAction":[{"@type":"ReadAction","target":["https:\/\/narteks.net\/index.php\/2009\/04\/12\/aslinda-bu-denli-guzel-kokmaz\/"]}]},{"@type":"BreadcrumbList","@id":"https:\/\/narteks.net\/index.php\/2009\/04\/12\/aslinda-bu-denli-guzel-kokmaz\/#breadcrumb","itemListElement":[{"@type":"ListItem","position":1,"name":"Anasayfa","item":"https:\/\/narteks.net\/"},{"@type":"ListItem","position":2,"name":"ASLINDA BU DENL\u0130 G\u00dcZEL KOKMAZ"}]},{"@type":"WebSite","@id":"https:\/\/narteks.net\/#website","url":"https:\/\/narteks.net\/","name":"narteks.net","description":"K\u00fclt\u00fcr Sanat Edebiyat Felsefe","publisher":{"@id":"https:\/\/narteks.net\/#organization"},"alternateName":"K\u00fclt\u00fcr Sanat Edebiyat Felsefe","potentialAction":[{"@type":"SearchAction","target":{"@type":"EntryPoint","urlTemplate":"https:\/\/narteks.net\/?s={search_term_string}"},"query-input":{"@type":"PropertyValueSpecification","valueRequired":true,"valueName":"search_term_string"}}],"inLanguage":"tr"},{"@type":"Organization","@id":"https:\/\/narteks.net\/#organization","name":"narteks.net","url":"https:\/\/narteks.net\/","logo":{"@type":"ImageObject","inLanguage":"tr","@id":"https:\/\/narteks.net\/#\/schema\/logo\/image\/","url":"https:\/\/narteks.net\/wp-content\/uploads\/narteks.png","contentUrl":"https:\/\/narteks.net\/wp-content\/uploads\/narteks.png","width":300,"height":90,"caption":"narteks.net"},"image":{"@id":"https:\/\/narteks.net\/#\/schema\/logo\/image\/"},"sameAs":["https:\/\/x.com\/narteks","https:\/\/instagram.com\/narteksnet"]},{"@type":"Person","@id":"https:\/\/narteks.net\/#\/schema\/person\/61f37d9834294b72d31d274e7ed79bca","name":"Tar\u0131k","image":{"@type":"ImageObject","inLanguage":"tr","@id":"https:\/\/narteks.net\/#\/schema\/person\/image\/","url":"https:\/\/secure.gravatar.com\/avatar\/50865afb55632c4ae467e0af0930f6510aa2297d8014be502a55b14f3b7550cf?s=96&d=mm&r=g","contentUrl":"https:\/\/secure.gravatar.com\/avatar\/50865afb55632c4ae467e0af0930f6510aa2297d8014be502a55b14f3b7550cf?s=96&d=mm&r=g","caption":"Tar\u0131k"},"sameAs":["http:\/\/narteks.net"],"url":"https:\/\/narteks.net\/index.php\/author\/narbak\/"}]}},"_links":{"self":[{"href":"https:\/\/narteks.net\/index.php\/wp-json\/wp\/v2\/posts\/540","targetHints":{"allow":["GET"]}}],"collection":[{"href":"https:\/\/narteks.net\/index.php\/wp-json\/wp\/v2\/posts"}],"about":[{"href":"https:\/\/narteks.net\/index.php\/wp-json\/wp\/v2\/types\/post"}],"author":[{"embeddable":true,"href":"https:\/\/narteks.net\/index.php\/wp-json\/wp\/v2\/users\/1"}],"replies":[{"embeddable":true,"href":"https:\/\/narteks.net\/index.php\/wp-json\/wp\/v2\/comments?post=540"}],"version-history":[{"count":0,"href":"https:\/\/narteks.net\/index.php\/wp-json\/wp\/v2\/posts\/540\/revisions"}],"wp:attachment":[{"href":"https:\/\/narteks.net\/index.php\/wp-json\/wp\/v2\/media?parent=540"}],"wp:term":[{"taxonomy":"category","embeddable":true,"href":"https:\/\/narteks.net\/index.php\/wp-json\/wp\/v2\/categories?post=540"},{"taxonomy":"post_tag","embeddable":true,"href":"https:\/\/narteks.net\/index.php\/wp-json\/wp\/v2\/tags?post=540"}],"curies":[{"name":"wp","href":"https:\/\/api.w.org\/{rel}","templated":true}]}}