{"id":5402,"date":"2011-02-28T15:59:18","date_gmt":"2011-02-28T12:59:18","guid":{"rendered":"http:\/\/localhost\/wordpress\/2011\/02\/28\/asaf-halet-celebi-biyografisi\/"},"modified":"2011-02-28T15:59:18","modified_gmt":"2011-02-28T12:59:18","slug":"asaf-halet-celebi-biyografisi","status":"publish","type":"post","link":"https:\/\/narteks.net\/index.php\/2011\/02\/28\/asaf-halet-celebi-biyografisi\/","title":{"rendered":"Asaf Halet \u00c7ELEB\u0130 Biyografisi"},"content":{"rendered":"<p style=\"text-align: justify;\"><img loading=\"lazy\" decoding=\"async\" style=\"float: left;\" src=\"data:image\/jpeg;base64,\/9j\/4AAQSkZJRgABAQAAAQABAAD\/2wCEAAkGBxMSEhUTExIWFhUXFxUYFxUXFRcVFxgYFRUWFxUXFxUYHSggGBolHRUVITEhJSkrLi4uFx8zODMtNygtLisBCgoKDQ0NGg0PDysZExkrKysrKysrKysrKysrKysrKysrKys3KysrKysrKysrKysrKysrKysrKysrKysrKysrK\/\/AABEIAOcA2gMBIgACEQEDEQH\/xAAbAAABBQEBAAAAAAAAAAAAAAAFAQIDBAYAB\/\/EADUQAAEDAgUCBAUCBgMBAAAAAAEAAhEDBAUSITFBUWEGcYGREyKhsfAywRQVQlLR4Qcj8XL\/xAAVAQEBAAAAAAAAAAAAAAAAAAAAAf\/EABQRAQAAAAAAAAAAAAAAAAAAAAD\/2gAMAwEAAhEDEQA\/AMu207J\/8J2V4BdlQUjadkz+F7IiQmlqCgLZD8WcB8o9UTxG4FNvc7LNvcSZPKBpXLkoCBEq6F0IEXQpre2c\/wDSEdsPDRMFx9EGeawlWrbD3v1Albq18NsbuERoYHTbBhBjsGsnDUg9CIS4ngh1d30C9Cp2DRsE+pYtOkeYQeN3FsWmCE6nZk8Fek3uAs1c4fThVHYIX8ZWfU+SDz\/+GdMLjbO4Hvp916KMBZTGg1hZzF7AA\/NpHQoAdOyaP1vAPQarqlZo+Wn6uO\/oo6jw3Y+sKHMECfVNAXErkFyxruHyjWSjgboFm7esWODhwtHbVA9oI5+6BxYmZFNlXeiCy1c56lypS3sghCa9wAJU+VDMdrZKcDdyABiFyajyeOFXSLkCp9JkmExEsOof1FBatcOEfN7K9\/L2EagQpLenMK8yigbh9g0QRoEfoFoGyH0G5Vap1QdIQEraqDsrzD7odbgAf4VthhBbpsTgxRU3KZrkCPpg7pjqIClPVNJQRGkDwg2LYQ1wIA16rQFsKB1Pqg8pxbAXtJhu3RA6lEt3C9murRrtws3jGCtcNtfqg86hIieKYYaR7Iag6EQwy4+G4a\/K77ofKlY4mOyDWlqao6B+UJ+YICeVcG+qelQRFqyfiOrNWBsAtVcVA1pJ4CwdapmcT1KBicWJI1CmaJPYIGNRjDmnnZBm7o7ZTl0QFKY5U9GoqHxYMdlIbhrQC4wPugMW7C\/mFdp2G2qz1h4hph0HQIu7xJR\/uHkgL0KMcq5RpnrPoglnjtE7vaCep1Ry1qtds4e4KCf4XdPDT1U9MqQ0kEDRKUhSFnZNPOiCMhRlyeJTXNQQPeqdy5pCnuD0Qy51QCsYtA9pB31hee1aeUkdF6NWf1WIx+nFUwN9UA0qe0pFzhHqoCiOE6GQe0IDtNkACdk\/L3SNTpQEwNF2XRPDEoCAF4nJFLTl0HyWUb1W6xYgUzKxlSgIBHJQQkHQpzHwp7hsNCqoJmM16ovSfDYQ6yZqr7ieiBlS7y6n2Qy4rueZKlr0yXQiVG0EAe6AHlTsh6LQts2AcK\/a29MmJbr5IMg\/XXlWbS+qUiC1x91rn4Gxw0AKGXGAQddAg1fhXxFnbFR3QLZU6kjReYYVafDgGPPrC3+Gv+QH1QXxqnjdROIVG7rZRM7IL1VzRuQonEHlYrHseDQYPzLOs8YVm7GT32Qem1mCENu7bQlZKy8ePAipTDu4P7I\/aeJaFQfrgngoKdwsh4hHzNK194PmMHQ6hZLxA\/5mhAGKJ4KyZ6IaQj+EU4Z56oL0wlj8hIujzQHQuhc1Kgz\/AIoqEhrBqXFBLpmUNBnlaDxDWygO0kbIK2k6pTJJk7hAOuOF1KkSQE+qyAAd+iJ4bbSJQSspQAphSlW6VtGqR1EnZAOyBoJ5VS4uS0wCJI36K\/fUXDQNVD+EMy7UcoK7nmM0Fw\/uO0qSlezoabdupH1Ri3taL25JIBMxMaqwzw1QIn4jj2kfdAKo4hUpAPGYNOwdJafJy0eHY7TrNyuEOHCmxSlSfQbQJytaBlI1I81k\/wCWZHS18gc7FATr3+WoQFssAvyWwV59QsjUqfKTG5JWywRgbvKDWudostj+LBny9eEfqVdPRec+IHFtQucDE6chAtxSbWmBCo1PD5\/pPupLTG2M4RG28RMf8ppkzyP9oM\/UwKsD+mR1VCvQcww4EFehW+I0mgMdmb3cIn1Ul7Z06tPYEcO5QY\/CcYIhj5I4PTzVXGqmapp0UNzbFlXKNddFHcPlxQRv3WiwykcgnogNCmXOAWopMgQEChqWF0LkB0D2SnQap+VR3j8rZ9ggx3iWqXVA1WqDcjQAJ0UF\/Qmu2fMpmJXsS0HdA3EaWZ4PUcIjY04aNEOs2EROqMU9kF6iJCs27NYjZVLZE7UQP3QV7iwmdEPZYcELUUwOgTn0Qd0GRfhzDM6JzbSm0frd5SVpf5Y08Jow1sbIM05s6AE+aT+Xl24gLVNw8Bu26FX1VtEOn2QR0gyk3TdWMOd1WeoXZeSQNEZwcFztdkGio1JbCz2OYaajcodlmdxOvRam3s9JVS8tf6XDQ\/dB5l\/I3\/M2QX8CYlUa1pUpn52OHmD9Ctvf4Zldm3Cmo1pESdODqPrsgy77avTt21H\/ADMcf0u1I6EHhWMIxUtmnMsIls8dQimKW7qrcpEjhZ\/+XGlWa087IG3xDqrSN514Qmrq4+ZWtdhjdSZ6rPWtiXnTaUBDB7OBmPoipTabcrQITw1BGlhKdF2n4EGh3UNQaqcKNzZGiDNYiQK5\/wDlA6AzVCSiuNBwqg87eir2ttDj3QXaTI3UjDqPNJm4KbTOqAlbvghX23HHVDKTlYpjWZQHbVs6aoiymI8kGs3zoCjFN5CCYMKkbQETCZTqKWZ2QDsUxBtNpngLB\/NdPkzBWj8Y0T8IkalZPA8VFPR2hCA3Z4eKRhF8MLQ6IWJxPHKznHLAbxGqv+HMaLnZX\/q3B\/ZB6lbPbGir4kwEabhB7bFQNPrKiuMdpmoKYfLugQETbNcNRIhBr\/B9yNOhH7ovRuwx4YeVedTzDTZBkqdqYg+45TbnC8413Gx5WhfZgHTfom1KRLdspQZurbFtJ3JAMIPg9L\/qHUklau+pQCOyA5QNAEERStSuaujRAwhO9EhSZe6DQDVdUZCaxTQgzPiJsFpVSzHVFfEmjAY0Q2zP7IJLkASq1u\/7qxXYHHso6QIMQgIUuFMwyddFAx4PKayoSUBTDzlfJ6IkbzLz7qha0wRzPZVMWBaN4H1QFm4qC4QdVcGIrKWDxoSYlV8RxcBxY1\/OpHA7d0BvF7oPDge6yGJ2rA2QRMx3UdTFRmMNMcayZ5LjyqTg57iR2QQAHaVZt7eoDma0+cK0MJqS3K2Tye6L1HVqZa57Tla2CIiT1QCnXteDO23Qp2FOy1hDYceSZ9UZuKdN4lsyRseu\/ogDasVANo4I5HEoNrVsnsAqFx4Wpw6sHMEdEIwW6ZcW58iCJ1BUuBVNC08GEBstVas7TZWcyrXLoCAHjLgBpyECbruiuMPkwh7aaCIsXFpHRSFiQjsgiLUmXupSE2B3QHAzROCQJaZgIAvikxSHcoLRdGnkiXjOoMjBPKF0BoDKC+GhQNMOiVKxuh1UGQkyEBClSieir0XS8\/ZXWt+VD2S1+vKDR4YJdKs+ILQFo02CoYW4A7o7dNmkUHmV\/dkOIGkKhBJMNJlaWrYhzyrTMOyjQaoMeC5umWPMK9aUqpIygLTGkAQC0Ecq7TsbckR8pKAFRfWYZfSMHluqL2+KMIhz+Nnj\/K0llbhgAziO6lfh7HzIBQZsX1IQP+uJ4AlZ3xBQFR7qtMQBqQPuFqMY8L0cpOUg9lka1J9s8SSaZMa8IJPC14WVYmC7vo4+S2FoctaIiRPusLbW+a5blkNzAyOFtHsIqE7+f7INMx4Ve9dolt3\/ACSUPvrjTZAIvngvKgAXPdJJSgFBwCaQlKQoGkJYKSSukoMtiXiCq+oS15a0HQBSUvFFaMrjPflAQlCA7dZa4kVDm6FLaVCwZXDXhBGuI2VkXhJEoNPRfPmn0xBh23ZD7G7bHmiDhmGgQW+N9Bsqdf8AUp6LswIHCq3Mbb9T0QXbW4iNeVpadcCnrvCxtN2UeiJNv9GjgjXqgu06LS6fdWzT0lu5VO0eJEIvayeg7fdBRfZTHVVq1kSdNv3Rj4cmZ0P0VijbdUGYewiWvBI8zols7yqwQHGOFq34c1wgqE4J3EdIQDaOKPMBwnqVYq0WVgQ5gII6KyzDgJ0g\/RWm0oGyDFWNgbaqWnVsjKT0WipUcxPQLsZtxAKt2DWtYO6CMDQiemiCYm+EWu3ZZMws9WfmcUDQE8dkjWwntCBpXOanALjKCOF2Q9k4phPmg86CUJcq6ECpUi6EE1CrBRyzvxoJPRZ5PZUhBrqNQzopQ0EHqgVnfaROqLsrbAc6koIKjssqj\/FEORS5YIkcoFctIMyg1GHXfQ+aPWV3ESVhMNuo3WgtbuB6boNS54cAB9FdoHbos1bYiOk9OEdsarXAEfdBdq1NDCdaVuJVSpWyuAldSrCfzdARcASoH7noohdSdFBUuY4jqUEeIOGWN0OfebNmI3Try6iYPBhAQ8nWddygJ39zIACrsprqDJMnb7qw4coIgAFzU\/KmhqBCIXOGnVPmUhp6FBEQISeykPkmwOn1KDzim4QucE1zCFLT+b90DISQpn9kzKgaEkJ2VKGoG03QiVlfQZKHFqSEGrbXDhtCG3FCR21VC3uy1GKVcPGp\/wBIBDmlpRTDbwgZTykewFxnhdRtJQXHXGXUIjY4xGsx9vRD7O31ykf4KJNwcEILVTFWudoeFLRxDeHCTwhlbB3Dae6pus6jf0koNTb32qrYrioadCCTwgbG1yPmICY6nl1O\/wBUEtKu5xJOis0w5zgOOT0VG2aXuDQFobe0DG6aHkoHU2ACAljZOj3THt6oG8rg3RPDdErSgjy6JHbQpRumlmqCOBG64EdEvwxKSe6DzQiUyIUpYm5ZQSNg6ppTAS0\/mqnmQgjlK5ui4J5b+fsgiaF0J7RKSEDMqlo1y3ThNaillh3x2\/L+sbt6jqEC29XMOit254Q1+H1KZmCrNnXkwdCgN0OqP2bxA1WbpPV+2uo58kGhp0J5TH24HRDRiBHKidfknVA66aBMlCKwzEBWrm9G0J9ha65nCOiCzh9uGDieqtbprW7p0CUHahRgzypC76KNwQOOq5xSNSmd\/wA7IH6AeSTVNAUgJPogZHquzefsuAH\/AIkz9wg83a4mev7LmN0OnlP2Sml\/YdvqpG66RuPY9UFeoyfP81UdN8K7VpjYbz\/4FUrN3KCTQ\/smgjlMoVI32U7mZtUEbSlISlqXndAgZyrNncvpvFRkhzTIHHl5KMxJ3PRK2p02H5CD1TBvg3tL4zWgOGj2\/wBpH7FS3vg2hXGxY\/hzfpI5Xn3hPHnWtYO\/ocQHt6jr5heyMrNc0PaQQ4AtI5nZB5FjeE17QxUBdTnSoNvXoqDrkgS06L264t21Glr2hwOkHZef+JfAGhfanLyaZOh8jwgyFLE53Vhl7OkrPGQY5Eg+YRfBbUvcB1PVBoMNwSrVpPqt\/oBI7kaqbAsTbWbEw4cHqvQcFtBTpBkcQvGscoutLyo1ukOzDydqEG7a33SOH59lRwXFG1mg7O5HKI\/DQNawkcQmZdfz8Cm7SmFplA34Yny16JC2eFNlSZ0EIH+lNTb1\/wBJGDp5ro68oG1G6f4UWQ\/2hTiOV3wu490HnLXhwEz\/AIHCV9sQZcdPfdIuUClh39iq5Gp\/Nki5BVc2Cn0XcLlyC2+lPaPtwoskROy5cgc3Qx1XZI+\/ouXIJWtBML0P\/jnGZDrZ2sElnYchcuQbpqjvqgZTe87NaSfZcuQeGDDg9nxy+A9zuNjOmyptJpukOMg6Edly5UeneA\/Fjq5+DU1cBo6N\/NBf+WrLLVpVQP1tIPmNly5QYywvHUnhzT5r0TCr4VqYcN1y5BddrwovZKuQKT0XPeeVy5A5onYJenqkXIEbym5AuXIP\/9k=\" width=\"155\" height=\"205\" border=\"0\" \/>Dahiliye Nezareti \u015eifre Kalemi M\u00fcd\u00fcr\u00fc Mehmet Sait Halet Bey&#8217;in o\u011flu olan \u00c7elebi \u0130stanbul&#8217;da do\u011fdu. Galatasaray Lisesi&#8217;nde 8 y\u0131l e\u011fitim g\u00f6rd\u00fc. Babas\u0131ndan Frans\u0131zca ve Fars\u00e7a, Mevlevi \u015eeyhi Ahmet Remzi Dede (Aky\u00fcrek) ile Rauf Yekta Bey&#8217;den musiki ve nota dersleri ald\u0131. K\u0131sa bir s\u00fcre kald\u0131\u011f\u0131 Fransa&#8217;dan d\u00f6n\u00fc\u015f\u00fcnde \u00fc\u00e7 y\u0131l Sanayi-i Nefise Mektebi&#8217;nde \u00f6\u011frenim g\u00f6rd\u00fc. Adliye Meslek Mektebi&#8217;nden mezun oldu.<\/p>\n<p>\u00dcsk\u00fcdar Adliyesi Ceza Mahkemesi zab\u0131t k\u00e2tipli\u011fi yapt\u0131. Osmanl\u0131 Bankas\u0131, Devlet Deniz Yollar\u0131 \u0130\u015fletmesi&#8217;nde \u00e7al\u0131\u015ft\u0131. \u0130stanbul \u00dcniversitesi Edebiyat Fak\u00fcltesi Felsefe B\u00f6l\u00fcm\u00fc kitapl\u0131\u011f\u0131nda g\u00f6revliyken ya\u015fam\u0131n\u0131 yitirdi.<\/p>\n<p>Gen\u00e7lik y\u0131llar\u0131nda divan edebiyat\u0131ndan etkilendi. Gazeller ve rubailer yazd\u0131. 1937&#8217;den sonra serbest \u00f6l\u00e7\u00fc kullanmaya ve Bat\u0131 \u015fiirinin tekniklerine y\u00f6nelmeye ba\u015flad\u0131. Yeni \u015fiir ak\u0131m\u0131n\u0131n \u00f6nde gelen dergilerinden Ses, Hamle, Sokak, Servet-i F\u00fcnun-Uyan\u0131\u015f&#8217;ta ve G\u00fcn gazetesinde 1938-1941 y\u0131llar\u0131 aras\u0131nda ilk \u015fiirleri yay\u0131nland\u0131. Bu \u015fiirlerinde ergenlik \u00e7a\u011f\u0131na ait duygular, \u00e7ocukluk, masallar ve tekerlemelerin ger\u00e7ek\u00fcst\u00fc d\u00fcnyas\u0131 gibi temalar\u0131 kulland\u0131. H\u0131rs\u0131z, Trilobit ve C\u00fcneyd adl\u0131 \u015fiirlerinin Frans\u0131zca \u00e7evirileriyle birlikte 45 \u015fiirin bulundu\u011fu He&#8217;nin (1942) ard\u0131ndan ayn\u0131 \u00e7izgide on \u015fiirin yer ald\u0131\u011f\u0131 Lamelif&#8217;i (1945) yay\u0131mlad\u0131. B\u00fct\u00fcn \u015fiirlerinin topland\u0131\u011f\u0131 Om Mani Padme Hum (1953), \u00c7elebi&#8217;nin i\u00e7rek ve gizemci \u015fiirini b\u00fct\u00fcn\u00fcyle g\u00f6zler \u00f6n\u00fcne serer. \u0130stanbul dergisinde yay\u0131mlad\u0131\u011f\u0131 Benim G\u00f6z\u00fcmle \u015eiir Davas\u0131 (Temmuz-Aral\u0131k 1954) adl\u0131 alt\u0131 makalede poetikas\u0131n\u0131 a\u00e7\u0131klad\u0131. Ses, imge, anlam ve d\u00fc\u015f\u00fcnce olarak k\u00fclt\u00fcrler aras\u0131 ve metinler aras\u0131 bir nitelik ta\u015f\u0131yan \u015fiirleriyle Asaf H\u00e2let, T\u00fcrk \u015fiirinde &#8220;modern gelenek\u00e7i&#8221; tavr\u0131n temsilcisi oldu.<\/p>\n<p>\u0130lk d\u00f6nem eserlerinin ard\u0131ndan, \u015fiirlerinde dinlerden, ideolojilerden, toplumsal olaylardan \u00e7ok Anadolu-\u0130ran-Hindistan \u00e7izgisi \u00fczerinde uzanan bir ya\u015fam\u0131n g\u00f6r\u00fcn\u00fcmlerini sesler arac\u0131l\u0131\u011f\u0131yla dile getiren \u015fair, \u015fiirin t\u0131pk\u0131 hayatta oldu\u011fu gibi soyut ara\u00e7larla soyut bir d\u00fcnya yaratt\u0131\u011f\u0131na inand\u0131. Kendisinden sonra gelen nesli soyut \u015fiir anlay\u0131\u015f\u0131n\u0131n T\u00fcrk Edebiyat\u0131&#8217;ndaki ilk tan\u0131mlar\u0131n\u0131 yaparak etkiledi. \u015eiire bak\u0131\u015f a\u00e7\u0131s\u0131n\u0131 &#8220;Mesela esasen, m\u00fc\u015fahhas malzeme ile m\u00fccerret olan hayali ya\u015fatabilmektir. Yani m\u00fccerret \u015fiir, bilakis m\u00fccerret mefhumlu kelimelerden m\u00fcmk\u00fcn mertebe soyunmu\u015f olan ve toplu bir halde m\u00fccerret bir mana anlatan ve bize o ihtisas\u0131 veren ruh an\u0131n\u0131n ifadesini ta\u015f\u0131yan \u015fiirdir.&#8221; diyerek a\u00e7\u0131klad\u0131.<\/p>\n<p>\u015eiirlerinin yan\u0131 s\u0131ra eski edebiyat ile ilgili \u00e7al\u0131\u015fmalar\u0131yla da tan\u0131nan \u00c7elebi, Hint ve Fars Edebiyatlar\u0131 \u00fczerine yapt\u0131\u011f\u0131 \u00e7al\u0131\u015fmalar\u0131 dergilerde ve kitaplarda yay\u0131nlad\u0131. Bu konuda yazd\u0131\u011f\u0131 makalelerden biri 1949 tarihli \u015ead\u0131rvan Dergisi&#8217;nde bulunabilir. Ayr\u0131ca, \u00e7e\u015fitli dergilerde yay\u0131nlanan d\u00fcz yaz\u0131lar\u0131 ve Hint edebiyat\u0131 \u00fczerine makalelerini Semih G\u00fcng\u00f6r, Asaf Halet \u00c7elebi incelemesiyle birlikte yay\u0131nlad\u0131.<\/p>\n","protected":false},"excerpt":{"rendered":"<p>Dahiliye Nezareti \u015eifre Kalemi M\u00fcd\u00fcr\u00fc Mehmet Sait Halet Bey&#8217;in o\u011flu olan \u00c7elebi \u0130stanbul&#8217;da do\u011fdu. Galatasaray Lisesi&#8217;nde 8 y\u0131l e\u011fitim g\u00f6rd\u00fc. Babas\u0131ndan Frans\u0131zca ve Fars\u00e7a, Mevlevi \u015eeyhi Ahmet Remzi Dede (Aky\u00fcrek) ile Rauf Yekta Bey&#8217;den musiki ve nota dersleri ald\u0131. K\u0131sa bir s\u00fcre kald\u0131\u011f\u0131 Fransa&#8217;dan d\u00f6n\u00fc\u015f\u00fcnde \u00fc\u00e7 y\u0131l Sanayi-i Nefise Mektebi&#8217;nde \u00f6\u011frenim g\u00f6rd\u00fc. Adliye Meslek Mektebi&#8217;nden [&hellip;]<\/p>\n","protected":false},"author":1,"featured_media":0,"comment_status":"open","ping_status":"open","sticky":false,"template":"","format":"standard","meta":{"footnotes":""},"categories":[9],"tags":[],"class_list":{"0":"post-5402","1":"post","2":"type-post","3":"status-publish","4":"format-standard","6":"category-asaf-halet-celebi"},"yoast_head":"<!-- This site is optimized with the Yoast SEO Premium plugin v24.9 (Yoast SEO v24.9) - https:\/\/yoast.com\/wordpress\/plugins\/seo\/ -->\n<title>Asaf Halet \u00c7ELEB\u0130 Biyografisi - narteks.net<\/title>\n<meta name=\"robots\" content=\"index, follow, max-snippet:-1, max-image-preview:large, max-video-preview:-1\" \/>\n<link rel=\"canonical\" href=\"https:\/\/narteks.net\/index.php\/2011\/02\/28\/asaf-halet-celebi-biyografisi\/\" \/>\n<meta property=\"og:locale\" content=\"tr_TR\" \/>\n<meta property=\"og:type\" content=\"article\" \/>\n<meta property=\"og:title\" content=\"Asaf Halet \u00c7ELEB\u0130 Biyografisi\" \/>\n<meta property=\"og:description\" content=\"Dahiliye Nezareti \u015eifre Kalemi M\u00fcd\u00fcr\u00fc Mehmet Sait Halet Bey&#8217;in o\u011flu olan \u00c7elebi \u0130stanbul&#8217;da do\u011fdu. Galatasaray Lisesi&#8217;nde 8 y\u0131l e\u011fitim g\u00f6rd\u00fc. Babas\u0131ndan Frans\u0131zca ve Fars\u00e7a, Mevlevi \u015eeyhi Ahmet Remzi Dede (Aky\u00fcrek) ile Rauf Yekta Bey&#8217;den musiki ve nota dersleri ald\u0131. K\u0131sa bir s\u00fcre kald\u0131\u011f\u0131 Fransa&#8217;dan d\u00f6n\u00fc\u015f\u00fcnde \u00fc\u00e7 y\u0131l Sanayi-i Nefise Mektebi&#8217;nde \u00f6\u011frenim g\u00f6rd\u00fc. Adliye Meslek Mektebi&#8217;nden [&hellip;]\" \/>\n<meta property=\"og:url\" content=\"https:\/\/narteks.net\/index.php\/2011\/02\/28\/asaf-halet-celebi-biyografisi\/\" \/>\n<meta property=\"og:site_name\" content=\"narteks.net\" \/>\n<meta property=\"article:published_time\" content=\"2011-02-28T12:59:18+00:00\" \/>\n<meta property=\"og:image\" content=\"https:\/\/narteks.net\/wp-content\/uploads\/narteks.png\" \/>\n\t<meta property=\"og:image:width\" content=\"300\" \/>\n\t<meta property=\"og:image:height\" content=\"90\" \/>\n\t<meta property=\"og:image:type\" content=\"image\/png\" \/>\n<meta name=\"author\" content=\"Tar\u0131k\" \/>\n<meta name=\"twitter:card\" content=\"summary_large_image\" \/>\n<meta name=\"twitter:creator\" content=\"@narteks\" \/>\n<meta name=\"twitter:site\" content=\"@narteks\" \/>\n<meta name=\"twitter:label1\" content=\"Yazan:\" \/>\n\t<meta name=\"twitter:data1\" content=\"Tar\u0131k\" \/>\n\t<meta name=\"twitter:label2\" content=\"Tahmini okuma s\u00fcresi\" \/>\n\t<meta name=\"twitter:data2\" content=\"2 dakika\" \/>\n<script type=\"application\/ld+json\" class=\"yoast-schema-graph\">{\"@context\":\"https:\/\/schema.org\",\"@graph\":[{\"@type\":\"Article\",\"@id\":\"https:\/\/narteks.net\/index.php\/2011\/02\/28\/asaf-halet-celebi-biyografisi\/#article\",\"isPartOf\":{\"@id\":\"https:\/\/narteks.net\/index.php\/2011\/02\/28\/asaf-halet-celebi-biyografisi\/\"},\"author\":{\"name\":\"Tar\u0131k\",\"@id\":\"https:\/\/narteks.net\/#\/schema\/person\/61f37d9834294b72d31d274e7ed79bca\"},\"headline\":\"Asaf Halet \u00c7ELEB\u0130 Biyografisi\",\"datePublished\":\"2011-02-28T12:59:18+00:00\",\"mainEntityOfPage\":{\"@id\":\"https:\/\/narteks.net\/index.php\/2011\/02\/28\/asaf-halet-celebi-biyografisi\/\"},\"wordCount\":479,\"commentCount\":0,\"publisher\":{\"@id\":\"https:\/\/narteks.net\/#organization\"},\"articleSection\":[\"Asaf Halet \u00c7ELEB\u0130\"],\"inLanguage\":\"tr\",\"potentialAction\":[{\"@type\":\"CommentAction\",\"name\":\"Comment\",\"target\":[\"https:\/\/narteks.net\/index.php\/2011\/02\/28\/asaf-halet-celebi-biyografisi\/#respond\"]}]},{\"@type\":\"WebPage\",\"@id\":\"https:\/\/narteks.net\/index.php\/2011\/02\/28\/asaf-halet-celebi-biyografisi\/\",\"url\":\"https:\/\/narteks.net\/index.php\/2011\/02\/28\/asaf-halet-celebi-biyografisi\/\",\"name\":\"Asaf Halet \u00c7ELEB\u0130 Biyografisi - narteks.net\",\"isPartOf\":{\"@id\":\"https:\/\/narteks.net\/#website\"},\"datePublished\":\"2011-02-28T12:59:18+00:00\",\"breadcrumb\":{\"@id\":\"https:\/\/narteks.net\/index.php\/2011\/02\/28\/asaf-halet-celebi-biyografisi\/#breadcrumb\"},\"inLanguage\":\"tr\",\"potentialAction\":[{\"@type\":\"ReadAction\",\"target\":[\"https:\/\/narteks.net\/index.php\/2011\/02\/28\/asaf-halet-celebi-biyografisi\/\"]}]},{\"@type\":\"BreadcrumbList\",\"@id\":\"https:\/\/narteks.net\/index.php\/2011\/02\/28\/asaf-halet-celebi-biyografisi\/#breadcrumb\",\"itemListElement\":[{\"@type\":\"ListItem\",\"position\":1,\"name\":\"Anasayfa\",\"item\":\"https:\/\/narteks.net\/\"},{\"@type\":\"ListItem\",\"position\":2,\"name\":\"Asaf Halet \u00c7ELEB\u0130 Biyografisi\"}]},{\"@type\":\"WebSite\",\"@id\":\"https:\/\/narteks.net\/#website\",\"url\":\"https:\/\/narteks.net\/\",\"name\":\"narteks.net\",\"description\":\"K\u00fclt\u00fcr Sanat Edebiyat Felsefe\",\"publisher\":{\"@id\":\"https:\/\/narteks.net\/#organization\"},\"alternateName\":\"K\u00fclt\u00fcr Sanat Edebiyat Felsefe\",\"potentialAction\":[{\"@type\":\"SearchAction\",\"target\":{\"@type\":\"EntryPoint\",\"urlTemplate\":\"https:\/\/narteks.net\/?s={search_term_string}\"},\"query-input\":{\"@type\":\"PropertyValueSpecification\",\"valueRequired\":true,\"valueName\":\"search_term_string\"}}],\"inLanguage\":\"tr\"},{\"@type\":\"Organization\",\"@id\":\"https:\/\/narteks.net\/#organization\",\"name\":\"narteks.net\",\"url\":\"https:\/\/narteks.net\/\",\"logo\":{\"@type\":\"ImageObject\",\"inLanguage\":\"tr\",\"@id\":\"https:\/\/narteks.net\/#\/schema\/logo\/image\/\",\"url\":\"https:\/\/narteks.net\/wp-content\/uploads\/narteks.png\",\"contentUrl\":\"https:\/\/narteks.net\/wp-content\/uploads\/narteks.png\",\"width\":300,\"height\":90,\"caption\":\"narteks.net\"},\"image\":{\"@id\":\"https:\/\/narteks.net\/#\/schema\/logo\/image\/\"},\"sameAs\":[\"https:\/\/x.com\/narteks\",\"https:\/\/instagram.com\/narteksnet\"]},{\"@type\":\"Person\",\"@id\":\"https:\/\/narteks.net\/#\/schema\/person\/61f37d9834294b72d31d274e7ed79bca\",\"name\":\"Tar\u0131k\",\"image\":{\"@type\":\"ImageObject\",\"inLanguage\":\"tr\",\"@id\":\"https:\/\/narteks.net\/#\/schema\/person\/image\/\",\"url\":\"https:\/\/secure.gravatar.com\/avatar\/50865afb55632c4ae467e0af0930f6510aa2297d8014be502a55b14f3b7550cf?s=96&d=mm&r=g\",\"contentUrl\":\"https:\/\/secure.gravatar.com\/avatar\/50865afb55632c4ae467e0af0930f6510aa2297d8014be502a55b14f3b7550cf?s=96&d=mm&r=g\",\"caption\":\"Tar\u0131k\"},\"sameAs\":[\"http:\/\/narteks.net\"],\"url\":\"https:\/\/narteks.net\/index.php\/author\/narbak\/\"}]}<\/script>\n<!-- \/ Yoast SEO Premium plugin. -->","yoast_head_json":{"title":"Asaf Halet \u00c7ELEB\u0130 Biyografisi - narteks.net","robots":{"index":"index","follow":"follow","max-snippet":"max-snippet:-1","max-image-preview":"max-image-preview:large","max-video-preview":"max-video-preview:-1"},"canonical":"https:\/\/narteks.net\/index.php\/2011\/02\/28\/asaf-halet-celebi-biyografisi\/","og_locale":"tr_TR","og_type":"article","og_title":"Asaf Halet \u00c7ELEB\u0130 Biyografisi","og_description":"Dahiliye Nezareti \u015eifre Kalemi M\u00fcd\u00fcr\u00fc Mehmet Sait Halet Bey&#8217;in o\u011flu olan \u00c7elebi \u0130stanbul&#8217;da do\u011fdu. Galatasaray Lisesi&#8217;nde 8 y\u0131l e\u011fitim g\u00f6rd\u00fc. Babas\u0131ndan Frans\u0131zca ve Fars\u00e7a, Mevlevi \u015eeyhi Ahmet Remzi Dede (Aky\u00fcrek) ile Rauf Yekta Bey&#8217;den musiki ve nota dersleri ald\u0131. K\u0131sa bir s\u00fcre kald\u0131\u011f\u0131 Fransa&#8217;dan d\u00f6n\u00fc\u015f\u00fcnde \u00fc\u00e7 y\u0131l Sanayi-i Nefise Mektebi&#8217;nde \u00f6\u011frenim g\u00f6rd\u00fc. Adliye Meslek Mektebi&#8217;nden [&hellip;]","og_url":"https:\/\/narteks.net\/index.php\/2011\/02\/28\/asaf-halet-celebi-biyografisi\/","og_site_name":"narteks.net","article_published_time":"2011-02-28T12:59:18+00:00","og_image":[{"width":300,"height":90,"url":"https:\/\/narteks.net\/wp-content\/uploads\/narteks.png","type":"image\/png"}],"author":"Tar\u0131k","twitter_card":"summary_large_image","twitter_creator":"@narteks","twitter_site":"@narteks","twitter_misc":{"Yazan:":"Tar\u0131k","Tahmini okuma s\u00fcresi":"2 dakika"},"schema":{"@context":"https:\/\/schema.org","@graph":[{"@type":"Article","@id":"https:\/\/narteks.net\/index.php\/2011\/02\/28\/asaf-halet-celebi-biyografisi\/#article","isPartOf":{"@id":"https:\/\/narteks.net\/index.php\/2011\/02\/28\/asaf-halet-celebi-biyografisi\/"},"author":{"name":"Tar\u0131k","@id":"https:\/\/narteks.net\/#\/schema\/person\/61f37d9834294b72d31d274e7ed79bca"},"headline":"Asaf Halet \u00c7ELEB\u0130 Biyografisi","datePublished":"2011-02-28T12:59:18+00:00","mainEntityOfPage":{"@id":"https:\/\/narteks.net\/index.php\/2011\/02\/28\/asaf-halet-celebi-biyografisi\/"},"wordCount":479,"commentCount":0,"publisher":{"@id":"https:\/\/narteks.net\/#organization"},"articleSection":["Asaf Halet \u00c7ELEB\u0130"],"inLanguage":"tr","potentialAction":[{"@type":"CommentAction","name":"Comment","target":["https:\/\/narteks.net\/index.php\/2011\/02\/28\/asaf-halet-celebi-biyografisi\/#respond"]}]},{"@type":"WebPage","@id":"https:\/\/narteks.net\/index.php\/2011\/02\/28\/asaf-halet-celebi-biyografisi\/","url":"https:\/\/narteks.net\/index.php\/2011\/02\/28\/asaf-halet-celebi-biyografisi\/","name":"Asaf Halet \u00c7ELEB\u0130 Biyografisi - narteks.net","isPartOf":{"@id":"https:\/\/narteks.net\/#website"},"datePublished":"2011-02-28T12:59:18+00:00","breadcrumb":{"@id":"https:\/\/narteks.net\/index.php\/2011\/02\/28\/asaf-halet-celebi-biyografisi\/#breadcrumb"},"inLanguage":"tr","potentialAction":[{"@type":"ReadAction","target":["https:\/\/narteks.net\/index.php\/2011\/02\/28\/asaf-halet-celebi-biyografisi\/"]}]},{"@type":"BreadcrumbList","@id":"https:\/\/narteks.net\/index.php\/2011\/02\/28\/asaf-halet-celebi-biyografisi\/#breadcrumb","itemListElement":[{"@type":"ListItem","position":1,"name":"Anasayfa","item":"https:\/\/narteks.net\/"},{"@type":"ListItem","position":2,"name":"Asaf Halet \u00c7ELEB\u0130 Biyografisi"}]},{"@type":"WebSite","@id":"https:\/\/narteks.net\/#website","url":"https:\/\/narteks.net\/","name":"narteks.net","description":"K\u00fclt\u00fcr Sanat Edebiyat Felsefe","publisher":{"@id":"https:\/\/narteks.net\/#organization"},"alternateName":"K\u00fclt\u00fcr Sanat Edebiyat Felsefe","potentialAction":[{"@type":"SearchAction","target":{"@type":"EntryPoint","urlTemplate":"https:\/\/narteks.net\/?s={search_term_string}"},"query-input":{"@type":"PropertyValueSpecification","valueRequired":true,"valueName":"search_term_string"}}],"inLanguage":"tr"},{"@type":"Organization","@id":"https:\/\/narteks.net\/#organization","name":"narteks.net","url":"https:\/\/narteks.net\/","logo":{"@type":"ImageObject","inLanguage":"tr","@id":"https:\/\/narteks.net\/#\/schema\/logo\/image\/","url":"https:\/\/narteks.net\/wp-content\/uploads\/narteks.png","contentUrl":"https:\/\/narteks.net\/wp-content\/uploads\/narteks.png","width":300,"height":90,"caption":"narteks.net"},"image":{"@id":"https:\/\/narteks.net\/#\/schema\/logo\/image\/"},"sameAs":["https:\/\/x.com\/narteks","https:\/\/instagram.com\/narteksnet"]},{"@type":"Person","@id":"https:\/\/narteks.net\/#\/schema\/person\/61f37d9834294b72d31d274e7ed79bca","name":"Tar\u0131k","image":{"@type":"ImageObject","inLanguage":"tr","@id":"https:\/\/narteks.net\/#\/schema\/person\/image\/","url":"https:\/\/secure.gravatar.com\/avatar\/50865afb55632c4ae467e0af0930f6510aa2297d8014be502a55b14f3b7550cf?s=96&d=mm&r=g","contentUrl":"https:\/\/secure.gravatar.com\/avatar\/50865afb55632c4ae467e0af0930f6510aa2297d8014be502a55b14f3b7550cf?s=96&d=mm&r=g","caption":"Tar\u0131k"},"sameAs":["http:\/\/narteks.net"],"url":"https:\/\/narteks.net\/index.php\/author\/narbak\/"}]}},"_links":{"self":[{"href":"https:\/\/narteks.net\/index.php\/wp-json\/wp\/v2\/posts\/5402","targetHints":{"allow":["GET"]}}],"collection":[{"href":"https:\/\/narteks.net\/index.php\/wp-json\/wp\/v2\/posts"}],"about":[{"href":"https:\/\/narteks.net\/index.php\/wp-json\/wp\/v2\/types\/post"}],"author":[{"embeddable":true,"href":"https:\/\/narteks.net\/index.php\/wp-json\/wp\/v2\/users\/1"}],"replies":[{"embeddable":true,"href":"https:\/\/narteks.net\/index.php\/wp-json\/wp\/v2\/comments?post=5402"}],"version-history":[{"count":0,"href":"https:\/\/narteks.net\/index.php\/wp-json\/wp\/v2\/posts\/5402\/revisions"}],"wp:attachment":[{"href":"https:\/\/narteks.net\/index.php\/wp-json\/wp\/v2\/media?parent=5402"}],"wp:term":[{"taxonomy":"category","embeddable":true,"href":"https:\/\/narteks.net\/index.php\/wp-json\/wp\/v2\/categories?post=5402"},{"taxonomy":"post_tag","embeddable":true,"href":"https:\/\/narteks.net\/index.php\/wp-json\/wp\/v2\/tags?post=5402"}],"curies":[{"name":"wp","href":"https:\/\/api.w.org\/{rel}","templated":true}]}}