{"id":5415,"date":"2011-02-28T16:10:29","date_gmt":"2011-02-28T13:10:29","guid":{"rendered":"http:\/\/localhost\/wordpress\/2011\/02\/28\/kusa-gorunme\/"},"modified":"2011-02-28T16:10:29","modified_gmt":"2011-02-28T13:10:29","slug":"kusa-gorunme","status":"publish","type":"post","link":"https:\/\/narteks.net\/index.php\/2011\/02\/28\/kusa-gorunme\/","title":{"rendered":"KU\u015eA G\u00d6R\u00dcNME"},"content":{"rendered":"<p>\u00a0<\/p>\n<p>her sabah nafakam\u0131 getirir bir ku\u015f<br \/>nereye ka\u00e7ay\u0131m<br \/> o ku\u015fun elinden<\/p>\n<p>kuyulara saklansam<br \/>kuyulara girer<br \/>tavan aralar\u0131na ka\u00e7sam<br \/>tavan aralar\u0131n\u0131 bilir<br \/>tabutlukta yatsam<br \/>gelir beni bulur sabahlar\u0131<\/p>\n<p>gel k\u0131z<br \/>tabutlu\u011fa gir benimle<br \/>memelerin kan i\u00e7inde<br \/>bacaklar\u0131n yaral\u0131<br \/>nafakam\u0131 beraber yiyelim<br \/>ve pa\u00e7avralar\u0131n i\u015fitmiyor diye bana sokul<\/p>\n<p>gel k\u0131z<br \/>tabutlu\u011fun i\u00e7inde yat benimle<br \/>yaln\u0131z ku\u015fa g\u00f6r\u00fcnme sabahlar\u0131<\/p>\n<p>Asaf Halet \u00c7ELEB\u0130<\/p>\n","protected":false},"excerpt":{"rendered":"<p>\u00a0 her sabah nafakam\u0131 getirir bir ku\u015fnereye ka\u00e7ay\u0131m o ku\u015fun elinden kuyulara saklansamkuyulara girertavan aralar\u0131na ka\u00e7samtavan aralar\u0131n\u0131 bilirtabutlukta yatsamgelir beni bulur sabahlar\u0131 gel k\u0131ztabutlu\u011fa gir benimlememelerin kan i\u00e7indebacaklar\u0131n yaral\u0131nafakam\u0131 beraber yiyelimve pa\u00e7avralar\u0131n i\u015fitmiyor diye bana sokul gel k\u0131ztabutlu\u011fun i\u00e7inde yat benimleyaln\u0131z ku\u015fa g\u00f6r\u00fcnme sabahlar\u0131 Asaf Halet \u00c7ELEB\u0130<\/p>\n","protected":false},"author":1,"featured_media":0,"comment_status":"open","ping_status":"open","sticky":false,"template":"","format":"standard","meta":{"footnotes":""},"categories":[9],"tags":[],"class_list":{"0":"post-5415","1":"post","2":"type-post","3":"status-publish","4":"format-standard","6":"category-asaf-halet-celebi"},"yoast_head":"<!-- This site is optimized with the Yoast SEO Premium plugin v24.9 (Yoast SEO v24.9) - https:\/\/yoast.com\/wordpress\/plugins\/seo\/ -->\n<title>KU\u015eA G\u00d6R\u00dcNME - narteks.net<\/title>\n<meta name=\"robots\" content=\"index, follow, max-snippet:-1, max-image-preview:large, max-video-preview:-1\" \/>\n<link rel=\"canonical\" href=\"https:\/\/narteks.net\/index.php\/2011\/02\/28\/kusa-gorunme\/\" \/>\n<meta property=\"og:locale\" content=\"tr_TR\" \/>\n<meta property=\"og:type\" content=\"article\" \/>\n<meta property=\"og:title\" content=\"KU\u015eA G\u00d6R\u00dcNME\" \/>\n<meta property=\"og:description\" content=\"\u00a0 her sabah nafakam\u0131 getirir bir ku\u015fnereye ka\u00e7ay\u0131m o ku\u015fun elinden kuyulara saklansamkuyulara girertavan aralar\u0131na ka\u00e7samtavan aralar\u0131n\u0131 bilirtabutlukta yatsamgelir beni bulur sabahlar\u0131 gel k\u0131ztabutlu\u011fa gir benimlememelerin kan i\u00e7indebacaklar\u0131n yaral\u0131nafakam\u0131 beraber yiyelimve pa\u00e7avralar\u0131n i\u015fitmiyor diye bana sokul gel k\u0131ztabutlu\u011fun i\u00e7inde yat benimleyaln\u0131z ku\u015fa g\u00f6r\u00fcnme sabahlar\u0131 Asaf Halet \u00c7ELEB\u0130\" \/>\n<meta property=\"og:url\" content=\"https:\/\/narteks.net\/index.php\/2011\/02\/28\/kusa-gorunme\/\" \/>\n<meta property=\"og:site_name\" content=\"narteks.net\" \/>\n<meta property=\"article:published_time\" content=\"2011-02-28T13:10:29+00:00\" \/>\n<meta property=\"og:image\" content=\"https:\/\/narteks.net\/wp-content\/uploads\/narteks.png\" \/>\n\t<meta property=\"og:image:width\" content=\"300\" \/>\n\t<meta property=\"og:image:height\" content=\"90\" \/>\n\t<meta property=\"og:image:type\" content=\"image\/png\" \/>\n<meta name=\"author\" content=\"Tar\u0131k\" \/>\n<meta name=\"twitter:card\" content=\"summary_large_image\" \/>\n<meta name=\"twitter:creator\" content=\"@narteks\" \/>\n<meta name=\"twitter:site\" content=\"@narteks\" \/>\n<meta name=\"twitter:label1\" content=\"Yazan:\" \/>\n\t<meta name=\"twitter:data1\" content=\"Tar\u0131k\" \/>\n<script type=\"application\/ld+json\" class=\"yoast-schema-graph\">{\"@context\":\"https:\/\/schema.org\",\"@graph\":[{\"@type\":\"Article\",\"@id\":\"https:\/\/narteks.net\/index.php\/2011\/02\/28\/kusa-gorunme\/#article\",\"isPartOf\":{\"@id\":\"https:\/\/narteks.net\/index.php\/2011\/02\/28\/kusa-gorunme\/\"},\"author\":{\"name\":\"Tar\u0131k\",\"@id\":\"https:\/\/narteks.net\/#\/schema\/person\/61f37d9834294b72d31d274e7ed79bca\"},\"headline\":\"KU\u015eA G\u00d6R\u00dcNME\",\"datePublished\":\"2011-02-28T13:10:29+00:00\",\"mainEntityOfPage\":{\"@id\":\"https:\/\/narteks.net\/index.php\/2011\/02\/28\/kusa-gorunme\/\"},\"wordCount\":73,\"commentCount\":0,\"publisher\":{\"@id\":\"https:\/\/narteks.net\/#organization\"},\"articleSection\":[\"Asaf Halet \u00c7ELEB\u0130\"],\"inLanguage\":\"tr\",\"potentialAction\":[{\"@type\":\"CommentAction\",\"name\":\"Comment\",\"target\":[\"https:\/\/narteks.net\/index.php\/2011\/02\/28\/kusa-gorunme\/#respond\"]}]},{\"@type\":\"WebPage\",\"@id\":\"https:\/\/narteks.net\/index.php\/2011\/02\/28\/kusa-gorunme\/\",\"url\":\"https:\/\/narteks.net\/index.php\/2011\/02\/28\/kusa-gorunme\/\",\"name\":\"KU\u015eA G\u00d6R\u00dcNME - narteks.net\",\"isPartOf\":{\"@id\":\"https:\/\/narteks.net\/#website\"},\"datePublished\":\"2011-02-28T13:10:29+00:00\",\"breadcrumb\":{\"@id\":\"https:\/\/narteks.net\/index.php\/2011\/02\/28\/kusa-gorunme\/#breadcrumb\"},\"inLanguage\":\"tr\",\"potentialAction\":[{\"@type\":\"ReadAction\",\"target\":[\"https:\/\/narteks.net\/index.php\/2011\/02\/28\/kusa-gorunme\/\"]}]},{\"@type\":\"BreadcrumbList\",\"@id\":\"https:\/\/narteks.net\/index.php\/2011\/02\/28\/kusa-gorunme\/#breadcrumb\",\"itemListElement\":[{\"@type\":\"ListItem\",\"position\":1,\"name\":\"Anasayfa\",\"item\":\"https:\/\/narteks.net\/\"},{\"@type\":\"ListItem\",\"position\":2,\"name\":\"KU\u015eA G\u00d6R\u00dcNME\"}]},{\"@type\":\"WebSite\",\"@id\":\"https:\/\/narteks.net\/#website\",\"url\":\"https:\/\/narteks.net\/\",\"name\":\"narteks.net\",\"description\":\"K\u00fclt\u00fcr Sanat Edebiyat Felsefe\",\"publisher\":{\"@id\":\"https:\/\/narteks.net\/#organization\"},\"alternateName\":\"K\u00fclt\u00fcr Sanat Edebiyat Felsefe\",\"potentialAction\":[{\"@type\":\"SearchAction\",\"target\":{\"@type\":\"EntryPoint\",\"urlTemplate\":\"https:\/\/narteks.net\/?s={search_term_string}\"},\"query-input\":{\"@type\":\"PropertyValueSpecification\",\"valueRequired\":true,\"valueName\":\"search_term_string\"}}],\"inLanguage\":\"tr\"},{\"@type\":\"Organization\",\"@id\":\"https:\/\/narteks.net\/#organization\",\"name\":\"narteks.net\",\"url\":\"https:\/\/narteks.net\/\",\"logo\":{\"@type\":\"ImageObject\",\"inLanguage\":\"tr\",\"@id\":\"https:\/\/narteks.net\/#\/schema\/logo\/image\/\",\"url\":\"https:\/\/narteks.net\/wp-content\/uploads\/narteks.png\",\"contentUrl\":\"https:\/\/narteks.net\/wp-content\/uploads\/narteks.png\",\"width\":300,\"height\":90,\"caption\":\"narteks.net\"},\"image\":{\"@id\":\"https:\/\/narteks.net\/#\/schema\/logo\/image\/\"},\"sameAs\":[\"https:\/\/x.com\/narteks\",\"https:\/\/instagram.com\/narteksnet\"]},{\"@type\":\"Person\",\"@id\":\"https:\/\/narteks.net\/#\/schema\/person\/61f37d9834294b72d31d274e7ed79bca\",\"name\":\"Tar\u0131k\",\"image\":{\"@type\":\"ImageObject\",\"inLanguage\":\"tr\",\"@id\":\"https:\/\/narteks.net\/#\/schema\/person\/image\/\",\"url\":\"https:\/\/secure.gravatar.com\/avatar\/50865afb55632c4ae467e0af0930f6510aa2297d8014be502a55b14f3b7550cf?s=96&d=mm&r=g\",\"contentUrl\":\"https:\/\/secure.gravatar.com\/avatar\/50865afb55632c4ae467e0af0930f6510aa2297d8014be502a55b14f3b7550cf?s=96&d=mm&r=g\",\"caption\":\"Tar\u0131k\"},\"sameAs\":[\"http:\/\/narteks.net\"],\"url\":\"https:\/\/narteks.net\/index.php\/author\/narbak\/\"}]}<\/script>\n<!-- \/ Yoast SEO Premium plugin. -->","yoast_head_json":{"title":"KU\u015eA G\u00d6R\u00dcNME - narteks.net","robots":{"index":"index","follow":"follow","max-snippet":"max-snippet:-1","max-image-preview":"max-image-preview:large","max-video-preview":"max-video-preview:-1"},"canonical":"https:\/\/narteks.net\/index.php\/2011\/02\/28\/kusa-gorunme\/","og_locale":"tr_TR","og_type":"article","og_title":"KU\u015eA G\u00d6R\u00dcNME","og_description":"\u00a0 her sabah nafakam\u0131 getirir bir ku\u015fnereye ka\u00e7ay\u0131m o ku\u015fun elinden kuyulara saklansamkuyulara girertavan aralar\u0131na ka\u00e7samtavan aralar\u0131n\u0131 bilirtabutlukta yatsamgelir beni bulur sabahlar\u0131 gel k\u0131ztabutlu\u011fa gir benimlememelerin kan i\u00e7indebacaklar\u0131n yaral\u0131nafakam\u0131 beraber yiyelimve pa\u00e7avralar\u0131n i\u015fitmiyor diye bana sokul gel k\u0131ztabutlu\u011fun i\u00e7inde yat benimleyaln\u0131z ku\u015fa g\u00f6r\u00fcnme sabahlar\u0131 Asaf Halet \u00c7ELEB\u0130","og_url":"https:\/\/narteks.net\/index.php\/2011\/02\/28\/kusa-gorunme\/","og_site_name":"narteks.net","article_published_time":"2011-02-28T13:10:29+00:00","og_image":[{"width":300,"height":90,"url":"https:\/\/narteks.net\/wp-content\/uploads\/narteks.png","type":"image\/png"}],"author":"Tar\u0131k","twitter_card":"summary_large_image","twitter_creator":"@narteks","twitter_site":"@narteks","twitter_misc":{"Yazan:":"Tar\u0131k"},"schema":{"@context":"https:\/\/schema.org","@graph":[{"@type":"Article","@id":"https:\/\/narteks.net\/index.php\/2011\/02\/28\/kusa-gorunme\/#article","isPartOf":{"@id":"https:\/\/narteks.net\/index.php\/2011\/02\/28\/kusa-gorunme\/"},"author":{"name":"Tar\u0131k","@id":"https:\/\/narteks.net\/#\/schema\/person\/61f37d9834294b72d31d274e7ed79bca"},"headline":"KU\u015eA G\u00d6R\u00dcNME","datePublished":"2011-02-28T13:10:29+00:00","mainEntityOfPage":{"@id":"https:\/\/narteks.net\/index.php\/2011\/02\/28\/kusa-gorunme\/"},"wordCount":73,"commentCount":0,"publisher":{"@id":"https:\/\/narteks.net\/#organization"},"articleSection":["Asaf Halet \u00c7ELEB\u0130"],"inLanguage":"tr","potentialAction":[{"@type":"CommentAction","name":"Comment","target":["https:\/\/narteks.net\/index.php\/2011\/02\/28\/kusa-gorunme\/#respond"]}]},{"@type":"WebPage","@id":"https:\/\/narteks.net\/index.php\/2011\/02\/28\/kusa-gorunme\/","url":"https:\/\/narteks.net\/index.php\/2011\/02\/28\/kusa-gorunme\/","name":"KU\u015eA G\u00d6R\u00dcNME - narteks.net","isPartOf":{"@id":"https:\/\/narteks.net\/#website"},"datePublished":"2011-02-28T13:10:29+00:00","breadcrumb":{"@id":"https:\/\/narteks.net\/index.php\/2011\/02\/28\/kusa-gorunme\/#breadcrumb"},"inLanguage":"tr","potentialAction":[{"@type":"ReadAction","target":["https:\/\/narteks.net\/index.php\/2011\/02\/28\/kusa-gorunme\/"]}]},{"@type":"BreadcrumbList","@id":"https:\/\/narteks.net\/index.php\/2011\/02\/28\/kusa-gorunme\/#breadcrumb","itemListElement":[{"@type":"ListItem","position":1,"name":"Anasayfa","item":"https:\/\/narteks.net\/"},{"@type":"ListItem","position":2,"name":"KU\u015eA G\u00d6R\u00dcNME"}]},{"@type":"WebSite","@id":"https:\/\/narteks.net\/#website","url":"https:\/\/narteks.net\/","name":"narteks.net","description":"K\u00fclt\u00fcr Sanat Edebiyat Felsefe","publisher":{"@id":"https:\/\/narteks.net\/#organization"},"alternateName":"K\u00fclt\u00fcr Sanat Edebiyat Felsefe","potentialAction":[{"@type":"SearchAction","target":{"@type":"EntryPoint","urlTemplate":"https:\/\/narteks.net\/?s={search_term_string}"},"query-input":{"@type":"PropertyValueSpecification","valueRequired":true,"valueName":"search_term_string"}}],"inLanguage":"tr"},{"@type":"Organization","@id":"https:\/\/narteks.net\/#organization","name":"narteks.net","url":"https:\/\/narteks.net\/","logo":{"@type":"ImageObject","inLanguage":"tr","@id":"https:\/\/narteks.net\/#\/schema\/logo\/image\/","url":"https:\/\/narteks.net\/wp-content\/uploads\/narteks.png","contentUrl":"https:\/\/narteks.net\/wp-content\/uploads\/narteks.png","width":300,"height":90,"caption":"narteks.net"},"image":{"@id":"https:\/\/narteks.net\/#\/schema\/logo\/image\/"},"sameAs":["https:\/\/x.com\/narteks","https:\/\/instagram.com\/narteksnet"]},{"@type":"Person","@id":"https:\/\/narteks.net\/#\/schema\/person\/61f37d9834294b72d31d274e7ed79bca","name":"Tar\u0131k","image":{"@type":"ImageObject","inLanguage":"tr","@id":"https:\/\/narteks.net\/#\/schema\/person\/image\/","url":"https:\/\/secure.gravatar.com\/avatar\/50865afb55632c4ae467e0af0930f6510aa2297d8014be502a55b14f3b7550cf?s=96&d=mm&r=g","contentUrl":"https:\/\/secure.gravatar.com\/avatar\/50865afb55632c4ae467e0af0930f6510aa2297d8014be502a55b14f3b7550cf?s=96&d=mm&r=g","caption":"Tar\u0131k"},"sameAs":["http:\/\/narteks.net"],"url":"https:\/\/narteks.net\/index.php\/author\/narbak\/"}]}},"_links":{"self":[{"href":"https:\/\/narteks.net\/index.php\/wp-json\/wp\/v2\/posts\/5415","targetHints":{"allow":["GET"]}}],"collection":[{"href":"https:\/\/narteks.net\/index.php\/wp-json\/wp\/v2\/posts"}],"about":[{"href":"https:\/\/narteks.net\/index.php\/wp-json\/wp\/v2\/types\/post"}],"author":[{"embeddable":true,"href":"https:\/\/narteks.net\/index.php\/wp-json\/wp\/v2\/users\/1"}],"replies":[{"embeddable":true,"href":"https:\/\/narteks.net\/index.php\/wp-json\/wp\/v2\/comments?post=5415"}],"version-history":[{"count":0,"href":"https:\/\/narteks.net\/index.php\/wp-json\/wp\/v2\/posts\/5415\/revisions"}],"wp:attachment":[{"href":"https:\/\/narteks.net\/index.php\/wp-json\/wp\/v2\/media?parent=5415"}],"wp:term":[{"taxonomy":"category","embeddable":true,"href":"https:\/\/narteks.net\/index.php\/wp-json\/wp\/v2\/categories?post=5415"},{"taxonomy":"post_tag","embeddable":true,"href":"https:\/\/narteks.net\/index.php\/wp-json\/wp\/v2\/tags?post=5415"}],"curies":[{"name":"wp","href":"https:\/\/api.w.org\/{rel}","templated":true}]}}