{"id":5416,"date":"2011-02-28T16:11:05","date_gmt":"2011-02-28T13:11:05","guid":{"rendered":"http:\/\/localhost\/wordpress\/2011\/02\/28\/kitaplar-2\/"},"modified":"2011-02-28T16:11:05","modified_gmt":"2011-02-28T13:11:05","slug":"kitaplar-2","status":"publish","type":"post","link":"https:\/\/narteks.net\/index.php\/2011\/02\/28\/kitaplar-2\/","title":{"rendered":"K\u0130TAPLAR"},"content":{"rendered":"<p>\u00a0<\/p>\n<p>kargac\u0131k<br \/>burgac\u0131k<br \/>yaz\u0131lar<br \/>yaz\u0131lar dolu kitaplar<br \/>kitaplar dolu yaz\u0131lar<br \/>t\u00fcyl\u00fc t\u00fcys\u00fcz kargalar<br \/>yaz\u0131lar<br \/>yaz\u0131lar dolusu m\u00fcrekkep<br \/>m\u00fcrekkepten \u015fekiller<br \/>F\u00a0\u00a0\u00a0\u00a0\u00a0\u00a0 H<br \/>Z\u00a0\u00a0\u00a0\u00a0\u00a0\u00a0\u00a0 U<br \/>D,\u00a0\u00a0\u00a0\u00a0\u00a0\u00a0\u00a0\u00a0\u00a0\u00a0\u00a0\u00a0\u00a0\u00a0\u00a0 W<\/p>\n<p>yar\u0131s\u0131 kopmu\u015f sicim<br \/>yar\u0131s\u0131 kopmu\u015f kitap<br \/>ciltli kitap<br \/>ciltsiz kitap<\/p>\n<p>sahifelerdeki yaz\u0131lar beynimde<br \/>beynimdeki\u00a0 yaz\u0131lar havada<br \/>ve harfler muall\u00e2kta<\/p>\n<p>yaz\u0131lar\u0131n dili yok<br \/>benim dilimle s\u00f6yl\u00fcyor yaz\u0131lar<br \/>yaz\u0131larin dili yok<\/p>\n<p>gotik yaz\u0131larda \u0131hlamur<br \/>\u00e7incelerde \u00e7am<br \/>hiyeroglifte bayku\u015f<br \/>ayak<br \/>ve ince adam<\/p>\n<p>mehtapta sarho\u015f ah\u00fblar<br \/>ve yandan bakan g\u00f6z<br \/>ta&#8217;lik yaz\u0131larda<\/p>\n<p>ve sahifeler bombo\u015f<\/p>\n<p>Asaf Halet \u00c7ELEB\u0130<\/p>\n","protected":false},"excerpt":{"rendered":"<p>\u00a0 kargac\u0131kburgac\u0131kyaz\u0131laryaz\u0131lar dolu kitaplarkitaplar dolu yaz\u0131lart\u00fcyl\u00fc t\u00fcys\u00fcz kargalaryaz\u0131laryaz\u0131lar dolusu m\u00fcrekkepm\u00fcrekkepten \u015fekillerF\u00a0\u00a0\u00a0\u00a0\u00a0\u00a0 HZ\u00a0\u00a0\u00a0\u00a0\u00a0\u00a0\u00a0 UD,\u00a0\u00a0\u00a0\u00a0\u00a0\u00a0\u00a0\u00a0\u00a0\u00a0\u00a0\u00a0\u00a0\u00a0\u00a0 W yar\u0131s\u0131 kopmu\u015f sicimyar\u0131s\u0131 kopmu\u015f kitapciltli kitapciltsiz kitap sahifelerdeki yaz\u0131lar beynimdebeynimdeki\u00a0 yaz\u0131lar havadave harfler muall\u00e2kta yaz\u0131lar\u0131n dili yokbenim dilimle s\u00f6yl\u00fcyor yaz\u0131laryaz\u0131larin dili yok gotik yaz\u0131larda \u0131hlamur\u00e7incelerde \u00e7amhiyeroglifte bayku\u015fayakve ince adam mehtapta sarho\u015f ah\u00fblarve yandan bakan g\u00f6zta&#8217;lik yaz\u0131larda ve sahifeler bombo\u015f Asaf Halet [&hellip;]<\/p>\n","protected":false},"author":1,"featured_media":0,"comment_status":"open","ping_status":"open","sticky":false,"template":"","format":"standard","meta":{"footnotes":""},"categories":[9],"tags":[],"class_list":{"0":"post-5416","1":"post","2":"type-post","3":"status-publish","4":"format-standard","6":"category-asaf-halet-celebi"},"yoast_head":"<!-- This site is optimized with the Yoast SEO Premium plugin v24.9 (Yoast SEO v24.9) - https:\/\/yoast.com\/wordpress\/plugins\/seo\/ -->\n<title>K\u0130TAPLAR - narteks.net<\/title>\n<meta name=\"robots\" content=\"index, follow, max-snippet:-1, max-image-preview:large, max-video-preview:-1\" \/>\n<link rel=\"canonical\" href=\"https:\/\/narteks.net\/index.php\/2011\/02\/28\/kitaplar-2\/\" \/>\n<meta property=\"og:locale\" content=\"tr_TR\" \/>\n<meta property=\"og:type\" content=\"article\" \/>\n<meta property=\"og:title\" content=\"K\u0130TAPLAR\" \/>\n<meta property=\"og:description\" content=\"\u00a0 kargac\u0131kburgac\u0131kyaz\u0131laryaz\u0131lar dolu kitaplarkitaplar dolu yaz\u0131lart\u00fcyl\u00fc t\u00fcys\u00fcz kargalaryaz\u0131laryaz\u0131lar dolusu m\u00fcrekkepm\u00fcrekkepten \u015fekillerF\u00a0\u00a0\u00a0\u00a0\u00a0\u00a0 HZ\u00a0\u00a0\u00a0\u00a0\u00a0\u00a0\u00a0 UD,\u00a0\u00a0\u00a0\u00a0\u00a0\u00a0\u00a0\u00a0\u00a0\u00a0\u00a0\u00a0\u00a0\u00a0\u00a0 W yar\u0131s\u0131 kopmu\u015f sicimyar\u0131s\u0131 kopmu\u015f kitapciltli kitapciltsiz kitap sahifelerdeki yaz\u0131lar beynimdebeynimdeki\u00a0 yaz\u0131lar havadave harfler muall\u00e2kta yaz\u0131lar\u0131n dili yokbenim dilimle s\u00f6yl\u00fcyor yaz\u0131laryaz\u0131larin dili yok gotik yaz\u0131larda \u0131hlamur\u00e7incelerde \u00e7amhiyeroglifte bayku\u015fayakve ince adam mehtapta sarho\u015f ah\u00fblarve yandan bakan g\u00f6zta&#8217;lik yaz\u0131larda ve sahifeler bombo\u015f Asaf Halet [&hellip;]\" \/>\n<meta property=\"og:url\" content=\"https:\/\/narteks.net\/index.php\/2011\/02\/28\/kitaplar-2\/\" \/>\n<meta property=\"og:site_name\" content=\"narteks.net\" \/>\n<meta property=\"article:published_time\" content=\"2011-02-28T13:11:05+00:00\" \/>\n<meta property=\"og:image\" content=\"https:\/\/narteks.net\/wp-content\/uploads\/narteks.png\" \/>\n\t<meta property=\"og:image:width\" content=\"300\" \/>\n\t<meta property=\"og:image:height\" content=\"90\" \/>\n\t<meta property=\"og:image:type\" content=\"image\/png\" \/>\n<meta name=\"author\" content=\"Tar\u0131k\" \/>\n<meta name=\"twitter:card\" content=\"summary_large_image\" \/>\n<meta name=\"twitter:creator\" content=\"@narteks\" \/>\n<meta name=\"twitter:site\" content=\"@narteks\" \/>\n<meta name=\"twitter:label1\" content=\"Yazan:\" \/>\n\t<meta name=\"twitter:data1\" content=\"Tar\u0131k\" \/>\n<script type=\"application\/ld+json\" class=\"yoast-schema-graph\">{\"@context\":\"https:\/\/schema.org\",\"@graph\":[{\"@type\":\"Article\",\"@id\":\"https:\/\/narteks.net\/index.php\/2011\/02\/28\/kitaplar-2\/#article\",\"isPartOf\":{\"@id\":\"https:\/\/narteks.net\/index.php\/2011\/02\/28\/kitaplar-2\/\"},\"author\":{\"name\":\"Tar\u0131k\",\"@id\":\"https:\/\/narteks.net\/#\/schema\/person\/61f37d9834294b72d31d274e7ed79bca\"},\"headline\":\"K\u0130TAPLAR\",\"datePublished\":\"2011-02-28T13:11:05+00:00\",\"mainEntityOfPage\":{\"@id\":\"https:\/\/narteks.net\/index.php\/2011\/02\/28\/kitaplar-2\/\"},\"wordCount\":86,\"commentCount\":0,\"publisher\":{\"@id\":\"https:\/\/narteks.net\/#organization\"},\"articleSection\":[\"Asaf Halet \u00c7ELEB\u0130\"],\"inLanguage\":\"tr\",\"potentialAction\":[{\"@type\":\"CommentAction\",\"name\":\"Comment\",\"target\":[\"https:\/\/narteks.net\/index.php\/2011\/02\/28\/kitaplar-2\/#respond\"]}]},{\"@type\":\"WebPage\",\"@id\":\"https:\/\/narteks.net\/index.php\/2011\/02\/28\/kitaplar-2\/\",\"url\":\"https:\/\/narteks.net\/index.php\/2011\/02\/28\/kitaplar-2\/\",\"name\":\"K\u0130TAPLAR - narteks.net\",\"isPartOf\":{\"@id\":\"https:\/\/narteks.net\/#website\"},\"datePublished\":\"2011-02-28T13:11:05+00:00\",\"breadcrumb\":{\"@id\":\"https:\/\/narteks.net\/index.php\/2011\/02\/28\/kitaplar-2\/#breadcrumb\"},\"inLanguage\":\"tr\",\"potentialAction\":[{\"@type\":\"ReadAction\",\"target\":[\"https:\/\/narteks.net\/index.php\/2011\/02\/28\/kitaplar-2\/\"]}]},{\"@type\":\"BreadcrumbList\",\"@id\":\"https:\/\/narteks.net\/index.php\/2011\/02\/28\/kitaplar-2\/#breadcrumb\",\"itemListElement\":[{\"@type\":\"ListItem\",\"position\":1,\"name\":\"Anasayfa\",\"item\":\"https:\/\/narteks.net\/\"},{\"@type\":\"ListItem\",\"position\":2,\"name\":\"K\u0130TAPLAR\"}]},{\"@type\":\"WebSite\",\"@id\":\"https:\/\/narteks.net\/#website\",\"url\":\"https:\/\/narteks.net\/\",\"name\":\"narteks.net\",\"description\":\"K\u00fclt\u00fcr Sanat Edebiyat Felsefe\",\"publisher\":{\"@id\":\"https:\/\/narteks.net\/#organization\"},\"alternateName\":\"K\u00fclt\u00fcr Sanat Edebiyat Felsefe\",\"potentialAction\":[{\"@type\":\"SearchAction\",\"target\":{\"@type\":\"EntryPoint\",\"urlTemplate\":\"https:\/\/narteks.net\/?s={search_term_string}\"},\"query-input\":{\"@type\":\"PropertyValueSpecification\",\"valueRequired\":true,\"valueName\":\"search_term_string\"}}],\"inLanguage\":\"tr\"},{\"@type\":\"Organization\",\"@id\":\"https:\/\/narteks.net\/#organization\",\"name\":\"narteks.net\",\"url\":\"https:\/\/narteks.net\/\",\"logo\":{\"@type\":\"ImageObject\",\"inLanguage\":\"tr\",\"@id\":\"https:\/\/narteks.net\/#\/schema\/logo\/image\/\",\"url\":\"https:\/\/narteks.net\/wp-content\/uploads\/narteks.png\",\"contentUrl\":\"https:\/\/narteks.net\/wp-content\/uploads\/narteks.png\",\"width\":300,\"height\":90,\"caption\":\"narteks.net\"},\"image\":{\"@id\":\"https:\/\/narteks.net\/#\/schema\/logo\/image\/\"},\"sameAs\":[\"https:\/\/x.com\/narteks\",\"https:\/\/instagram.com\/narteksnet\"]},{\"@type\":\"Person\",\"@id\":\"https:\/\/narteks.net\/#\/schema\/person\/61f37d9834294b72d31d274e7ed79bca\",\"name\":\"Tar\u0131k\",\"image\":{\"@type\":\"ImageObject\",\"inLanguage\":\"tr\",\"@id\":\"https:\/\/narteks.net\/#\/schema\/person\/image\/\",\"url\":\"https:\/\/secure.gravatar.com\/avatar\/50865afb55632c4ae467e0af0930f6510aa2297d8014be502a55b14f3b7550cf?s=96&d=mm&r=g\",\"contentUrl\":\"https:\/\/secure.gravatar.com\/avatar\/50865afb55632c4ae467e0af0930f6510aa2297d8014be502a55b14f3b7550cf?s=96&d=mm&r=g\",\"caption\":\"Tar\u0131k\"},\"sameAs\":[\"http:\/\/narteks.net\"],\"url\":\"https:\/\/narteks.net\/index.php\/author\/narbak\/\"}]}<\/script>\n<!-- \/ Yoast SEO Premium plugin. -->","yoast_head_json":{"title":"K\u0130TAPLAR - narteks.net","robots":{"index":"index","follow":"follow","max-snippet":"max-snippet:-1","max-image-preview":"max-image-preview:large","max-video-preview":"max-video-preview:-1"},"canonical":"https:\/\/narteks.net\/index.php\/2011\/02\/28\/kitaplar-2\/","og_locale":"tr_TR","og_type":"article","og_title":"K\u0130TAPLAR","og_description":"\u00a0 kargac\u0131kburgac\u0131kyaz\u0131laryaz\u0131lar dolu kitaplarkitaplar dolu yaz\u0131lart\u00fcyl\u00fc t\u00fcys\u00fcz kargalaryaz\u0131laryaz\u0131lar dolusu m\u00fcrekkepm\u00fcrekkepten \u015fekillerF\u00a0\u00a0\u00a0\u00a0\u00a0\u00a0 HZ\u00a0\u00a0\u00a0\u00a0\u00a0\u00a0\u00a0 UD,\u00a0\u00a0\u00a0\u00a0\u00a0\u00a0\u00a0\u00a0\u00a0\u00a0\u00a0\u00a0\u00a0\u00a0\u00a0 W yar\u0131s\u0131 kopmu\u015f sicimyar\u0131s\u0131 kopmu\u015f kitapciltli kitapciltsiz kitap sahifelerdeki yaz\u0131lar beynimdebeynimdeki\u00a0 yaz\u0131lar havadave harfler muall\u00e2kta yaz\u0131lar\u0131n dili yokbenim dilimle s\u00f6yl\u00fcyor yaz\u0131laryaz\u0131larin dili yok gotik yaz\u0131larda \u0131hlamur\u00e7incelerde \u00e7amhiyeroglifte bayku\u015fayakve ince adam mehtapta sarho\u015f ah\u00fblarve yandan bakan g\u00f6zta&#8217;lik yaz\u0131larda ve sahifeler bombo\u015f Asaf Halet [&hellip;]","og_url":"https:\/\/narteks.net\/index.php\/2011\/02\/28\/kitaplar-2\/","og_site_name":"narteks.net","article_published_time":"2011-02-28T13:11:05+00:00","og_image":[{"width":300,"height":90,"url":"https:\/\/narteks.net\/wp-content\/uploads\/narteks.png","type":"image\/png"}],"author":"Tar\u0131k","twitter_card":"summary_large_image","twitter_creator":"@narteks","twitter_site":"@narteks","twitter_misc":{"Yazan:":"Tar\u0131k"},"schema":{"@context":"https:\/\/schema.org","@graph":[{"@type":"Article","@id":"https:\/\/narteks.net\/index.php\/2011\/02\/28\/kitaplar-2\/#article","isPartOf":{"@id":"https:\/\/narteks.net\/index.php\/2011\/02\/28\/kitaplar-2\/"},"author":{"name":"Tar\u0131k","@id":"https:\/\/narteks.net\/#\/schema\/person\/61f37d9834294b72d31d274e7ed79bca"},"headline":"K\u0130TAPLAR","datePublished":"2011-02-28T13:11:05+00:00","mainEntityOfPage":{"@id":"https:\/\/narteks.net\/index.php\/2011\/02\/28\/kitaplar-2\/"},"wordCount":86,"commentCount":0,"publisher":{"@id":"https:\/\/narteks.net\/#organization"},"articleSection":["Asaf Halet \u00c7ELEB\u0130"],"inLanguage":"tr","potentialAction":[{"@type":"CommentAction","name":"Comment","target":["https:\/\/narteks.net\/index.php\/2011\/02\/28\/kitaplar-2\/#respond"]}]},{"@type":"WebPage","@id":"https:\/\/narteks.net\/index.php\/2011\/02\/28\/kitaplar-2\/","url":"https:\/\/narteks.net\/index.php\/2011\/02\/28\/kitaplar-2\/","name":"K\u0130TAPLAR - narteks.net","isPartOf":{"@id":"https:\/\/narteks.net\/#website"},"datePublished":"2011-02-28T13:11:05+00:00","breadcrumb":{"@id":"https:\/\/narteks.net\/index.php\/2011\/02\/28\/kitaplar-2\/#breadcrumb"},"inLanguage":"tr","potentialAction":[{"@type":"ReadAction","target":["https:\/\/narteks.net\/index.php\/2011\/02\/28\/kitaplar-2\/"]}]},{"@type":"BreadcrumbList","@id":"https:\/\/narteks.net\/index.php\/2011\/02\/28\/kitaplar-2\/#breadcrumb","itemListElement":[{"@type":"ListItem","position":1,"name":"Anasayfa","item":"https:\/\/narteks.net\/"},{"@type":"ListItem","position":2,"name":"K\u0130TAPLAR"}]},{"@type":"WebSite","@id":"https:\/\/narteks.net\/#website","url":"https:\/\/narteks.net\/","name":"narteks.net","description":"K\u00fclt\u00fcr Sanat Edebiyat Felsefe","publisher":{"@id":"https:\/\/narteks.net\/#organization"},"alternateName":"K\u00fclt\u00fcr Sanat Edebiyat Felsefe","potentialAction":[{"@type":"SearchAction","target":{"@type":"EntryPoint","urlTemplate":"https:\/\/narteks.net\/?s={search_term_string}"},"query-input":{"@type":"PropertyValueSpecification","valueRequired":true,"valueName":"search_term_string"}}],"inLanguage":"tr"},{"@type":"Organization","@id":"https:\/\/narteks.net\/#organization","name":"narteks.net","url":"https:\/\/narteks.net\/","logo":{"@type":"ImageObject","inLanguage":"tr","@id":"https:\/\/narteks.net\/#\/schema\/logo\/image\/","url":"https:\/\/narteks.net\/wp-content\/uploads\/narteks.png","contentUrl":"https:\/\/narteks.net\/wp-content\/uploads\/narteks.png","width":300,"height":90,"caption":"narteks.net"},"image":{"@id":"https:\/\/narteks.net\/#\/schema\/logo\/image\/"},"sameAs":["https:\/\/x.com\/narteks","https:\/\/instagram.com\/narteksnet"]},{"@type":"Person","@id":"https:\/\/narteks.net\/#\/schema\/person\/61f37d9834294b72d31d274e7ed79bca","name":"Tar\u0131k","image":{"@type":"ImageObject","inLanguage":"tr","@id":"https:\/\/narteks.net\/#\/schema\/person\/image\/","url":"https:\/\/secure.gravatar.com\/avatar\/50865afb55632c4ae467e0af0930f6510aa2297d8014be502a55b14f3b7550cf?s=96&d=mm&r=g","contentUrl":"https:\/\/secure.gravatar.com\/avatar\/50865afb55632c4ae467e0af0930f6510aa2297d8014be502a55b14f3b7550cf?s=96&d=mm&r=g","caption":"Tar\u0131k"},"sameAs":["http:\/\/narteks.net"],"url":"https:\/\/narteks.net\/index.php\/author\/narbak\/"}]}},"_links":{"self":[{"href":"https:\/\/narteks.net\/index.php\/wp-json\/wp\/v2\/posts\/5416","targetHints":{"allow":["GET"]}}],"collection":[{"href":"https:\/\/narteks.net\/index.php\/wp-json\/wp\/v2\/posts"}],"about":[{"href":"https:\/\/narteks.net\/index.php\/wp-json\/wp\/v2\/types\/post"}],"author":[{"embeddable":true,"href":"https:\/\/narteks.net\/index.php\/wp-json\/wp\/v2\/users\/1"}],"replies":[{"embeddable":true,"href":"https:\/\/narteks.net\/index.php\/wp-json\/wp\/v2\/comments?post=5416"}],"version-history":[{"count":0,"href":"https:\/\/narteks.net\/index.php\/wp-json\/wp\/v2\/posts\/5416\/revisions"}],"wp:attachment":[{"href":"https:\/\/narteks.net\/index.php\/wp-json\/wp\/v2\/media?parent=5416"}],"wp:term":[{"taxonomy":"category","embeddable":true,"href":"https:\/\/narteks.net\/index.php\/wp-json\/wp\/v2\/categories?post=5416"},{"taxonomy":"post_tag","embeddable":true,"href":"https:\/\/narteks.net\/index.php\/wp-json\/wp\/v2\/tags?post=5416"}],"curies":[{"name":"wp","href":"https:\/\/api.w.org\/{rel}","templated":true}]}}