{"id":5422,"date":"2011-02-28T16:14:55","date_gmt":"2011-02-28T13:14:55","guid":{"rendered":"http:\/\/localhost\/wordpress\/2011\/02\/28\/ibrahim-2\/"},"modified":"2011-02-28T16:14:55","modified_gmt":"2011-02-28T13:14:55","slug":"ibrahim-2","status":"publish","type":"post","link":"https:\/\/narteks.net\/index.php\/2011\/02\/28\/ibrahim-2\/","title":{"rendered":"\u0130BRAH\u0130M"},"content":{"rendered":"<p>\u00a0<\/p>\n<p>ibr\u00e2him<br \/>i\u00e7imdeki putlar\u0131 devir<br \/>elindeki baltayla<br \/>k\u0131r\u0131lan putlar\u0131n yerine<br \/>yenilerini koyan kim<\/p>\n<p>g\u00fcne\u015f buzdan evimi y\u0131kt\u0131<br \/>koca buzlar d\u00fc\u015ft\u00fc<br \/>putlar\u0131n boyunlar\u0131 k\u0131r\u0131ld\u0131<br \/>ibr\u00e2him<br \/>g\u00fcne\u015fi evime sokan kim<\/p>\n<p>asma bah\u00e7elerinde dola\u015fan g\u00fczelleri<br \/>buhtunnas\u0131r put yapt\u0131<br \/>ben ki zamans\u0131z bah\u00e7eleri kucaklad\u0131m<br \/>g\u00fczeller bende kald\u0131<\/p>\n<p>ibr\u00e2him<br \/>g\u00f6nl\u00fcm\u00fc put san\u0131p k\u0131ran kim<\/p>\n<p>Asaf Halet \u00c7ELEB\u0130<\/p>\n","protected":false},"excerpt":{"rendered":"<p>\u00a0 ibr\u00e2himi\u00e7imdeki putlar\u0131 devirelindeki baltaylak\u0131r\u0131lan putlar\u0131n yerineyenilerini koyan kim g\u00fcne\u015f buzdan evimi y\u0131kt\u0131koca buzlar d\u00fc\u015ft\u00fcputlar\u0131n boyunlar\u0131 k\u0131r\u0131ld\u0131ibr\u00e2himg\u00fcne\u015fi evime sokan kim asma bah\u00e7elerinde dola\u015fan g\u00fczelleribuhtunnas\u0131r put yapt\u0131ben ki zamans\u0131z bah\u00e7eleri kucaklad\u0131mg\u00fczeller bende kald\u0131 ibr\u00e2himg\u00f6nl\u00fcm\u00fc put san\u0131p k\u0131ran kim Asaf Halet \u00c7ELEB\u0130<\/p>\n","protected":false},"author":1,"featured_media":0,"comment_status":"open","ping_status":"open","sticky":false,"template":"","format":"standard","meta":{"footnotes":""},"categories":[9],"tags":[],"class_list":{"0":"post-5422","1":"post","2":"type-post","3":"status-publish","4":"format-standard","6":"category-asaf-halet-celebi"},"yoast_head":"<!-- This site is optimized with the Yoast SEO Premium plugin v24.9 (Yoast SEO v24.9) - https:\/\/yoast.com\/wordpress\/plugins\/seo\/ -->\n<title>\u0130BRAH\u0130M - narteks.net<\/title>\n<meta name=\"robots\" content=\"index, follow, max-snippet:-1, max-image-preview:large, max-video-preview:-1\" \/>\n<link rel=\"canonical\" href=\"https:\/\/narteks.net\/index.php\/2011\/02\/28\/ibrahim-2\/\" \/>\n<meta property=\"og:locale\" content=\"tr_TR\" \/>\n<meta property=\"og:type\" content=\"article\" \/>\n<meta property=\"og:title\" content=\"\u0130BRAH\u0130M\" \/>\n<meta property=\"og:description\" content=\"\u00a0 ibr\u00e2himi\u00e7imdeki putlar\u0131 devirelindeki baltaylak\u0131r\u0131lan putlar\u0131n yerineyenilerini koyan kim g\u00fcne\u015f buzdan evimi y\u0131kt\u0131koca buzlar d\u00fc\u015ft\u00fcputlar\u0131n boyunlar\u0131 k\u0131r\u0131ld\u0131ibr\u00e2himg\u00fcne\u015fi evime sokan kim asma bah\u00e7elerinde dola\u015fan g\u00fczelleribuhtunnas\u0131r put yapt\u0131ben ki zamans\u0131z bah\u00e7eleri kucaklad\u0131mg\u00fczeller bende kald\u0131 ibr\u00e2himg\u00f6nl\u00fcm\u00fc put san\u0131p k\u0131ran kim Asaf Halet \u00c7ELEB\u0130\" \/>\n<meta property=\"og:url\" content=\"https:\/\/narteks.net\/index.php\/2011\/02\/28\/ibrahim-2\/\" \/>\n<meta property=\"og:site_name\" content=\"narteks.net\" \/>\n<meta property=\"article:published_time\" content=\"2011-02-28T13:14:55+00:00\" \/>\n<meta property=\"og:image\" content=\"https:\/\/narteks.net\/wp-content\/uploads\/narteks.png\" \/>\n\t<meta property=\"og:image:width\" content=\"300\" \/>\n\t<meta property=\"og:image:height\" content=\"90\" \/>\n\t<meta property=\"og:image:type\" content=\"image\/png\" \/>\n<meta name=\"author\" content=\"Tar\u0131k\" \/>\n<meta name=\"twitter:card\" content=\"summary_large_image\" \/>\n<meta name=\"twitter:creator\" content=\"@narteks\" \/>\n<meta name=\"twitter:site\" content=\"@narteks\" \/>\n<meta name=\"twitter:label1\" content=\"Yazan:\" \/>\n\t<meta name=\"twitter:data1\" content=\"Tar\u0131k\" \/>\n<script type=\"application\/ld+json\" class=\"yoast-schema-graph\">{\"@context\":\"https:\/\/schema.org\",\"@graph\":[{\"@type\":\"Article\",\"@id\":\"https:\/\/narteks.net\/index.php\/2011\/02\/28\/ibrahim-2\/#article\",\"isPartOf\":{\"@id\":\"https:\/\/narteks.net\/index.php\/2011\/02\/28\/ibrahim-2\/\"},\"author\":{\"name\":\"Tar\u0131k\",\"@id\":\"https:\/\/narteks.net\/#\/schema\/person\/61f37d9834294b72d31d274e7ed79bca\"},\"headline\":\"\u0130BRAH\u0130M\",\"datePublished\":\"2011-02-28T13:14:55+00:00\",\"mainEntityOfPage\":{\"@id\":\"https:\/\/narteks.net\/index.php\/2011\/02\/28\/ibrahim-2\/\"},\"wordCount\":72,\"commentCount\":0,\"publisher\":{\"@id\":\"https:\/\/narteks.net\/#organization\"},\"articleSection\":[\"Asaf Halet \u00c7ELEB\u0130\"],\"inLanguage\":\"tr\",\"potentialAction\":[{\"@type\":\"CommentAction\",\"name\":\"Comment\",\"target\":[\"https:\/\/narteks.net\/index.php\/2011\/02\/28\/ibrahim-2\/#respond\"]}]},{\"@type\":\"WebPage\",\"@id\":\"https:\/\/narteks.net\/index.php\/2011\/02\/28\/ibrahim-2\/\",\"url\":\"https:\/\/narteks.net\/index.php\/2011\/02\/28\/ibrahim-2\/\",\"name\":\"\u0130BRAH\u0130M - narteks.net\",\"isPartOf\":{\"@id\":\"https:\/\/narteks.net\/#website\"},\"datePublished\":\"2011-02-28T13:14:55+00:00\",\"breadcrumb\":{\"@id\":\"https:\/\/narteks.net\/index.php\/2011\/02\/28\/ibrahim-2\/#breadcrumb\"},\"inLanguage\":\"tr\",\"potentialAction\":[{\"@type\":\"ReadAction\",\"target\":[\"https:\/\/narteks.net\/index.php\/2011\/02\/28\/ibrahim-2\/\"]}]},{\"@type\":\"BreadcrumbList\",\"@id\":\"https:\/\/narteks.net\/index.php\/2011\/02\/28\/ibrahim-2\/#breadcrumb\",\"itemListElement\":[{\"@type\":\"ListItem\",\"position\":1,\"name\":\"Anasayfa\",\"item\":\"https:\/\/narteks.net\/\"},{\"@type\":\"ListItem\",\"position\":2,\"name\":\"\u0130BRAH\u0130M\"}]},{\"@type\":\"WebSite\",\"@id\":\"https:\/\/narteks.net\/#website\",\"url\":\"https:\/\/narteks.net\/\",\"name\":\"narteks.net\",\"description\":\"K\u00fclt\u00fcr Sanat Edebiyat Felsefe\",\"publisher\":{\"@id\":\"https:\/\/narteks.net\/#organization\"},\"alternateName\":\"K\u00fclt\u00fcr Sanat Edebiyat Felsefe\",\"potentialAction\":[{\"@type\":\"SearchAction\",\"target\":{\"@type\":\"EntryPoint\",\"urlTemplate\":\"https:\/\/narteks.net\/?s={search_term_string}\"},\"query-input\":{\"@type\":\"PropertyValueSpecification\",\"valueRequired\":true,\"valueName\":\"search_term_string\"}}],\"inLanguage\":\"tr\"},{\"@type\":\"Organization\",\"@id\":\"https:\/\/narteks.net\/#organization\",\"name\":\"narteks.net\",\"url\":\"https:\/\/narteks.net\/\",\"logo\":{\"@type\":\"ImageObject\",\"inLanguage\":\"tr\",\"@id\":\"https:\/\/narteks.net\/#\/schema\/logo\/image\/\",\"url\":\"https:\/\/narteks.net\/wp-content\/uploads\/narteks.png\",\"contentUrl\":\"https:\/\/narteks.net\/wp-content\/uploads\/narteks.png\",\"width\":300,\"height\":90,\"caption\":\"narteks.net\"},\"image\":{\"@id\":\"https:\/\/narteks.net\/#\/schema\/logo\/image\/\"},\"sameAs\":[\"https:\/\/x.com\/narteks\",\"https:\/\/instagram.com\/narteksnet\"]},{\"@type\":\"Person\",\"@id\":\"https:\/\/narteks.net\/#\/schema\/person\/61f37d9834294b72d31d274e7ed79bca\",\"name\":\"Tar\u0131k\",\"image\":{\"@type\":\"ImageObject\",\"inLanguage\":\"tr\",\"@id\":\"https:\/\/narteks.net\/#\/schema\/person\/image\/\",\"url\":\"https:\/\/secure.gravatar.com\/avatar\/50865afb55632c4ae467e0af0930f6510aa2297d8014be502a55b14f3b7550cf?s=96&d=mm&r=g\",\"contentUrl\":\"https:\/\/secure.gravatar.com\/avatar\/50865afb55632c4ae467e0af0930f6510aa2297d8014be502a55b14f3b7550cf?s=96&d=mm&r=g\",\"caption\":\"Tar\u0131k\"},\"sameAs\":[\"http:\/\/narteks.net\"],\"url\":\"https:\/\/narteks.net\/index.php\/author\/narbak\/\"}]}<\/script>\n<!-- \/ Yoast SEO Premium plugin. -->","yoast_head_json":{"title":"\u0130BRAH\u0130M - narteks.net","robots":{"index":"index","follow":"follow","max-snippet":"max-snippet:-1","max-image-preview":"max-image-preview:large","max-video-preview":"max-video-preview:-1"},"canonical":"https:\/\/narteks.net\/index.php\/2011\/02\/28\/ibrahim-2\/","og_locale":"tr_TR","og_type":"article","og_title":"\u0130BRAH\u0130M","og_description":"\u00a0 ibr\u00e2himi\u00e7imdeki putlar\u0131 devirelindeki baltaylak\u0131r\u0131lan putlar\u0131n yerineyenilerini koyan kim g\u00fcne\u015f buzdan evimi y\u0131kt\u0131koca buzlar d\u00fc\u015ft\u00fcputlar\u0131n boyunlar\u0131 k\u0131r\u0131ld\u0131ibr\u00e2himg\u00fcne\u015fi evime sokan kim asma bah\u00e7elerinde dola\u015fan g\u00fczelleribuhtunnas\u0131r put yapt\u0131ben ki zamans\u0131z bah\u00e7eleri kucaklad\u0131mg\u00fczeller bende kald\u0131 ibr\u00e2himg\u00f6nl\u00fcm\u00fc put san\u0131p k\u0131ran kim Asaf Halet \u00c7ELEB\u0130","og_url":"https:\/\/narteks.net\/index.php\/2011\/02\/28\/ibrahim-2\/","og_site_name":"narteks.net","article_published_time":"2011-02-28T13:14:55+00:00","og_image":[{"width":300,"height":90,"url":"https:\/\/narteks.net\/wp-content\/uploads\/narteks.png","type":"image\/png"}],"author":"Tar\u0131k","twitter_card":"summary_large_image","twitter_creator":"@narteks","twitter_site":"@narteks","twitter_misc":{"Yazan:":"Tar\u0131k"},"schema":{"@context":"https:\/\/schema.org","@graph":[{"@type":"Article","@id":"https:\/\/narteks.net\/index.php\/2011\/02\/28\/ibrahim-2\/#article","isPartOf":{"@id":"https:\/\/narteks.net\/index.php\/2011\/02\/28\/ibrahim-2\/"},"author":{"name":"Tar\u0131k","@id":"https:\/\/narteks.net\/#\/schema\/person\/61f37d9834294b72d31d274e7ed79bca"},"headline":"\u0130BRAH\u0130M","datePublished":"2011-02-28T13:14:55+00:00","mainEntityOfPage":{"@id":"https:\/\/narteks.net\/index.php\/2011\/02\/28\/ibrahim-2\/"},"wordCount":72,"commentCount":0,"publisher":{"@id":"https:\/\/narteks.net\/#organization"},"articleSection":["Asaf Halet \u00c7ELEB\u0130"],"inLanguage":"tr","potentialAction":[{"@type":"CommentAction","name":"Comment","target":["https:\/\/narteks.net\/index.php\/2011\/02\/28\/ibrahim-2\/#respond"]}]},{"@type":"WebPage","@id":"https:\/\/narteks.net\/index.php\/2011\/02\/28\/ibrahim-2\/","url":"https:\/\/narteks.net\/index.php\/2011\/02\/28\/ibrahim-2\/","name":"\u0130BRAH\u0130M - narteks.net","isPartOf":{"@id":"https:\/\/narteks.net\/#website"},"datePublished":"2011-02-28T13:14:55+00:00","breadcrumb":{"@id":"https:\/\/narteks.net\/index.php\/2011\/02\/28\/ibrahim-2\/#breadcrumb"},"inLanguage":"tr","potentialAction":[{"@type":"ReadAction","target":["https:\/\/narteks.net\/index.php\/2011\/02\/28\/ibrahim-2\/"]}]},{"@type":"BreadcrumbList","@id":"https:\/\/narteks.net\/index.php\/2011\/02\/28\/ibrahim-2\/#breadcrumb","itemListElement":[{"@type":"ListItem","position":1,"name":"Anasayfa","item":"https:\/\/narteks.net\/"},{"@type":"ListItem","position":2,"name":"\u0130BRAH\u0130M"}]},{"@type":"WebSite","@id":"https:\/\/narteks.net\/#website","url":"https:\/\/narteks.net\/","name":"narteks.net","description":"K\u00fclt\u00fcr Sanat Edebiyat Felsefe","publisher":{"@id":"https:\/\/narteks.net\/#organization"},"alternateName":"K\u00fclt\u00fcr Sanat Edebiyat Felsefe","potentialAction":[{"@type":"SearchAction","target":{"@type":"EntryPoint","urlTemplate":"https:\/\/narteks.net\/?s={search_term_string}"},"query-input":{"@type":"PropertyValueSpecification","valueRequired":true,"valueName":"search_term_string"}}],"inLanguage":"tr"},{"@type":"Organization","@id":"https:\/\/narteks.net\/#organization","name":"narteks.net","url":"https:\/\/narteks.net\/","logo":{"@type":"ImageObject","inLanguage":"tr","@id":"https:\/\/narteks.net\/#\/schema\/logo\/image\/","url":"https:\/\/narteks.net\/wp-content\/uploads\/narteks.png","contentUrl":"https:\/\/narteks.net\/wp-content\/uploads\/narteks.png","width":300,"height":90,"caption":"narteks.net"},"image":{"@id":"https:\/\/narteks.net\/#\/schema\/logo\/image\/"},"sameAs":["https:\/\/x.com\/narteks","https:\/\/instagram.com\/narteksnet"]},{"@type":"Person","@id":"https:\/\/narteks.net\/#\/schema\/person\/61f37d9834294b72d31d274e7ed79bca","name":"Tar\u0131k","image":{"@type":"ImageObject","inLanguage":"tr","@id":"https:\/\/narteks.net\/#\/schema\/person\/image\/","url":"https:\/\/secure.gravatar.com\/avatar\/50865afb55632c4ae467e0af0930f6510aa2297d8014be502a55b14f3b7550cf?s=96&d=mm&r=g","contentUrl":"https:\/\/secure.gravatar.com\/avatar\/50865afb55632c4ae467e0af0930f6510aa2297d8014be502a55b14f3b7550cf?s=96&d=mm&r=g","caption":"Tar\u0131k"},"sameAs":["http:\/\/narteks.net"],"url":"https:\/\/narteks.net\/index.php\/author\/narbak\/"}]}},"_links":{"self":[{"href":"https:\/\/narteks.net\/index.php\/wp-json\/wp\/v2\/posts\/5422","targetHints":{"allow":["GET"]}}],"collection":[{"href":"https:\/\/narteks.net\/index.php\/wp-json\/wp\/v2\/posts"}],"about":[{"href":"https:\/\/narteks.net\/index.php\/wp-json\/wp\/v2\/types\/post"}],"author":[{"embeddable":true,"href":"https:\/\/narteks.net\/index.php\/wp-json\/wp\/v2\/users\/1"}],"replies":[{"embeddable":true,"href":"https:\/\/narteks.net\/index.php\/wp-json\/wp\/v2\/comments?post=5422"}],"version-history":[{"count":0,"href":"https:\/\/narteks.net\/index.php\/wp-json\/wp\/v2\/posts\/5422\/revisions"}],"wp:attachment":[{"href":"https:\/\/narteks.net\/index.php\/wp-json\/wp\/v2\/media?parent=5422"}],"wp:term":[{"taxonomy":"category","embeddable":true,"href":"https:\/\/narteks.net\/index.php\/wp-json\/wp\/v2\/categories?post=5422"},{"taxonomy":"post_tag","embeddable":true,"href":"https:\/\/narteks.net\/index.php\/wp-json\/wp\/v2\/tags?post=5422"}],"curies":[{"name":"wp","href":"https:\/\/api.w.org\/{rel}","templated":true}]}}