{"id":5428,"date":"2011-02-28T16:18:16","date_gmt":"2011-02-28T13:18:16","guid":{"rendered":"http:\/\/localhost\/wordpress\/2011\/02\/28\/gunesin-isigi\/"},"modified":"2011-02-28T16:18:16","modified_gmt":"2011-02-28T13:18:16","slug":"gunesin-isigi","status":"publish","type":"post","link":"https:\/\/narteks.net\/index.php\/2011\/02\/28\/gunesin-isigi\/","title":{"rendered":"G\u00dcNE\u015e\u0130N I\u015eI\u011eI"},"content":{"rendered":"<p>\u00a0<\/p>\n<p>her \u015fey g\u00fcne\u015fi seviyor<br \/>hatt\u00e2 denizler bile<br \/>denizlerde nefes alan sen bile<br \/>ve biz<br \/>g\u00fcne\u015fi de\u011fil \u0131\u015f\u0131\u011f\u0131n\u0131 seven insanlar\u0131z<\/p>\n<p>g\u00fcne\u015f i\u00e7ime vuruyor<\/p>\n<p>g\u00fcne\u015fin \u0131\u015f\u0131\u011f\u0131 var<br \/>g\u00fcne\u015f yok<br \/>g\u00fcne\u015fin \u0131\u015f\u0131\u011f\u0131n\u0131 kim anlatabilecek<\/p>\n<p>pazar pazar gezmek<br \/>da\u011f da\u011f dola\u015fmak<br \/>ve ormanlarda kalmak<\/p>\n<p>g\u00fcne\u015fin \u0131\u015f\u0131\u011f\u0131n\u0131 anlatabilecek olan\u0131 ar\u0131yorum<\/p>\n<p>g\u00fcne\u015f i\u00e7ime vuruyor<\/p>\n<p>Asaf Halet \u00c7ELEB\u0130<\/p>\n","protected":false},"excerpt":{"rendered":"<p>\u00a0 her \u015fey g\u00fcne\u015fi seviyorhatt\u00e2 denizler biledenizlerde nefes alan sen bileve bizg\u00fcne\u015fi de\u011fil \u0131\u015f\u0131\u011f\u0131n\u0131 seven insanlar\u0131z g\u00fcne\u015f i\u00e7ime vuruyor g\u00fcne\u015fin \u0131\u015f\u0131\u011f\u0131 varg\u00fcne\u015f yokg\u00fcne\u015fin \u0131\u015f\u0131\u011f\u0131n\u0131 kim anlatabilecek pazar pazar gezmekda\u011f da\u011f dola\u015fmakve ormanlarda kalmak g\u00fcne\u015fin \u0131\u015f\u0131\u011f\u0131n\u0131 anlatabilecek olan\u0131 ar\u0131yorum g\u00fcne\u015f i\u00e7ime vuruyor Asaf Halet \u00c7ELEB\u0130<\/p>\n","protected":false},"author":1,"featured_media":0,"comment_status":"open","ping_status":"open","sticky":false,"template":"","format":"standard","meta":{"footnotes":""},"categories":[9],"tags":[],"class_list":{"0":"post-5428","1":"post","2":"type-post","3":"status-publish","4":"format-standard","6":"category-asaf-halet-celebi"},"yoast_head":"<!-- This site is optimized with the Yoast SEO Premium plugin v24.9 (Yoast SEO v24.9) - https:\/\/yoast.com\/wordpress\/plugins\/seo\/ -->\n<title>G\u00dcNE\u015e\u0130N I\u015eI\u011eI - narteks.net<\/title>\n<meta name=\"robots\" content=\"index, follow, max-snippet:-1, max-image-preview:large, max-video-preview:-1\" \/>\n<link rel=\"canonical\" href=\"https:\/\/narteks.net\/index.php\/2011\/02\/28\/gunesin-isigi\/\" \/>\n<meta property=\"og:locale\" content=\"tr_TR\" \/>\n<meta property=\"og:type\" content=\"article\" \/>\n<meta property=\"og:title\" content=\"G\u00dcNE\u015e\u0130N I\u015eI\u011eI\" \/>\n<meta property=\"og:description\" content=\"\u00a0 her \u015fey g\u00fcne\u015fi seviyorhatt\u00e2 denizler biledenizlerde nefes alan sen bileve bizg\u00fcne\u015fi de\u011fil \u0131\u015f\u0131\u011f\u0131n\u0131 seven insanlar\u0131z g\u00fcne\u015f i\u00e7ime vuruyor g\u00fcne\u015fin \u0131\u015f\u0131\u011f\u0131 varg\u00fcne\u015f yokg\u00fcne\u015fin \u0131\u015f\u0131\u011f\u0131n\u0131 kim anlatabilecek pazar pazar gezmekda\u011f da\u011f dola\u015fmakve ormanlarda kalmak g\u00fcne\u015fin \u0131\u015f\u0131\u011f\u0131n\u0131 anlatabilecek olan\u0131 ar\u0131yorum g\u00fcne\u015f i\u00e7ime vuruyor Asaf Halet \u00c7ELEB\u0130\" \/>\n<meta property=\"og:url\" content=\"https:\/\/narteks.net\/index.php\/2011\/02\/28\/gunesin-isigi\/\" \/>\n<meta property=\"og:site_name\" content=\"narteks.net\" \/>\n<meta property=\"article:published_time\" content=\"2011-02-28T13:18:16+00:00\" \/>\n<meta property=\"og:image\" content=\"https:\/\/narteks.net\/wp-content\/uploads\/narteks.png\" \/>\n\t<meta property=\"og:image:width\" content=\"300\" \/>\n\t<meta property=\"og:image:height\" content=\"90\" \/>\n\t<meta property=\"og:image:type\" content=\"image\/png\" \/>\n<meta name=\"author\" content=\"Tar\u0131k\" \/>\n<meta name=\"twitter:card\" content=\"summary_large_image\" \/>\n<meta name=\"twitter:creator\" content=\"@narteks\" \/>\n<meta name=\"twitter:site\" content=\"@narteks\" \/>\n<meta name=\"twitter:label1\" content=\"Yazan:\" \/>\n\t<meta name=\"twitter:data1\" content=\"Tar\u0131k\" \/>\n<script type=\"application\/ld+json\" class=\"yoast-schema-graph\">{\"@context\":\"https:\/\/schema.org\",\"@graph\":[{\"@type\":\"Article\",\"@id\":\"https:\/\/narteks.net\/index.php\/2011\/02\/28\/gunesin-isigi\/#article\",\"isPartOf\":{\"@id\":\"https:\/\/narteks.net\/index.php\/2011\/02\/28\/gunesin-isigi\/\"},\"author\":{\"name\":\"Tar\u0131k\",\"@id\":\"https:\/\/narteks.net\/#\/schema\/person\/61f37d9834294b72d31d274e7ed79bca\"},\"headline\":\"G\u00dcNE\u015e\u0130N I\u015eI\u011eI\",\"datePublished\":\"2011-02-28T13:18:16+00:00\",\"mainEntityOfPage\":{\"@id\":\"https:\/\/narteks.net\/index.php\/2011\/02\/28\/gunesin-isigi\/\"},\"wordCount\":67,\"commentCount\":0,\"publisher\":{\"@id\":\"https:\/\/narteks.net\/#organization\"},\"articleSection\":[\"Asaf Halet \u00c7ELEB\u0130\"],\"inLanguage\":\"tr\",\"potentialAction\":[{\"@type\":\"CommentAction\",\"name\":\"Comment\",\"target\":[\"https:\/\/narteks.net\/index.php\/2011\/02\/28\/gunesin-isigi\/#respond\"]}]},{\"@type\":\"WebPage\",\"@id\":\"https:\/\/narteks.net\/index.php\/2011\/02\/28\/gunesin-isigi\/\",\"url\":\"https:\/\/narteks.net\/index.php\/2011\/02\/28\/gunesin-isigi\/\",\"name\":\"G\u00dcNE\u015e\u0130N I\u015eI\u011eI - narteks.net\",\"isPartOf\":{\"@id\":\"https:\/\/narteks.net\/#website\"},\"datePublished\":\"2011-02-28T13:18:16+00:00\",\"breadcrumb\":{\"@id\":\"https:\/\/narteks.net\/index.php\/2011\/02\/28\/gunesin-isigi\/#breadcrumb\"},\"inLanguage\":\"tr\",\"potentialAction\":[{\"@type\":\"ReadAction\",\"target\":[\"https:\/\/narteks.net\/index.php\/2011\/02\/28\/gunesin-isigi\/\"]}]},{\"@type\":\"BreadcrumbList\",\"@id\":\"https:\/\/narteks.net\/index.php\/2011\/02\/28\/gunesin-isigi\/#breadcrumb\",\"itemListElement\":[{\"@type\":\"ListItem\",\"position\":1,\"name\":\"Anasayfa\",\"item\":\"https:\/\/narteks.net\/\"},{\"@type\":\"ListItem\",\"position\":2,\"name\":\"G\u00dcNE\u015e\u0130N I\u015eI\u011eI\"}]},{\"@type\":\"WebSite\",\"@id\":\"https:\/\/narteks.net\/#website\",\"url\":\"https:\/\/narteks.net\/\",\"name\":\"narteks.net\",\"description\":\"K\u00fclt\u00fcr Sanat Edebiyat Felsefe\",\"publisher\":{\"@id\":\"https:\/\/narteks.net\/#organization\"},\"alternateName\":\"K\u00fclt\u00fcr Sanat Edebiyat Felsefe\",\"potentialAction\":[{\"@type\":\"SearchAction\",\"target\":{\"@type\":\"EntryPoint\",\"urlTemplate\":\"https:\/\/narteks.net\/?s={search_term_string}\"},\"query-input\":{\"@type\":\"PropertyValueSpecification\",\"valueRequired\":true,\"valueName\":\"search_term_string\"}}],\"inLanguage\":\"tr\"},{\"@type\":\"Organization\",\"@id\":\"https:\/\/narteks.net\/#organization\",\"name\":\"narteks.net\",\"url\":\"https:\/\/narteks.net\/\",\"logo\":{\"@type\":\"ImageObject\",\"inLanguage\":\"tr\",\"@id\":\"https:\/\/narteks.net\/#\/schema\/logo\/image\/\",\"url\":\"https:\/\/narteks.net\/wp-content\/uploads\/narteks.png\",\"contentUrl\":\"https:\/\/narteks.net\/wp-content\/uploads\/narteks.png\",\"width\":300,\"height\":90,\"caption\":\"narteks.net\"},\"image\":{\"@id\":\"https:\/\/narteks.net\/#\/schema\/logo\/image\/\"},\"sameAs\":[\"https:\/\/x.com\/narteks\",\"https:\/\/instagram.com\/narteksnet\"]},{\"@type\":\"Person\",\"@id\":\"https:\/\/narteks.net\/#\/schema\/person\/61f37d9834294b72d31d274e7ed79bca\",\"name\":\"Tar\u0131k\",\"image\":{\"@type\":\"ImageObject\",\"inLanguage\":\"tr\",\"@id\":\"https:\/\/narteks.net\/#\/schema\/person\/image\/\",\"url\":\"https:\/\/secure.gravatar.com\/avatar\/50865afb55632c4ae467e0af0930f6510aa2297d8014be502a55b14f3b7550cf?s=96&d=mm&r=g\",\"contentUrl\":\"https:\/\/secure.gravatar.com\/avatar\/50865afb55632c4ae467e0af0930f6510aa2297d8014be502a55b14f3b7550cf?s=96&d=mm&r=g\",\"caption\":\"Tar\u0131k\"},\"sameAs\":[\"http:\/\/narteks.net\"],\"url\":\"https:\/\/narteks.net\/index.php\/author\/narbak\/\"}]}<\/script>\n<!-- \/ Yoast SEO Premium plugin. -->","yoast_head_json":{"title":"G\u00dcNE\u015e\u0130N I\u015eI\u011eI - narteks.net","robots":{"index":"index","follow":"follow","max-snippet":"max-snippet:-1","max-image-preview":"max-image-preview:large","max-video-preview":"max-video-preview:-1"},"canonical":"https:\/\/narteks.net\/index.php\/2011\/02\/28\/gunesin-isigi\/","og_locale":"tr_TR","og_type":"article","og_title":"G\u00dcNE\u015e\u0130N I\u015eI\u011eI","og_description":"\u00a0 her \u015fey g\u00fcne\u015fi seviyorhatt\u00e2 denizler biledenizlerde nefes alan sen bileve bizg\u00fcne\u015fi de\u011fil \u0131\u015f\u0131\u011f\u0131n\u0131 seven insanlar\u0131z g\u00fcne\u015f i\u00e7ime vuruyor g\u00fcne\u015fin \u0131\u015f\u0131\u011f\u0131 varg\u00fcne\u015f yokg\u00fcne\u015fin \u0131\u015f\u0131\u011f\u0131n\u0131 kim anlatabilecek pazar pazar gezmekda\u011f da\u011f dola\u015fmakve ormanlarda kalmak g\u00fcne\u015fin \u0131\u015f\u0131\u011f\u0131n\u0131 anlatabilecek olan\u0131 ar\u0131yorum g\u00fcne\u015f i\u00e7ime vuruyor Asaf Halet \u00c7ELEB\u0130","og_url":"https:\/\/narteks.net\/index.php\/2011\/02\/28\/gunesin-isigi\/","og_site_name":"narteks.net","article_published_time":"2011-02-28T13:18:16+00:00","og_image":[{"width":300,"height":90,"url":"https:\/\/narteks.net\/wp-content\/uploads\/narteks.png","type":"image\/png"}],"author":"Tar\u0131k","twitter_card":"summary_large_image","twitter_creator":"@narteks","twitter_site":"@narteks","twitter_misc":{"Yazan:":"Tar\u0131k"},"schema":{"@context":"https:\/\/schema.org","@graph":[{"@type":"Article","@id":"https:\/\/narteks.net\/index.php\/2011\/02\/28\/gunesin-isigi\/#article","isPartOf":{"@id":"https:\/\/narteks.net\/index.php\/2011\/02\/28\/gunesin-isigi\/"},"author":{"name":"Tar\u0131k","@id":"https:\/\/narteks.net\/#\/schema\/person\/61f37d9834294b72d31d274e7ed79bca"},"headline":"G\u00dcNE\u015e\u0130N I\u015eI\u011eI","datePublished":"2011-02-28T13:18:16+00:00","mainEntityOfPage":{"@id":"https:\/\/narteks.net\/index.php\/2011\/02\/28\/gunesin-isigi\/"},"wordCount":67,"commentCount":0,"publisher":{"@id":"https:\/\/narteks.net\/#organization"},"articleSection":["Asaf Halet \u00c7ELEB\u0130"],"inLanguage":"tr","potentialAction":[{"@type":"CommentAction","name":"Comment","target":["https:\/\/narteks.net\/index.php\/2011\/02\/28\/gunesin-isigi\/#respond"]}]},{"@type":"WebPage","@id":"https:\/\/narteks.net\/index.php\/2011\/02\/28\/gunesin-isigi\/","url":"https:\/\/narteks.net\/index.php\/2011\/02\/28\/gunesin-isigi\/","name":"G\u00dcNE\u015e\u0130N I\u015eI\u011eI - narteks.net","isPartOf":{"@id":"https:\/\/narteks.net\/#website"},"datePublished":"2011-02-28T13:18:16+00:00","breadcrumb":{"@id":"https:\/\/narteks.net\/index.php\/2011\/02\/28\/gunesin-isigi\/#breadcrumb"},"inLanguage":"tr","potentialAction":[{"@type":"ReadAction","target":["https:\/\/narteks.net\/index.php\/2011\/02\/28\/gunesin-isigi\/"]}]},{"@type":"BreadcrumbList","@id":"https:\/\/narteks.net\/index.php\/2011\/02\/28\/gunesin-isigi\/#breadcrumb","itemListElement":[{"@type":"ListItem","position":1,"name":"Anasayfa","item":"https:\/\/narteks.net\/"},{"@type":"ListItem","position":2,"name":"G\u00dcNE\u015e\u0130N I\u015eI\u011eI"}]},{"@type":"WebSite","@id":"https:\/\/narteks.net\/#website","url":"https:\/\/narteks.net\/","name":"narteks.net","description":"K\u00fclt\u00fcr Sanat Edebiyat Felsefe","publisher":{"@id":"https:\/\/narteks.net\/#organization"},"alternateName":"K\u00fclt\u00fcr Sanat Edebiyat Felsefe","potentialAction":[{"@type":"SearchAction","target":{"@type":"EntryPoint","urlTemplate":"https:\/\/narteks.net\/?s={search_term_string}"},"query-input":{"@type":"PropertyValueSpecification","valueRequired":true,"valueName":"search_term_string"}}],"inLanguage":"tr"},{"@type":"Organization","@id":"https:\/\/narteks.net\/#organization","name":"narteks.net","url":"https:\/\/narteks.net\/","logo":{"@type":"ImageObject","inLanguage":"tr","@id":"https:\/\/narteks.net\/#\/schema\/logo\/image\/","url":"https:\/\/narteks.net\/wp-content\/uploads\/narteks.png","contentUrl":"https:\/\/narteks.net\/wp-content\/uploads\/narteks.png","width":300,"height":90,"caption":"narteks.net"},"image":{"@id":"https:\/\/narteks.net\/#\/schema\/logo\/image\/"},"sameAs":["https:\/\/x.com\/narteks","https:\/\/instagram.com\/narteksnet"]},{"@type":"Person","@id":"https:\/\/narteks.net\/#\/schema\/person\/61f37d9834294b72d31d274e7ed79bca","name":"Tar\u0131k","image":{"@type":"ImageObject","inLanguage":"tr","@id":"https:\/\/narteks.net\/#\/schema\/person\/image\/","url":"https:\/\/secure.gravatar.com\/avatar\/50865afb55632c4ae467e0af0930f6510aa2297d8014be502a55b14f3b7550cf?s=96&d=mm&r=g","contentUrl":"https:\/\/secure.gravatar.com\/avatar\/50865afb55632c4ae467e0af0930f6510aa2297d8014be502a55b14f3b7550cf?s=96&d=mm&r=g","caption":"Tar\u0131k"},"sameAs":["http:\/\/narteks.net"],"url":"https:\/\/narteks.net\/index.php\/author\/narbak\/"}]}},"_links":{"self":[{"href":"https:\/\/narteks.net\/index.php\/wp-json\/wp\/v2\/posts\/5428","targetHints":{"allow":["GET"]}}],"collection":[{"href":"https:\/\/narteks.net\/index.php\/wp-json\/wp\/v2\/posts"}],"about":[{"href":"https:\/\/narteks.net\/index.php\/wp-json\/wp\/v2\/types\/post"}],"author":[{"embeddable":true,"href":"https:\/\/narteks.net\/index.php\/wp-json\/wp\/v2\/users\/1"}],"replies":[{"embeddable":true,"href":"https:\/\/narteks.net\/index.php\/wp-json\/wp\/v2\/comments?post=5428"}],"version-history":[{"count":0,"href":"https:\/\/narteks.net\/index.php\/wp-json\/wp\/v2\/posts\/5428\/revisions"}],"wp:attachment":[{"href":"https:\/\/narteks.net\/index.php\/wp-json\/wp\/v2\/media?parent=5428"}],"wp:term":[{"taxonomy":"category","embeddable":true,"href":"https:\/\/narteks.net\/index.php\/wp-json\/wp\/v2\/categories?post=5428"},{"taxonomy":"post_tag","embeddable":true,"href":"https:\/\/narteks.net\/index.php\/wp-json\/wp\/v2\/tags?post=5428"}],"curies":[{"name":"wp","href":"https:\/\/api.w.org\/{rel}","templated":true}]}}