{"id":5451,"date":"2011-02-28T16:43:57","date_gmt":"2011-02-28T13:43:57","guid":{"rendered":"http:\/\/localhost\/wordpress\/2011\/02\/28\/selim-temo-biyografisi\/"},"modified":"2011-02-28T16:43:57","modified_gmt":"2011-02-28T13:43:57","slug":"selim-temo-biyografisi","status":"publish","type":"post","link":"https:\/\/narteks.net\/index.php\/2011\/02\/28\/selim-temo-biyografisi\/","title":{"rendered":"Selim TEMO Biyografisi"},"content":{"rendered":"<p style=\"text-align: justify;\"><img loading=\"lazy\" decoding=\"async\" src=\"http:\/\/www.itusozluk.com\/img.php\/e0d984c3e0b5f09b5e84c4260ffa53d812992\/selim+temo\" border=\"0\" width=\"155\" height=\"205\" style=\"float: left;\" \/>Selim Temo (d. 1972, Batman &#8211; ) K\u00fcrt \u015fair, yazar, akademisyen ve \u00e7evirmen.<\/p>\n<p>As\u0131l ad\u0131 Selim Temo Erg\u00fcl&#8217;d\u00fcr. 27 Nisan 1972&#8217;de Batman&#8217;\u0131n M\u00ear\u00eena k\u00f6y\u00fcnde do\u011fdu. \u0130lkokulu do\u011fdu\u011fu k\u00f6yde, orta\u00f6\u011frenimini Batman&#8217;da tamamlad\u0131. 2000 y\u0131l\u0131nda Ankara \u00dcniversitesi Dil Tarih Co\u011frafya Fak\u00fcltesi Etnoloji B\u00f6l\u00fcm\u00fc&#8217;nden mezun oldu. Y\u00fcksel Lisans\u0131n\u0131 &#8220;Cemal S\u00fcreya \u015eiirinde Bedenin Yaz\u0131nsalla\u015fmas\u0131&#8221; ba\u015fl\u0131\u011f\u0131yla, Bilkent \u00dcniversitesi T\u00fcrk Edebiyat\u0131 B\u00f6l\u00fcm\u00fc&#8217;nde tamamlad\u0131 (2003). Ayn\u0131 b\u00f6l\u00fcmde &#8220;T\u00fcrk \u015eiirinde Ta\u015fra: 1859-1959&#8221; ba\u015fl\u0131kl\u0131 \u00e7al\u0131\u015fmas\u0131yla doktoras\u0131n\u0131 tamamlad\u0131 (2009). Halen Mardin Artuklu \u00dcniversitesi&#8217;nde Yard\u0131mc\u0131 Do\u00e7ent Doktor olarak g\u00f6rev yapmakta ve T\u00fcrkiye&#8217;de a\u00e7\u0131lacak il K\u00fcrt Dili ve Edebiyat\u0131 B\u00f6l\u00fcm\u00fc&#8217;n\u00fcn kurulu\u015f \u00e7al\u0131\u015fmalar\u0131n\u0131 y\u00fcr\u00fctmektedir. \u00c7ok say\u0131daki dergide yaz\u0131lar\u0131 ve edeb\u00ee \u00fcr\u00fcnleri yay\u0131mlanan Dr. Temo&#8217;nun daha \u00e7ok Esmer, Mesele, Yasak Meyve gibi dergilerde imzas\u0131na rastlanmaktad\u0131r. K\u00fcrt ve T\u00fcrk edebiyatlar\u0131 hakk\u0131nda \u00f6nemli \u00e7al\u0131\u015fmalara imza atan Temo&#8217;nun son y\u0131llarda daha \u00e7ok inceleme ve ara\u015ft\u0131rmalar\u0131 \u00f6ne \u00e7\u0131kmaktad\u0131r.<\/p>\n<p>\u00c7al\u0131\u015fmalar\u0131<\/p>\n<p> * O, Deniz ve \u0130ntihar (oyun, 1994)<br \/> * Ah! Tamara (\u015fiir, 1995)<br \/> * K\u0131rg\u0131n Nehirler Meseli (\u015fiir, 1997)<br \/> * \u00c7iftlere Cinayet Dersleri (roman, 1998)<br \/> * U\u011fultular (\u015fiir, 2000)<br \/> * K\u00fcrt \u015eiiri Antolojisi (antoloji; K\u00fcrt\u00e7e-T\u00fcrk\u00e7e, 2 cilt, 2007)<br \/> * T\u00fcrk \u015eiirinde Ta\u015fra (edebiyat kuram\u0131, T\u00fcrk\u00e7e, 2011)<\/p>\n<p>\u00c7evirileri<\/p>\n<p>K\u00fcrt\u00e7eden T\u00fcrk\u00e7eye<\/p>\n<p> * Fawaz H\u00fbsen&#8217;den Amidabad: G\u00f6\u00e7, \u00c7ocuk ve Irmak (2004)<br \/> * Firat Cewer\u00ee&#8217;den Solgun Romans (2005)<br \/> * Mehmed Uzun&#8217;dan Sen (2006),<br \/> * Abdal\u0131n Bir G\u00fcn\u00fc (2005),<br \/> * Ya\u015fl\u0131 Rindin \u00d6l\u00fcm\u00fc (2006),<br \/> * Yitik Bir A\u015fk\u0131n G\u00f6lgesinde (2006),<br \/> * A\u015fk Gibi Ayd\u0131nl\u0131k \u00d6l\u00fcm Gibi Karanl\u0131k (2006).<\/p>\n<p>\u00c7ocuk Kitaplar\u0131<\/p>\n<p>12 kitapl\u0131k bir dizidir. Her geceye bir masal i\u00e7ermektedir. Kitaplar\u0131n ilk sayfalar\u0131nda K\u00fcrt alfabesi bulunmaktad\u0131r, \u00e7ocuklar\u0131n K\u00fcrt\u00e7e (Kurmanc\u00ee-Zazak\u00ee) okuma yazma \u00f6\u011frenmeleri ama\u00e7lanm\u0131\u015ft\u0131r. Kitaplardaki masallar\u0131n yar\u0131s\u0131 K\u00fcrt masal\u0131, geri kalanlar \u0130ngilizce ve T\u00fcrk\u00e7e gibi dillerden K\u00fcrt\u00e7eye (Kurmanc\u00ee) \u00e7evrilmi\u015f masallard\u0131r. Her say\u0131da bir masal klasi\u011fi, bir \u00e7ocuk \u015fiiri, \u00fcnl\u00fc bir ismin tan\u0131t\u0131m\u0131 ve bir K\u00fcrt halk destan\u0131 yer almaktad\u0131r. Kitaplar Diyarbak\u0131r Sur Belediyesi taraf\u0131ndan \u00fccretsiz bas\u0131lmaktad\u0131r. S\u00f6z konusu belediyeye y\u00f6nelik yo\u011fun bask\u0131lar nedeniyle 2006&#8217;da ancak 6 tanesi yay\u0131mlanabilen dizi, Nisan 2010&#8217;da tam edisyon olarak yay\u0131mlanm\u0131\u015ft\u0131r.<\/p>\n<p style=\"text-align: justify;\">\u00d6d\u00fclleri<\/p>\n<p> * Halkevleri \u00d6d\u00fcl\u00fc (roman) (1998)<br \/> * Ya\u015far Nabi Nay\u0131r \u00d6d\u00fcl\u00fc (\u015fiir) (1997)<\/p>\n","protected":false},"excerpt":{"rendered":"<p>Selim Temo (d. 1972, Batman &#8211; ) K\u00fcrt \u015fair, yazar, akademisyen ve \u00e7evirmen. As\u0131l ad\u0131 Selim Temo Erg\u00fcl&#8217;d\u00fcr. 27 Nisan 1972&#8217;de Batman&#8217;\u0131n M\u00ear\u00eena k\u00f6y\u00fcnde do\u011fdu. \u0130lkokulu do\u011fdu\u011fu k\u00f6yde, orta\u00f6\u011frenimini Batman&#8217;da tamamlad\u0131. 2000 y\u0131l\u0131nda Ankara \u00dcniversitesi Dil Tarih Co\u011frafya Fak\u00fcltesi Etnoloji B\u00f6l\u00fcm\u00fc&#8217;nden mezun oldu. Y\u00fcksel Lisans\u0131n\u0131 &#8220;Cemal S\u00fcreya \u015eiirinde Bedenin Yaz\u0131nsalla\u015fmas\u0131&#8221; ba\u015fl\u0131\u011f\u0131yla, Bilkent \u00dcniversitesi T\u00fcrk Edebiyat\u0131 [&hellip;]<\/p>\n","protected":false},"author":1,"featured_media":0,"comment_status":"open","ping_status":"open","sticky":false,"template":"","format":"standard","meta":{"footnotes":""},"categories":[170],"tags":[],"class_list":{"0":"post-5451","1":"post","2":"type-post","3":"status-publish","4":"format-standard","6":"category-selim-temo"},"yoast_head":"<!-- This site is optimized with the Yoast SEO Premium plugin v24.9 (Yoast SEO v24.9) - https:\/\/yoast.com\/wordpress\/plugins\/seo\/ -->\n<title>Selim TEMO Biyografisi - narteks.net<\/title>\n<meta name=\"robots\" content=\"index, follow, max-snippet:-1, max-image-preview:large, max-video-preview:-1\" \/>\n<link rel=\"canonical\" href=\"https:\/\/narteks.net\/index.php\/2011\/02\/28\/selim-temo-biyografisi\/\" \/>\n<meta property=\"og:locale\" content=\"tr_TR\" \/>\n<meta property=\"og:type\" content=\"article\" \/>\n<meta property=\"og:title\" content=\"Selim TEMO Biyografisi\" \/>\n<meta property=\"og:description\" content=\"Selim Temo (d. 1972, Batman &#8211; ) K\u00fcrt \u015fair, yazar, akademisyen ve \u00e7evirmen. As\u0131l ad\u0131 Selim Temo Erg\u00fcl&#8217;d\u00fcr. 27 Nisan 1972&#8217;de Batman&#8217;\u0131n M\u00ear\u00eena k\u00f6y\u00fcnde do\u011fdu. \u0130lkokulu do\u011fdu\u011fu k\u00f6yde, orta\u00f6\u011frenimini Batman&#8217;da tamamlad\u0131. 2000 y\u0131l\u0131nda Ankara \u00dcniversitesi Dil Tarih Co\u011frafya Fak\u00fcltesi Etnoloji B\u00f6l\u00fcm\u00fc&#8217;nden mezun oldu. Y\u00fcksel Lisans\u0131n\u0131 &#8220;Cemal S\u00fcreya \u015eiirinde Bedenin Yaz\u0131nsalla\u015fmas\u0131&#8221; ba\u015fl\u0131\u011f\u0131yla, Bilkent \u00dcniversitesi T\u00fcrk Edebiyat\u0131 [&hellip;]\" \/>\n<meta property=\"og:url\" content=\"https:\/\/narteks.net\/index.php\/2011\/02\/28\/selim-temo-biyografisi\/\" \/>\n<meta property=\"og:site_name\" content=\"narteks.net\" \/>\n<meta property=\"article:published_time\" content=\"2011-02-28T13:43:57+00:00\" \/>\n<meta property=\"og:image\" content=\"http:\/\/www.itusozluk.com\/img.php\/e0d984c3e0b5f09b5e84c4260ffa53d812992\/selim+temo\" \/>\n<meta name=\"author\" content=\"Tar\u0131k\" \/>\n<meta name=\"twitter:card\" content=\"summary_large_image\" \/>\n<meta name=\"twitter:creator\" content=\"@narteks\" \/>\n<meta name=\"twitter:site\" content=\"@narteks\" \/>\n<meta name=\"twitter:label1\" content=\"Yazan:\" \/>\n\t<meta name=\"twitter:data1\" content=\"Tar\u0131k\" \/>\n\t<meta name=\"twitter:label2\" content=\"Tahmini okuma s\u00fcresi\" \/>\n\t<meta name=\"twitter:data2\" content=\"2 dakika\" \/>\n<script type=\"application\/ld+json\" class=\"yoast-schema-graph\">{\"@context\":\"https:\/\/schema.org\",\"@graph\":[{\"@type\":\"Article\",\"@id\":\"https:\/\/narteks.net\/index.php\/2011\/02\/28\/selim-temo-biyografisi\/#article\",\"isPartOf\":{\"@id\":\"https:\/\/narteks.net\/index.php\/2011\/02\/28\/selim-temo-biyografisi\/\"},\"author\":{\"name\":\"Tar\u0131k\",\"@id\":\"https:\/\/narteks.net\/#\/schema\/person\/61f37d9834294b72d31d274e7ed79bca\"},\"headline\":\"Selim TEMO Biyografisi\",\"datePublished\":\"2011-02-28T13:43:57+00:00\",\"mainEntityOfPage\":{\"@id\":\"https:\/\/narteks.net\/index.php\/2011\/02\/28\/selim-temo-biyografisi\/\"},\"wordCount\":427,\"commentCount\":0,\"publisher\":{\"@id\":\"https:\/\/narteks.net\/#organization\"},\"image\":{\"@id\":\"https:\/\/narteks.net\/index.php\/2011\/02\/28\/selim-temo-biyografisi\/#primaryimage\"},\"thumbnailUrl\":\"http:\/\/www.itusozluk.com\/img.php\/e0d984c3e0b5f09b5e84c4260ffa53d812992\/selim+temo\",\"articleSection\":[\"Selim TEMO\"],\"inLanguage\":\"tr\",\"potentialAction\":[{\"@type\":\"CommentAction\",\"name\":\"Comment\",\"target\":[\"https:\/\/narteks.net\/index.php\/2011\/02\/28\/selim-temo-biyografisi\/#respond\"]}]},{\"@type\":\"WebPage\",\"@id\":\"https:\/\/narteks.net\/index.php\/2011\/02\/28\/selim-temo-biyografisi\/\",\"url\":\"https:\/\/narteks.net\/index.php\/2011\/02\/28\/selim-temo-biyografisi\/\",\"name\":\"Selim TEMO Biyografisi - narteks.net\",\"isPartOf\":{\"@id\":\"https:\/\/narteks.net\/#website\"},\"primaryImageOfPage\":{\"@id\":\"https:\/\/narteks.net\/index.php\/2011\/02\/28\/selim-temo-biyografisi\/#primaryimage\"},\"image\":{\"@id\":\"https:\/\/narteks.net\/index.php\/2011\/02\/28\/selim-temo-biyografisi\/#primaryimage\"},\"thumbnailUrl\":\"http:\/\/www.itusozluk.com\/img.php\/e0d984c3e0b5f09b5e84c4260ffa53d812992\/selim+temo\",\"datePublished\":\"2011-02-28T13:43:57+00:00\",\"breadcrumb\":{\"@id\":\"https:\/\/narteks.net\/index.php\/2011\/02\/28\/selim-temo-biyografisi\/#breadcrumb\"},\"inLanguage\":\"tr\",\"potentialAction\":[{\"@type\":\"ReadAction\",\"target\":[\"https:\/\/narteks.net\/index.php\/2011\/02\/28\/selim-temo-biyografisi\/\"]}]},{\"@type\":\"ImageObject\",\"inLanguage\":\"tr\",\"@id\":\"https:\/\/narteks.net\/index.php\/2011\/02\/28\/selim-temo-biyografisi\/#primaryimage\",\"url\":\"http:\/\/www.itusozluk.com\/img.php\/e0d984c3e0b5f09b5e84c4260ffa53d812992\/selim+temo\",\"contentUrl\":\"http:\/\/www.itusozluk.com\/img.php\/e0d984c3e0b5f09b5e84c4260ffa53d812992\/selim+temo\"},{\"@type\":\"BreadcrumbList\",\"@id\":\"https:\/\/narteks.net\/index.php\/2011\/02\/28\/selim-temo-biyografisi\/#breadcrumb\",\"itemListElement\":[{\"@type\":\"ListItem\",\"position\":1,\"name\":\"Anasayfa\",\"item\":\"https:\/\/narteks.net\/\"},{\"@type\":\"ListItem\",\"position\":2,\"name\":\"Selim TEMO Biyografisi\"}]},{\"@type\":\"WebSite\",\"@id\":\"https:\/\/narteks.net\/#website\",\"url\":\"https:\/\/narteks.net\/\",\"name\":\"narteks.net\",\"description\":\"K\u00fclt\u00fcr Sanat Edebiyat Felsefe\",\"publisher\":{\"@id\":\"https:\/\/narteks.net\/#organization\"},\"alternateName\":\"K\u00fclt\u00fcr Sanat Edebiyat Felsefe\",\"potentialAction\":[{\"@type\":\"SearchAction\",\"target\":{\"@type\":\"EntryPoint\",\"urlTemplate\":\"https:\/\/narteks.net\/?s={search_term_string}\"},\"query-input\":{\"@type\":\"PropertyValueSpecification\",\"valueRequired\":true,\"valueName\":\"search_term_string\"}}],\"inLanguage\":\"tr\"},{\"@type\":\"Organization\",\"@id\":\"https:\/\/narteks.net\/#organization\",\"name\":\"narteks.net\",\"url\":\"https:\/\/narteks.net\/\",\"logo\":{\"@type\":\"ImageObject\",\"inLanguage\":\"tr\",\"@id\":\"https:\/\/narteks.net\/#\/schema\/logo\/image\/\",\"url\":\"https:\/\/narteks.net\/wp-content\/uploads\/narteks.png\",\"contentUrl\":\"https:\/\/narteks.net\/wp-content\/uploads\/narteks.png\",\"width\":300,\"height\":90,\"caption\":\"narteks.net\"},\"image\":{\"@id\":\"https:\/\/narteks.net\/#\/schema\/logo\/image\/\"},\"sameAs\":[\"https:\/\/x.com\/narteks\",\"https:\/\/instagram.com\/narteksnet\"]},{\"@type\":\"Person\",\"@id\":\"https:\/\/narteks.net\/#\/schema\/person\/61f37d9834294b72d31d274e7ed79bca\",\"name\":\"Tar\u0131k\",\"image\":{\"@type\":\"ImageObject\",\"inLanguage\":\"tr\",\"@id\":\"https:\/\/narteks.net\/#\/schema\/person\/image\/\",\"url\":\"https:\/\/secure.gravatar.com\/avatar\/50865afb55632c4ae467e0af0930f6510aa2297d8014be502a55b14f3b7550cf?s=96&d=mm&r=g\",\"contentUrl\":\"https:\/\/secure.gravatar.com\/avatar\/50865afb55632c4ae467e0af0930f6510aa2297d8014be502a55b14f3b7550cf?s=96&d=mm&r=g\",\"caption\":\"Tar\u0131k\"},\"sameAs\":[\"http:\/\/narteks.net\"],\"url\":\"https:\/\/narteks.net\/index.php\/author\/narbak\/\"}]}<\/script>\n<!-- \/ Yoast SEO Premium plugin. -->","yoast_head_json":{"title":"Selim TEMO Biyografisi - narteks.net","robots":{"index":"index","follow":"follow","max-snippet":"max-snippet:-1","max-image-preview":"max-image-preview:large","max-video-preview":"max-video-preview:-1"},"canonical":"https:\/\/narteks.net\/index.php\/2011\/02\/28\/selim-temo-biyografisi\/","og_locale":"tr_TR","og_type":"article","og_title":"Selim TEMO Biyografisi","og_description":"Selim Temo (d. 1972, Batman &#8211; ) K\u00fcrt \u015fair, yazar, akademisyen ve \u00e7evirmen. As\u0131l ad\u0131 Selim Temo Erg\u00fcl&#8217;d\u00fcr. 27 Nisan 1972&#8217;de Batman&#8217;\u0131n M\u00ear\u00eena k\u00f6y\u00fcnde do\u011fdu. \u0130lkokulu do\u011fdu\u011fu k\u00f6yde, orta\u00f6\u011frenimini Batman&#8217;da tamamlad\u0131. 2000 y\u0131l\u0131nda Ankara \u00dcniversitesi Dil Tarih Co\u011frafya Fak\u00fcltesi Etnoloji B\u00f6l\u00fcm\u00fc&#8217;nden mezun oldu. Y\u00fcksel Lisans\u0131n\u0131 &#8220;Cemal S\u00fcreya \u015eiirinde Bedenin Yaz\u0131nsalla\u015fmas\u0131&#8221; ba\u015fl\u0131\u011f\u0131yla, Bilkent \u00dcniversitesi T\u00fcrk Edebiyat\u0131 [&hellip;]","og_url":"https:\/\/narteks.net\/index.php\/2011\/02\/28\/selim-temo-biyografisi\/","og_site_name":"narteks.net","article_published_time":"2011-02-28T13:43:57+00:00","og_image":[{"url":"http:\/\/www.itusozluk.com\/img.php\/e0d984c3e0b5f09b5e84c4260ffa53d812992\/selim+temo","type":"","width":"","height":""}],"author":"Tar\u0131k","twitter_card":"summary_large_image","twitter_creator":"@narteks","twitter_site":"@narteks","twitter_misc":{"Yazan:":"Tar\u0131k","Tahmini okuma s\u00fcresi":"2 dakika"},"schema":{"@context":"https:\/\/schema.org","@graph":[{"@type":"Article","@id":"https:\/\/narteks.net\/index.php\/2011\/02\/28\/selim-temo-biyografisi\/#article","isPartOf":{"@id":"https:\/\/narteks.net\/index.php\/2011\/02\/28\/selim-temo-biyografisi\/"},"author":{"name":"Tar\u0131k","@id":"https:\/\/narteks.net\/#\/schema\/person\/61f37d9834294b72d31d274e7ed79bca"},"headline":"Selim TEMO Biyografisi","datePublished":"2011-02-28T13:43:57+00:00","mainEntityOfPage":{"@id":"https:\/\/narteks.net\/index.php\/2011\/02\/28\/selim-temo-biyografisi\/"},"wordCount":427,"commentCount":0,"publisher":{"@id":"https:\/\/narteks.net\/#organization"},"image":{"@id":"https:\/\/narteks.net\/index.php\/2011\/02\/28\/selim-temo-biyografisi\/#primaryimage"},"thumbnailUrl":"http:\/\/www.itusozluk.com\/img.php\/e0d984c3e0b5f09b5e84c4260ffa53d812992\/selim+temo","articleSection":["Selim TEMO"],"inLanguage":"tr","potentialAction":[{"@type":"CommentAction","name":"Comment","target":["https:\/\/narteks.net\/index.php\/2011\/02\/28\/selim-temo-biyografisi\/#respond"]}]},{"@type":"WebPage","@id":"https:\/\/narteks.net\/index.php\/2011\/02\/28\/selim-temo-biyografisi\/","url":"https:\/\/narteks.net\/index.php\/2011\/02\/28\/selim-temo-biyografisi\/","name":"Selim TEMO Biyografisi - narteks.net","isPartOf":{"@id":"https:\/\/narteks.net\/#website"},"primaryImageOfPage":{"@id":"https:\/\/narteks.net\/index.php\/2011\/02\/28\/selim-temo-biyografisi\/#primaryimage"},"image":{"@id":"https:\/\/narteks.net\/index.php\/2011\/02\/28\/selim-temo-biyografisi\/#primaryimage"},"thumbnailUrl":"http:\/\/www.itusozluk.com\/img.php\/e0d984c3e0b5f09b5e84c4260ffa53d812992\/selim+temo","datePublished":"2011-02-28T13:43:57+00:00","breadcrumb":{"@id":"https:\/\/narteks.net\/index.php\/2011\/02\/28\/selim-temo-biyografisi\/#breadcrumb"},"inLanguage":"tr","potentialAction":[{"@type":"ReadAction","target":["https:\/\/narteks.net\/index.php\/2011\/02\/28\/selim-temo-biyografisi\/"]}]},{"@type":"ImageObject","inLanguage":"tr","@id":"https:\/\/narteks.net\/index.php\/2011\/02\/28\/selim-temo-biyografisi\/#primaryimage","url":"http:\/\/www.itusozluk.com\/img.php\/e0d984c3e0b5f09b5e84c4260ffa53d812992\/selim+temo","contentUrl":"http:\/\/www.itusozluk.com\/img.php\/e0d984c3e0b5f09b5e84c4260ffa53d812992\/selim+temo"},{"@type":"BreadcrumbList","@id":"https:\/\/narteks.net\/index.php\/2011\/02\/28\/selim-temo-biyografisi\/#breadcrumb","itemListElement":[{"@type":"ListItem","position":1,"name":"Anasayfa","item":"https:\/\/narteks.net\/"},{"@type":"ListItem","position":2,"name":"Selim TEMO Biyografisi"}]},{"@type":"WebSite","@id":"https:\/\/narteks.net\/#website","url":"https:\/\/narteks.net\/","name":"narteks.net","description":"K\u00fclt\u00fcr Sanat Edebiyat Felsefe","publisher":{"@id":"https:\/\/narteks.net\/#organization"},"alternateName":"K\u00fclt\u00fcr Sanat Edebiyat Felsefe","potentialAction":[{"@type":"SearchAction","target":{"@type":"EntryPoint","urlTemplate":"https:\/\/narteks.net\/?s={search_term_string}"},"query-input":{"@type":"PropertyValueSpecification","valueRequired":true,"valueName":"search_term_string"}}],"inLanguage":"tr"},{"@type":"Organization","@id":"https:\/\/narteks.net\/#organization","name":"narteks.net","url":"https:\/\/narteks.net\/","logo":{"@type":"ImageObject","inLanguage":"tr","@id":"https:\/\/narteks.net\/#\/schema\/logo\/image\/","url":"https:\/\/narteks.net\/wp-content\/uploads\/narteks.png","contentUrl":"https:\/\/narteks.net\/wp-content\/uploads\/narteks.png","width":300,"height":90,"caption":"narteks.net"},"image":{"@id":"https:\/\/narteks.net\/#\/schema\/logo\/image\/"},"sameAs":["https:\/\/x.com\/narteks","https:\/\/instagram.com\/narteksnet"]},{"@type":"Person","@id":"https:\/\/narteks.net\/#\/schema\/person\/61f37d9834294b72d31d274e7ed79bca","name":"Tar\u0131k","image":{"@type":"ImageObject","inLanguage":"tr","@id":"https:\/\/narteks.net\/#\/schema\/person\/image\/","url":"https:\/\/secure.gravatar.com\/avatar\/50865afb55632c4ae467e0af0930f6510aa2297d8014be502a55b14f3b7550cf?s=96&d=mm&r=g","contentUrl":"https:\/\/secure.gravatar.com\/avatar\/50865afb55632c4ae467e0af0930f6510aa2297d8014be502a55b14f3b7550cf?s=96&d=mm&r=g","caption":"Tar\u0131k"},"sameAs":["http:\/\/narteks.net"],"url":"https:\/\/narteks.net\/index.php\/author\/narbak\/"}]}},"_links":{"self":[{"href":"https:\/\/narteks.net\/index.php\/wp-json\/wp\/v2\/posts\/5451","targetHints":{"allow":["GET"]}}],"collection":[{"href":"https:\/\/narteks.net\/index.php\/wp-json\/wp\/v2\/posts"}],"about":[{"href":"https:\/\/narteks.net\/index.php\/wp-json\/wp\/v2\/types\/post"}],"author":[{"embeddable":true,"href":"https:\/\/narteks.net\/index.php\/wp-json\/wp\/v2\/users\/1"}],"replies":[{"embeddable":true,"href":"https:\/\/narteks.net\/index.php\/wp-json\/wp\/v2\/comments?post=5451"}],"version-history":[{"count":0,"href":"https:\/\/narteks.net\/index.php\/wp-json\/wp\/v2\/posts\/5451\/revisions"}],"wp:attachment":[{"href":"https:\/\/narteks.net\/index.php\/wp-json\/wp\/v2\/media?parent=5451"}],"wp:term":[{"taxonomy":"category","embeddable":true,"href":"https:\/\/narteks.net\/index.php\/wp-json\/wp\/v2\/categories?post=5451"},{"taxonomy":"post_tag","embeddable":true,"href":"https:\/\/narteks.net\/index.php\/wp-json\/wp\/v2\/tags?post=5451"}],"curies":[{"name":"wp","href":"https:\/\/api.w.org\/{rel}","templated":true}]}}