{"id":5457,"date":"2011-02-28T16:54:54","date_gmt":"2011-02-28T13:54:54","guid":{"rendered":"http:\/\/localhost\/wordpress\/2011\/02\/28\/onbir-meridyende-surgunkeder-ve-ibrisim\/"},"modified":"2011-02-28T16:54:54","modified_gmt":"2011-02-28T13:54:54","slug":"onbir-meridyende-surgunkeder-ve-ibrisim","status":"publish","type":"post","link":"https:\/\/narteks.net\/index.php\/2011\/02\/28\/onbir-meridyende-surgunkeder-ve-ibrisim\/","title":{"rendered":"ONB\u0130R MER\u0130DYENDE S\u00dcRG\u00dcN,KEDER VE \u0130BR\u0130\u015e\u0130M"},"content":{"rendered":"<p>\u015fiirin \u0130stanbul\u2019una giderken<br \/>on bir meridyende s\u00fcrg\u00fcn, keder ve ibri\u015fim<\/p>\n<p>gecenin s\u0131r oldu\u011fu camlarda<br \/>Mavi Tren uykusu<br \/>yorgun yana s\u0131r de\u011fil aksimizin<br \/>iyi bakarsan<br \/>en \u00f6nde kavaklar<\/p>\n<p>bir kad\u0131n\u0131 anneme benzetirim<br \/>sabaha kar\u015f\u0131 \u00fcst\u00fcm\u00fc \u00f6rter<br \/>sabaha kar\u015f\u0131 Geva\u015f olayd\u0131 ke\u015fke<\/p>\n<p>zeytuniye kesmi\u015f bir \u00e7ift kederle<br \/>siyah ibri\u011fim kemerlerden<br \/>do\u011fuya do\u011fru gidersen<br \/>belki de Batman<br \/>yar\u0131na yeti\u015fecekmi\u015f tela\u015f\u0131yla sisli<br \/>bir kontran\u0131n elinde yeni k\u0131r\u0131lm\u0131\u015f bir dal<br \/>ve bayg\u0131n petrol kokusu her ak\u015fam<br \/>b\u0131tt\u0131m kavuran \u00e7ar\u015f\u0131lar<br \/>ve faili me\u00e7huller, evladiyelik!<\/p>\n<p>ve zencefil derim en fazla Diyarbekir<br \/>ve melamin \u015feker kaseleri<br \/>\u00e7ocuklar ilik oynar surlar\u0131nda<\/p>\n<p>K\u0131z\u0131ltepe tarlalar\u0131 evin ba\u011flarken<br \/>Dicle yata\u011f\u0131na d\u00f6n\u00fcyor<br \/>kumlanmaya dinmi\u015f aks-i suda<br \/>ayaklar\u0131 nemlenen \u015fehirli k\u0131z\u0131n romantizmi<br \/>yapay ve y\u00fcz\u00fc kadar beyazd\u0131r<br \/>k\u00f6yl\u00fcler s\u00fct sa\u011farken ak\u015fam\u0131na<\/p>\n<p>kirli ye\u015fil bir geceye benzer Kurtalan<br \/>bebekler s\u0131tmaya a\u00e7ar g\u00f6zlerini<br \/>\u00f6tesine tren gitmez bu y\u00fczden!<\/p>\n<p>en ak\u015fam-\u00fcst\u00fc Adil cevaz!<br \/>Erci\u015f\u2019in bir avaz yank\u0131s\u0131nda<br \/>netsen s\u0131\u011fmaz nazar\u0131na<br \/>Van G\u00f6l\u00fc evde unutulmu\u015f bir denizdir<br \/>Van G\u00f6l\u00fc anas\u0131ndan ayr\u0131, sahipsiz<br \/>Hasan Bildirici \u00f6yk\u00fclerinde dingin, saydams\u0131<br \/>hava raporlar\u0131nda mutedil dalgal\u0131<br \/>karn\u0131nda feribot gezdirir<\/p>\n<p>katarlar yorulur Tatvan \u00e7\u0131k\u0131\u015f\u0131nda<br \/>i\u00e7meler ek\u015fi ve so\u011fuk kaynarken<br \/>bilmem ki yol \u0130ran\u2019a m\u0131d\u0131r?<\/p>\n<p>Suru\u00e7\u2019ta bir g\u00fcnd\u00fcz d\u00fc\u015f\u00fc<br \/>al\u0131r k\u0131zlar\u0131n elini kirmenden<br \/>bir serap do\u011frulur ya\u011fmur ya\u011fd\u0131 m\u0131<br \/>usulca uzansan Karacada\u011f<br \/>s\u0131vas\u0131z evlerin eyvan\u0131ndan<br \/>h\u00f6yk\u00fcrd\u00fck\u00e7e \u00e7o\u011fal\u0131r bulutlar<br \/>g\u00f6lgelir kuzeyden g\u00fcneye Mardin E\u015fi\u011fi<br \/>yine de Nusaybin deme<br \/>ne olur, s\u0131z\u0131yor yaramdan<\/p>\n<p>yol k\u0131y\u0131s\u0131na at\u0131lm\u0131\u015f ceset gibi Ergani<br \/>yenikli\u011fin kavruklu\u011funda ye\u015ferir Siverek<br \/>ve fakat Silvan diyemem, a\u011flar\u0131m; \u00e7ocuklu\u011fumun ba\u015fkenti!<\/p>\n<p>\u201cBitlis\u2019te be\u015f minare\u201d<br \/>bilemezsin nas\u0131l ge\u00e7erim Ba\u015fkale\u2019den<br \/>bilemezsin nas\u0131l a\u011flar\u0131m<br \/>ah canan m\u0131s\u0131n \u015eemdinli<br \/>ne ka\u00e7ak ge\u00e7tim \u00fcst\u00fcnden<br \/>\u015fimdi Bing\u00f6l\u2019de g\u00fcne\u015fe bakarak<br \/>Malazgirt ovas\u0131ndan koyun peynirini<br \/>kar\u0131ncal\u0131 sesimde a\u015fk ilanlar\u0131m\u0131<br \/>ve o mahcup Garzan \u00c7ay\u0131\u2019na de\u011fen ayaklar\u0131m\u0131<br \/>Lice\u2019nin taranm\u0131\u015f bir kahvesinde<br \/>esmer al\u0131nl\u0131 bir ihtiyara dersem<br \/>az do\u011frulup Mutki t\u00fct\u00fcn\u00fcnden sarar\u0131z, biliyorum<br \/>k\u00f6t\u00fc kaynam\u0131\u015f kemiklerimiz s\u0131zlarken<\/p>\n<p>ben on bir meridyeni sevmekten men<br \/>dilimde kur\u015fun buka\u011f\u0131, \u00f6l\u00fcm<br \/>buhurlar i\u00e7inde bir Digor sabah\u0131<\/p>\n<p>bir eksiklik omzunda<br \/>ka\u00e7ak\u00e7\u0131 yetimleri gibi Dersim<br \/>ve Seyit sakallar\u0131yla R\u0131zo<br \/>\u015fu giden hangimizin Bes\u00ea\u2019si?<br \/>hangimiz sivil bir a\u015fk\u0131n k\u0131y\u0131s\u0131nda de\u011filiz?<br \/>hangimizin ba\u011f\u0131ms\u0131z g\u00f6k y\u00fcz\u00fc?<br \/>gecikmi\u015f k\u0131rlang\u0131\u00e7lar gibi deliyim<br \/>bo\u015funa usland\u0131rmay\u0131n beni!<\/p>\n<p>Berivan serini bir Cizre ikindisinde<br \/>Mem \u00fb Zin hasretine banacak<br \/>Re\u015fkotan bulguru olayd\u0131 ke\u015fke!<\/p>\n<p>mutlak bir yar\u0131n ay\u0131rd\u0131m kendime<br \/>da\u011flar\u0131mdan dam\u0131tarak<br \/>ve yaral\u0131y\u0131m Bagok kadar<br \/>a a h, diyorum; \u015fu karanl\u0131k!<br \/>\u015fu baht\u0131m renginde utan\u00e7 atmosferi:<br \/>hi\u00e7bir gelecek paklamaz seni!<\/p>\n<p>ellerim bir ka\u015f\u0131\u011f\u0131n y\u00f6r\u00fcngesinde<br \/>ge\u00e7 do\u011fmu\u015f \u00e7ocuk acemili\u011finde<br \/>ve tasas\u0131nda dul kalm\u0131\u015f taze gelinin<\/p>\n<p>zeytuniye kesmi\u015f kederlerde<br \/>on bir meridyen gibi hareler<br \/>her meridyeninde \u00f6l\u00fcm<br \/>her haresinde yang\u0131n<br \/>(kasten s\u00fcs\u00fc verilmi\u015f)<br \/>s\u00fcr\u00fclen halk\u0131m ge\u00e7iyor i\u00e7inden<br \/>iyi bakarsan en \u00f6nde kavaklar<br \/>ve t\u00fcten yang\u0131nlar\u0131n isi<br \/>da\u011flanm\u0131\u015f kemerler gibi<br \/>bir \u00e7ift siyah ibri\u015fim<\/p>\n<p>gecikmi\u015f ya\u011fmurlardan geliyorum<br \/>epey a\u011flad\u0131m say\u0131l\u0131r<br \/>epey buhurdan ve yatakl\u0131k<\/p>\n<p>g\u00f6nl\u00fcm k\u00f6klerimi sald\u0131\u011f\u0131m<br \/>cismim yapraklar\u0131m\u0131 a\u00e7t\u0131\u011f\u0131m yerdedir<br \/>ben<br \/>da\u011flar\u0131 ta\u015f\u0131yorum s\u0131rt\u0131mda<br \/>ondan b\u00f6yle pek!<\/p>\n<p>on bir meridyende s\u00fcrg\u00fcn, keder ve ibri\u015fim<br \/>on bir meridyende dinmeyen serh\u0131ldana<br \/>b\u00fct\u00fcn sesimi vermi\u015fim! <\/p>\n<p>Selim TEMO<\/p>\n","protected":false},"excerpt":{"rendered":"<p>\u015fiirin \u0130stanbul\u2019una giderkenon bir meridyende s\u00fcrg\u00fcn, keder ve ibri\u015fim gecenin s\u0131r oldu\u011fu camlardaMavi Tren uykusuyorgun yana s\u0131r de\u011fil aksimiziniyi bakarsanen \u00f6nde kavaklar bir kad\u0131n\u0131 anneme benzetirimsabaha kar\u015f\u0131 \u00fcst\u00fcm\u00fc \u00f6rtersabaha kar\u015f\u0131 Geva\u015f olayd\u0131 ke\u015fke zeytuniye kesmi\u015f bir \u00e7ift kederlesiyah ibri\u011fim kemerlerdendo\u011fuya do\u011fru gidersenbelki de Batmanyar\u0131na yeti\u015fecekmi\u015f tela\u015f\u0131yla sislibir kontran\u0131n elinde yeni k\u0131r\u0131lm\u0131\u015f bir dalve bayg\u0131n petrol [&hellip;]<\/p>\n","protected":false},"author":1,"featured_media":0,"comment_status":"open","ping_status":"open","sticky":false,"template":"","format":"standard","meta":{"footnotes":""},"categories":[170],"tags":[],"class_list":{"0":"post-5457","1":"post","2":"type-post","3":"status-publish","4":"format-standard","6":"category-selim-temo"},"yoast_head":"<!-- This site is optimized with the Yoast SEO Premium plugin v24.9 (Yoast SEO v24.9) - https:\/\/yoast.com\/wordpress\/plugins\/seo\/ -->\n<title>ONB\u0130R MER\u0130DYENDE S\u00dcRG\u00dcN,KEDER VE \u0130BR\u0130\u015e\u0130M - narteks.net<\/title>\n<meta name=\"robots\" content=\"index, follow, max-snippet:-1, max-image-preview:large, max-video-preview:-1\" \/>\n<link rel=\"canonical\" href=\"https:\/\/narteks.net\/index.php\/2011\/02\/28\/onbir-meridyende-surgunkeder-ve-ibrisim\/\" \/>\n<meta property=\"og:locale\" content=\"tr_TR\" \/>\n<meta property=\"og:type\" content=\"article\" \/>\n<meta property=\"og:title\" content=\"ONB\u0130R MER\u0130DYENDE S\u00dcRG\u00dcN,KEDER VE \u0130BR\u0130\u015e\u0130M\" \/>\n<meta property=\"og:description\" content=\"\u015fiirin \u0130stanbul\u2019una giderkenon bir meridyende s\u00fcrg\u00fcn, keder ve ibri\u015fim gecenin s\u0131r oldu\u011fu camlardaMavi Tren uykusuyorgun yana s\u0131r de\u011fil aksimiziniyi bakarsanen \u00f6nde kavaklar bir kad\u0131n\u0131 anneme benzetirimsabaha kar\u015f\u0131 \u00fcst\u00fcm\u00fc \u00f6rtersabaha kar\u015f\u0131 Geva\u015f olayd\u0131 ke\u015fke zeytuniye kesmi\u015f bir \u00e7ift kederlesiyah ibri\u011fim kemerlerdendo\u011fuya do\u011fru gidersenbelki de Batmanyar\u0131na yeti\u015fecekmi\u015f tela\u015f\u0131yla sislibir kontran\u0131n elinde yeni k\u0131r\u0131lm\u0131\u015f bir dalve bayg\u0131n petrol [&hellip;]\" \/>\n<meta property=\"og:url\" content=\"https:\/\/narteks.net\/index.php\/2011\/02\/28\/onbir-meridyende-surgunkeder-ve-ibrisim\/\" \/>\n<meta property=\"og:site_name\" content=\"narteks.net\" \/>\n<meta property=\"article:published_time\" content=\"2011-02-28T13:54:54+00:00\" \/>\n<meta property=\"og:image\" content=\"https:\/\/narteks.net\/wp-content\/uploads\/narteks.png\" \/>\n\t<meta property=\"og:image:width\" content=\"300\" \/>\n\t<meta property=\"og:image:height\" content=\"90\" \/>\n\t<meta property=\"og:image:type\" content=\"image\/png\" \/>\n<meta name=\"author\" content=\"Tar\u0131k\" \/>\n<meta name=\"twitter:card\" content=\"summary_large_image\" \/>\n<meta name=\"twitter:creator\" content=\"@narteks\" \/>\n<meta name=\"twitter:site\" content=\"@narteks\" \/>\n<meta name=\"twitter:label1\" content=\"Yazan:\" \/>\n\t<meta name=\"twitter:data1\" content=\"Tar\u0131k\" \/>\n\t<meta name=\"twitter:label2\" content=\"Tahmini okuma s\u00fcresi\" \/>\n\t<meta name=\"twitter:data2\" content=\"3 dakika\" \/>\n<script type=\"application\/ld+json\" class=\"yoast-schema-graph\">{\"@context\":\"https:\/\/schema.org\",\"@graph\":[{\"@type\":\"Article\",\"@id\":\"https:\/\/narteks.net\/index.php\/2011\/02\/28\/onbir-meridyende-surgunkeder-ve-ibrisim\/#article\",\"isPartOf\":{\"@id\":\"https:\/\/narteks.net\/index.php\/2011\/02\/28\/onbir-meridyende-surgunkeder-ve-ibrisim\/\"},\"author\":{\"name\":\"Tar\u0131k\",\"@id\":\"https:\/\/narteks.net\/#\/schema\/person\/61f37d9834294b72d31d274e7ed79bca\"},\"headline\":\"ONB\u0130R MER\u0130DYENDE S\u00dcRG\u00dcN,KEDER VE \u0130BR\u0130\u015e\u0130M\",\"datePublished\":\"2011-02-28T13:54:54+00:00\",\"mainEntityOfPage\":{\"@id\":\"https:\/\/narteks.net\/index.php\/2011\/02\/28\/onbir-meridyende-surgunkeder-ve-ibrisim\/\"},\"wordCount\":623,\"commentCount\":0,\"publisher\":{\"@id\":\"https:\/\/narteks.net\/#organization\"},\"articleSection\":[\"Selim TEMO\"],\"inLanguage\":\"tr\",\"potentialAction\":[{\"@type\":\"CommentAction\",\"name\":\"Comment\",\"target\":[\"https:\/\/narteks.net\/index.php\/2011\/02\/28\/onbir-meridyende-surgunkeder-ve-ibrisim\/#respond\"]}]},{\"@type\":\"WebPage\",\"@id\":\"https:\/\/narteks.net\/index.php\/2011\/02\/28\/onbir-meridyende-surgunkeder-ve-ibrisim\/\",\"url\":\"https:\/\/narteks.net\/index.php\/2011\/02\/28\/onbir-meridyende-surgunkeder-ve-ibrisim\/\",\"name\":\"ONB\u0130R MER\u0130DYENDE S\u00dcRG\u00dcN,KEDER VE \u0130BR\u0130\u015e\u0130M - narteks.net\",\"isPartOf\":{\"@id\":\"https:\/\/narteks.net\/#website\"},\"datePublished\":\"2011-02-28T13:54:54+00:00\",\"breadcrumb\":{\"@id\":\"https:\/\/narteks.net\/index.php\/2011\/02\/28\/onbir-meridyende-surgunkeder-ve-ibrisim\/#breadcrumb\"},\"inLanguage\":\"tr\",\"potentialAction\":[{\"@type\":\"ReadAction\",\"target\":[\"https:\/\/narteks.net\/index.php\/2011\/02\/28\/onbir-meridyende-surgunkeder-ve-ibrisim\/\"]}]},{\"@type\":\"BreadcrumbList\",\"@id\":\"https:\/\/narteks.net\/index.php\/2011\/02\/28\/onbir-meridyende-surgunkeder-ve-ibrisim\/#breadcrumb\",\"itemListElement\":[{\"@type\":\"ListItem\",\"position\":1,\"name\":\"Anasayfa\",\"item\":\"https:\/\/narteks.net\/\"},{\"@type\":\"ListItem\",\"position\":2,\"name\":\"ONB\u0130R MER\u0130DYENDE S\u00dcRG\u00dcN,KEDER VE \u0130BR\u0130\u015e\u0130M\"}]},{\"@type\":\"WebSite\",\"@id\":\"https:\/\/narteks.net\/#website\",\"url\":\"https:\/\/narteks.net\/\",\"name\":\"narteks.net\",\"description\":\"K\u00fclt\u00fcr Sanat Edebiyat Felsefe\",\"publisher\":{\"@id\":\"https:\/\/narteks.net\/#organization\"},\"alternateName\":\"K\u00fclt\u00fcr Sanat Edebiyat Felsefe\",\"potentialAction\":[{\"@type\":\"SearchAction\",\"target\":{\"@type\":\"EntryPoint\",\"urlTemplate\":\"https:\/\/narteks.net\/?s={search_term_string}\"},\"query-input\":{\"@type\":\"PropertyValueSpecification\",\"valueRequired\":true,\"valueName\":\"search_term_string\"}}],\"inLanguage\":\"tr\"},{\"@type\":\"Organization\",\"@id\":\"https:\/\/narteks.net\/#organization\",\"name\":\"narteks.net\",\"url\":\"https:\/\/narteks.net\/\",\"logo\":{\"@type\":\"ImageObject\",\"inLanguage\":\"tr\",\"@id\":\"https:\/\/narteks.net\/#\/schema\/logo\/image\/\",\"url\":\"https:\/\/narteks.net\/wp-content\/uploads\/narteks.png\",\"contentUrl\":\"https:\/\/narteks.net\/wp-content\/uploads\/narteks.png\",\"width\":300,\"height\":90,\"caption\":\"narteks.net\"},\"image\":{\"@id\":\"https:\/\/narteks.net\/#\/schema\/logo\/image\/\"},\"sameAs\":[\"https:\/\/x.com\/narteks\",\"https:\/\/instagram.com\/narteksnet\"]},{\"@type\":\"Person\",\"@id\":\"https:\/\/narteks.net\/#\/schema\/person\/61f37d9834294b72d31d274e7ed79bca\",\"name\":\"Tar\u0131k\",\"image\":{\"@type\":\"ImageObject\",\"inLanguage\":\"tr\",\"@id\":\"https:\/\/narteks.net\/#\/schema\/person\/image\/\",\"url\":\"https:\/\/secure.gravatar.com\/avatar\/50865afb55632c4ae467e0af0930f6510aa2297d8014be502a55b14f3b7550cf?s=96&d=mm&r=g\",\"contentUrl\":\"https:\/\/secure.gravatar.com\/avatar\/50865afb55632c4ae467e0af0930f6510aa2297d8014be502a55b14f3b7550cf?s=96&d=mm&r=g\",\"caption\":\"Tar\u0131k\"},\"sameAs\":[\"http:\/\/narteks.net\"],\"url\":\"https:\/\/narteks.net\/index.php\/author\/narbak\/\"}]}<\/script>\n<!-- \/ Yoast SEO Premium plugin. -->","yoast_head_json":{"title":"ONB\u0130R MER\u0130DYENDE S\u00dcRG\u00dcN,KEDER VE \u0130BR\u0130\u015e\u0130M - narteks.net","robots":{"index":"index","follow":"follow","max-snippet":"max-snippet:-1","max-image-preview":"max-image-preview:large","max-video-preview":"max-video-preview:-1"},"canonical":"https:\/\/narteks.net\/index.php\/2011\/02\/28\/onbir-meridyende-surgunkeder-ve-ibrisim\/","og_locale":"tr_TR","og_type":"article","og_title":"ONB\u0130R MER\u0130DYENDE S\u00dcRG\u00dcN,KEDER VE \u0130BR\u0130\u015e\u0130M","og_description":"\u015fiirin \u0130stanbul\u2019una giderkenon bir meridyende s\u00fcrg\u00fcn, keder ve ibri\u015fim gecenin s\u0131r oldu\u011fu camlardaMavi Tren uykusuyorgun yana s\u0131r de\u011fil aksimiziniyi bakarsanen \u00f6nde kavaklar bir kad\u0131n\u0131 anneme benzetirimsabaha kar\u015f\u0131 \u00fcst\u00fcm\u00fc \u00f6rtersabaha kar\u015f\u0131 Geva\u015f olayd\u0131 ke\u015fke zeytuniye kesmi\u015f bir \u00e7ift kederlesiyah ibri\u011fim kemerlerdendo\u011fuya do\u011fru gidersenbelki de Batmanyar\u0131na yeti\u015fecekmi\u015f tela\u015f\u0131yla sislibir kontran\u0131n elinde yeni k\u0131r\u0131lm\u0131\u015f bir dalve bayg\u0131n petrol [&hellip;]","og_url":"https:\/\/narteks.net\/index.php\/2011\/02\/28\/onbir-meridyende-surgunkeder-ve-ibrisim\/","og_site_name":"narteks.net","article_published_time":"2011-02-28T13:54:54+00:00","og_image":[{"width":300,"height":90,"url":"https:\/\/narteks.net\/wp-content\/uploads\/narteks.png","type":"image\/png"}],"author":"Tar\u0131k","twitter_card":"summary_large_image","twitter_creator":"@narteks","twitter_site":"@narteks","twitter_misc":{"Yazan:":"Tar\u0131k","Tahmini okuma s\u00fcresi":"3 dakika"},"schema":{"@context":"https:\/\/schema.org","@graph":[{"@type":"Article","@id":"https:\/\/narteks.net\/index.php\/2011\/02\/28\/onbir-meridyende-surgunkeder-ve-ibrisim\/#article","isPartOf":{"@id":"https:\/\/narteks.net\/index.php\/2011\/02\/28\/onbir-meridyende-surgunkeder-ve-ibrisim\/"},"author":{"name":"Tar\u0131k","@id":"https:\/\/narteks.net\/#\/schema\/person\/61f37d9834294b72d31d274e7ed79bca"},"headline":"ONB\u0130R MER\u0130DYENDE S\u00dcRG\u00dcN,KEDER VE \u0130BR\u0130\u015e\u0130M","datePublished":"2011-02-28T13:54:54+00:00","mainEntityOfPage":{"@id":"https:\/\/narteks.net\/index.php\/2011\/02\/28\/onbir-meridyende-surgunkeder-ve-ibrisim\/"},"wordCount":623,"commentCount":0,"publisher":{"@id":"https:\/\/narteks.net\/#organization"},"articleSection":["Selim TEMO"],"inLanguage":"tr","potentialAction":[{"@type":"CommentAction","name":"Comment","target":["https:\/\/narteks.net\/index.php\/2011\/02\/28\/onbir-meridyende-surgunkeder-ve-ibrisim\/#respond"]}]},{"@type":"WebPage","@id":"https:\/\/narteks.net\/index.php\/2011\/02\/28\/onbir-meridyende-surgunkeder-ve-ibrisim\/","url":"https:\/\/narteks.net\/index.php\/2011\/02\/28\/onbir-meridyende-surgunkeder-ve-ibrisim\/","name":"ONB\u0130R MER\u0130DYENDE S\u00dcRG\u00dcN,KEDER VE \u0130BR\u0130\u015e\u0130M - narteks.net","isPartOf":{"@id":"https:\/\/narteks.net\/#website"},"datePublished":"2011-02-28T13:54:54+00:00","breadcrumb":{"@id":"https:\/\/narteks.net\/index.php\/2011\/02\/28\/onbir-meridyende-surgunkeder-ve-ibrisim\/#breadcrumb"},"inLanguage":"tr","potentialAction":[{"@type":"ReadAction","target":["https:\/\/narteks.net\/index.php\/2011\/02\/28\/onbir-meridyende-surgunkeder-ve-ibrisim\/"]}]},{"@type":"BreadcrumbList","@id":"https:\/\/narteks.net\/index.php\/2011\/02\/28\/onbir-meridyende-surgunkeder-ve-ibrisim\/#breadcrumb","itemListElement":[{"@type":"ListItem","position":1,"name":"Anasayfa","item":"https:\/\/narteks.net\/"},{"@type":"ListItem","position":2,"name":"ONB\u0130R MER\u0130DYENDE S\u00dcRG\u00dcN,KEDER VE \u0130BR\u0130\u015e\u0130M"}]},{"@type":"WebSite","@id":"https:\/\/narteks.net\/#website","url":"https:\/\/narteks.net\/","name":"narteks.net","description":"K\u00fclt\u00fcr Sanat Edebiyat Felsefe","publisher":{"@id":"https:\/\/narteks.net\/#organization"},"alternateName":"K\u00fclt\u00fcr Sanat Edebiyat Felsefe","potentialAction":[{"@type":"SearchAction","target":{"@type":"EntryPoint","urlTemplate":"https:\/\/narteks.net\/?s={search_term_string}"},"query-input":{"@type":"PropertyValueSpecification","valueRequired":true,"valueName":"search_term_string"}}],"inLanguage":"tr"},{"@type":"Organization","@id":"https:\/\/narteks.net\/#organization","name":"narteks.net","url":"https:\/\/narteks.net\/","logo":{"@type":"ImageObject","inLanguage":"tr","@id":"https:\/\/narteks.net\/#\/schema\/logo\/image\/","url":"https:\/\/narteks.net\/wp-content\/uploads\/narteks.png","contentUrl":"https:\/\/narteks.net\/wp-content\/uploads\/narteks.png","width":300,"height":90,"caption":"narteks.net"},"image":{"@id":"https:\/\/narteks.net\/#\/schema\/logo\/image\/"},"sameAs":["https:\/\/x.com\/narteks","https:\/\/instagram.com\/narteksnet"]},{"@type":"Person","@id":"https:\/\/narteks.net\/#\/schema\/person\/61f37d9834294b72d31d274e7ed79bca","name":"Tar\u0131k","image":{"@type":"ImageObject","inLanguage":"tr","@id":"https:\/\/narteks.net\/#\/schema\/person\/image\/","url":"https:\/\/secure.gravatar.com\/avatar\/50865afb55632c4ae467e0af0930f6510aa2297d8014be502a55b14f3b7550cf?s=96&d=mm&r=g","contentUrl":"https:\/\/secure.gravatar.com\/avatar\/50865afb55632c4ae467e0af0930f6510aa2297d8014be502a55b14f3b7550cf?s=96&d=mm&r=g","caption":"Tar\u0131k"},"sameAs":["http:\/\/narteks.net"],"url":"https:\/\/narteks.net\/index.php\/author\/narbak\/"}]}},"_links":{"self":[{"href":"https:\/\/narteks.net\/index.php\/wp-json\/wp\/v2\/posts\/5457","targetHints":{"allow":["GET"]}}],"collection":[{"href":"https:\/\/narteks.net\/index.php\/wp-json\/wp\/v2\/posts"}],"about":[{"href":"https:\/\/narteks.net\/index.php\/wp-json\/wp\/v2\/types\/post"}],"author":[{"embeddable":true,"href":"https:\/\/narteks.net\/index.php\/wp-json\/wp\/v2\/users\/1"}],"replies":[{"embeddable":true,"href":"https:\/\/narteks.net\/index.php\/wp-json\/wp\/v2\/comments?post=5457"}],"version-history":[{"count":0,"href":"https:\/\/narteks.net\/index.php\/wp-json\/wp\/v2\/posts\/5457\/revisions"}],"wp:attachment":[{"href":"https:\/\/narteks.net\/index.php\/wp-json\/wp\/v2\/media?parent=5457"}],"wp:term":[{"taxonomy":"category","embeddable":true,"href":"https:\/\/narteks.net\/index.php\/wp-json\/wp\/v2\/categories?post=5457"},{"taxonomy":"post_tag","embeddable":true,"href":"https:\/\/narteks.net\/index.php\/wp-json\/wp\/v2\/tags?post=5457"}],"curies":[{"name":"wp","href":"https:\/\/api.w.org\/{rel}","templated":true}]}}