{"id":5461,"date":"2011-02-28T16:58:22","date_gmt":"2011-02-28T13:58:22","guid":{"rendered":"http:\/\/localhost\/wordpress\/2011\/02\/28\/birinci-temrin-kurban\/"},"modified":"2011-02-28T16:58:22","modified_gmt":"2011-02-28T13:58:22","slug":"birinci-temrin-kurban","status":"publish","type":"post","link":"https:\/\/narteks.net\/index.php\/2011\/02\/28\/birinci-temrin-kurban\/","title":{"rendered":"B\u0130R\u0130NC\u0130 TEMR\u0130N : KURBAN"},"content":{"rendered":"<p>\u00a0<\/p>\n<p>S\u00fcleyman \u00f6ld\u00fc, ya\u015fas\u0131n \u015fakir!<\/p>\n<p>\u015fimdi \u015fiir dediniz biri s\u0131k\u0131l\u0131p gitti<br \/>bendim o sefil \u00fc\u015f\u00fcm\u00fc\u015f elinizde<br \/>belki \u00e7ok \u015fey de\u011fildir a\u015fk\u0131n \u00f6l\u00fcm\u00fc<br \/>gerekirse aran\u0131r \u00f6p\u00fclm\u00fc\u015f resimlerde<br \/>Japon bir sevgilim var -demek sizin de<br \/>makyajl\u0131 bir Meryem gibi yitirmi\u015f masumiyetini<br \/>kiss diyor sex anl\u0131yorum niyeyse<br \/>merdivenim belki de onca bol ihanetten<br \/>garsonu vurun l\u00fctfen \u00e7ok t\u0131k\u0131rt\u0131 yap\u0131yor<br \/>do\u011fru ya saat \u015fu ka\u015far resmiyeti<br \/>dilimledi durdu en nazik g\u00fcnlerimi<br \/>bazen de k\u0131\u015ft\u0131 sak\u0131n bir dakka<br \/>Gilda posterimi \u00f6pmeyin \u00e7ok k\u0131skanc\u0131md\u0131r<br \/>ben sevdim mi \u00e7am\u0131na korum yorgun ak\u015famlarda<br \/>ek\u015f\u0131n akt\u00f6rleri gibi abazan kal\u0131r\u0131m<br \/>hadi lale ezelim biri paydos mu dedi<br \/>neden sakinsin kahrolas\u0131 duygusal cin<br \/>ezan okuyor varo\u015flar fa\u015fist i\u00e7inde<br \/>ve se\u00e7kinler c\u00fcmle pi\u00e7leri orta s\u0131n\u0131f\u0131n<br \/>devlete ko\u015fuyorlar uygun ad\u0131mla bir kii<br \/>s\u0131f\u0131r hasarla marjinal cahil tenyalar<br \/>oysa m\u00fcezzin gibi bekledim sendeleyerek<br \/>a\u011fz\u0131mda tuz sustum ka\u00e7 \u0131\u015f\u0131k y\u0131l\u0131<br \/>sakal\u0131mda sevimli beyazlar erittim suya<br \/>kudurdu yaramdaki kurt o kiral\u0131k keder<br \/>bennn bak\u0131ms\u0131z \u015eakir \u00e7arm\u0131h\u0131na g\u00f6n\u00fcll\u00fc<br \/>baba sirklerinde \u00e7ocuk ol hikayat-\u0131 semender<br \/>a\u011flad\u0131 dizlerim yass\u0131 bir c\u00fcret halinde<\/p>\n<p>balkonda m\u0131y\u0131z neyiz \u00fc\u00e7 bira bir yahudi<\/p>\n<p>Selim TEMO<\/p>\n","protected":false},"excerpt":{"rendered":"<p>\u00a0 S\u00fcleyman \u00f6ld\u00fc, ya\u015fas\u0131n \u015fakir! \u015fimdi \u015fiir dediniz biri s\u0131k\u0131l\u0131p gittibendim o sefil \u00fc\u015f\u00fcm\u00fc\u015f elinizdebelki \u00e7ok \u015fey de\u011fildir a\u015fk\u0131n \u00f6l\u00fcm\u00fcgerekirse aran\u0131r \u00f6p\u00fclm\u00fc\u015f resimlerdeJapon bir sevgilim var -demek sizin demakyajl\u0131 bir Meryem gibi yitirmi\u015f masumiyetinikiss diyor sex anl\u0131yorum niyeysemerdivenim belki de onca bol ihanettengarsonu vurun l\u00fctfen \u00e7ok t\u0131k\u0131rt\u0131 yap\u0131yordo\u011fru ya saat \u015fu ka\u015far resmiyetidilimledi durdu en [&hellip;]<\/p>\n","protected":false},"author":1,"featured_media":0,"comment_status":"open","ping_status":"open","sticky":false,"template":"","format":"standard","meta":{"footnotes":""},"categories":[170],"tags":[],"class_list":{"0":"post-5461","1":"post","2":"type-post","3":"status-publish","4":"format-standard","6":"category-selim-temo"},"yoast_head":"<!-- This site is optimized with the Yoast SEO Premium plugin v24.9 (Yoast SEO v24.9) - https:\/\/yoast.com\/wordpress\/plugins\/seo\/ -->\n<title>B\u0130R\u0130NC\u0130 TEMR\u0130N : KURBAN - narteks.net<\/title>\n<meta name=\"robots\" content=\"index, follow, max-snippet:-1, max-image-preview:large, max-video-preview:-1\" \/>\n<link rel=\"canonical\" href=\"https:\/\/narteks.net\/index.php\/2011\/02\/28\/birinci-temrin-kurban\/\" \/>\n<meta property=\"og:locale\" content=\"tr_TR\" \/>\n<meta property=\"og:type\" content=\"article\" \/>\n<meta property=\"og:title\" content=\"B\u0130R\u0130NC\u0130 TEMR\u0130N : KURBAN\" \/>\n<meta property=\"og:description\" content=\"\u00a0 S\u00fcleyman \u00f6ld\u00fc, ya\u015fas\u0131n \u015fakir! \u015fimdi \u015fiir dediniz biri s\u0131k\u0131l\u0131p gittibendim o sefil \u00fc\u015f\u00fcm\u00fc\u015f elinizdebelki \u00e7ok \u015fey de\u011fildir a\u015fk\u0131n \u00f6l\u00fcm\u00fcgerekirse aran\u0131r \u00f6p\u00fclm\u00fc\u015f resimlerdeJapon bir sevgilim var -demek sizin demakyajl\u0131 bir Meryem gibi yitirmi\u015f masumiyetinikiss diyor sex anl\u0131yorum niyeysemerdivenim belki de onca bol ihanettengarsonu vurun l\u00fctfen \u00e7ok t\u0131k\u0131rt\u0131 yap\u0131yordo\u011fru ya saat \u015fu ka\u015far resmiyetidilimledi durdu en [&hellip;]\" \/>\n<meta property=\"og:url\" content=\"https:\/\/narteks.net\/index.php\/2011\/02\/28\/birinci-temrin-kurban\/\" \/>\n<meta property=\"og:site_name\" content=\"narteks.net\" \/>\n<meta property=\"article:published_time\" content=\"2011-02-28T13:58:22+00:00\" \/>\n<meta property=\"og:image\" content=\"https:\/\/narteks.net\/wp-content\/uploads\/narteks.png\" \/>\n\t<meta property=\"og:image:width\" content=\"300\" \/>\n\t<meta property=\"og:image:height\" content=\"90\" \/>\n\t<meta property=\"og:image:type\" content=\"image\/png\" \/>\n<meta name=\"author\" content=\"Tar\u0131k\" \/>\n<meta name=\"twitter:card\" content=\"summary_large_image\" \/>\n<meta name=\"twitter:creator\" content=\"@narteks\" \/>\n<meta name=\"twitter:site\" content=\"@narteks\" \/>\n<meta name=\"twitter:label1\" content=\"Yazan:\" \/>\n\t<meta name=\"twitter:data1\" content=\"Tar\u0131k\" \/>\n\t<meta name=\"twitter:label2\" content=\"Tahmini okuma s\u00fcresi\" \/>\n\t<meta name=\"twitter:data2\" content=\"1 dakika\" \/>\n<script type=\"application\/ld+json\" class=\"yoast-schema-graph\">{\"@context\":\"https:\/\/schema.org\",\"@graph\":[{\"@type\":\"Article\",\"@id\":\"https:\/\/narteks.net\/index.php\/2011\/02\/28\/birinci-temrin-kurban\/#article\",\"isPartOf\":{\"@id\":\"https:\/\/narteks.net\/index.php\/2011\/02\/28\/birinci-temrin-kurban\/\"},\"author\":{\"name\":\"Tar\u0131k\",\"@id\":\"https:\/\/narteks.net\/#\/schema\/person\/61f37d9834294b72d31d274e7ed79bca\"},\"headline\":\"B\u0130R\u0130NC\u0130 TEMR\u0130N : KURBAN\",\"datePublished\":\"2011-02-28T13:58:22+00:00\",\"mainEntityOfPage\":{\"@id\":\"https:\/\/narteks.net\/index.php\/2011\/02\/28\/birinci-temrin-kurban\/\"},\"wordCount\":212,\"commentCount\":0,\"publisher\":{\"@id\":\"https:\/\/narteks.net\/#organization\"},\"articleSection\":[\"Selim TEMO\"],\"inLanguage\":\"tr\",\"potentialAction\":[{\"@type\":\"CommentAction\",\"name\":\"Comment\",\"target\":[\"https:\/\/narteks.net\/index.php\/2011\/02\/28\/birinci-temrin-kurban\/#respond\"]}]},{\"@type\":\"WebPage\",\"@id\":\"https:\/\/narteks.net\/index.php\/2011\/02\/28\/birinci-temrin-kurban\/\",\"url\":\"https:\/\/narteks.net\/index.php\/2011\/02\/28\/birinci-temrin-kurban\/\",\"name\":\"B\u0130R\u0130NC\u0130 TEMR\u0130N : KURBAN - narteks.net\",\"isPartOf\":{\"@id\":\"https:\/\/narteks.net\/#website\"},\"datePublished\":\"2011-02-28T13:58:22+00:00\",\"breadcrumb\":{\"@id\":\"https:\/\/narteks.net\/index.php\/2011\/02\/28\/birinci-temrin-kurban\/#breadcrumb\"},\"inLanguage\":\"tr\",\"potentialAction\":[{\"@type\":\"ReadAction\",\"target\":[\"https:\/\/narteks.net\/index.php\/2011\/02\/28\/birinci-temrin-kurban\/\"]}]},{\"@type\":\"BreadcrumbList\",\"@id\":\"https:\/\/narteks.net\/index.php\/2011\/02\/28\/birinci-temrin-kurban\/#breadcrumb\",\"itemListElement\":[{\"@type\":\"ListItem\",\"position\":1,\"name\":\"Anasayfa\",\"item\":\"https:\/\/narteks.net\/\"},{\"@type\":\"ListItem\",\"position\":2,\"name\":\"B\u0130R\u0130NC\u0130 TEMR\u0130N : KURBAN\"}]},{\"@type\":\"WebSite\",\"@id\":\"https:\/\/narteks.net\/#website\",\"url\":\"https:\/\/narteks.net\/\",\"name\":\"narteks.net\",\"description\":\"K\u00fclt\u00fcr Sanat Edebiyat Felsefe\",\"publisher\":{\"@id\":\"https:\/\/narteks.net\/#organization\"},\"alternateName\":\"K\u00fclt\u00fcr Sanat Edebiyat Felsefe\",\"potentialAction\":[{\"@type\":\"SearchAction\",\"target\":{\"@type\":\"EntryPoint\",\"urlTemplate\":\"https:\/\/narteks.net\/?s={search_term_string}\"},\"query-input\":{\"@type\":\"PropertyValueSpecification\",\"valueRequired\":true,\"valueName\":\"search_term_string\"}}],\"inLanguage\":\"tr\"},{\"@type\":\"Organization\",\"@id\":\"https:\/\/narteks.net\/#organization\",\"name\":\"narteks.net\",\"url\":\"https:\/\/narteks.net\/\",\"logo\":{\"@type\":\"ImageObject\",\"inLanguage\":\"tr\",\"@id\":\"https:\/\/narteks.net\/#\/schema\/logo\/image\/\",\"url\":\"https:\/\/narteks.net\/wp-content\/uploads\/narteks.png\",\"contentUrl\":\"https:\/\/narteks.net\/wp-content\/uploads\/narteks.png\",\"width\":300,\"height\":90,\"caption\":\"narteks.net\"},\"image\":{\"@id\":\"https:\/\/narteks.net\/#\/schema\/logo\/image\/\"},\"sameAs\":[\"https:\/\/x.com\/narteks\",\"https:\/\/instagram.com\/narteksnet\"]},{\"@type\":\"Person\",\"@id\":\"https:\/\/narteks.net\/#\/schema\/person\/61f37d9834294b72d31d274e7ed79bca\",\"name\":\"Tar\u0131k\",\"image\":{\"@type\":\"ImageObject\",\"inLanguage\":\"tr\",\"@id\":\"https:\/\/narteks.net\/#\/schema\/person\/image\/\",\"url\":\"https:\/\/secure.gravatar.com\/avatar\/50865afb55632c4ae467e0af0930f6510aa2297d8014be502a55b14f3b7550cf?s=96&d=mm&r=g\",\"contentUrl\":\"https:\/\/secure.gravatar.com\/avatar\/50865afb55632c4ae467e0af0930f6510aa2297d8014be502a55b14f3b7550cf?s=96&d=mm&r=g\",\"caption\":\"Tar\u0131k\"},\"sameAs\":[\"http:\/\/narteks.net\"],\"url\":\"https:\/\/narteks.net\/index.php\/author\/narbak\/\"}]}<\/script>\n<!-- \/ Yoast SEO Premium plugin. -->","yoast_head_json":{"title":"B\u0130R\u0130NC\u0130 TEMR\u0130N : KURBAN - narteks.net","robots":{"index":"index","follow":"follow","max-snippet":"max-snippet:-1","max-image-preview":"max-image-preview:large","max-video-preview":"max-video-preview:-1"},"canonical":"https:\/\/narteks.net\/index.php\/2011\/02\/28\/birinci-temrin-kurban\/","og_locale":"tr_TR","og_type":"article","og_title":"B\u0130R\u0130NC\u0130 TEMR\u0130N : KURBAN","og_description":"\u00a0 S\u00fcleyman \u00f6ld\u00fc, ya\u015fas\u0131n \u015fakir! \u015fimdi \u015fiir dediniz biri s\u0131k\u0131l\u0131p gittibendim o sefil \u00fc\u015f\u00fcm\u00fc\u015f elinizdebelki \u00e7ok \u015fey de\u011fildir a\u015fk\u0131n \u00f6l\u00fcm\u00fcgerekirse aran\u0131r \u00f6p\u00fclm\u00fc\u015f resimlerdeJapon bir sevgilim var -demek sizin demakyajl\u0131 bir Meryem gibi yitirmi\u015f masumiyetinikiss diyor sex anl\u0131yorum niyeysemerdivenim belki de onca bol ihanettengarsonu vurun l\u00fctfen \u00e7ok t\u0131k\u0131rt\u0131 yap\u0131yordo\u011fru ya saat \u015fu ka\u015far resmiyetidilimledi durdu en [&hellip;]","og_url":"https:\/\/narteks.net\/index.php\/2011\/02\/28\/birinci-temrin-kurban\/","og_site_name":"narteks.net","article_published_time":"2011-02-28T13:58:22+00:00","og_image":[{"width":300,"height":90,"url":"https:\/\/narteks.net\/wp-content\/uploads\/narteks.png","type":"image\/png"}],"author":"Tar\u0131k","twitter_card":"summary_large_image","twitter_creator":"@narteks","twitter_site":"@narteks","twitter_misc":{"Yazan:":"Tar\u0131k","Tahmini okuma s\u00fcresi":"1 dakika"},"schema":{"@context":"https:\/\/schema.org","@graph":[{"@type":"Article","@id":"https:\/\/narteks.net\/index.php\/2011\/02\/28\/birinci-temrin-kurban\/#article","isPartOf":{"@id":"https:\/\/narteks.net\/index.php\/2011\/02\/28\/birinci-temrin-kurban\/"},"author":{"name":"Tar\u0131k","@id":"https:\/\/narteks.net\/#\/schema\/person\/61f37d9834294b72d31d274e7ed79bca"},"headline":"B\u0130R\u0130NC\u0130 TEMR\u0130N : KURBAN","datePublished":"2011-02-28T13:58:22+00:00","mainEntityOfPage":{"@id":"https:\/\/narteks.net\/index.php\/2011\/02\/28\/birinci-temrin-kurban\/"},"wordCount":212,"commentCount":0,"publisher":{"@id":"https:\/\/narteks.net\/#organization"},"articleSection":["Selim TEMO"],"inLanguage":"tr","potentialAction":[{"@type":"CommentAction","name":"Comment","target":["https:\/\/narteks.net\/index.php\/2011\/02\/28\/birinci-temrin-kurban\/#respond"]}]},{"@type":"WebPage","@id":"https:\/\/narteks.net\/index.php\/2011\/02\/28\/birinci-temrin-kurban\/","url":"https:\/\/narteks.net\/index.php\/2011\/02\/28\/birinci-temrin-kurban\/","name":"B\u0130R\u0130NC\u0130 TEMR\u0130N : KURBAN - narteks.net","isPartOf":{"@id":"https:\/\/narteks.net\/#website"},"datePublished":"2011-02-28T13:58:22+00:00","breadcrumb":{"@id":"https:\/\/narteks.net\/index.php\/2011\/02\/28\/birinci-temrin-kurban\/#breadcrumb"},"inLanguage":"tr","potentialAction":[{"@type":"ReadAction","target":["https:\/\/narteks.net\/index.php\/2011\/02\/28\/birinci-temrin-kurban\/"]}]},{"@type":"BreadcrumbList","@id":"https:\/\/narteks.net\/index.php\/2011\/02\/28\/birinci-temrin-kurban\/#breadcrumb","itemListElement":[{"@type":"ListItem","position":1,"name":"Anasayfa","item":"https:\/\/narteks.net\/"},{"@type":"ListItem","position":2,"name":"B\u0130R\u0130NC\u0130 TEMR\u0130N : KURBAN"}]},{"@type":"WebSite","@id":"https:\/\/narteks.net\/#website","url":"https:\/\/narteks.net\/","name":"narteks.net","description":"K\u00fclt\u00fcr Sanat Edebiyat Felsefe","publisher":{"@id":"https:\/\/narteks.net\/#organization"},"alternateName":"K\u00fclt\u00fcr Sanat Edebiyat Felsefe","potentialAction":[{"@type":"SearchAction","target":{"@type":"EntryPoint","urlTemplate":"https:\/\/narteks.net\/?s={search_term_string}"},"query-input":{"@type":"PropertyValueSpecification","valueRequired":true,"valueName":"search_term_string"}}],"inLanguage":"tr"},{"@type":"Organization","@id":"https:\/\/narteks.net\/#organization","name":"narteks.net","url":"https:\/\/narteks.net\/","logo":{"@type":"ImageObject","inLanguage":"tr","@id":"https:\/\/narteks.net\/#\/schema\/logo\/image\/","url":"https:\/\/narteks.net\/wp-content\/uploads\/narteks.png","contentUrl":"https:\/\/narteks.net\/wp-content\/uploads\/narteks.png","width":300,"height":90,"caption":"narteks.net"},"image":{"@id":"https:\/\/narteks.net\/#\/schema\/logo\/image\/"},"sameAs":["https:\/\/x.com\/narteks","https:\/\/instagram.com\/narteksnet"]},{"@type":"Person","@id":"https:\/\/narteks.net\/#\/schema\/person\/61f37d9834294b72d31d274e7ed79bca","name":"Tar\u0131k","image":{"@type":"ImageObject","inLanguage":"tr","@id":"https:\/\/narteks.net\/#\/schema\/person\/image\/","url":"https:\/\/secure.gravatar.com\/avatar\/50865afb55632c4ae467e0af0930f6510aa2297d8014be502a55b14f3b7550cf?s=96&d=mm&r=g","contentUrl":"https:\/\/secure.gravatar.com\/avatar\/50865afb55632c4ae467e0af0930f6510aa2297d8014be502a55b14f3b7550cf?s=96&d=mm&r=g","caption":"Tar\u0131k"},"sameAs":["http:\/\/narteks.net"],"url":"https:\/\/narteks.net\/index.php\/author\/narbak\/"}]}},"_links":{"self":[{"href":"https:\/\/narteks.net\/index.php\/wp-json\/wp\/v2\/posts\/5461","targetHints":{"allow":["GET"]}}],"collection":[{"href":"https:\/\/narteks.net\/index.php\/wp-json\/wp\/v2\/posts"}],"about":[{"href":"https:\/\/narteks.net\/index.php\/wp-json\/wp\/v2\/types\/post"}],"author":[{"embeddable":true,"href":"https:\/\/narteks.net\/index.php\/wp-json\/wp\/v2\/users\/1"}],"replies":[{"embeddable":true,"href":"https:\/\/narteks.net\/index.php\/wp-json\/wp\/v2\/comments?post=5461"}],"version-history":[{"count":0,"href":"https:\/\/narteks.net\/index.php\/wp-json\/wp\/v2\/posts\/5461\/revisions"}],"wp:attachment":[{"href":"https:\/\/narteks.net\/index.php\/wp-json\/wp\/v2\/media?parent=5461"}],"wp:term":[{"taxonomy":"category","embeddable":true,"href":"https:\/\/narteks.net\/index.php\/wp-json\/wp\/v2\/categories?post=5461"},{"taxonomy":"post_tag","embeddable":true,"href":"https:\/\/narteks.net\/index.php\/wp-json\/wp\/v2\/tags?post=5461"}],"curies":[{"name":"wp","href":"https:\/\/api.w.org\/{rel}","templated":true}]}}