{"id":5463,"date":"2011-02-28T21:20:20","date_gmt":"2011-02-28T18:20:20","guid":{"rendered":"http:\/\/localhost\/wordpress\/2011\/02\/28\/sunay-akin-biyografisi\/"},"modified":"2011-02-28T21:20:20","modified_gmt":"2011-02-28T18:20:20","slug":"sunay-akin-biyografisi","status":"publish","type":"post","link":"https:\/\/narteks.net\/index.php\/2011\/02\/28\/sunay-akin-biyografisi\/","title":{"rendered":"Sunay AKIN Biyografisi"},"content":{"rendered":"<p style=\"text-align: justify;\"><img loading=\"lazy\" decoding=\"async\" src=\"http:\/\/siir.gen.tr\/siir\/s\/sunay_akin\/sunay_akin_01.jpg\" border=\"0\" width=\"155\" height=\"205\" style=\"float: left;\" \/>\u015e\u00fckr\u00fc Sunay Ak\u0131n (d. 12 Eyl\u00fcl 1962), \u015fair, yazar, gazeteci, ara\u015ft\u0131rmac\u0131, tiyatro oyuncusu.<\/p>\n<p>12 Eyl\u00fcl 1962 tarihinde Trabzon&#8217;un Ma\u00e7ka il\u00e7esinde do\u011fdu (bu y\u00fczden 18 ya\u015f\u0131ndan beri do\u011fum g\u00fcn\u00fcn\u00fc kutlamamaktad\u0131r). Ailesi, onun daha iyi e\u011fitim g\u00f6rebilmesi i\u00e7in, 10 ya\u015f\u0131ndayken \u0130stanbul&#8217;a ta\u015f\u0131nd\u0131. Lise \u00f6\u011frenimini \u0130stanbul Haydarpa\u015fa Lisesi&#8217;nde tamamlad\u0131. \u0130stanbul \u00dcniversitesi Fizik Co\u011frafya B\u00f6l\u00fcm\u00fc&#8217;nden mezun oldu.<\/p>\n<p>\u0130lk \u015fiirini, Meteoroloji M\u00fcd\u00fcrl\u00fc\u011f\u00fc&#8217;nde \u00e7al\u0131\u015fan bir memurun k\u0131z\u0131na yazar. Hen\u00fcz 9 ya\u015f\u0131ndad\u0131r. K\u0131z\u0131n isminin ba\u015f harflerinin dizelerini olu\u015fturdu\u011fu \u015fiiri, evlerinin teras\u0131nda bulunan odunluk kap\u0131s\u0131n\u0131n i\u00e7 k\u0131sm\u0131na yazar. K\u0131z, balkona geldi\u011finde odunlu\u011fun kap\u0131s\u0131n\u0131 a\u00e7ar mahsus\u00e7uktan!.. Ama \u015fiir k\u0131z\u0131n g\u00f6z\u00fcne hi\u00e7bir zaman tak\u0131lmaz. Sunay Ak\u0131n y\u0131llar sonra (ki bir \u015fairdir art\u0131k) \u00e7ocuklu\u011funun ge\u00e7ti\u011fi Trabzon&#8217;a gitti\u011finde, sert ge\u00e7en bir k\u0131\u015fta, i\u00e7indeki odunlarla birlikte kap\u0131n\u0131n da s\u00f6k\u00fcl\u00fcp yak\u0131ld\u0131\u011f\u0131n\u0131 \u00f6\u011frenir. \u015eairin ilk \u015fiiri &#8220;hava muhalefeti&#8221; nedeniyle kay\u0131pt\u0131r!.. 1984 y\u0131l\u0131nda yay\u0131nlanan ilk \u015fiiri de bir soban\u0131n i\u00e7inde k\u00fct\u00fcrdeyen odunu anlat\u0131r! \u0130lk \u015fiir kitab\u0131 1989&#8217;da &#8220;Makiler&#8221; ad\u0131yla yay\u0131nlan\u0131r. Arkada\u015flar\u0131yla birlikte 1989&#8217;da Yeni Yaprak \u015fiir dergisini ard\u0131ndan, 1990 y\u0131l\u0131nda da Olmaz adl\u0131 \u015fiir dergisini \u00e7\u0131kard\u0131. Ad\u0131n\u0131 Cemal S\u00fcreyya&#8217;n\u0131n koydu\u011fu bu kitab\u0131 &#8220;Antik Ac\u0131lar, Kaza S\u00fcs\u00fc, 62 Tav\u015fan\u0131&#8221; izler.<\/p>\n<p>1987 y\u0131l\u0131nda Halil Kocag\u00f6z \u015eiir \u00d6d\u00fcl\u00fc\u2019n\u00fc Noktal\u0131 Virg\u00fcl adl\u0131 dosyas\u0131yla ald\u0131. 1990 y\u0131l\u0131nda ise Orhon Murat Ar\u0131burnu \u015eiir \u00d6d\u00fcl\u00fc&#8217;n\u00fc Makiler \u015fiiri ile kazand\u0131.<\/p>\n<p>Anl\u0131k ilhamlara dayanan ve genellikle k\u0131sa olan \u015fiirleri, Orhan Veli&#8217;nin \u015fiirindeki baz\u0131 \u00f6zelikleri g\u00fcn\u00fcm\u00fczde s\u00fcrd\u00fcren bir yap\u0131ya sahiptir. Ayr\u0131ca, bu t\u00fcr \u015fiirlerde genellikle rastlanmayan, yumu\u015fak, lirik bir tonu vard\u0131r. \u015eiirlerinde \u00f6zellikle ince yergi \u00f6gelerini kullanmadaki rahatl\u0131\u011f\u0131 ile dikkat \u00e7eker. Cemal S\u00fcreyya&#8217;n\u0131n etkisinde s\u00fcrd\u00fcrd\u00fc\u011f\u00fc \u015fiirlerde, dil oyunlar\u0131na dayal\u0131 yo\u011fun bir alayc\u0131l\u0131k ve \u015fa\u015f\u0131rtma; \u00e7ocuklar ve h\u00fcz\u00fcnle birlikte \u015fairin ilgi ve duyarl\u0131l\u0131\u011f\u0131n\u0131 g\u00f6stermektedir.<\/p>\n<p>Marmara \u00dcniversitesi G\u00fczel Sanatlar Fak\u00fcltesi ders verdi, M\u00fcjdat Gezen Sanat Merkezi&#8217;nde 5 y\u0131l boyunca hem ders verdi hem ders ald\u0131. Bu deneyimin de yard\u0131m\u0131yla, tek ki\u015filik oyunlar haz\u0131rlay\u0131p oynamaya ba\u015flad\u0131. T\u00fcrkiye&#8217;nin \u00e7ok say\u0131da merkezinde ve yurtd\u0131\u015f\u0131nda (Frankfurt, N\u00fcrnberg, Londra) say\u0131s\u0131z kez tek ki\u015filik oyunlar\u0131n\u0131 sergiledi. Halen Sunay Bey Tarihi adl\u0131 g\u00f6sterisini sunmaya devam etmektedir.<\/p>\n<p>23 Nisan 2005 tarihinde 11 y\u0131ld\u0131r d\u00fcnyan\u0131n d\u00f6rt bir yan\u0131ndan toplad\u0131\u011f\u0131 oyuncaklarla, y\u0131llard\u0131r hayalini kurdu\u011fu \u0130stanbul Oyuncak M\u00fczesi&#8217;ni G\u00f6ztepe, \u0130stanbul&#8217;da ailesine ait d\u00f6rt katl\u0131 tarihi bir konakta a\u00e7t\u0131. M\u00fcze, T\u00fcrkiye&#8217;de t\u00fcr\u00fcn\u00fcn ilk ve tek \u00f6rne\u011fi olup, Avrupa Konseyi&#8217;ne ba\u011fl\u0131 Avrupa M\u00fcze Forumu (European Museum Forum) taraf\u0131ndan verilmekte olan Avrupa Y\u0131l\u0131n M\u00fczesi \u00d6d\u00fcl\u00fc&#8217;ne 2010 y\u0131l\u0131 i\u00e7in aday olmu\u015ftur.<\/p>\n<p>TRT 2 ve CNN T\u00fcrk&#8217;de &#8220;St\u00fcdyo \u0130stanbul&#8221;, &#8220;\u0130zler&#8221;, &#8220;Ak\u015fama Do\u011fru&#8221;, &#8220;5N 1K&#8221; gibi k\u00fclt\u00fcr sanat programlar\u0131 ve belgeseller haz\u0131rlayan, katk\u0131da bulunan Sunay Ak\u0131n, TV 8&#8217;de de &#8220;Gezgin Korkuluk&#8221; ve Ramazan Ay\u0131 boyunca Mahya I\u015f\u0131klar\u0131 adl\u0131 program\u0131 haz\u0131rlay\u0131p sundu.<\/p>\n<p>Ya\u015fam Radyo, Radyo Kent, Best FM&#8217;de radyo programlar\u0131 yapt\u0131. Marmara \u00dcniversitesi G\u00fczel Sanatlar Fak\u00fcltesi ve M\u00fcjdat Gezen Sanat Merkezi&#8217;nde \u00f6\u011fretim g\u00f6revlisi olarak ders verdi. Atv&#8217;de H\u0131ncal Ulu\u00e7, Ha\u015fmet Babao\u011flu ve Nebil \u00d6zgent\u00fcrk ile birlikte Ya\u015famdan Dakikalar adl\u0131 uzun soluklu bir televizyon program\u0131n\u0131 halen yapmaktad\u0131r.<\/p>\n<p style=\"text-align: justify;\">\u00a0<\/p>\n<p style=\"text-align: justify;\">Yay\u0131mlanm\u0131\u015f Kitaplar\u0131<\/p>\n<p> * \u00c7orap Ka\u00e7\u0131\u011f\u0131 (2010)<br \/> * Ay H\u0131rs\u0131z\u0131 (2009)<br \/> * Tuncay Terzihanesi (2007)<br \/> * Kule Canbaz\u0131 (2004)<br \/> * K\u0131rd\u0131\u011f\u0131m\u0131z Oyuncaklar (2003)<br \/> * Onlar Hep Oradayd\u0131 (2002)<br \/> * \u0130stanbul&#8217;da Bir Z\u00fcrafa (2001)<br \/> * \u00d6nce \u00c7ocuklar ve Kad\u0131nlar (2000)<br \/> * Ay\u00e7\u00f6re\u011fi ve Denizy\u0131ld\u0131z\u0131 (2000)<br \/> * K\u0131z Kulesi&#8217;ndeki K\u0131z\u0131lderili (2000)<br \/> * Antik Ac\u0131lar (1999)<br \/> * Makiler (1999)<br \/> * 62 Tav\u015fan\u0131 (1998)<br \/> * K\u0131r\u0131lan Canlar (1997)<br \/> * \u0130stanbul&#8217;un Naz\u0131m Plan\u0131&#8230; (1996)<br \/> * Kaza S\u00fcs\u00fc (1996)<br \/> * Makiler (1996)<br \/> * Antik Ac\u0131lar (1995)<br \/> * K\u00fc\u00e7\u00fck Asker&#8230;K\u00fc\u00e7\u00fck Asker&#8230; (1995)<br \/> * Ve\u015faire&#8230;Ve\u015faire (1994)<br \/> * \u015eairler Matinesi (1993)<br \/> * \u015eiir Cumhuriyeti (1993) &#8211; Safa Fersal ile birlikte<\/p>\n<p>Yaz\u0131lar\u0131<\/p>\n<p> * \u0130stanbul&#8217;un Naz\u0131m Plan\u0131<br \/> * Ay\u00e7\u00f6re\u011fi ve Denizy\u0131ld\u0131z\u0131<br \/> * \u0130stanbul&#8217;da Bir Z\u00fcrafa<br \/> * \u00d6nce \u00c7ocuklar ve Kad\u0131nlar<br \/> * K\u0131z Kulesi&#8217;ndeki K\u0131z\u0131lderili<br \/> * Onlar Hep Oradayd\u0131<\/p>\n<p>\u015eiirlerinden Baz\u0131lar\u0131<\/p>\n<p> * Ayr\u0131l\u0131k<br \/> * Dudak Pay\u0131<br \/> * Beceriksiz<br \/> * Asans\u00f6r<br \/> * Alacak<br \/> * Ama \u00d6l\u00fcm<br \/> * Beyaz Adam<br \/> * 62 Tavsani<br \/> * Aile Boyu<br \/> * Bar\u0131\u015f<br \/> * Bulut<br \/> * Antik<br \/> * B\u00f6cek<br \/> * Bir Araya<br \/> * Ayna Oyunu<br \/> * Alfabe<br \/> * At Kokusu<br \/> * Beyazperde<br \/> * Beyaz<\/p>\n","protected":false},"excerpt":{"rendered":"<p>\u015e\u00fckr\u00fc Sunay Ak\u0131n (d. 12 Eyl\u00fcl 1962), \u015fair, yazar, gazeteci, ara\u015ft\u0131rmac\u0131, tiyatro oyuncusu. 12 Eyl\u00fcl 1962 tarihinde Trabzon&#8217;un Ma\u00e7ka il\u00e7esinde do\u011fdu (bu y\u00fczden 18 ya\u015f\u0131ndan beri do\u011fum g\u00fcn\u00fcn\u00fc kutlamamaktad\u0131r). Ailesi, onun daha iyi e\u011fitim g\u00f6rebilmesi i\u00e7in, 10 ya\u015f\u0131ndayken \u0130stanbul&#8217;a ta\u015f\u0131nd\u0131. Lise \u00f6\u011frenimini \u0130stanbul Haydarpa\u015fa Lisesi&#8217;nde tamamlad\u0131. \u0130stanbul \u00dcniversitesi Fizik Co\u011frafya B\u00f6l\u00fcm\u00fc&#8217;nden mezun oldu. \u0130lk \u015fiirini, [&hellip;]<\/p>\n","protected":false},"author":1,"featured_media":0,"comment_status":"open","ping_status":"open","sticky":false,"template":"","format":"standard","meta":{"footnotes":""},"categories":[171],"tags":[],"class_list":{"0":"post-5463","1":"post","2":"type-post","3":"status-publish","4":"format-standard","6":"category-sunay-akin"},"yoast_head":"<!-- This site is optimized with the Yoast SEO Premium plugin v24.9 (Yoast SEO v24.9) - https:\/\/yoast.com\/wordpress\/plugins\/seo\/ -->\n<title>Sunay AKIN Biyografisi - narteks.net<\/title>\n<meta name=\"robots\" content=\"index, follow, max-snippet:-1, max-image-preview:large, max-video-preview:-1\" \/>\n<link rel=\"canonical\" href=\"https:\/\/narteks.net\/index.php\/2011\/02\/28\/sunay-akin-biyografisi\/\" \/>\n<meta property=\"og:locale\" content=\"tr_TR\" \/>\n<meta property=\"og:type\" content=\"article\" \/>\n<meta property=\"og:title\" content=\"Sunay AKIN Biyografisi\" \/>\n<meta property=\"og:description\" content=\"\u015e\u00fckr\u00fc Sunay Ak\u0131n (d. 12 Eyl\u00fcl 1962), \u015fair, yazar, gazeteci, ara\u015ft\u0131rmac\u0131, tiyatro oyuncusu. 12 Eyl\u00fcl 1962 tarihinde Trabzon&#8217;un Ma\u00e7ka il\u00e7esinde do\u011fdu (bu y\u00fczden 18 ya\u015f\u0131ndan beri do\u011fum g\u00fcn\u00fcn\u00fc kutlamamaktad\u0131r). Ailesi, onun daha iyi e\u011fitim g\u00f6rebilmesi i\u00e7in, 10 ya\u015f\u0131ndayken \u0130stanbul&#8217;a ta\u015f\u0131nd\u0131. Lise \u00f6\u011frenimini \u0130stanbul Haydarpa\u015fa Lisesi&#8217;nde tamamlad\u0131. \u0130stanbul \u00dcniversitesi Fizik Co\u011frafya B\u00f6l\u00fcm\u00fc&#8217;nden mezun oldu. \u0130lk \u015fiirini, [&hellip;]\" \/>\n<meta property=\"og:url\" content=\"https:\/\/narteks.net\/index.php\/2011\/02\/28\/sunay-akin-biyografisi\/\" \/>\n<meta property=\"og:site_name\" content=\"narteks.net\" \/>\n<meta property=\"article:published_time\" content=\"2011-02-28T18:20:20+00:00\" \/>\n<meta property=\"og:image\" content=\"http:\/\/siir.gen.tr\/siir\/s\/sunay_akin\/sunay_akin_01.jpg\" \/>\n<meta name=\"author\" content=\"Tar\u0131k\" \/>\n<meta name=\"twitter:card\" content=\"summary_large_image\" \/>\n<meta name=\"twitter:creator\" content=\"@narteks\" \/>\n<meta name=\"twitter:site\" content=\"@narteks\" \/>\n<meta name=\"twitter:label1\" content=\"Yazan:\" \/>\n\t<meta name=\"twitter:data1\" content=\"Tar\u0131k\" \/>\n\t<meta name=\"twitter:label2\" content=\"Tahmini okuma s\u00fcresi\" \/>\n\t<meta name=\"twitter:data2\" content=\"4 dakika\" \/>\n<script type=\"application\/ld+json\" class=\"yoast-schema-graph\">{\"@context\":\"https:\/\/schema.org\",\"@graph\":[{\"@type\":\"Article\",\"@id\":\"https:\/\/narteks.net\/index.php\/2011\/02\/28\/sunay-akin-biyografisi\/#article\",\"isPartOf\":{\"@id\":\"https:\/\/narteks.net\/index.php\/2011\/02\/28\/sunay-akin-biyografisi\/\"},\"author\":{\"name\":\"Tar\u0131k\",\"@id\":\"https:\/\/narteks.net\/#\/schema\/person\/61f37d9834294b72d31d274e7ed79bca\"},\"headline\":\"Sunay AKIN Biyografisi\",\"datePublished\":\"2011-02-28T18:20:20+00:00\",\"mainEntityOfPage\":{\"@id\":\"https:\/\/narteks.net\/index.php\/2011\/02\/28\/sunay-akin-biyografisi\/\"},\"wordCount\":792,\"commentCount\":0,\"publisher\":{\"@id\":\"https:\/\/narteks.net\/#organization\"},\"image\":{\"@id\":\"https:\/\/narteks.net\/index.php\/2011\/02\/28\/sunay-akin-biyografisi\/#primaryimage\"},\"thumbnailUrl\":\"http:\/\/siir.gen.tr\/siir\/s\/sunay_akin\/sunay_akin_01.jpg\",\"articleSection\":[\"Sunay AKIN\"],\"inLanguage\":\"tr\",\"potentialAction\":[{\"@type\":\"CommentAction\",\"name\":\"Comment\",\"target\":[\"https:\/\/narteks.net\/index.php\/2011\/02\/28\/sunay-akin-biyografisi\/#respond\"]}]},{\"@type\":\"WebPage\",\"@id\":\"https:\/\/narteks.net\/index.php\/2011\/02\/28\/sunay-akin-biyografisi\/\",\"url\":\"https:\/\/narteks.net\/index.php\/2011\/02\/28\/sunay-akin-biyografisi\/\",\"name\":\"Sunay AKIN Biyografisi - narteks.net\",\"isPartOf\":{\"@id\":\"https:\/\/narteks.net\/#website\"},\"primaryImageOfPage\":{\"@id\":\"https:\/\/narteks.net\/index.php\/2011\/02\/28\/sunay-akin-biyografisi\/#primaryimage\"},\"image\":{\"@id\":\"https:\/\/narteks.net\/index.php\/2011\/02\/28\/sunay-akin-biyografisi\/#primaryimage\"},\"thumbnailUrl\":\"http:\/\/siir.gen.tr\/siir\/s\/sunay_akin\/sunay_akin_01.jpg\",\"datePublished\":\"2011-02-28T18:20:20+00:00\",\"breadcrumb\":{\"@id\":\"https:\/\/narteks.net\/index.php\/2011\/02\/28\/sunay-akin-biyografisi\/#breadcrumb\"},\"inLanguage\":\"tr\",\"potentialAction\":[{\"@type\":\"ReadAction\",\"target\":[\"https:\/\/narteks.net\/index.php\/2011\/02\/28\/sunay-akin-biyografisi\/\"]}]},{\"@type\":\"ImageObject\",\"inLanguage\":\"tr\",\"@id\":\"https:\/\/narteks.net\/index.php\/2011\/02\/28\/sunay-akin-biyografisi\/#primaryimage\",\"url\":\"http:\/\/siir.gen.tr\/siir\/s\/sunay_akin\/sunay_akin_01.jpg\",\"contentUrl\":\"http:\/\/siir.gen.tr\/siir\/s\/sunay_akin\/sunay_akin_01.jpg\"},{\"@type\":\"BreadcrumbList\",\"@id\":\"https:\/\/narteks.net\/index.php\/2011\/02\/28\/sunay-akin-biyografisi\/#breadcrumb\",\"itemListElement\":[{\"@type\":\"ListItem\",\"position\":1,\"name\":\"Anasayfa\",\"item\":\"https:\/\/narteks.net\/\"},{\"@type\":\"ListItem\",\"position\":2,\"name\":\"Sunay AKIN Biyografisi\"}]},{\"@type\":\"WebSite\",\"@id\":\"https:\/\/narteks.net\/#website\",\"url\":\"https:\/\/narteks.net\/\",\"name\":\"narteks.net\",\"description\":\"K\u00fclt\u00fcr Sanat Edebiyat Felsefe\",\"publisher\":{\"@id\":\"https:\/\/narteks.net\/#organization\"},\"alternateName\":\"K\u00fclt\u00fcr Sanat Edebiyat Felsefe\",\"potentialAction\":[{\"@type\":\"SearchAction\",\"target\":{\"@type\":\"EntryPoint\",\"urlTemplate\":\"https:\/\/narteks.net\/?s={search_term_string}\"},\"query-input\":{\"@type\":\"PropertyValueSpecification\",\"valueRequired\":true,\"valueName\":\"search_term_string\"}}],\"inLanguage\":\"tr\"},{\"@type\":\"Organization\",\"@id\":\"https:\/\/narteks.net\/#organization\",\"name\":\"narteks.net\",\"url\":\"https:\/\/narteks.net\/\",\"logo\":{\"@type\":\"ImageObject\",\"inLanguage\":\"tr\",\"@id\":\"https:\/\/narteks.net\/#\/schema\/logo\/image\/\",\"url\":\"https:\/\/narteks.net\/wp-content\/uploads\/narteks.png\",\"contentUrl\":\"https:\/\/narteks.net\/wp-content\/uploads\/narteks.png\",\"width\":300,\"height\":90,\"caption\":\"narteks.net\"},\"image\":{\"@id\":\"https:\/\/narteks.net\/#\/schema\/logo\/image\/\"},\"sameAs\":[\"https:\/\/x.com\/narteks\",\"https:\/\/instagram.com\/narteksnet\"]},{\"@type\":\"Person\",\"@id\":\"https:\/\/narteks.net\/#\/schema\/person\/61f37d9834294b72d31d274e7ed79bca\",\"name\":\"Tar\u0131k\",\"image\":{\"@type\":\"ImageObject\",\"inLanguage\":\"tr\",\"@id\":\"https:\/\/narteks.net\/#\/schema\/person\/image\/\",\"url\":\"https:\/\/secure.gravatar.com\/avatar\/50865afb55632c4ae467e0af0930f6510aa2297d8014be502a55b14f3b7550cf?s=96&d=mm&r=g\",\"contentUrl\":\"https:\/\/secure.gravatar.com\/avatar\/50865afb55632c4ae467e0af0930f6510aa2297d8014be502a55b14f3b7550cf?s=96&d=mm&r=g\",\"caption\":\"Tar\u0131k\"},\"sameAs\":[\"http:\/\/narteks.net\"],\"url\":\"https:\/\/narteks.net\/index.php\/author\/narbak\/\"}]}<\/script>\n<!-- \/ Yoast SEO Premium plugin. -->","yoast_head_json":{"title":"Sunay AKIN Biyografisi - narteks.net","robots":{"index":"index","follow":"follow","max-snippet":"max-snippet:-1","max-image-preview":"max-image-preview:large","max-video-preview":"max-video-preview:-1"},"canonical":"https:\/\/narteks.net\/index.php\/2011\/02\/28\/sunay-akin-biyografisi\/","og_locale":"tr_TR","og_type":"article","og_title":"Sunay AKIN Biyografisi","og_description":"\u015e\u00fckr\u00fc Sunay Ak\u0131n (d. 12 Eyl\u00fcl 1962), \u015fair, yazar, gazeteci, ara\u015ft\u0131rmac\u0131, tiyatro oyuncusu. 12 Eyl\u00fcl 1962 tarihinde Trabzon&#8217;un Ma\u00e7ka il\u00e7esinde do\u011fdu (bu y\u00fczden 18 ya\u015f\u0131ndan beri do\u011fum g\u00fcn\u00fcn\u00fc kutlamamaktad\u0131r). Ailesi, onun daha iyi e\u011fitim g\u00f6rebilmesi i\u00e7in, 10 ya\u015f\u0131ndayken \u0130stanbul&#8217;a ta\u015f\u0131nd\u0131. Lise \u00f6\u011frenimini \u0130stanbul Haydarpa\u015fa Lisesi&#8217;nde tamamlad\u0131. \u0130stanbul \u00dcniversitesi Fizik Co\u011frafya B\u00f6l\u00fcm\u00fc&#8217;nden mezun oldu. \u0130lk \u015fiirini, [&hellip;]","og_url":"https:\/\/narteks.net\/index.php\/2011\/02\/28\/sunay-akin-biyografisi\/","og_site_name":"narteks.net","article_published_time":"2011-02-28T18:20:20+00:00","og_image":[{"url":"http:\/\/siir.gen.tr\/siir\/s\/sunay_akin\/sunay_akin_01.jpg","type":"","width":"","height":""}],"author":"Tar\u0131k","twitter_card":"summary_large_image","twitter_creator":"@narteks","twitter_site":"@narteks","twitter_misc":{"Yazan:":"Tar\u0131k","Tahmini okuma s\u00fcresi":"4 dakika"},"schema":{"@context":"https:\/\/schema.org","@graph":[{"@type":"Article","@id":"https:\/\/narteks.net\/index.php\/2011\/02\/28\/sunay-akin-biyografisi\/#article","isPartOf":{"@id":"https:\/\/narteks.net\/index.php\/2011\/02\/28\/sunay-akin-biyografisi\/"},"author":{"name":"Tar\u0131k","@id":"https:\/\/narteks.net\/#\/schema\/person\/61f37d9834294b72d31d274e7ed79bca"},"headline":"Sunay AKIN Biyografisi","datePublished":"2011-02-28T18:20:20+00:00","mainEntityOfPage":{"@id":"https:\/\/narteks.net\/index.php\/2011\/02\/28\/sunay-akin-biyografisi\/"},"wordCount":792,"commentCount":0,"publisher":{"@id":"https:\/\/narteks.net\/#organization"},"image":{"@id":"https:\/\/narteks.net\/index.php\/2011\/02\/28\/sunay-akin-biyografisi\/#primaryimage"},"thumbnailUrl":"http:\/\/siir.gen.tr\/siir\/s\/sunay_akin\/sunay_akin_01.jpg","articleSection":["Sunay AKIN"],"inLanguage":"tr","potentialAction":[{"@type":"CommentAction","name":"Comment","target":["https:\/\/narteks.net\/index.php\/2011\/02\/28\/sunay-akin-biyografisi\/#respond"]}]},{"@type":"WebPage","@id":"https:\/\/narteks.net\/index.php\/2011\/02\/28\/sunay-akin-biyografisi\/","url":"https:\/\/narteks.net\/index.php\/2011\/02\/28\/sunay-akin-biyografisi\/","name":"Sunay AKIN Biyografisi - narteks.net","isPartOf":{"@id":"https:\/\/narteks.net\/#website"},"primaryImageOfPage":{"@id":"https:\/\/narteks.net\/index.php\/2011\/02\/28\/sunay-akin-biyografisi\/#primaryimage"},"image":{"@id":"https:\/\/narteks.net\/index.php\/2011\/02\/28\/sunay-akin-biyografisi\/#primaryimage"},"thumbnailUrl":"http:\/\/siir.gen.tr\/siir\/s\/sunay_akin\/sunay_akin_01.jpg","datePublished":"2011-02-28T18:20:20+00:00","breadcrumb":{"@id":"https:\/\/narteks.net\/index.php\/2011\/02\/28\/sunay-akin-biyografisi\/#breadcrumb"},"inLanguage":"tr","potentialAction":[{"@type":"ReadAction","target":["https:\/\/narteks.net\/index.php\/2011\/02\/28\/sunay-akin-biyografisi\/"]}]},{"@type":"ImageObject","inLanguage":"tr","@id":"https:\/\/narteks.net\/index.php\/2011\/02\/28\/sunay-akin-biyografisi\/#primaryimage","url":"http:\/\/siir.gen.tr\/siir\/s\/sunay_akin\/sunay_akin_01.jpg","contentUrl":"http:\/\/siir.gen.tr\/siir\/s\/sunay_akin\/sunay_akin_01.jpg"},{"@type":"BreadcrumbList","@id":"https:\/\/narteks.net\/index.php\/2011\/02\/28\/sunay-akin-biyografisi\/#breadcrumb","itemListElement":[{"@type":"ListItem","position":1,"name":"Anasayfa","item":"https:\/\/narteks.net\/"},{"@type":"ListItem","position":2,"name":"Sunay AKIN Biyografisi"}]},{"@type":"WebSite","@id":"https:\/\/narteks.net\/#website","url":"https:\/\/narteks.net\/","name":"narteks.net","description":"K\u00fclt\u00fcr Sanat Edebiyat Felsefe","publisher":{"@id":"https:\/\/narteks.net\/#organization"},"alternateName":"K\u00fclt\u00fcr Sanat Edebiyat Felsefe","potentialAction":[{"@type":"SearchAction","target":{"@type":"EntryPoint","urlTemplate":"https:\/\/narteks.net\/?s={search_term_string}"},"query-input":{"@type":"PropertyValueSpecification","valueRequired":true,"valueName":"search_term_string"}}],"inLanguage":"tr"},{"@type":"Organization","@id":"https:\/\/narteks.net\/#organization","name":"narteks.net","url":"https:\/\/narteks.net\/","logo":{"@type":"ImageObject","inLanguage":"tr","@id":"https:\/\/narteks.net\/#\/schema\/logo\/image\/","url":"https:\/\/narteks.net\/wp-content\/uploads\/narteks.png","contentUrl":"https:\/\/narteks.net\/wp-content\/uploads\/narteks.png","width":300,"height":90,"caption":"narteks.net"},"image":{"@id":"https:\/\/narteks.net\/#\/schema\/logo\/image\/"},"sameAs":["https:\/\/x.com\/narteks","https:\/\/instagram.com\/narteksnet"]},{"@type":"Person","@id":"https:\/\/narteks.net\/#\/schema\/person\/61f37d9834294b72d31d274e7ed79bca","name":"Tar\u0131k","image":{"@type":"ImageObject","inLanguage":"tr","@id":"https:\/\/narteks.net\/#\/schema\/person\/image\/","url":"https:\/\/secure.gravatar.com\/avatar\/50865afb55632c4ae467e0af0930f6510aa2297d8014be502a55b14f3b7550cf?s=96&d=mm&r=g","contentUrl":"https:\/\/secure.gravatar.com\/avatar\/50865afb55632c4ae467e0af0930f6510aa2297d8014be502a55b14f3b7550cf?s=96&d=mm&r=g","caption":"Tar\u0131k"},"sameAs":["http:\/\/narteks.net"],"url":"https:\/\/narteks.net\/index.php\/author\/narbak\/"}]}},"_links":{"self":[{"href":"https:\/\/narteks.net\/index.php\/wp-json\/wp\/v2\/posts\/5463","targetHints":{"allow":["GET"]}}],"collection":[{"href":"https:\/\/narteks.net\/index.php\/wp-json\/wp\/v2\/posts"}],"about":[{"href":"https:\/\/narteks.net\/index.php\/wp-json\/wp\/v2\/types\/post"}],"author":[{"embeddable":true,"href":"https:\/\/narteks.net\/index.php\/wp-json\/wp\/v2\/users\/1"}],"replies":[{"embeddable":true,"href":"https:\/\/narteks.net\/index.php\/wp-json\/wp\/v2\/comments?post=5463"}],"version-history":[{"count":0,"href":"https:\/\/narteks.net\/index.php\/wp-json\/wp\/v2\/posts\/5463\/revisions"}],"wp:attachment":[{"href":"https:\/\/narteks.net\/index.php\/wp-json\/wp\/v2\/media?parent=5463"}],"wp:term":[{"taxonomy":"category","embeddable":true,"href":"https:\/\/narteks.net\/index.php\/wp-json\/wp\/v2\/categories?post=5463"},{"taxonomy":"post_tag","embeddable":true,"href":"https:\/\/narteks.net\/index.php\/wp-json\/wp\/v2\/tags?post=5463"}],"curies":[{"name":"wp","href":"https:\/\/api.w.org\/{rel}","templated":true}]}}