{"id":5474,"date":"2011-02-28T21:30:23","date_gmt":"2011-02-28T18:30:23","guid":{"rendered":"http:\/\/localhost\/wordpress\/2011\/02\/28\/devrim\/"},"modified":"2011-02-28T21:30:23","modified_gmt":"2011-02-28T18:30:23","slug":"devrim","status":"publish","type":"post","link":"https:\/\/narteks.net\/index.php\/2011\/02\/28\/devrim\/","title":{"rendered":"DEVR\u0130M"},"content":{"rendered":"<p>\u00a0<\/p>\n<p>Temiz kalan tek yerdir devrim<br \/>b\u00fct\u00fcn bir y\u0131l<br \/>kirlenen duvarda<br \/>ama g\u00f6rebilmek i\u00e7in<br \/>as\u0131ld\u0131\u011f\u0131 \u00e7ividen indirilmelidir<br \/>yapraklar\u0131 biten takvim<\/p>\n<p>Zorbalara direnmektir devrim<br \/>bir \u00e7ocu\u011fun<br \/>annesinin \u00e7antas\u0131ndan ald\u0131\u011f\u0131 paralar\u0131<br \/>alt\u0131na gizledi\u011fini<br \/>s\u00f6ylememi\u015ftir d\u00f6v\u00fclen<br \/>hi\u00e7bir hal\u0131<\/p>\n<p>\u0130\u00e7inde ya\u015famakt\u0131r devrim<br \/>diki\u015f kutusunun<br \/>ve toplui\u011fneler gibi<br \/>bir arada olmay\u0131 gerektirir<br \/>kar\u015f\u0131 koyabilmek i\u00e7in zulm\u00fcne<br \/>makas denilen patronun<\/p>\n<p>Gece \u0131\u015f\u0131klar aras\u0131nda ko\u015fmakt\u0131r devrim<br \/>ate\u015f b\u00f6ceklerini<br \/>yakalamak isteyen \u00e7ocuklar\u0131n<br \/>pe\u015fine tak\u0131l\u0131r g\u00fcn gelir<br \/>yan\u0131p s\u00f6nen mavi \u0131\u015f\u0131klar\u0131<br \/>polis arabalar\u0131n\u0131n<\/p>\n<p>Ka\u011f\u0131t bir gemidir devrim<br \/>b\u00fct\u00fcn gemiler<br \/>hurdaya \u00e7\u0131ksa da sonunda<br \/>ta\u015f\u0131d\u0131\u011f\u0131 \u00f6zg\u00fcrl\u00fck \u015fiiriyle<br \/>batmadan y\u00fczer nicedir<br \/>d\u00fcnya sular\u0131nda<\/p>\n<p>Kim bilir ka\u00e7 yunus g\u00f6rm\u00fc\u015f<br \/>ka\u00e7 deniz gezmi\u015f&#8230;<\/p>\n<p>Sunay AKIN\u00a0\u00a0 <\/p>\n","protected":false},"excerpt":{"rendered":"<p>\u00a0 Temiz kalan tek yerdir devrimb\u00fct\u00fcn bir y\u0131lkirlenen duvardaama g\u00f6rebilmek i\u00e7inas\u0131ld\u0131\u011f\u0131 \u00e7ividen indirilmelidiryapraklar\u0131 biten takvim Zorbalara direnmektir devrimbir \u00e7ocu\u011funannesinin \u00e7antas\u0131ndan ald\u0131\u011f\u0131 paralar\u0131alt\u0131na gizledi\u011finis\u00f6ylememi\u015ftir d\u00f6v\u00fclenhi\u00e7bir hal\u0131 \u0130\u00e7inde ya\u015famakt\u0131r devrimdiki\u015f kutusununve toplui\u011fneler gibibir arada olmay\u0131 gerektirirkar\u015f\u0131 koyabilmek i\u00e7in zulm\u00fcnemakas denilen patronun Gece \u0131\u015f\u0131klar aras\u0131nda ko\u015fmakt\u0131r devrimate\u015f b\u00f6cekleriniyakalamak isteyen \u00e7ocuklar\u0131npe\u015fine tak\u0131l\u0131r g\u00fcn geliryan\u0131p s\u00f6nen mavi \u0131\u015f\u0131klar\u0131polis arabalar\u0131n\u0131n Ka\u011f\u0131t [&hellip;]<\/p>\n","protected":false},"author":1,"featured_media":0,"comment_status":"open","ping_status":"open","sticky":false,"template":"","format":"standard","meta":{"footnotes":""},"categories":[171],"tags":[],"class_list":{"0":"post-5474","1":"post","2":"type-post","3":"status-publish","4":"format-standard","6":"category-sunay-akin"},"yoast_head":"<!-- This site is optimized with the Yoast SEO Premium plugin v24.9 (Yoast SEO v24.9) - https:\/\/yoast.com\/wordpress\/plugins\/seo\/ -->\n<title>DEVR\u0130M - narteks.net<\/title>\n<meta name=\"robots\" content=\"index, follow, max-snippet:-1, max-image-preview:large, max-video-preview:-1\" \/>\n<link rel=\"canonical\" href=\"https:\/\/narteks.net\/index.php\/2011\/02\/28\/devrim\/\" \/>\n<meta property=\"og:locale\" content=\"tr_TR\" \/>\n<meta property=\"og:type\" content=\"article\" \/>\n<meta property=\"og:title\" content=\"DEVR\u0130M\" \/>\n<meta property=\"og:description\" content=\"\u00a0 Temiz kalan tek yerdir devrimb\u00fct\u00fcn bir y\u0131lkirlenen duvardaama g\u00f6rebilmek i\u00e7inas\u0131ld\u0131\u011f\u0131 \u00e7ividen indirilmelidiryapraklar\u0131 biten takvim Zorbalara direnmektir devrimbir \u00e7ocu\u011funannesinin \u00e7antas\u0131ndan ald\u0131\u011f\u0131 paralar\u0131alt\u0131na gizledi\u011finis\u00f6ylememi\u015ftir d\u00f6v\u00fclenhi\u00e7bir hal\u0131 \u0130\u00e7inde ya\u015famakt\u0131r devrimdiki\u015f kutusununve toplui\u011fneler gibibir arada olmay\u0131 gerektirirkar\u015f\u0131 koyabilmek i\u00e7in zulm\u00fcnemakas denilen patronun Gece \u0131\u015f\u0131klar aras\u0131nda ko\u015fmakt\u0131r devrimate\u015f b\u00f6cekleriniyakalamak isteyen \u00e7ocuklar\u0131npe\u015fine tak\u0131l\u0131r g\u00fcn geliryan\u0131p s\u00f6nen mavi \u0131\u015f\u0131klar\u0131polis arabalar\u0131n\u0131n Ka\u011f\u0131t [&hellip;]\" \/>\n<meta property=\"og:url\" content=\"https:\/\/narteks.net\/index.php\/2011\/02\/28\/devrim\/\" \/>\n<meta property=\"og:site_name\" content=\"narteks.net\" \/>\n<meta property=\"article:published_time\" content=\"2011-02-28T18:30:23+00:00\" \/>\n<meta property=\"og:image\" content=\"https:\/\/narteks.net\/wp-content\/uploads\/narteks.png\" \/>\n\t<meta property=\"og:image:width\" content=\"300\" \/>\n\t<meta property=\"og:image:height\" content=\"90\" \/>\n\t<meta property=\"og:image:type\" content=\"image\/png\" \/>\n<meta name=\"author\" content=\"Tar\u0131k\" \/>\n<meta name=\"twitter:card\" content=\"summary_large_image\" \/>\n<meta name=\"twitter:creator\" content=\"@narteks\" \/>\n<meta name=\"twitter:site\" content=\"@narteks\" \/>\n<meta name=\"twitter:label1\" content=\"Yazan:\" \/>\n\t<meta name=\"twitter:data1\" content=\"Tar\u0131k\" \/>\n\t<meta name=\"twitter:label2\" content=\"Tahmini okuma s\u00fcresi\" \/>\n\t<meta name=\"twitter:data2\" content=\"1 dakika\" \/>\n<script type=\"application\/ld+json\" class=\"yoast-schema-graph\">{\"@context\":\"https:\/\/schema.org\",\"@graph\":[{\"@type\":\"Article\",\"@id\":\"https:\/\/narteks.net\/index.php\/2011\/02\/28\/devrim\/#article\",\"isPartOf\":{\"@id\":\"https:\/\/narteks.net\/index.php\/2011\/02\/28\/devrim\/\"},\"author\":{\"name\":\"Tar\u0131k\",\"@id\":\"https:\/\/narteks.net\/#\/schema\/person\/61f37d9834294b72d31d274e7ed79bca\"},\"headline\":\"DEVR\u0130M\",\"datePublished\":\"2011-02-28T18:30:23+00:00\",\"mainEntityOfPage\":{\"@id\":\"https:\/\/narteks.net\/index.php\/2011\/02\/28\/devrim\/\"},\"wordCount\":123,\"commentCount\":0,\"publisher\":{\"@id\":\"https:\/\/narteks.net\/#organization\"},\"articleSection\":[\"Sunay AKIN\"],\"inLanguage\":\"tr\",\"potentialAction\":[{\"@type\":\"CommentAction\",\"name\":\"Comment\",\"target\":[\"https:\/\/narteks.net\/index.php\/2011\/02\/28\/devrim\/#respond\"]}]},{\"@type\":\"WebPage\",\"@id\":\"https:\/\/narteks.net\/index.php\/2011\/02\/28\/devrim\/\",\"url\":\"https:\/\/narteks.net\/index.php\/2011\/02\/28\/devrim\/\",\"name\":\"DEVR\u0130M - narteks.net\",\"isPartOf\":{\"@id\":\"https:\/\/narteks.net\/#website\"},\"datePublished\":\"2011-02-28T18:30:23+00:00\",\"breadcrumb\":{\"@id\":\"https:\/\/narteks.net\/index.php\/2011\/02\/28\/devrim\/#breadcrumb\"},\"inLanguage\":\"tr\",\"potentialAction\":[{\"@type\":\"ReadAction\",\"target\":[\"https:\/\/narteks.net\/index.php\/2011\/02\/28\/devrim\/\"]}]},{\"@type\":\"BreadcrumbList\",\"@id\":\"https:\/\/narteks.net\/index.php\/2011\/02\/28\/devrim\/#breadcrumb\",\"itemListElement\":[{\"@type\":\"ListItem\",\"position\":1,\"name\":\"Anasayfa\",\"item\":\"https:\/\/narteks.net\/\"},{\"@type\":\"ListItem\",\"position\":2,\"name\":\"DEVR\u0130M\"}]},{\"@type\":\"WebSite\",\"@id\":\"https:\/\/narteks.net\/#website\",\"url\":\"https:\/\/narteks.net\/\",\"name\":\"narteks.net\",\"description\":\"K\u00fclt\u00fcr Sanat Edebiyat Felsefe\",\"publisher\":{\"@id\":\"https:\/\/narteks.net\/#organization\"},\"alternateName\":\"K\u00fclt\u00fcr Sanat Edebiyat Felsefe\",\"potentialAction\":[{\"@type\":\"SearchAction\",\"target\":{\"@type\":\"EntryPoint\",\"urlTemplate\":\"https:\/\/narteks.net\/?s={search_term_string}\"},\"query-input\":{\"@type\":\"PropertyValueSpecification\",\"valueRequired\":true,\"valueName\":\"search_term_string\"}}],\"inLanguage\":\"tr\"},{\"@type\":\"Organization\",\"@id\":\"https:\/\/narteks.net\/#organization\",\"name\":\"narteks.net\",\"url\":\"https:\/\/narteks.net\/\",\"logo\":{\"@type\":\"ImageObject\",\"inLanguage\":\"tr\",\"@id\":\"https:\/\/narteks.net\/#\/schema\/logo\/image\/\",\"url\":\"https:\/\/narteks.net\/wp-content\/uploads\/narteks.png\",\"contentUrl\":\"https:\/\/narteks.net\/wp-content\/uploads\/narteks.png\",\"width\":300,\"height\":90,\"caption\":\"narteks.net\"},\"image\":{\"@id\":\"https:\/\/narteks.net\/#\/schema\/logo\/image\/\"},\"sameAs\":[\"https:\/\/x.com\/narteks\",\"https:\/\/instagram.com\/narteksnet\"]},{\"@type\":\"Person\",\"@id\":\"https:\/\/narteks.net\/#\/schema\/person\/61f37d9834294b72d31d274e7ed79bca\",\"name\":\"Tar\u0131k\",\"image\":{\"@type\":\"ImageObject\",\"inLanguage\":\"tr\",\"@id\":\"https:\/\/narteks.net\/#\/schema\/person\/image\/\",\"url\":\"https:\/\/secure.gravatar.com\/avatar\/50865afb55632c4ae467e0af0930f6510aa2297d8014be502a55b14f3b7550cf?s=96&d=mm&r=g\",\"contentUrl\":\"https:\/\/secure.gravatar.com\/avatar\/50865afb55632c4ae467e0af0930f6510aa2297d8014be502a55b14f3b7550cf?s=96&d=mm&r=g\",\"caption\":\"Tar\u0131k\"},\"sameAs\":[\"http:\/\/narteks.net\"],\"url\":\"https:\/\/narteks.net\/index.php\/author\/narbak\/\"}]}<\/script>\n<!-- \/ Yoast SEO Premium plugin. -->","yoast_head_json":{"title":"DEVR\u0130M - narteks.net","robots":{"index":"index","follow":"follow","max-snippet":"max-snippet:-1","max-image-preview":"max-image-preview:large","max-video-preview":"max-video-preview:-1"},"canonical":"https:\/\/narteks.net\/index.php\/2011\/02\/28\/devrim\/","og_locale":"tr_TR","og_type":"article","og_title":"DEVR\u0130M","og_description":"\u00a0 Temiz kalan tek yerdir devrimb\u00fct\u00fcn bir y\u0131lkirlenen duvardaama g\u00f6rebilmek i\u00e7inas\u0131ld\u0131\u011f\u0131 \u00e7ividen indirilmelidiryapraklar\u0131 biten takvim Zorbalara direnmektir devrimbir \u00e7ocu\u011funannesinin \u00e7antas\u0131ndan ald\u0131\u011f\u0131 paralar\u0131alt\u0131na gizledi\u011finis\u00f6ylememi\u015ftir d\u00f6v\u00fclenhi\u00e7bir hal\u0131 \u0130\u00e7inde ya\u015famakt\u0131r devrimdiki\u015f kutusununve toplui\u011fneler gibibir arada olmay\u0131 gerektirirkar\u015f\u0131 koyabilmek i\u00e7in zulm\u00fcnemakas denilen patronun Gece \u0131\u015f\u0131klar aras\u0131nda ko\u015fmakt\u0131r devrimate\u015f b\u00f6cekleriniyakalamak isteyen \u00e7ocuklar\u0131npe\u015fine tak\u0131l\u0131r g\u00fcn geliryan\u0131p s\u00f6nen mavi \u0131\u015f\u0131klar\u0131polis arabalar\u0131n\u0131n Ka\u011f\u0131t [&hellip;]","og_url":"https:\/\/narteks.net\/index.php\/2011\/02\/28\/devrim\/","og_site_name":"narteks.net","article_published_time":"2011-02-28T18:30:23+00:00","og_image":[{"width":300,"height":90,"url":"https:\/\/narteks.net\/wp-content\/uploads\/narteks.png","type":"image\/png"}],"author":"Tar\u0131k","twitter_card":"summary_large_image","twitter_creator":"@narteks","twitter_site":"@narteks","twitter_misc":{"Yazan:":"Tar\u0131k","Tahmini okuma s\u00fcresi":"1 dakika"},"schema":{"@context":"https:\/\/schema.org","@graph":[{"@type":"Article","@id":"https:\/\/narteks.net\/index.php\/2011\/02\/28\/devrim\/#article","isPartOf":{"@id":"https:\/\/narteks.net\/index.php\/2011\/02\/28\/devrim\/"},"author":{"name":"Tar\u0131k","@id":"https:\/\/narteks.net\/#\/schema\/person\/61f37d9834294b72d31d274e7ed79bca"},"headline":"DEVR\u0130M","datePublished":"2011-02-28T18:30:23+00:00","mainEntityOfPage":{"@id":"https:\/\/narteks.net\/index.php\/2011\/02\/28\/devrim\/"},"wordCount":123,"commentCount":0,"publisher":{"@id":"https:\/\/narteks.net\/#organization"},"articleSection":["Sunay AKIN"],"inLanguage":"tr","potentialAction":[{"@type":"CommentAction","name":"Comment","target":["https:\/\/narteks.net\/index.php\/2011\/02\/28\/devrim\/#respond"]}]},{"@type":"WebPage","@id":"https:\/\/narteks.net\/index.php\/2011\/02\/28\/devrim\/","url":"https:\/\/narteks.net\/index.php\/2011\/02\/28\/devrim\/","name":"DEVR\u0130M - narteks.net","isPartOf":{"@id":"https:\/\/narteks.net\/#website"},"datePublished":"2011-02-28T18:30:23+00:00","breadcrumb":{"@id":"https:\/\/narteks.net\/index.php\/2011\/02\/28\/devrim\/#breadcrumb"},"inLanguage":"tr","potentialAction":[{"@type":"ReadAction","target":["https:\/\/narteks.net\/index.php\/2011\/02\/28\/devrim\/"]}]},{"@type":"BreadcrumbList","@id":"https:\/\/narteks.net\/index.php\/2011\/02\/28\/devrim\/#breadcrumb","itemListElement":[{"@type":"ListItem","position":1,"name":"Anasayfa","item":"https:\/\/narteks.net\/"},{"@type":"ListItem","position":2,"name":"DEVR\u0130M"}]},{"@type":"WebSite","@id":"https:\/\/narteks.net\/#website","url":"https:\/\/narteks.net\/","name":"narteks.net","description":"K\u00fclt\u00fcr Sanat Edebiyat Felsefe","publisher":{"@id":"https:\/\/narteks.net\/#organization"},"alternateName":"K\u00fclt\u00fcr Sanat Edebiyat Felsefe","potentialAction":[{"@type":"SearchAction","target":{"@type":"EntryPoint","urlTemplate":"https:\/\/narteks.net\/?s={search_term_string}"},"query-input":{"@type":"PropertyValueSpecification","valueRequired":true,"valueName":"search_term_string"}}],"inLanguage":"tr"},{"@type":"Organization","@id":"https:\/\/narteks.net\/#organization","name":"narteks.net","url":"https:\/\/narteks.net\/","logo":{"@type":"ImageObject","inLanguage":"tr","@id":"https:\/\/narteks.net\/#\/schema\/logo\/image\/","url":"https:\/\/narteks.net\/wp-content\/uploads\/narteks.png","contentUrl":"https:\/\/narteks.net\/wp-content\/uploads\/narteks.png","width":300,"height":90,"caption":"narteks.net"},"image":{"@id":"https:\/\/narteks.net\/#\/schema\/logo\/image\/"},"sameAs":["https:\/\/x.com\/narteks","https:\/\/instagram.com\/narteksnet"]},{"@type":"Person","@id":"https:\/\/narteks.net\/#\/schema\/person\/61f37d9834294b72d31d274e7ed79bca","name":"Tar\u0131k","image":{"@type":"ImageObject","inLanguage":"tr","@id":"https:\/\/narteks.net\/#\/schema\/person\/image\/","url":"https:\/\/secure.gravatar.com\/avatar\/50865afb55632c4ae467e0af0930f6510aa2297d8014be502a55b14f3b7550cf?s=96&d=mm&r=g","contentUrl":"https:\/\/secure.gravatar.com\/avatar\/50865afb55632c4ae467e0af0930f6510aa2297d8014be502a55b14f3b7550cf?s=96&d=mm&r=g","caption":"Tar\u0131k"},"sameAs":["http:\/\/narteks.net"],"url":"https:\/\/narteks.net\/index.php\/author\/narbak\/"}]}},"_links":{"self":[{"href":"https:\/\/narteks.net\/index.php\/wp-json\/wp\/v2\/posts\/5474","targetHints":{"allow":["GET"]}}],"collection":[{"href":"https:\/\/narteks.net\/index.php\/wp-json\/wp\/v2\/posts"}],"about":[{"href":"https:\/\/narteks.net\/index.php\/wp-json\/wp\/v2\/types\/post"}],"author":[{"embeddable":true,"href":"https:\/\/narteks.net\/index.php\/wp-json\/wp\/v2\/users\/1"}],"replies":[{"embeddable":true,"href":"https:\/\/narteks.net\/index.php\/wp-json\/wp\/v2\/comments?post=5474"}],"version-history":[{"count":0,"href":"https:\/\/narteks.net\/index.php\/wp-json\/wp\/v2\/posts\/5474\/revisions"}],"wp:attachment":[{"href":"https:\/\/narteks.net\/index.php\/wp-json\/wp\/v2\/media?parent=5474"}],"wp:term":[{"taxonomy":"category","embeddable":true,"href":"https:\/\/narteks.net\/index.php\/wp-json\/wp\/v2\/categories?post=5474"},{"taxonomy":"post_tag","embeddable":true,"href":"https:\/\/narteks.net\/index.php\/wp-json\/wp\/v2\/tags?post=5474"}],"curies":[{"name":"wp","href":"https:\/\/api.w.org\/{rel}","templated":true}]}}