{"id":5476,"date":"2011-02-28T21:31:39","date_gmt":"2011-02-28T18:31:39","guid":{"rendered":"http:\/\/localhost\/wordpress\/2011\/02\/28\/harc\/"},"modified":"2011-02-28T21:31:39","modified_gmt":"2011-02-28T18:31:39","slug":"harc","status":"publish","type":"post","link":"https:\/\/narteks.net\/index.php\/2011\/02\/28\/harc\/","title":{"rendered":"HAR\u00c7"},"content":{"rendered":"<p>\u00a0<\/p>\n<p>Bilemiyorum hangi g\u00f6kdelenin\u00a0 <br \/>tu\u011flalar\u0131 aras\u0131ndad\u0131r\u00a0 <br \/>elele y\u00fcr\u00fcd\u00fc\u011f\u00fcm\u00fcz\u00a0 <br \/>ve seni\u00a0 <br \/>ilk kez \u00f6pt\u00fc\u011f\u00fcm\u00a0 <br \/>o kuytu kumsal\u00a0 <\/p>\n<p>Ama duyar\u0131m\u00a0 <br \/>bir m\u0131s\u0131r tarlas\u0131n\u0131n\u00a0 <br \/>y\u00fcre\u011findeki tela\u015f\u0131\u00a0 <br \/>g\u00f6r\u00fcl\u00fcnce da\u011f\u0131n ard\u0131ndan\u00a0 <br \/>kentin ilk g\u00f6kdeleni\u00a0 <\/p>\n<p>Daha kamyonlar dolusu\u00a0 <br \/>kum elenir\u00a0 <br \/>in\u015faat \u00f6nlerinde\u00a0 <br \/>ay\u0131klan\u0131r deniz kabuklar\u0131\u00a0 <br \/>yok edilir gibi\u00a0 <br \/>bir cinayetin izleri <\/p>\n<p>Sunay AKIN\u00a0\u00a0 <\/p>\n","protected":false},"excerpt":{"rendered":"<p>\u00a0 Bilemiyorum hangi g\u00f6kdelenin\u00a0 tu\u011flalar\u0131 aras\u0131ndad\u0131r\u00a0 elele y\u00fcr\u00fcd\u00fc\u011f\u00fcm\u00fcz\u00a0 ve seni\u00a0 ilk kez \u00f6pt\u00fc\u011f\u00fcm\u00a0 o kuytu kumsal\u00a0 Ama duyar\u0131m\u00a0 bir m\u0131s\u0131r tarlas\u0131n\u0131n\u00a0 y\u00fcre\u011findeki tela\u015f\u0131\u00a0 g\u00f6r\u00fcl\u00fcnce da\u011f\u0131n ard\u0131ndan\u00a0 kentin ilk g\u00f6kdeleni\u00a0 Daha kamyonlar dolusu\u00a0 kum elenir\u00a0 in\u015faat \u00f6nlerinde\u00a0 ay\u0131klan\u0131r deniz kabuklar\u0131\u00a0 yok edilir gibi\u00a0 bir cinayetin izleri Sunay AKIN\u00a0\u00a0<\/p>\n","protected":false},"author":1,"featured_media":0,"comment_status":"open","ping_status":"open","sticky":false,"template":"","format":"standard","meta":{"footnotes":""},"categories":[171],"tags":[],"class_list":{"0":"post-5476","1":"post","2":"type-post","3":"status-publish","4":"format-standard","6":"category-sunay-akin"},"yoast_head":"<!-- This site is optimized with the Yoast SEO Premium plugin v24.9 (Yoast SEO v24.9) - https:\/\/yoast.com\/wordpress\/plugins\/seo\/ -->\n<title>HAR\u00c7 - narteks.net<\/title>\n<meta name=\"robots\" content=\"index, follow, max-snippet:-1, max-image-preview:large, max-video-preview:-1\" \/>\n<link rel=\"canonical\" href=\"https:\/\/narteks.net\/index.php\/2011\/02\/28\/harc\/\" \/>\n<meta property=\"og:locale\" content=\"tr_TR\" \/>\n<meta property=\"og:type\" content=\"article\" \/>\n<meta property=\"og:title\" content=\"HAR\u00c7\" \/>\n<meta property=\"og:description\" content=\"\u00a0 Bilemiyorum hangi g\u00f6kdelenin\u00a0 tu\u011flalar\u0131 aras\u0131ndad\u0131r\u00a0 elele y\u00fcr\u00fcd\u00fc\u011f\u00fcm\u00fcz\u00a0 ve seni\u00a0 ilk kez \u00f6pt\u00fc\u011f\u00fcm\u00a0 o kuytu kumsal\u00a0 Ama duyar\u0131m\u00a0 bir m\u0131s\u0131r tarlas\u0131n\u0131n\u00a0 y\u00fcre\u011findeki tela\u015f\u0131\u00a0 g\u00f6r\u00fcl\u00fcnce da\u011f\u0131n ard\u0131ndan\u00a0 kentin ilk g\u00f6kdeleni\u00a0 Daha kamyonlar dolusu\u00a0 kum elenir\u00a0 in\u015faat \u00f6nlerinde\u00a0 ay\u0131klan\u0131r deniz kabuklar\u0131\u00a0 yok edilir gibi\u00a0 bir cinayetin izleri Sunay AKIN\u00a0\u00a0\" \/>\n<meta property=\"og:url\" content=\"https:\/\/narteks.net\/index.php\/2011\/02\/28\/harc\/\" \/>\n<meta property=\"og:site_name\" content=\"narteks.net\" \/>\n<meta property=\"article:published_time\" content=\"2011-02-28T18:31:39+00:00\" \/>\n<meta property=\"og:image\" content=\"https:\/\/narteks.net\/wp-content\/uploads\/narteks.png\" \/>\n\t<meta property=\"og:image:width\" content=\"300\" \/>\n\t<meta property=\"og:image:height\" content=\"90\" \/>\n\t<meta property=\"og:image:type\" content=\"image\/png\" \/>\n<meta name=\"author\" content=\"Tar\u0131k\" \/>\n<meta name=\"twitter:card\" content=\"summary_large_image\" \/>\n<meta name=\"twitter:creator\" content=\"@narteks\" \/>\n<meta name=\"twitter:site\" content=\"@narteks\" \/>\n<meta name=\"twitter:label1\" content=\"Yazan:\" \/>\n\t<meta name=\"twitter:data1\" content=\"Tar\u0131k\" \/>\n<script type=\"application\/ld+json\" class=\"yoast-schema-graph\">{\"@context\":\"https:\/\/schema.org\",\"@graph\":[{\"@type\":\"Article\",\"@id\":\"https:\/\/narteks.net\/index.php\/2011\/02\/28\/harc\/#article\",\"isPartOf\":{\"@id\":\"https:\/\/narteks.net\/index.php\/2011\/02\/28\/harc\/\"},\"author\":{\"name\":\"Tar\u0131k\",\"@id\":\"https:\/\/narteks.net\/#\/schema\/person\/61f37d9834294b72d31d274e7ed79bca\"},\"headline\":\"HAR\u00c7\",\"datePublished\":\"2011-02-28T18:31:39+00:00\",\"mainEntityOfPage\":{\"@id\":\"https:\/\/narteks.net\/index.php\/2011\/02\/28\/harc\/\"},\"wordCount\":72,\"commentCount\":0,\"publisher\":{\"@id\":\"https:\/\/narteks.net\/#organization\"},\"articleSection\":[\"Sunay AKIN\"],\"inLanguage\":\"tr\",\"potentialAction\":[{\"@type\":\"CommentAction\",\"name\":\"Comment\",\"target\":[\"https:\/\/narteks.net\/index.php\/2011\/02\/28\/harc\/#respond\"]}]},{\"@type\":\"WebPage\",\"@id\":\"https:\/\/narteks.net\/index.php\/2011\/02\/28\/harc\/\",\"url\":\"https:\/\/narteks.net\/index.php\/2011\/02\/28\/harc\/\",\"name\":\"HAR\u00c7 - narteks.net\",\"isPartOf\":{\"@id\":\"https:\/\/narteks.net\/#website\"},\"datePublished\":\"2011-02-28T18:31:39+00:00\",\"breadcrumb\":{\"@id\":\"https:\/\/narteks.net\/index.php\/2011\/02\/28\/harc\/#breadcrumb\"},\"inLanguage\":\"tr\",\"potentialAction\":[{\"@type\":\"ReadAction\",\"target\":[\"https:\/\/narteks.net\/index.php\/2011\/02\/28\/harc\/\"]}]},{\"@type\":\"BreadcrumbList\",\"@id\":\"https:\/\/narteks.net\/index.php\/2011\/02\/28\/harc\/#breadcrumb\",\"itemListElement\":[{\"@type\":\"ListItem\",\"position\":1,\"name\":\"Anasayfa\",\"item\":\"https:\/\/narteks.net\/\"},{\"@type\":\"ListItem\",\"position\":2,\"name\":\"HAR\u00c7\"}]},{\"@type\":\"WebSite\",\"@id\":\"https:\/\/narteks.net\/#website\",\"url\":\"https:\/\/narteks.net\/\",\"name\":\"narteks.net\",\"description\":\"K\u00fclt\u00fcr Sanat Edebiyat Felsefe\",\"publisher\":{\"@id\":\"https:\/\/narteks.net\/#organization\"},\"alternateName\":\"K\u00fclt\u00fcr Sanat Edebiyat Felsefe\",\"potentialAction\":[{\"@type\":\"SearchAction\",\"target\":{\"@type\":\"EntryPoint\",\"urlTemplate\":\"https:\/\/narteks.net\/?s={search_term_string}\"},\"query-input\":{\"@type\":\"PropertyValueSpecification\",\"valueRequired\":true,\"valueName\":\"search_term_string\"}}],\"inLanguage\":\"tr\"},{\"@type\":\"Organization\",\"@id\":\"https:\/\/narteks.net\/#organization\",\"name\":\"narteks.net\",\"url\":\"https:\/\/narteks.net\/\",\"logo\":{\"@type\":\"ImageObject\",\"inLanguage\":\"tr\",\"@id\":\"https:\/\/narteks.net\/#\/schema\/logo\/image\/\",\"url\":\"https:\/\/narteks.net\/wp-content\/uploads\/narteks.png\",\"contentUrl\":\"https:\/\/narteks.net\/wp-content\/uploads\/narteks.png\",\"width\":300,\"height\":90,\"caption\":\"narteks.net\"},\"image\":{\"@id\":\"https:\/\/narteks.net\/#\/schema\/logo\/image\/\"},\"sameAs\":[\"https:\/\/x.com\/narteks\",\"https:\/\/instagram.com\/narteksnet\"]},{\"@type\":\"Person\",\"@id\":\"https:\/\/narteks.net\/#\/schema\/person\/61f37d9834294b72d31d274e7ed79bca\",\"name\":\"Tar\u0131k\",\"image\":{\"@type\":\"ImageObject\",\"inLanguage\":\"tr\",\"@id\":\"https:\/\/narteks.net\/#\/schema\/person\/image\/\",\"url\":\"https:\/\/secure.gravatar.com\/avatar\/50865afb55632c4ae467e0af0930f6510aa2297d8014be502a55b14f3b7550cf?s=96&d=mm&r=g\",\"contentUrl\":\"https:\/\/secure.gravatar.com\/avatar\/50865afb55632c4ae467e0af0930f6510aa2297d8014be502a55b14f3b7550cf?s=96&d=mm&r=g\",\"caption\":\"Tar\u0131k\"},\"sameAs\":[\"http:\/\/narteks.net\"],\"url\":\"https:\/\/narteks.net\/index.php\/author\/narbak\/\"}]}<\/script>\n<!-- \/ Yoast SEO Premium plugin. -->","yoast_head_json":{"title":"HAR\u00c7 - narteks.net","robots":{"index":"index","follow":"follow","max-snippet":"max-snippet:-1","max-image-preview":"max-image-preview:large","max-video-preview":"max-video-preview:-1"},"canonical":"https:\/\/narteks.net\/index.php\/2011\/02\/28\/harc\/","og_locale":"tr_TR","og_type":"article","og_title":"HAR\u00c7","og_description":"\u00a0 Bilemiyorum hangi g\u00f6kdelenin\u00a0 tu\u011flalar\u0131 aras\u0131ndad\u0131r\u00a0 elele y\u00fcr\u00fcd\u00fc\u011f\u00fcm\u00fcz\u00a0 ve seni\u00a0 ilk kez \u00f6pt\u00fc\u011f\u00fcm\u00a0 o kuytu kumsal\u00a0 Ama duyar\u0131m\u00a0 bir m\u0131s\u0131r tarlas\u0131n\u0131n\u00a0 y\u00fcre\u011findeki tela\u015f\u0131\u00a0 g\u00f6r\u00fcl\u00fcnce da\u011f\u0131n ard\u0131ndan\u00a0 kentin ilk g\u00f6kdeleni\u00a0 Daha kamyonlar dolusu\u00a0 kum elenir\u00a0 in\u015faat \u00f6nlerinde\u00a0 ay\u0131klan\u0131r deniz kabuklar\u0131\u00a0 yok edilir gibi\u00a0 bir cinayetin izleri Sunay AKIN\u00a0\u00a0","og_url":"https:\/\/narteks.net\/index.php\/2011\/02\/28\/harc\/","og_site_name":"narteks.net","article_published_time":"2011-02-28T18:31:39+00:00","og_image":[{"width":300,"height":90,"url":"https:\/\/narteks.net\/wp-content\/uploads\/narteks.png","type":"image\/png"}],"author":"Tar\u0131k","twitter_card":"summary_large_image","twitter_creator":"@narteks","twitter_site":"@narteks","twitter_misc":{"Yazan:":"Tar\u0131k"},"schema":{"@context":"https:\/\/schema.org","@graph":[{"@type":"Article","@id":"https:\/\/narteks.net\/index.php\/2011\/02\/28\/harc\/#article","isPartOf":{"@id":"https:\/\/narteks.net\/index.php\/2011\/02\/28\/harc\/"},"author":{"name":"Tar\u0131k","@id":"https:\/\/narteks.net\/#\/schema\/person\/61f37d9834294b72d31d274e7ed79bca"},"headline":"HAR\u00c7","datePublished":"2011-02-28T18:31:39+00:00","mainEntityOfPage":{"@id":"https:\/\/narteks.net\/index.php\/2011\/02\/28\/harc\/"},"wordCount":72,"commentCount":0,"publisher":{"@id":"https:\/\/narteks.net\/#organization"},"articleSection":["Sunay AKIN"],"inLanguage":"tr","potentialAction":[{"@type":"CommentAction","name":"Comment","target":["https:\/\/narteks.net\/index.php\/2011\/02\/28\/harc\/#respond"]}]},{"@type":"WebPage","@id":"https:\/\/narteks.net\/index.php\/2011\/02\/28\/harc\/","url":"https:\/\/narteks.net\/index.php\/2011\/02\/28\/harc\/","name":"HAR\u00c7 - narteks.net","isPartOf":{"@id":"https:\/\/narteks.net\/#website"},"datePublished":"2011-02-28T18:31:39+00:00","breadcrumb":{"@id":"https:\/\/narteks.net\/index.php\/2011\/02\/28\/harc\/#breadcrumb"},"inLanguage":"tr","potentialAction":[{"@type":"ReadAction","target":["https:\/\/narteks.net\/index.php\/2011\/02\/28\/harc\/"]}]},{"@type":"BreadcrumbList","@id":"https:\/\/narteks.net\/index.php\/2011\/02\/28\/harc\/#breadcrumb","itemListElement":[{"@type":"ListItem","position":1,"name":"Anasayfa","item":"https:\/\/narteks.net\/"},{"@type":"ListItem","position":2,"name":"HAR\u00c7"}]},{"@type":"WebSite","@id":"https:\/\/narteks.net\/#website","url":"https:\/\/narteks.net\/","name":"narteks.net","description":"K\u00fclt\u00fcr Sanat Edebiyat Felsefe","publisher":{"@id":"https:\/\/narteks.net\/#organization"},"alternateName":"K\u00fclt\u00fcr Sanat Edebiyat Felsefe","potentialAction":[{"@type":"SearchAction","target":{"@type":"EntryPoint","urlTemplate":"https:\/\/narteks.net\/?s={search_term_string}"},"query-input":{"@type":"PropertyValueSpecification","valueRequired":true,"valueName":"search_term_string"}}],"inLanguage":"tr"},{"@type":"Organization","@id":"https:\/\/narteks.net\/#organization","name":"narteks.net","url":"https:\/\/narteks.net\/","logo":{"@type":"ImageObject","inLanguage":"tr","@id":"https:\/\/narteks.net\/#\/schema\/logo\/image\/","url":"https:\/\/narteks.net\/wp-content\/uploads\/narteks.png","contentUrl":"https:\/\/narteks.net\/wp-content\/uploads\/narteks.png","width":300,"height":90,"caption":"narteks.net"},"image":{"@id":"https:\/\/narteks.net\/#\/schema\/logo\/image\/"},"sameAs":["https:\/\/x.com\/narteks","https:\/\/instagram.com\/narteksnet"]},{"@type":"Person","@id":"https:\/\/narteks.net\/#\/schema\/person\/61f37d9834294b72d31d274e7ed79bca","name":"Tar\u0131k","image":{"@type":"ImageObject","inLanguage":"tr","@id":"https:\/\/narteks.net\/#\/schema\/person\/image\/","url":"https:\/\/secure.gravatar.com\/avatar\/50865afb55632c4ae467e0af0930f6510aa2297d8014be502a55b14f3b7550cf?s=96&d=mm&r=g","contentUrl":"https:\/\/secure.gravatar.com\/avatar\/50865afb55632c4ae467e0af0930f6510aa2297d8014be502a55b14f3b7550cf?s=96&d=mm&r=g","caption":"Tar\u0131k"},"sameAs":["http:\/\/narteks.net"],"url":"https:\/\/narteks.net\/index.php\/author\/narbak\/"}]}},"_links":{"self":[{"href":"https:\/\/narteks.net\/index.php\/wp-json\/wp\/v2\/posts\/5476","targetHints":{"allow":["GET"]}}],"collection":[{"href":"https:\/\/narteks.net\/index.php\/wp-json\/wp\/v2\/posts"}],"about":[{"href":"https:\/\/narteks.net\/index.php\/wp-json\/wp\/v2\/types\/post"}],"author":[{"embeddable":true,"href":"https:\/\/narteks.net\/index.php\/wp-json\/wp\/v2\/users\/1"}],"replies":[{"embeddable":true,"href":"https:\/\/narteks.net\/index.php\/wp-json\/wp\/v2\/comments?post=5476"}],"version-history":[{"count":0,"href":"https:\/\/narteks.net\/index.php\/wp-json\/wp\/v2\/posts\/5476\/revisions"}],"wp:attachment":[{"href":"https:\/\/narteks.net\/index.php\/wp-json\/wp\/v2\/media?parent=5476"}],"wp:term":[{"taxonomy":"category","embeddable":true,"href":"https:\/\/narteks.net\/index.php\/wp-json\/wp\/v2\/categories?post=5476"},{"taxonomy":"post_tag","embeddable":true,"href":"https:\/\/narteks.net\/index.php\/wp-json\/wp\/v2\/tags?post=5476"}],"curies":[{"name":"wp","href":"https:\/\/api.w.org\/{rel}","templated":true}]}}