{"id":5479,"date":"2011-02-28T21:33:21","date_gmt":"2011-02-28T18:33:21","guid":{"rendered":"http:\/\/localhost\/wordpress\/2011\/02\/28\/madalya\/"},"modified":"2011-02-28T21:33:21","modified_gmt":"2011-02-28T18:33:21","slug":"madalya","status":"publish","type":"post","link":"https:\/\/narteks.net\/index.php\/2011\/02\/28\/madalya\/","title":{"rendered":"MADALYA"},"content":{"rendered":"<p>\u00a0<\/p>\n<p>Bayram yerinde canland\u0131r\u0131l\u0131rken\u00a0\u00a0 <br \/>kentin kurulu\u015fu\u00a0\u00a0 <br \/>ayaklar\u0131 kesilen gazi\u00a0\u00a0 <br \/>koltuk deyneklerini\u00a0\u00a0 <br \/>b\u0131rakmad\u0131\u011f\u0131 i\u00e7in alk\u0131\u015flamad\u0131\u011f\u0131na\u00a0\u00a0 <br \/>inand\u0131r\u0131r herkesi\u00a0\u00a0 <\/p>\n<p>\u00d6l\u00fc askerlerin ceplerinden\u00a0\u00a0 <br \/>toplad\u0131klar\u0131 kanl\u0131 fotograflar\u0131\u00a0\u00a0 <br \/>bar\u0131\u015f toplant\u0131lar\u0131nda\u00a0\u00a0 <br \/>sinema \u00f6n\u00fcndeki \u00e7ocuklar gibi\u00a0\u00a0 <br \/>birbirleriyle nas\u0131l de\u011fi\u015ftirdiklerini\u00a0\u00a0 <br \/>bilir generallerin\u00a0\u00a0 <\/p>\n<p>Ka\u00e7 askeri\u00a0\u00a0 <br \/>kendisine \u00f6zendirdi\u011fini de saym\u0131\u015ft\u0131r\u00a0\u00a0 <br \/>sava\u015f\u0131n tam ortas\u0131nda\u00a0\u00a0 <br \/>kuyru\u011funu b\u0131rak\u0131p\u00a0\u00a0 <br \/>kumtorbalar\u0131 aras\u0131ndan\u00a0\u00a0 <br \/>evine ka\u00e7an kertenkelenin\u00a0\u00a0 <\/p>\n<p>Bayram yerinde canland\u0131r\u0131l\u0131rken\u00a0\u00a0 <br \/>kentin kurtulu\u015fu\u00a0\u00a0 <br \/>ayaklar\u0131 kesilen gazi\u00a0\u00a0 <br \/>hi\u00e7 d\u00fc\u015f\u00fcnmeden\u00a0\u00a0 <br \/>de\u011fi\u015fir madalyas\u0131n\u0131\u00a0\u00a0 <br \/>\u00e7orap kokusuna<\/p>\n<p>Sunay AKIN\u00a0\u00a0 <\/p>\n","protected":false},"excerpt":{"rendered":"<p>\u00a0 Bayram yerinde canland\u0131r\u0131l\u0131rken\u00a0\u00a0 kentin kurulu\u015fu\u00a0\u00a0 ayaklar\u0131 kesilen gazi\u00a0\u00a0 koltuk deyneklerini\u00a0\u00a0 b\u0131rakmad\u0131\u011f\u0131 i\u00e7in alk\u0131\u015flamad\u0131\u011f\u0131na\u00a0\u00a0 inand\u0131r\u0131r herkesi\u00a0\u00a0 \u00d6l\u00fc askerlerin ceplerinden\u00a0\u00a0 toplad\u0131klar\u0131 kanl\u0131 fotograflar\u0131\u00a0\u00a0 bar\u0131\u015f toplant\u0131lar\u0131nda\u00a0\u00a0 sinema \u00f6n\u00fcndeki \u00e7ocuklar gibi\u00a0\u00a0 birbirleriyle nas\u0131l de\u011fi\u015ftirdiklerini\u00a0\u00a0 bilir generallerin\u00a0\u00a0 Ka\u00e7 askeri\u00a0\u00a0 kendisine \u00f6zendirdi\u011fini de saym\u0131\u015ft\u0131r\u00a0\u00a0 sava\u015f\u0131n tam ortas\u0131nda\u00a0\u00a0 kuyru\u011funu b\u0131rak\u0131p\u00a0\u00a0 kumtorbalar\u0131 aras\u0131ndan\u00a0\u00a0 evine ka\u00e7an kertenkelenin\u00a0\u00a0 Bayram yerinde canland\u0131r\u0131l\u0131rken\u00a0\u00a0 kentin kurtulu\u015fu\u00a0\u00a0 ayaklar\u0131 [&hellip;]<\/p>\n","protected":false},"author":1,"featured_media":0,"comment_status":"open","ping_status":"open","sticky":false,"template":"","format":"standard","meta":{"footnotes":""},"categories":[171],"tags":[],"class_list":{"0":"post-5479","1":"post","2":"type-post","3":"status-publish","4":"format-standard","6":"category-sunay-akin"},"yoast_head":"<!-- This site is optimized with the Yoast SEO Premium plugin v24.9 (Yoast SEO v24.9) - https:\/\/yoast.com\/wordpress\/plugins\/seo\/ -->\n<title>MADALYA - narteks.net<\/title>\n<meta name=\"robots\" content=\"index, follow, max-snippet:-1, max-image-preview:large, max-video-preview:-1\" \/>\n<link rel=\"canonical\" href=\"https:\/\/narteks.net\/index.php\/2011\/02\/28\/madalya\/\" \/>\n<meta property=\"og:locale\" content=\"tr_TR\" \/>\n<meta property=\"og:type\" content=\"article\" \/>\n<meta property=\"og:title\" content=\"MADALYA\" \/>\n<meta property=\"og:description\" content=\"\u00a0 Bayram yerinde canland\u0131r\u0131l\u0131rken\u00a0\u00a0 kentin kurulu\u015fu\u00a0\u00a0 ayaklar\u0131 kesilen gazi\u00a0\u00a0 koltuk deyneklerini\u00a0\u00a0 b\u0131rakmad\u0131\u011f\u0131 i\u00e7in alk\u0131\u015flamad\u0131\u011f\u0131na\u00a0\u00a0 inand\u0131r\u0131r herkesi\u00a0\u00a0 \u00d6l\u00fc askerlerin ceplerinden\u00a0\u00a0 toplad\u0131klar\u0131 kanl\u0131 fotograflar\u0131\u00a0\u00a0 bar\u0131\u015f toplant\u0131lar\u0131nda\u00a0\u00a0 sinema \u00f6n\u00fcndeki \u00e7ocuklar gibi\u00a0\u00a0 birbirleriyle nas\u0131l de\u011fi\u015ftirdiklerini\u00a0\u00a0 bilir generallerin\u00a0\u00a0 Ka\u00e7 askeri\u00a0\u00a0 kendisine \u00f6zendirdi\u011fini de saym\u0131\u015ft\u0131r\u00a0\u00a0 sava\u015f\u0131n tam ortas\u0131nda\u00a0\u00a0 kuyru\u011funu b\u0131rak\u0131p\u00a0\u00a0 kumtorbalar\u0131 aras\u0131ndan\u00a0\u00a0 evine ka\u00e7an kertenkelenin\u00a0\u00a0 Bayram yerinde canland\u0131r\u0131l\u0131rken\u00a0\u00a0 kentin kurtulu\u015fu\u00a0\u00a0 ayaklar\u0131 [&hellip;]\" \/>\n<meta property=\"og:url\" content=\"https:\/\/narteks.net\/index.php\/2011\/02\/28\/madalya\/\" \/>\n<meta property=\"og:site_name\" content=\"narteks.net\" \/>\n<meta property=\"article:published_time\" content=\"2011-02-28T18:33:21+00:00\" \/>\n<meta property=\"og:image\" content=\"https:\/\/narteks.net\/wp-content\/uploads\/narteks.png\" \/>\n\t<meta property=\"og:image:width\" content=\"300\" \/>\n\t<meta property=\"og:image:height\" content=\"90\" \/>\n\t<meta property=\"og:image:type\" content=\"image\/png\" \/>\n<meta name=\"author\" content=\"Tar\u0131k\" \/>\n<meta name=\"twitter:card\" content=\"summary_large_image\" \/>\n<meta name=\"twitter:creator\" content=\"@narteks\" \/>\n<meta name=\"twitter:site\" content=\"@narteks\" \/>\n<meta name=\"twitter:label1\" content=\"Yazan:\" \/>\n\t<meta name=\"twitter:data1\" content=\"Tar\u0131k\" \/>\n<script type=\"application\/ld+json\" class=\"yoast-schema-graph\">{\"@context\":\"https:\/\/schema.org\",\"@graph\":[{\"@type\":\"Article\",\"@id\":\"https:\/\/narteks.net\/index.php\/2011\/02\/28\/madalya\/#article\",\"isPartOf\":{\"@id\":\"https:\/\/narteks.net\/index.php\/2011\/02\/28\/madalya\/\"},\"author\":{\"name\":\"Tar\u0131k\",\"@id\":\"https:\/\/narteks.net\/#\/schema\/person\/61f37d9834294b72d31d274e7ed79bca\"},\"headline\":\"MADALYA\",\"datePublished\":\"2011-02-28T18:33:21+00:00\",\"mainEntityOfPage\":{\"@id\":\"https:\/\/narteks.net\/index.php\/2011\/02\/28\/madalya\/\"},\"wordCount\":100,\"commentCount\":0,\"publisher\":{\"@id\":\"https:\/\/narteks.net\/#organization\"},\"articleSection\":[\"Sunay AKIN\"],\"inLanguage\":\"tr\",\"potentialAction\":[{\"@type\":\"CommentAction\",\"name\":\"Comment\",\"target\":[\"https:\/\/narteks.net\/index.php\/2011\/02\/28\/madalya\/#respond\"]}]},{\"@type\":\"WebPage\",\"@id\":\"https:\/\/narteks.net\/index.php\/2011\/02\/28\/madalya\/\",\"url\":\"https:\/\/narteks.net\/index.php\/2011\/02\/28\/madalya\/\",\"name\":\"MADALYA - narteks.net\",\"isPartOf\":{\"@id\":\"https:\/\/narteks.net\/#website\"},\"datePublished\":\"2011-02-28T18:33:21+00:00\",\"breadcrumb\":{\"@id\":\"https:\/\/narteks.net\/index.php\/2011\/02\/28\/madalya\/#breadcrumb\"},\"inLanguage\":\"tr\",\"potentialAction\":[{\"@type\":\"ReadAction\",\"target\":[\"https:\/\/narteks.net\/index.php\/2011\/02\/28\/madalya\/\"]}]},{\"@type\":\"BreadcrumbList\",\"@id\":\"https:\/\/narteks.net\/index.php\/2011\/02\/28\/madalya\/#breadcrumb\",\"itemListElement\":[{\"@type\":\"ListItem\",\"position\":1,\"name\":\"Anasayfa\",\"item\":\"https:\/\/narteks.net\/\"},{\"@type\":\"ListItem\",\"position\":2,\"name\":\"MADALYA\"}]},{\"@type\":\"WebSite\",\"@id\":\"https:\/\/narteks.net\/#website\",\"url\":\"https:\/\/narteks.net\/\",\"name\":\"narteks.net\",\"description\":\"K\u00fclt\u00fcr Sanat Edebiyat Felsefe\",\"publisher\":{\"@id\":\"https:\/\/narteks.net\/#organization\"},\"alternateName\":\"K\u00fclt\u00fcr Sanat Edebiyat Felsefe\",\"potentialAction\":[{\"@type\":\"SearchAction\",\"target\":{\"@type\":\"EntryPoint\",\"urlTemplate\":\"https:\/\/narteks.net\/?s={search_term_string}\"},\"query-input\":{\"@type\":\"PropertyValueSpecification\",\"valueRequired\":true,\"valueName\":\"search_term_string\"}}],\"inLanguage\":\"tr\"},{\"@type\":\"Organization\",\"@id\":\"https:\/\/narteks.net\/#organization\",\"name\":\"narteks.net\",\"url\":\"https:\/\/narteks.net\/\",\"logo\":{\"@type\":\"ImageObject\",\"inLanguage\":\"tr\",\"@id\":\"https:\/\/narteks.net\/#\/schema\/logo\/image\/\",\"url\":\"https:\/\/narteks.net\/wp-content\/uploads\/narteks.png\",\"contentUrl\":\"https:\/\/narteks.net\/wp-content\/uploads\/narteks.png\",\"width\":300,\"height\":90,\"caption\":\"narteks.net\"},\"image\":{\"@id\":\"https:\/\/narteks.net\/#\/schema\/logo\/image\/\"},\"sameAs\":[\"https:\/\/x.com\/narteks\",\"https:\/\/instagram.com\/narteksnet\"]},{\"@type\":\"Person\",\"@id\":\"https:\/\/narteks.net\/#\/schema\/person\/61f37d9834294b72d31d274e7ed79bca\",\"name\":\"Tar\u0131k\",\"image\":{\"@type\":\"ImageObject\",\"inLanguage\":\"tr\",\"@id\":\"https:\/\/narteks.net\/#\/schema\/person\/image\/\",\"url\":\"https:\/\/secure.gravatar.com\/avatar\/50865afb55632c4ae467e0af0930f6510aa2297d8014be502a55b14f3b7550cf?s=96&d=mm&r=g\",\"contentUrl\":\"https:\/\/secure.gravatar.com\/avatar\/50865afb55632c4ae467e0af0930f6510aa2297d8014be502a55b14f3b7550cf?s=96&d=mm&r=g\",\"caption\":\"Tar\u0131k\"},\"sameAs\":[\"http:\/\/narteks.net\"],\"url\":\"https:\/\/narteks.net\/index.php\/author\/narbak\/\"}]}<\/script>\n<!-- \/ Yoast SEO Premium plugin. -->","yoast_head_json":{"title":"MADALYA - narteks.net","robots":{"index":"index","follow":"follow","max-snippet":"max-snippet:-1","max-image-preview":"max-image-preview:large","max-video-preview":"max-video-preview:-1"},"canonical":"https:\/\/narteks.net\/index.php\/2011\/02\/28\/madalya\/","og_locale":"tr_TR","og_type":"article","og_title":"MADALYA","og_description":"\u00a0 Bayram yerinde canland\u0131r\u0131l\u0131rken\u00a0\u00a0 kentin kurulu\u015fu\u00a0\u00a0 ayaklar\u0131 kesilen gazi\u00a0\u00a0 koltuk deyneklerini\u00a0\u00a0 b\u0131rakmad\u0131\u011f\u0131 i\u00e7in alk\u0131\u015flamad\u0131\u011f\u0131na\u00a0\u00a0 inand\u0131r\u0131r herkesi\u00a0\u00a0 \u00d6l\u00fc askerlerin ceplerinden\u00a0\u00a0 toplad\u0131klar\u0131 kanl\u0131 fotograflar\u0131\u00a0\u00a0 bar\u0131\u015f toplant\u0131lar\u0131nda\u00a0\u00a0 sinema \u00f6n\u00fcndeki \u00e7ocuklar gibi\u00a0\u00a0 birbirleriyle nas\u0131l de\u011fi\u015ftirdiklerini\u00a0\u00a0 bilir generallerin\u00a0\u00a0 Ka\u00e7 askeri\u00a0\u00a0 kendisine \u00f6zendirdi\u011fini de saym\u0131\u015ft\u0131r\u00a0\u00a0 sava\u015f\u0131n tam ortas\u0131nda\u00a0\u00a0 kuyru\u011funu b\u0131rak\u0131p\u00a0\u00a0 kumtorbalar\u0131 aras\u0131ndan\u00a0\u00a0 evine ka\u00e7an kertenkelenin\u00a0\u00a0 Bayram yerinde canland\u0131r\u0131l\u0131rken\u00a0\u00a0 kentin kurtulu\u015fu\u00a0\u00a0 ayaklar\u0131 [&hellip;]","og_url":"https:\/\/narteks.net\/index.php\/2011\/02\/28\/madalya\/","og_site_name":"narteks.net","article_published_time":"2011-02-28T18:33:21+00:00","og_image":[{"width":300,"height":90,"url":"https:\/\/narteks.net\/wp-content\/uploads\/narteks.png","type":"image\/png"}],"author":"Tar\u0131k","twitter_card":"summary_large_image","twitter_creator":"@narteks","twitter_site":"@narteks","twitter_misc":{"Yazan:":"Tar\u0131k"},"schema":{"@context":"https:\/\/schema.org","@graph":[{"@type":"Article","@id":"https:\/\/narteks.net\/index.php\/2011\/02\/28\/madalya\/#article","isPartOf":{"@id":"https:\/\/narteks.net\/index.php\/2011\/02\/28\/madalya\/"},"author":{"name":"Tar\u0131k","@id":"https:\/\/narteks.net\/#\/schema\/person\/61f37d9834294b72d31d274e7ed79bca"},"headline":"MADALYA","datePublished":"2011-02-28T18:33:21+00:00","mainEntityOfPage":{"@id":"https:\/\/narteks.net\/index.php\/2011\/02\/28\/madalya\/"},"wordCount":100,"commentCount":0,"publisher":{"@id":"https:\/\/narteks.net\/#organization"},"articleSection":["Sunay AKIN"],"inLanguage":"tr","potentialAction":[{"@type":"CommentAction","name":"Comment","target":["https:\/\/narteks.net\/index.php\/2011\/02\/28\/madalya\/#respond"]}]},{"@type":"WebPage","@id":"https:\/\/narteks.net\/index.php\/2011\/02\/28\/madalya\/","url":"https:\/\/narteks.net\/index.php\/2011\/02\/28\/madalya\/","name":"MADALYA - narteks.net","isPartOf":{"@id":"https:\/\/narteks.net\/#website"},"datePublished":"2011-02-28T18:33:21+00:00","breadcrumb":{"@id":"https:\/\/narteks.net\/index.php\/2011\/02\/28\/madalya\/#breadcrumb"},"inLanguage":"tr","potentialAction":[{"@type":"ReadAction","target":["https:\/\/narteks.net\/index.php\/2011\/02\/28\/madalya\/"]}]},{"@type":"BreadcrumbList","@id":"https:\/\/narteks.net\/index.php\/2011\/02\/28\/madalya\/#breadcrumb","itemListElement":[{"@type":"ListItem","position":1,"name":"Anasayfa","item":"https:\/\/narteks.net\/"},{"@type":"ListItem","position":2,"name":"MADALYA"}]},{"@type":"WebSite","@id":"https:\/\/narteks.net\/#website","url":"https:\/\/narteks.net\/","name":"narteks.net","description":"K\u00fclt\u00fcr Sanat Edebiyat Felsefe","publisher":{"@id":"https:\/\/narteks.net\/#organization"},"alternateName":"K\u00fclt\u00fcr Sanat Edebiyat Felsefe","potentialAction":[{"@type":"SearchAction","target":{"@type":"EntryPoint","urlTemplate":"https:\/\/narteks.net\/?s={search_term_string}"},"query-input":{"@type":"PropertyValueSpecification","valueRequired":true,"valueName":"search_term_string"}}],"inLanguage":"tr"},{"@type":"Organization","@id":"https:\/\/narteks.net\/#organization","name":"narteks.net","url":"https:\/\/narteks.net\/","logo":{"@type":"ImageObject","inLanguage":"tr","@id":"https:\/\/narteks.net\/#\/schema\/logo\/image\/","url":"https:\/\/narteks.net\/wp-content\/uploads\/narteks.png","contentUrl":"https:\/\/narteks.net\/wp-content\/uploads\/narteks.png","width":300,"height":90,"caption":"narteks.net"},"image":{"@id":"https:\/\/narteks.net\/#\/schema\/logo\/image\/"},"sameAs":["https:\/\/x.com\/narteks","https:\/\/instagram.com\/narteksnet"]},{"@type":"Person","@id":"https:\/\/narteks.net\/#\/schema\/person\/61f37d9834294b72d31d274e7ed79bca","name":"Tar\u0131k","image":{"@type":"ImageObject","inLanguage":"tr","@id":"https:\/\/narteks.net\/#\/schema\/person\/image\/","url":"https:\/\/secure.gravatar.com\/avatar\/50865afb55632c4ae467e0af0930f6510aa2297d8014be502a55b14f3b7550cf?s=96&d=mm&r=g","contentUrl":"https:\/\/secure.gravatar.com\/avatar\/50865afb55632c4ae467e0af0930f6510aa2297d8014be502a55b14f3b7550cf?s=96&d=mm&r=g","caption":"Tar\u0131k"},"sameAs":["http:\/\/narteks.net"],"url":"https:\/\/narteks.net\/index.php\/author\/narbak\/"}]}},"_links":{"self":[{"href":"https:\/\/narteks.net\/index.php\/wp-json\/wp\/v2\/posts\/5479","targetHints":{"allow":["GET"]}}],"collection":[{"href":"https:\/\/narteks.net\/index.php\/wp-json\/wp\/v2\/posts"}],"about":[{"href":"https:\/\/narteks.net\/index.php\/wp-json\/wp\/v2\/types\/post"}],"author":[{"embeddable":true,"href":"https:\/\/narteks.net\/index.php\/wp-json\/wp\/v2\/users\/1"}],"replies":[{"embeddable":true,"href":"https:\/\/narteks.net\/index.php\/wp-json\/wp\/v2\/comments?post=5479"}],"version-history":[{"count":0,"href":"https:\/\/narteks.net\/index.php\/wp-json\/wp\/v2\/posts\/5479\/revisions"}],"wp:attachment":[{"href":"https:\/\/narteks.net\/index.php\/wp-json\/wp\/v2\/media?parent=5479"}],"wp:term":[{"taxonomy":"category","embeddable":true,"href":"https:\/\/narteks.net\/index.php\/wp-json\/wp\/v2\/categories?post=5479"},{"taxonomy":"post_tag","embeddable":true,"href":"https:\/\/narteks.net\/index.php\/wp-json\/wp\/v2\/tags?post=5479"}],"curies":[{"name":"wp","href":"https:\/\/api.w.org\/{rel}","templated":true}]}}