{"id":549,"date":"2009-04-12T19:20:56","date_gmt":"2009-04-12T16:20:56","guid":{"rendered":"http:\/\/localhost\/wordpress\/2009\/04\/12\/sivas-acisi\/"},"modified":"2009-04-12T19:20:56","modified_gmt":"2009-04-12T16:20:56","slug":"sivas-acisi","status":"publish","type":"post","link":"https:\/\/narteks.net\/index.php\/2009\/04\/12\/sivas-acisi\/","title":{"rendered":"S\u0130VAS ACISI"},"content":{"rendered":"<p>\u00a0<\/p>\n<p>Ben tan\u0131r\u0131m <br \/> Bu bulut bizim oran\u0131n bulutu <br \/> Hem\u015feriyiz ne de olsa <br \/> Benim i\u00e7in kalkm\u0131\u015f ta Sivas&#8217;tan gelmi\u015f <br \/> Yurdumun bulutu <br \/> Ba\u015f\u0131m\u0131n \u00fcst\u00fcnde yeri var <\/p>\n<p> Ben bilirim <br \/> Bu r\u00fczgar bizim oran\u0131n r\u00fczgar\u0131 <br \/> Hem\u015ferimiz ne de olsa <br \/> Benim i\u00e7in kopup gelmi\u015f yayladan <br \/> Yurdumun r\u00fczgar\u0131 <br \/> Kurutsun diye akan kanlar\u0131m\u0131 <\/p>\n<p> Ben anlar\u0131m <br \/> Bu ac\u0131 bizim ora i\u015fi, han\u00e7er ac\u0131s\u0131 <br \/> Bir \u00fclkedeniz ne de olsa <br \/> Ayn\u0131 dili konu\u015fsak da <br \/> Anlamay\u0131z birbirimizi <br \/> Han\u00e7erin nak\u0131\u015f\u0131 <br \/> Tan\u0131d\u0131m ac\u0131s\u0131ndan, Sivas i\u015fi <\/p>\n<p> Ben duyar\u0131m, duyumsar\u0131m <br \/> Bizim oran\u0131n s\u0131z\u0131s\u0131 bu <br \/> Binip kara bir buluta Sivas ilinden <br \/> Sivas r\u00fczgar\u0131nda u\u00e7up gelmi\u015f <br \/> Helallik dilemeye <\/p>\n<p> Ey y\u00fcre\u011fimin onmaz ac\u0131lar\u0131 <br \/> Ey beynimin dinmez sanc\u0131lar\u0131 <br \/> Su\u00e7 ne bende, ne de sende <br \/> Ne de olsa yurtta\u015f\u0131ms\u0131n <br \/> Kapal\u0131 da olsa b\u00fct\u00fcn vicdan kap\u0131lar\u0131 y\u00fcz\u00fcme <br \/> Bilmelisin, bir yerin var can evimde<\/p>\n<p>Aziz NES\u0130N<\/p>\n","protected":false},"excerpt":{"rendered":"<p>\u00a0 Ben tan\u0131r\u0131m Bu bulut bizim oran\u0131n bulutu Hem\u015feriyiz ne de olsa Benim i\u00e7in kalkm\u0131\u015f ta Sivas&#8217;tan gelmi\u015f Yurdumun bulutu Ba\u015f\u0131m\u0131n \u00fcst\u00fcnde yeri var Ben bilirim Bu r\u00fczgar bizim oran\u0131n r\u00fczgar\u0131 Hem\u015ferimiz ne de olsa Benim i\u00e7in kopup gelmi\u015f yayladan Yurdumun r\u00fczgar\u0131 Kurutsun diye akan kanlar\u0131m\u0131 Ben anlar\u0131m Bu ac\u0131 bizim ora i\u015fi, han\u00e7er ac\u0131s\u0131 [&hellip;]<\/p>\n","protected":false},"author":1,"featured_media":0,"comment_status":"open","ping_status":"open","sticky":false,"template":"","format":"standard","meta":{"footnotes":""},"categories":[12],"tags":[],"class_list":{"0":"post-549","1":"post","2":"type-post","3":"status-publish","4":"format-standard","6":"category-aziz-nesin"},"yoast_head":"<!-- This site is optimized with the Yoast SEO Premium plugin v24.9 (Yoast SEO v24.9) - https:\/\/yoast.com\/wordpress\/plugins\/seo\/ -->\n<title>S\u0130VAS ACISI - narteks.net<\/title>\n<meta name=\"robots\" content=\"index, follow, max-snippet:-1, max-image-preview:large, max-video-preview:-1\" \/>\n<link rel=\"canonical\" href=\"https:\/\/narteks.net\/index.php\/2009\/04\/12\/sivas-acisi\/\" \/>\n<meta property=\"og:locale\" content=\"tr_TR\" \/>\n<meta property=\"og:type\" content=\"article\" \/>\n<meta property=\"og:title\" content=\"S\u0130VAS ACISI\" \/>\n<meta property=\"og:description\" content=\"\u00a0 Ben tan\u0131r\u0131m Bu bulut bizim oran\u0131n bulutu Hem\u015feriyiz ne de olsa Benim i\u00e7in kalkm\u0131\u015f ta Sivas&#8217;tan gelmi\u015f Yurdumun bulutu Ba\u015f\u0131m\u0131n \u00fcst\u00fcnde yeri var Ben bilirim Bu r\u00fczgar bizim oran\u0131n r\u00fczgar\u0131 Hem\u015ferimiz ne de olsa Benim i\u00e7in kopup gelmi\u015f yayladan Yurdumun r\u00fczgar\u0131 Kurutsun diye akan kanlar\u0131m\u0131 Ben anlar\u0131m Bu ac\u0131 bizim ora i\u015fi, han\u00e7er ac\u0131s\u0131 [&hellip;]\" \/>\n<meta property=\"og:url\" content=\"https:\/\/narteks.net\/index.php\/2009\/04\/12\/sivas-acisi\/\" \/>\n<meta property=\"og:site_name\" content=\"narteks.net\" \/>\n<meta property=\"article:published_time\" content=\"2009-04-12T16:20:56+00:00\" \/>\n<meta property=\"og:image\" content=\"https:\/\/narteks.net\/wp-content\/uploads\/narteks.png\" \/>\n\t<meta property=\"og:image:width\" content=\"300\" \/>\n\t<meta property=\"og:image:height\" content=\"90\" \/>\n\t<meta property=\"og:image:type\" content=\"image\/png\" \/>\n<meta name=\"author\" content=\"Tar\u0131k\" \/>\n<meta name=\"twitter:card\" content=\"summary_large_image\" \/>\n<meta name=\"twitter:creator\" content=\"@narteks\" \/>\n<meta name=\"twitter:site\" content=\"@narteks\" \/>\n<meta name=\"twitter:label1\" content=\"Yazan:\" \/>\n\t<meta name=\"twitter:data1\" content=\"Tar\u0131k\" \/>\n\t<meta name=\"twitter:label2\" content=\"Tahmini okuma s\u00fcresi\" \/>\n\t<meta name=\"twitter:data2\" content=\"1 dakika\" \/>\n<script type=\"application\/ld+json\" class=\"yoast-schema-graph\">{\"@context\":\"https:\/\/schema.org\",\"@graph\":[{\"@type\":\"Article\",\"@id\":\"https:\/\/narteks.net\/index.php\/2009\/04\/12\/sivas-acisi\/#article\",\"isPartOf\":{\"@id\":\"https:\/\/narteks.net\/index.php\/2009\/04\/12\/sivas-acisi\/\"},\"author\":{\"name\":\"Tar\u0131k\",\"@id\":\"https:\/\/narteks.net\/#\/schema\/person\/61f37d9834294b72d31d274e7ed79bca\"},\"headline\":\"S\u0130VAS ACISI\",\"datePublished\":\"2009-04-12T16:20:56+00:00\",\"mainEntityOfPage\":{\"@id\":\"https:\/\/narteks.net\/index.php\/2009\/04\/12\/sivas-acisi\/\"},\"wordCount\":173,\"commentCount\":0,\"publisher\":{\"@id\":\"https:\/\/narteks.net\/#organization\"},\"articleSection\":[\"Aziz NESIN\"],\"inLanguage\":\"tr\",\"potentialAction\":[{\"@type\":\"CommentAction\",\"name\":\"Comment\",\"target\":[\"https:\/\/narteks.net\/index.php\/2009\/04\/12\/sivas-acisi\/#respond\"]}]},{\"@type\":\"WebPage\",\"@id\":\"https:\/\/narteks.net\/index.php\/2009\/04\/12\/sivas-acisi\/\",\"url\":\"https:\/\/narteks.net\/index.php\/2009\/04\/12\/sivas-acisi\/\",\"name\":\"S\u0130VAS ACISI - narteks.net\",\"isPartOf\":{\"@id\":\"https:\/\/narteks.net\/#website\"},\"datePublished\":\"2009-04-12T16:20:56+00:00\",\"breadcrumb\":{\"@id\":\"https:\/\/narteks.net\/index.php\/2009\/04\/12\/sivas-acisi\/#breadcrumb\"},\"inLanguage\":\"tr\",\"potentialAction\":[{\"@type\":\"ReadAction\",\"target\":[\"https:\/\/narteks.net\/index.php\/2009\/04\/12\/sivas-acisi\/\"]}]},{\"@type\":\"BreadcrumbList\",\"@id\":\"https:\/\/narteks.net\/index.php\/2009\/04\/12\/sivas-acisi\/#breadcrumb\",\"itemListElement\":[{\"@type\":\"ListItem\",\"position\":1,\"name\":\"Anasayfa\",\"item\":\"https:\/\/narteks.net\/\"},{\"@type\":\"ListItem\",\"position\":2,\"name\":\"S\u0130VAS ACISI\"}]},{\"@type\":\"WebSite\",\"@id\":\"https:\/\/narteks.net\/#website\",\"url\":\"https:\/\/narteks.net\/\",\"name\":\"narteks.net\",\"description\":\"K\u00fclt\u00fcr Sanat Edebiyat Felsefe\",\"publisher\":{\"@id\":\"https:\/\/narteks.net\/#organization\"},\"alternateName\":\"K\u00fclt\u00fcr Sanat Edebiyat Felsefe\",\"potentialAction\":[{\"@type\":\"SearchAction\",\"target\":{\"@type\":\"EntryPoint\",\"urlTemplate\":\"https:\/\/narteks.net\/?s={search_term_string}\"},\"query-input\":{\"@type\":\"PropertyValueSpecification\",\"valueRequired\":true,\"valueName\":\"search_term_string\"}}],\"inLanguage\":\"tr\"},{\"@type\":\"Organization\",\"@id\":\"https:\/\/narteks.net\/#organization\",\"name\":\"narteks.net\",\"url\":\"https:\/\/narteks.net\/\",\"logo\":{\"@type\":\"ImageObject\",\"inLanguage\":\"tr\",\"@id\":\"https:\/\/narteks.net\/#\/schema\/logo\/image\/\",\"url\":\"https:\/\/narteks.net\/wp-content\/uploads\/narteks.png\",\"contentUrl\":\"https:\/\/narteks.net\/wp-content\/uploads\/narteks.png\",\"width\":300,\"height\":90,\"caption\":\"narteks.net\"},\"image\":{\"@id\":\"https:\/\/narteks.net\/#\/schema\/logo\/image\/\"},\"sameAs\":[\"https:\/\/x.com\/narteks\",\"https:\/\/instagram.com\/narteksnet\"]},{\"@type\":\"Person\",\"@id\":\"https:\/\/narteks.net\/#\/schema\/person\/61f37d9834294b72d31d274e7ed79bca\",\"name\":\"Tar\u0131k\",\"image\":{\"@type\":\"ImageObject\",\"inLanguage\":\"tr\",\"@id\":\"https:\/\/narteks.net\/#\/schema\/person\/image\/\",\"url\":\"https:\/\/secure.gravatar.com\/avatar\/50865afb55632c4ae467e0af0930f6510aa2297d8014be502a55b14f3b7550cf?s=96&d=mm&r=g\",\"contentUrl\":\"https:\/\/secure.gravatar.com\/avatar\/50865afb55632c4ae467e0af0930f6510aa2297d8014be502a55b14f3b7550cf?s=96&d=mm&r=g\",\"caption\":\"Tar\u0131k\"},\"sameAs\":[\"http:\/\/narteks.net\"],\"url\":\"https:\/\/narteks.net\/index.php\/author\/narbak\/\"}]}<\/script>\n<!-- \/ Yoast SEO Premium plugin. -->","yoast_head_json":{"title":"S\u0130VAS ACISI - narteks.net","robots":{"index":"index","follow":"follow","max-snippet":"max-snippet:-1","max-image-preview":"max-image-preview:large","max-video-preview":"max-video-preview:-1"},"canonical":"https:\/\/narteks.net\/index.php\/2009\/04\/12\/sivas-acisi\/","og_locale":"tr_TR","og_type":"article","og_title":"S\u0130VAS ACISI","og_description":"\u00a0 Ben tan\u0131r\u0131m Bu bulut bizim oran\u0131n bulutu Hem\u015feriyiz ne de olsa Benim i\u00e7in kalkm\u0131\u015f ta Sivas&#8217;tan gelmi\u015f Yurdumun bulutu Ba\u015f\u0131m\u0131n \u00fcst\u00fcnde yeri var Ben bilirim Bu r\u00fczgar bizim oran\u0131n r\u00fczgar\u0131 Hem\u015ferimiz ne de olsa Benim i\u00e7in kopup gelmi\u015f yayladan Yurdumun r\u00fczgar\u0131 Kurutsun diye akan kanlar\u0131m\u0131 Ben anlar\u0131m Bu ac\u0131 bizim ora i\u015fi, han\u00e7er ac\u0131s\u0131 [&hellip;]","og_url":"https:\/\/narteks.net\/index.php\/2009\/04\/12\/sivas-acisi\/","og_site_name":"narteks.net","article_published_time":"2009-04-12T16:20:56+00:00","og_image":[{"width":300,"height":90,"url":"https:\/\/narteks.net\/wp-content\/uploads\/narteks.png","type":"image\/png"}],"author":"Tar\u0131k","twitter_card":"summary_large_image","twitter_creator":"@narteks","twitter_site":"@narteks","twitter_misc":{"Yazan:":"Tar\u0131k","Tahmini okuma s\u00fcresi":"1 dakika"},"schema":{"@context":"https:\/\/schema.org","@graph":[{"@type":"Article","@id":"https:\/\/narteks.net\/index.php\/2009\/04\/12\/sivas-acisi\/#article","isPartOf":{"@id":"https:\/\/narteks.net\/index.php\/2009\/04\/12\/sivas-acisi\/"},"author":{"name":"Tar\u0131k","@id":"https:\/\/narteks.net\/#\/schema\/person\/61f37d9834294b72d31d274e7ed79bca"},"headline":"S\u0130VAS ACISI","datePublished":"2009-04-12T16:20:56+00:00","mainEntityOfPage":{"@id":"https:\/\/narteks.net\/index.php\/2009\/04\/12\/sivas-acisi\/"},"wordCount":173,"commentCount":0,"publisher":{"@id":"https:\/\/narteks.net\/#organization"},"articleSection":["Aziz NESIN"],"inLanguage":"tr","potentialAction":[{"@type":"CommentAction","name":"Comment","target":["https:\/\/narteks.net\/index.php\/2009\/04\/12\/sivas-acisi\/#respond"]}]},{"@type":"WebPage","@id":"https:\/\/narteks.net\/index.php\/2009\/04\/12\/sivas-acisi\/","url":"https:\/\/narteks.net\/index.php\/2009\/04\/12\/sivas-acisi\/","name":"S\u0130VAS ACISI - narteks.net","isPartOf":{"@id":"https:\/\/narteks.net\/#website"},"datePublished":"2009-04-12T16:20:56+00:00","breadcrumb":{"@id":"https:\/\/narteks.net\/index.php\/2009\/04\/12\/sivas-acisi\/#breadcrumb"},"inLanguage":"tr","potentialAction":[{"@type":"ReadAction","target":["https:\/\/narteks.net\/index.php\/2009\/04\/12\/sivas-acisi\/"]}]},{"@type":"BreadcrumbList","@id":"https:\/\/narteks.net\/index.php\/2009\/04\/12\/sivas-acisi\/#breadcrumb","itemListElement":[{"@type":"ListItem","position":1,"name":"Anasayfa","item":"https:\/\/narteks.net\/"},{"@type":"ListItem","position":2,"name":"S\u0130VAS ACISI"}]},{"@type":"WebSite","@id":"https:\/\/narteks.net\/#website","url":"https:\/\/narteks.net\/","name":"narteks.net","description":"K\u00fclt\u00fcr Sanat Edebiyat Felsefe","publisher":{"@id":"https:\/\/narteks.net\/#organization"},"alternateName":"K\u00fclt\u00fcr Sanat Edebiyat Felsefe","potentialAction":[{"@type":"SearchAction","target":{"@type":"EntryPoint","urlTemplate":"https:\/\/narteks.net\/?s={search_term_string}"},"query-input":{"@type":"PropertyValueSpecification","valueRequired":true,"valueName":"search_term_string"}}],"inLanguage":"tr"},{"@type":"Organization","@id":"https:\/\/narteks.net\/#organization","name":"narteks.net","url":"https:\/\/narteks.net\/","logo":{"@type":"ImageObject","inLanguage":"tr","@id":"https:\/\/narteks.net\/#\/schema\/logo\/image\/","url":"https:\/\/narteks.net\/wp-content\/uploads\/narteks.png","contentUrl":"https:\/\/narteks.net\/wp-content\/uploads\/narteks.png","width":300,"height":90,"caption":"narteks.net"},"image":{"@id":"https:\/\/narteks.net\/#\/schema\/logo\/image\/"},"sameAs":["https:\/\/x.com\/narteks","https:\/\/instagram.com\/narteksnet"]},{"@type":"Person","@id":"https:\/\/narteks.net\/#\/schema\/person\/61f37d9834294b72d31d274e7ed79bca","name":"Tar\u0131k","image":{"@type":"ImageObject","inLanguage":"tr","@id":"https:\/\/narteks.net\/#\/schema\/person\/image\/","url":"https:\/\/secure.gravatar.com\/avatar\/50865afb55632c4ae467e0af0930f6510aa2297d8014be502a55b14f3b7550cf?s=96&d=mm&r=g","contentUrl":"https:\/\/secure.gravatar.com\/avatar\/50865afb55632c4ae467e0af0930f6510aa2297d8014be502a55b14f3b7550cf?s=96&d=mm&r=g","caption":"Tar\u0131k"},"sameAs":["http:\/\/narteks.net"],"url":"https:\/\/narteks.net\/index.php\/author\/narbak\/"}]}},"_links":{"self":[{"href":"https:\/\/narteks.net\/index.php\/wp-json\/wp\/v2\/posts\/549","targetHints":{"allow":["GET"]}}],"collection":[{"href":"https:\/\/narteks.net\/index.php\/wp-json\/wp\/v2\/posts"}],"about":[{"href":"https:\/\/narteks.net\/index.php\/wp-json\/wp\/v2\/types\/post"}],"author":[{"embeddable":true,"href":"https:\/\/narteks.net\/index.php\/wp-json\/wp\/v2\/users\/1"}],"replies":[{"embeddable":true,"href":"https:\/\/narteks.net\/index.php\/wp-json\/wp\/v2\/comments?post=549"}],"version-history":[{"count":0,"href":"https:\/\/narteks.net\/index.php\/wp-json\/wp\/v2\/posts\/549\/revisions"}],"wp:attachment":[{"href":"https:\/\/narteks.net\/index.php\/wp-json\/wp\/v2\/media?parent=549"}],"wp:term":[{"taxonomy":"category","embeddable":true,"href":"https:\/\/narteks.net\/index.php\/wp-json\/wp\/v2\/categories?post=549"},{"taxonomy":"post_tag","embeddable":true,"href":"https:\/\/narteks.net\/index.php\/wp-json\/wp\/v2\/tags?post=549"}],"curies":[{"name":"wp","href":"https:\/\/api.w.org\/{rel}","templated":true}]}}