{"id":55,"date":"2009-02-27T14:38:11","date_gmt":"2009-02-27T11:38:11","guid":{"rendered":"http:\/\/localhost\/wordpress\/2009\/02\/27\/karanfil-sokagi\/"},"modified":"2009-02-27T14:38:11","modified_gmt":"2009-02-27T11:38:11","slug":"karanfil-sokagi","status":"publish","type":"post","link":"https:\/\/narteks.net\/index.php\/2009\/02\/27\/karanfil-sokagi\/","title":{"rendered":"KARANFIL SOKAGI"},"content":{"rendered":"<p>\u00a0<\/p>\n<p><span>Tekmil ufuklar k\u0131\u015flad\u0131<br \/> D\u00f6rt y\u00f6n, onalt\u0131 r\u00fczgar<br \/> Ve yedi iklim be\u015f k\u0131ta<br \/> Kar alt\u0131ndad\u0131r.<\/p>\n<p> Kavu\u015fmak ilmindeyiz b\u00fct\u00fcn fas\u0131llar<br \/> Ray, asfalt, \u015fose, makadam<br \/> Benim sarp yolum, patikam<br \/> Toros, Anti-toros ve asi F\u0131rat<br \/> T\u00fct\u00fcn, pamuk, bu\u011fday ovalar\u0131, \u00e7eltikler<br \/> Vatan\u0131m boylu boyunca<br \/> Kar alt\u0131ndad\u0131r.<\/p>\n<p> D\u00f6\u011f\u00fc\u015fenler de var bu havalarda<br \/> El, ayak buz kesmi\u015f, y\u00fcrek cehennem<br \/> \u00dcmit, \u00f6fkeli ve mahzun<br \/> \u00dcmit, sap\u0131na kadar namuslu<br \/> Da\u011flara \u00e7ekilmi\u015f<br \/> Kar alt\u0131ndad\u0131r.<\/p>\n<p> \u015eark\u0131lar bilirim \u00e7i\u011f tutmu\u015f<br \/> Resimler, heykeller, destanlar<br \/> Usta ellerin yap\u0131s\u0131<br \/> Kolsuz, yar\u0131 \u00e7\u0131plak Ven\u00fcs<br \/> Trans-nonain soka\u011f\u0131<br \/> Garcia Lorca&#8217;n\u0131n mezar\u0131,<br \/> Ve g\u00f6zbebekleri Pierre Curie&#8217;nin<br \/> Kar alt\u0131ndad\u0131r.<\/p>\n<p> Duvarlar\u0131 kat\u0131 sab\u0131r ta\u015f\u0131ndan<br \/> Kar alt\u0131ndad\u0131r varo\u015flar,<br \/> Hasretim nazl\u0131d\u0131r Ankara.<br \/> Dumanl\u0131 havay\u0131 kurt sevsin<br \/> Asfalttan y\u00fcr\u00fcs\u00fcn Aral\u0131k,<br \/> Sevmem, netameli ayd\u0131r.<br \/> Bir ba\u015fka ama bilemem<br \/> Bir ka\u00e7\u0131nc\u0131 bahara kalm\u0131\u015ft\u0131r vuslat<br \/> Kalbim, bu zul\u00fcml\u00fc sevda,<br \/> Kar alt\u0131ndad\u0131r.<\/p>\n<p> Gecekondularda hava bulan\u0131k puslu<br \/> Alt\u0131nda\u011f g\u00f6kleri k\u00fcm\u00fcl\u00fcsl\u00fc<br \/> Ekme\u011fe, a\u015fka ve \u00f6mre<br \/> K\u00fcfeleriyle h\u00fckmeden<br \/> Ci\u011ferleri k\u00fc\u00e7\u00fck, elleri b\u00fcy\u00fck<br \/> Nefesleri yetmez avu\u00e7lar\u0131na<br \/> -\u0130lkokul \u00e7a\u011f\u0131nda hepsi-<br \/> Kenar \u00e7ocuklar\u0131<br \/> Kar alt\u0131ndad\u0131r.<\/p>\n<p> Hatip \u00c7ay&#8217;\u0131n \u00f6te y\u00fcz\u00fc \u0131l\u0131man<br \/> Bulvarlar \u00e7ak\u0131rkeyf Yeni\u015fehir&#8217;de<br \/> Karanfil Soka\u011f\u0131nda g\u00fcn a\u00e7m\u0131\u015f<br \/> Hikmetinden sual olunmaz de\u011fil<br \/> &#8220;mucip sebebin&#8221; bilirim<br \/> Ve &#8220;kafi delil&#8221; ortada&#8230;<\/p>\n<p> Karanfil soka\u011f\u0131nda bir caml\u0131 bah\u00e7e<br \/> Caml\u0131 bah\u00e7e i\u00e7re bir \u00e7ini saks\u0131<br \/> Bir dal s\u00fcz\u00fcl\u00fcr mavide<br \/> Al &#8211; al bir yang\u0131n \u015fark\u0131s\u0131,<br \/> Bakmay\u0131n saks\u0131da boy verdi\u011fine<br \/> K\u00f6k\u00fc Alt\u0131nda\u011f&#8217;da, \u0130ncesu&#8217;dad\u0131r. <\/span><\/p>\n<p>Ahmed AR\u0130F<\/p>\n","protected":false},"excerpt":{"rendered":"<p>\u00a0 Tekmil ufuklar k\u0131\u015flad\u0131 D\u00f6rt y\u00f6n, onalt\u0131 r\u00fczgar Ve yedi iklim be\u015f k\u0131ta Kar alt\u0131ndad\u0131r. Kavu\u015fmak ilmindeyiz b\u00fct\u00fcn fas\u0131llar Ray, asfalt, \u015fose, makadam Benim sarp yolum, patikam Toros, Anti-toros ve asi F\u0131rat T\u00fct\u00fcn, pamuk, bu\u011fday ovalar\u0131, \u00e7eltikler Vatan\u0131m boylu boyunca Kar alt\u0131ndad\u0131r. D\u00f6\u011f\u00fc\u015fenler de var bu havalarda El, ayak buz kesmi\u015f, y\u00fcrek cehennem \u00dcmit, \u00f6fkeli [&hellip;]<\/p>\n","protected":false},"author":1,"featured_media":0,"comment_status":"open","ping_status":"open","sticky":false,"template":"","format":"standard","meta":{"footnotes":""},"categories":[179],"tags":[],"class_list":{"0":"post-55","1":"post","2":"type-post","3":"status-publish","4":"format-standard","6":"category-ahmed-arif"},"yoast_head":"<!-- This site is optimized with the Yoast SEO Premium plugin v24.9 (Yoast SEO v24.9) - https:\/\/yoast.com\/wordpress\/plugins\/seo\/ -->\n<title>KARANFIL SOKAGI - narteks.net<\/title>\n<meta name=\"robots\" content=\"index, follow, max-snippet:-1, max-image-preview:large, max-video-preview:-1\" \/>\n<link rel=\"canonical\" href=\"https:\/\/narteks.net\/index.php\/2009\/02\/27\/karanfil-sokagi\/\" \/>\n<meta property=\"og:locale\" content=\"tr_TR\" \/>\n<meta property=\"og:type\" content=\"article\" \/>\n<meta property=\"og:title\" content=\"KARANFIL SOKAGI\" \/>\n<meta property=\"og:description\" content=\"\u00a0 Tekmil ufuklar k\u0131\u015flad\u0131 D\u00f6rt y\u00f6n, onalt\u0131 r\u00fczgar Ve yedi iklim be\u015f k\u0131ta Kar alt\u0131ndad\u0131r. Kavu\u015fmak ilmindeyiz b\u00fct\u00fcn fas\u0131llar Ray, asfalt, \u015fose, makadam Benim sarp yolum, patikam Toros, Anti-toros ve asi F\u0131rat T\u00fct\u00fcn, pamuk, bu\u011fday ovalar\u0131, \u00e7eltikler Vatan\u0131m boylu boyunca Kar alt\u0131ndad\u0131r. D\u00f6\u011f\u00fc\u015fenler de var bu havalarda El, ayak buz kesmi\u015f, y\u00fcrek cehennem \u00dcmit, \u00f6fkeli [&hellip;]\" \/>\n<meta property=\"og:url\" content=\"https:\/\/narteks.net\/index.php\/2009\/02\/27\/karanfil-sokagi\/\" \/>\n<meta property=\"og:site_name\" content=\"narteks.net\" \/>\n<meta property=\"article:published_time\" content=\"2009-02-27T11:38:11+00:00\" \/>\n<meta property=\"og:image\" content=\"https:\/\/narteks.net\/wp-content\/uploads\/narteks.png\" \/>\n\t<meta property=\"og:image:width\" content=\"300\" \/>\n\t<meta property=\"og:image:height\" content=\"90\" \/>\n\t<meta property=\"og:image:type\" content=\"image\/png\" \/>\n<meta name=\"author\" content=\"Tar\u0131k\" \/>\n<meta name=\"twitter:card\" content=\"summary_large_image\" \/>\n<meta name=\"twitter:creator\" content=\"@narteks\" \/>\n<meta name=\"twitter:site\" content=\"@narteks\" \/>\n<meta name=\"twitter:label1\" content=\"Yazan:\" \/>\n\t<meta name=\"twitter:data1\" content=\"Tar\u0131k\" \/>\n\t<meta name=\"twitter:label2\" content=\"Tahmini okuma s\u00fcresi\" \/>\n\t<meta name=\"twitter:data2\" content=\"2 dakika\" \/>\n<script type=\"application\/ld+json\" class=\"yoast-schema-graph\">{\"@context\":\"https:\/\/schema.org\",\"@graph\":[{\"@type\":\"Article\",\"@id\":\"https:\/\/narteks.net\/index.php\/2009\/02\/27\/karanfil-sokagi\/#article\",\"isPartOf\":{\"@id\":\"https:\/\/narteks.net\/index.php\/2009\/02\/27\/karanfil-sokagi\/\"},\"author\":{\"name\":\"Tar\u0131k\",\"@id\":\"https:\/\/narteks.net\/#\/schema\/person\/61f37d9834294b72d31d274e7ed79bca\"},\"headline\":\"KARANFIL SOKAGI\",\"datePublished\":\"2009-02-27T11:38:11+00:00\",\"mainEntityOfPage\":{\"@id\":\"https:\/\/narteks.net\/index.php\/2009\/02\/27\/karanfil-sokagi\/\"},\"wordCount\":302,\"commentCount\":0,\"publisher\":{\"@id\":\"https:\/\/narteks.net\/#organization\"},\"articleSection\":[\"Ahmed AR\u0130F\"],\"inLanguage\":\"tr\",\"potentialAction\":[{\"@type\":\"CommentAction\",\"name\":\"Comment\",\"target\":[\"https:\/\/narteks.net\/index.php\/2009\/02\/27\/karanfil-sokagi\/#respond\"]}]},{\"@type\":\"WebPage\",\"@id\":\"https:\/\/narteks.net\/index.php\/2009\/02\/27\/karanfil-sokagi\/\",\"url\":\"https:\/\/narteks.net\/index.php\/2009\/02\/27\/karanfil-sokagi\/\",\"name\":\"KARANFIL SOKAGI - narteks.net\",\"isPartOf\":{\"@id\":\"https:\/\/narteks.net\/#website\"},\"datePublished\":\"2009-02-27T11:38:11+00:00\",\"breadcrumb\":{\"@id\":\"https:\/\/narteks.net\/index.php\/2009\/02\/27\/karanfil-sokagi\/#breadcrumb\"},\"inLanguage\":\"tr\",\"potentialAction\":[{\"@type\":\"ReadAction\",\"target\":[\"https:\/\/narteks.net\/index.php\/2009\/02\/27\/karanfil-sokagi\/\"]}]},{\"@type\":\"BreadcrumbList\",\"@id\":\"https:\/\/narteks.net\/index.php\/2009\/02\/27\/karanfil-sokagi\/#breadcrumb\",\"itemListElement\":[{\"@type\":\"ListItem\",\"position\":1,\"name\":\"Anasayfa\",\"item\":\"https:\/\/narteks.net\/\"},{\"@type\":\"ListItem\",\"position\":2,\"name\":\"KARANFIL SOKAGI\"}]},{\"@type\":\"WebSite\",\"@id\":\"https:\/\/narteks.net\/#website\",\"url\":\"https:\/\/narteks.net\/\",\"name\":\"narteks.net\",\"description\":\"K\u00fclt\u00fcr Sanat Edebiyat Felsefe\",\"publisher\":{\"@id\":\"https:\/\/narteks.net\/#organization\"},\"alternateName\":\"K\u00fclt\u00fcr Sanat Edebiyat Felsefe\",\"potentialAction\":[{\"@type\":\"SearchAction\",\"target\":{\"@type\":\"EntryPoint\",\"urlTemplate\":\"https:\/\/narteks.net\/?s={search_term_string}\"},\"query-input\":{\"@type\":\"PropertyValueSpecification\",\"valueRequired\":true,\"valueName\":\"search_term_string\"}}],\"inLanguage\":\"tr\"},{\"@type\":\"Organization\",\"@id\":\"https:\/\/narteks.net\/#organization\",\"name\":\"narteks.net\",\"url\":\"https:\/\/narteks.net\/\",\"logo\":{\"@type\":\"ImageObject\",\"inLanguage\":\"tr\",\"@id\":\"https:\/\/narteks.net\/#\/schema\/logo\/image\/\",\"url\":\"https:\/\/narteks.net\/wp-content\/uploads\/narteks.png\",\"contentUrl\":\"https:\/\/narteks.net\/wp-content\/uploads\/narteks.png\",\"width\":300,\"height\":90,\"caption\":\"narteks.net\"},\"image\":{\"@id\":\"https:\/\/narteks.net\/#\/schema\/logo\/image\/\"},\"sameAs\":[\"https:\/\/x.com\/narteks\",\"https:\/\/instagram.com\/narteksnet\"]},{\"@type\":\"Person\",\"@id\":\"https:\/\/narteks.net\/#\/schema\/person\/61f37d9834294b72d31d274e7ed79bca\",\"name\":\"Tar\u0131k\",\"image\":{\"@type\":\"ImageObject\",\"inLanguage\":\"tr\",\"@id\":\"https:\/\/narteks.net\/#\/schema\/person\/image\/\",\"url\":\"https:\/\/secure.gravatar.com\/avatar\/50865afb55632c4ae467e0af0930f6510aa2297d8014be502a55b14f3b7550cf?s=96&d=mm&r=g\",\"contentUrl\":\"https:\/\/secure.gravatar.com\/avatar\/50865afb55632c4ae467e0af0930f6510aa2297d8014be502a55b14f3b7550cf?s=96&d=mm&r=g\",\"caption\":\"Tar\u0131k\"},\"sameAs\":[\"http:\/\/narteks.net\"],\"url\":\"https:\/\/narteks.net\/index.php\/author\/narbak\/\"}]}<\/script>\n<!-- \/ Yoast SEO Premium plugin. -->","yoast_head_json":{"title":"KARANFIL SOKAGI - narteks.net","robots":{"index":"index","follow":"follow","max-snippet":"max-snippet:-1","max-image-preview":"max-image-preview:large","max-video-preview":"max-video-preview:-1"},"canonical":"https:\/\/narteks.net\/index.php\/2009\/02\/27\/karanfil-sokagi\/","og_locale":"tr_TR","og_type":"article","og_title":"KARANFIL SOKAGI","og_description":"\u00a0 Tekmil ufuklar k\u0131\u015flad\u0131 D\u00f6rt y\u00f6n, onalt\u0131 r\u00fczgar Ve yedi iklim be\u015f k\u0131ta Kar alt\u0131ndad\u0131r. Kavu\u015fmak ilmindeyiz b\u00fct\u00fcn fas\u0131llar Ray, asfalt, \u015fose, makadam Benim sarp yolum, patikam Toros, Anti-toros ve asi F\u0131rat T\u00fct\u00fcn, pamuk, bu\u011fday ovalar\u0131, \u00e7eltikler Vatan\u0131m boylu boyunca Kar alt\u0131ndad\u0131r. D\u00f6\u011f\u00fc\u015fenler de var bu havalarda El, ayak buz kesmi\u015f, y\u00fcrek cehennem \u00dcmit, \u00f6fkeli [&hellip;]","og_url":"https:\/\/narteks.net\/index.php\/2009\/02\/27\/karanfil-sokagi\/","og_site_name":"narteks.net","article_published_time":"2009-02-27T11:38:11+00:00","og_image":[{"width":300,"height":90,"url":"https:\/\/narteks.net\/wp-content\/uploads\/narteks.png","type":"image\/png"}],"author":"Tar\u0131k","twitter_card":"summary_large_image","twitter_creator":"@narteks","twitter_site":"@narteks","twitter_misc":{"Yazan:":"Tar\u0131k","Tahmini okuma s\u00fcresi":"2 dakika"},"schema":{"@context":"https:\/\/schema.org","@graph":[{"@type":"Article","@id":"https:\/\/narteks.net\/index.php\/2009\/02\/27\/karanfil-sokagi\/#article","isPartOf":{"@id":"https:\/\/narteks.net\/index.php\/2009\/02\/27\/karanfil-sokagi\/"},"author":{"name":"Tar\u0131k","@id":"https:\/\/narteks.net\/#\/schema\/person\/61f37d9834294b72d31d274e7ed79bca"},"headline":"KARANFIL SOKAGI","datePublished":"2009-02-27T11:38:11+00:00","mainEntityOfPage":{"@id":"https:\/\/narteks.net\/index.php\/2009\/02\/27\/karanfil-sokagi\/"},"wordCount":302,"commentCount":0,"publisher":{"@id":"https:\/\/narteks.net\/#organization"},"articleSection":["Ahmed AR\u0130F"],"inLanguage":"tr","potentialAction":[{"@type":"CommentAction","name":"Comment","target":["https:\/\/narteks.net\/index.php\/2009\/02\/27\/karanfil-sokagi\/#respond"]}]},{"@type":"WebPage","@id":"https:\/\/narteks.net\/index.php\/2009\/02\/27\/karanfil-sokagi\/","url":"https:\/\/narteks.net\/index.php\/2009\/02\/27\/karanfil-sokagi\/","name":"KARANFIL SOKAGI - narteks.net","isPartOf":{"@id":"https:\/\/narteks.net\/#website"},"datePublished":"2009-02-27T11:38:11+00:00","breadcrumb":{"@id":"https:\/\/narteks.net\/index.php\/2009\/02\/27\/karanfil-sokagi\/#breadcrumb"},"inLanguage":"tr","potentialAction":[{"@type":"ReadAction","target":["https:\/\/narteks.net\/index.php\/2009\/02\/27\/karanfil-sokagi\/"]}]},{"@type":"BreadcrumbList","@id":"https:\/\/narteks.net\/index.php\/2009\/02\/27\/karanfil-sokagi\/#breadcrumb","itemListElement":[{"@type":"ListItem","position":1,"name":"Anasayfa","item":"https:\/\/narteks.net\/"},{"@type":"ListItem","position":2,"name":"KARANFIL SOKAGI"}]},{"@type":"WebSite","@id":"https:\/\/narteks.net\/#website","url":"https:\/\/narteks.net\/","name":"narteks.net","description":"K\u00fclt\u00fcr Sanat Edebiyat Felsefe","publisher":{"@id":"https:\/\/narteks.net\/#organization"},"alternateName":"K\u00fclt\u00fcr Sanat Edebiyat Felsefe","potentialAction":[{"@type":"SearchAction","target":{"@type":"EntryPoint","urlTemplate":"https:\/\/narteks.net\/?s={search_term_string}"},"query-input":{"@type":"PropertyValueSpecification","valueRequired":true,"valueName":"search_term_string"}}],"inLanguage":"tr"},{"@type":"Organization","@id":"https:\/\/narteks.net\/#organization","name":"narteks.net","url":"https:\/\/narteks.net\/","logo":{"@type":"ImageObject","inLanguage":"tr","@id":"https:\/\/narteks.net\/#\/schema\/logo\/image\/","url":"https:\/\/narteks.net\/wp-content\/uploads\/narteks.png","contentUrl":"https:\/\/narteks.net\/wp-content\/uploads\/narteks.png","width":300,"height":90,"caption":"narteks.net"},"image":{"@id":"https:\/\/narteks.net\/#\/schema\/logo\/image\/"},"sameAs":["https:\/\/x.com\/narteks","https:\/\/instagram.com\/narteksnet"]},{"@type":"Person","@id":"https:\/\/narteks.net\/#\/schema\/person\/61f37d9834294b72d31d274e7ed79bca","name":"Tar\u0131k","image":{"@type":"ImageObject","inLanguage":"tr","@id":"https:\/\/narteks.net\/#\/schema\/person\/image\/","url":"https:\/\/secure.gravatar.com\/avatar\/50865afb55632c4ae467e0af0930f6510aa2297d8014be502a55b14f3b7550cf?s=96&d=mm&r=g","contentUrl":"https:\/\/secure.gravatar.com\/avatar\/50865afb55632c4ae467e0af0930f6510aa2297d8014be502a55b14f3b7550cf?s=96&d=mm&r=g","caption":"Tar\u0131k"},"sameAs":["http:\/\/narteks.net"],"url":"https:\/\/narteks.net\/index.php\/author\/narbak\/"}]}},"_links":{"self":[{"href":"https:\/\/narteks.net\/index.php\/wp-json\/wp\/v2\/posts\/55","targetHints":{"allow":["GET"]}}],"collection":[{"href":"https:\/\/narteks.net\/index.php\/wp-json\/wp\/v2\/posts"}],"about":[{"href":"https:\/\/narteks.net\/index.php\/wp-json\/wp\/v2\/types\/post"}],"author":[{"embeddable":true,"href":"https:\/\/narteks.net\/index.php\/wp-json\/wp\/v2\/users\/1"}],"replies":[{"embeddable":true,"href":"https:\/\/narteks.net\/index.php\/wp-json\/wp\/v2\/comments?post=55"}],"version-history":[{"count":0,"href":"https:\/\/narteks.net\/index.php\/wp-json\/wp\/v2\/posts\/55\/revisions"}],"wp:attachment":[{"href":"https:\/\/narteks.net\/index.php\/wp-json\/wp\/v2\/media?parent=55"}],"wp:term":[{"taxonomy":"category","embeddable":true,"href":"https:\/\/narteks.net\/index.php\/wp-json\/wp\/v2\/categories?post=55"},{"taxonomy":"post_tag","embeddable":true,"href":"https:\/\/narteks.net\/index.php\/wp-json\/wp\/v2\/tags?post=55"}],"curies":[{"name":"wp","href":"https:\/\/api.w.org\/{rel}","templated":true}]}}