{"id":5500,"date":"2011-02-28T21:47:45","date_gmt":"2011-02-28T18:47:45","guid":{"rendered":"http:\/\/localhost\/wordpress\/2011\/02\/28\/beyaz-adam\/"},"modified":"2011-02-28T21:47:45","modified_gmt":"2011-02-28T18:47:45","slug":"beyaz-adam","status":"publish","type":"post","link":"https:\/\/narteks.net\/index.php\/2011\/02\/28\/beyaz-adam\/","title":{"rendered":"BEYAZ ADAM"},"content":{"rendered":"<p>\u00a0<\/p>\n<p>Beyaz adam<br \/>k\u00fc\u00e7\u00fcc\u00fckt\u00fc ilk geldi\u011finde<br \/>ve oturmaktan<br \/>b\u00fct\u00fcn kemikleri s\u0131zl\u0131yordu<br \/>b\u00fcy\u00fck teknesinde<\/p>\n<p>Beyaz adam<br \/>k\u0131z\u0131lderililerin sundu\u011fu yiyeceklerle beslenip<br \/>topraklar\u0131na uzand\u0131\u011f\u0131nda b\u00fcy\u00fcd\u00fc<br \/>bulutlar aras\u0131nda<br \/>bar\u0131\u015f i\u00e7inde ya\u015fayan<br \/>manitu yerine<br \/>tapmam\u0131z\u0131 istedi\u011fi de<br \/>i\u015fkence g\u00f6r\u00fcp<br \/>\u00e7arm\u0131ha gerilen<br \/>bir \u00f6l\u00fcyd\u00fc<\/p>\n<p>Beyaz adam<br \/>\u00f6zg\u00fcrl\u00fck ad\u0131na<br \/>dev bir kad\u0131n heykeli dikti<br \/>do\u011fu denizinin k\u0131y\u0131s\u0131na<br \/>ve her gece<br \/>alt\u0131nda dans etti\u011fimiz y\u0131ld\u0131zlar\u0131<br \/>bayrak diye tutsak etti<br \/>bir bez par\u00e7as\u0131na<\/p>\n<p>Beyaz adam<br \/>\u00f6zg\u00fcrl\u00fck gibi adaleti de<br \/>bir kad\u0131n heykeliyle simgeledi<br \/>ama elinde terazi tutan<br \/>zavall\u0131 kad\u0131n<br \/>g\u00f6zleri ba\u011fl\u0131 oldu\u011fu i\u00e7in<br \/>kendisine tecav\u00fcz edenin<br \/>kim oldu\u011funu g\u00f6remedi&#8230;<\/p>\n<p>Sunay AKIN\u00a0\u00a0 <\/p>\n","protected":false},"excerpt":{"rendered":"<p>\u00a0 Beyaz adamk\u00fc\u00e7\u00fcc\u00fckt\u00fc ilk geldi\u011findeve oturmaktanb\u00fct\u00fcn kemikleri s\u0131zl\u0131yordub\u00fcy\u00fck teknesinde Beyaz adamk\u0131z\u0131lderililerin sundu\u011fu yiyeceklerle besleniptopraklar\u0131na uzand\u0131\u011f\u0131nda b\u00fcy\u00fcd\u00fcbulutlar aras\u0131ndabar\u0131\u015f i\u00e7inde ya\u015fayanmanitu yerinetapmam\u0131z\u0131 istedi\u011fi dei\u015fkence g\u00f6r\u00fcp\u00e7arm\u0131ha gerilenbir \u00f6l\u00fcyd\u00fc Beyaz adam\u00f6zg\u00fcrl\u00fck ad\u0131nadev bir kad\u0131n heykeli diktido\u011fu denizinin k\u0131y\u0131s\u0131nave her gecealt\u0131nda dans etti\u011fimiz y\u0131ld\u0131zlar\u0131bayrak diye tutsak ettibir bez par\u00e7as\u0131na Beyaz adam\u00f6zg\u00fcrl\u00fck gibi adaleti debir kad\u0131n heykeliyle simgelediama elinde terazi tutanzavall\u0131 [&hellip;]<\/p>\n","protected":false},"author":1,"featured_media":0,"comment_status":"open","ping_status":"open","sticky":false,"template":"","format":"standard","meta":{"footnotes":""},"categories":[171],"tags":[],"class_list":{"0":"post-5500","1":"post","2":"type-post","3":"status-publish","4":"format-standard","6":"category-sunay-akin"},"yoast_head":"<!-- This site is optimized with the Yoast SEO Premium plugin v24.9 (Yoast SEO v24.9) - https:\/\/yoast.com\/wordpress\/plugins\/seo\/ -->\n<title>BEYAZ ADAM - narteks.net<\/title>\n<meta name=\"robots\" content=\"index, follow, max-snippet:-1, max-image-preview:large, max-video-preview:-1\" \/>\n<link rel=\"canonical\" href=\"https:\/\/narteks.net\/index.php\/2011\/02\/28\/beyaz-adam\/\" \/>\n<meta property=\"og:locale\" content=\"tr_TR\" \/>\n<meta property=\"og:type\" content=\"article\" \/>\n<meta property=\"og:title\" content=\"BEYAZ ADAM\" \/>\n<meta property=\"og:description\" content=\"\u00a0 Beyaz adamk\u00fc\u00e7\u00fcc\u00fckt\u00fc ilk geldi\u011findeve oturmaktanb\u00fct\u00fcn kemikleri s\u0131zl\u0131yordub\u00fcy\u00fck teknesinde Beyaz adamk\u0131z\u0131lderililerin sundu\u011fu yiyeceklerle besleniptopraklar\u0131na uzand\u0131\u011f\u0131nda b\u00fcy\u00fcd\u00fcbulutlar aras\u0131ndabar\u0131\u015f i\u00e7inde ya\u015fayanmanitu yerinetapmam\u0131z\u0131 istedi\u011fi dei\u015fkence g\u00f6r\u00fcp\u00e7arm\u0131ha gerilenbir \u00f6l\u00fcyd\u00fc Beyaz adam\u00f6zg\u00fcrl\u00fck ad\u0131nadev bir kad\u0131n heykeli diktido\u011fu denizinin k\u0131y\u0131s\u0131nave her gecealt\u0131nda dans etti\u011fimiz y\u0131ld\u0131zlar\u0131bayrak diye tutsak ettibir bez par\u00e7as\u0131na Beyaz adam\u00f6zg\u00fcrl\u00fck gibi adaleti debir kad\u0131n heykeliyle simgelediama elinde terazi tutanzavall\u0131 [&hellip;]\" \/>\n<meta property=\"og:url\" content=\"https:\/\/narteks.net\/index.php\/2011\/02\/28\/beyaz-adam\/\" \/>\n<meta property=\"og:site_name\" content=\"narteks.net\" \/>\n<meta property=\"article:published_time\" content=\"2011-02-28T18:47:45+00:00\" \/>\n<meta property=\"og:image\" content=\"https:\/\/narteks.net\/wp-content\/uploads\/narteks.png\" \/>\n\t<meta property=\"og:image:width\" content=\"300\" \/>\n\t<meta property=\"og:image:height\" content=\"90\" \/>\n\t<meta property=\"og:image:type\" content=\"image\/png\" \/>\n<meta name=\"author\" content=\"Tar\u0131k\" \/>\n<meta name=\"twitter:card\" content=\"summary_large_image\" \/>\n<meta name=\"twitter:creator\" content=\"@narteks\" \/>\n<meta name=\"twitter:site\" content=\"@narteks\" \/>\n<meta name=\"twitter:label1\" content=\"Yazan:\" \/>\n\t<meta name=\"twitter:data1\" content=\"Tar\u0131k\" \/>\n\t<meta name=\"twitter:label2\" content=\"Tahmini okuma s\u00fcresi\" \/>\n\t<meta name=\"twitter:data2\" content=\"1 dakika\" \/>\n<script type=\"application\/ld+json\" class=\"yoast-schema-graph\">{\"@context\":\"https:\/\/schema.org\",\"@graph\":[{\"@type\":\"Article\",\"@id\":\"https:\/\/narteks.net\/index.php\/2011\/02\/28\/beyaz-adam\/#article\",\"isPartOf\":{\"@id\":\"https:\/\/narteks.net\/index.php\/2011\/02\/28\/beyaz-adam\/\"},\"author\":{\"name\":\"Tar\u0131k\",\"@id\":\"https:\/\/narteks.net\/#\/schema\/person\/61f37d9834294b72d31d274e7ed79bca\"},\"headline\":\"BEYAZ ADAM\",\"datePublished\":\"2011-02-28T18:47:45+00:00\",\"mainEntityOfPage\":{\"@id\":\"https:\/\/narteks.net\/index.php\/2011\/02\/28\/beyaz-adam\/\"},\"wordCount\":122,\"commentCount\":0,\"publisher\":{\"@id\":\"https:\/\/narteks.net\/#organization\"},\"articleSection\":[\"Sunay AKIN\"],\"inLanguage\":\"tr\",\"potentialAction\":[{\"@type\":\"CommentAction\",\"name\":\"Comment\",\"target\":[\"https:\/\/narteks.net\/index.php\/2011\/02\/28\/beyaz-adam\/#respond\"]}]},{\"@type\":\"WebPage\",\"@id\":\"https:\/\/narteks.net\/index.php\/2011\/02\/28\/beyaz-adam\/\",\"url\":\"https:\/\/narteks.net\/index.php\/2011\/02\/28\/beyaz-adam\/\",\"name\":\"BEYAZ ADAM - narteks.net\",\"isPartOf\":{\"@id\":\"https:\/\/narteks.net\/#website\"},\"datePublished\":\"2011-02-28T18:47:45+00:00\",\"breadcrumb\":{\"@id\":\"https:\/\/narteks.net\/index.php\/2011\/02\/28\/beyaz-adam\/#breadcrumb\"},\"inLanguage\":\"tr\",\"potentialAction\":[{\"@type\":\"ReadAction\",\"target\":[\"https:\/\/narteks.net\/index.php\/2011\/02\/28\/beyaz-adam\/\"]}]},{\"@type\":\"BreadcrumbList\",\"@id\":\"https:\/\/narteks.net\/index.php\/2011\/02\/28\/beyaz-adam\/#breadcrumb\",\"itemListElement\":[{\"@type\":\"ListItem\",\"position\":1,\"name\":\"Anasayfa\",\"item\":\"https:\/\/narteks.net\/\"},{\"@type\":\"ListItem\",\"position\":2,\"name\":\"BEYAZ ADAM\"}]},{\"@type\":\"WebSite\",\"@id\":\"https:\/\/narteks.net\/#website\",\"url\":\"https:\/\/narteks.net\/\",\"name\":\"narteks.net\",\"description\":\"K\u00fclt\u00fcr Sanat Edebiyat Felsefe\",\"publisher\":{\"@id\":\"https:\/\/narteks.net\/#organization\"},\"alternateName\":\"K\u00fclt\u00fcr Sanat Edebiyat Felsefe\",\"potentialAction\":[{\"@type\":\"SearchAction\",\"target\":{\"@type\":\"EntryPoint\",\"urlTemplate\":\"https:\/\/narteks.net\/?s={search_term_string}\"},\"query-input\":{\"@type\":\"PropertyValueSpecification\",\"valueRequired\":true,\"valueName\":\"search_term_string\"}}],\"inLanguage\":\"tr\"},{\"@type\":\"Organization\",\"@id\":\"https:\/\/narteks.net\/#organization\",\"name\":\"narteks.net\",\"url\":\"https:\/\/narteks.net\/\",\"logo\":{\"@type\":\"ImageObject\",\"inLanguage\":\"tr\",\"@id\":\"https:\/\/narteks.net\/#\/schema\/logo\/image\/\",\"url\":\"https:\/\/narteks.net\/wp-content\/uploads\/narteks.png\",\"contentUrl\":\"https:\/\/narteks.net\/wp-content\/uploads\/narteks.png\",\"width\":300,\"height\":90,\"caption\":\"narteks.net\"},\"image\":{\"@id\":\"https:\/\/narteks.net\/#\/schema\/logo\/image\/\"},\"sameAs\":[\"https:\/\/x.com\/narteks\",\"https:\/\/instagram.com\/narteksnet\"]},{\"@type\":\"Person\",\"@id\":\"https:\/\/narteks.net\/#\/schema\/person\/61f37d9834294b72d31d274e7ed79bca\",\"name\":\"Tar\u0131k\",\"image\":{\"@type\":\"ImageObject\",\"inLanguage\":\"tr\",\"@id\":\"https:\/\/narteks.net\/#\/schema\/person\/image\/\",\"url\":\"https:\/\/secure.gravatar.com\/avatar\/50865afb55632c4ae467e0af0930f6510aa2297d8014be502a55b14f3b7550cf?s=96&d=mm&r=g\",\"contentUrl\":\"https:\/\/secure.gravatar.com\/avatar\/50865afb55632c4ae467e0af0930f6510aa2297d8014be502a55b14f3b7550cf?s=96&d=mm&r=g\",\"caption\":\"Tar\u0131k\"},\"sameAs\":[\"http:\/\/narteks.net\"],\"url\":\"https:\/\/narteks.net\/index.php\/author\/narbak\/\"}]}<\/script>\n<!-- \/ Yoast SEO Premium plugin. -->","yoast_head_json":{"title":"BEYAZ ADAM - narteks.net","robots":{"index":"index","follow":"follow","max-snippet":"max-snippet:-1","max-image-preview":"max-image-preview:large","max-video-preview":"max-video-preview:-1"},"canonical":"https:\/\/narteks.net\/index.php\/2011\/02\/28\/beyaz-adam\/","og_locale":"tr_TR","og_type":"article","og_title":"BEYAZ ADAM","og_description":"\u00a0 Beyaz adamk\u00fc\u00e7\u00fcc\u00fckt\u00fc ilk geldi\u011findeve oturmaktanb\u00fct\u00fcn kemikleri s\u0131zl\u0131yordub\u00fcy\u00fck teknesinde Beyaz adamk\u0131z\u0131lderililerin sundu\u011fu yiyeceklerle besleniptopraklar\u0131na uzand\u0131\u011f\u0131nda b\u00fcy\u00fcd\u00fcbulutlar aras\u0131ndabar\u0131\u015f i\u00e7inde ya\u015fayanmanitu yerinetapmam\u0131z\u0131 istedi\u011fi dei\u015fkence g\u00f6r\u00fcp\u00e7arm\u0131ha gerilenbir \u00f6l\u00fcyd\u00fc Beyaz adam\u00f6zg\u00fcrl\u00fck ad\u0131nadev bir kad\u0131n heykeli diktido\u011fu denizinin k\u0131y\u0131s\u0131nave her gecealt\u0131nda dans etti\u011fimiz y\u0131ld\u0131zlar\u0131bayrak diye tutsak ettibir bez par\u00e7as\u0131na Beyaz adam\u00f6zg\u00fcrl\u00fck gibi adaleti debir kad\u0131n heykeliyle simgelediama elinde terazi tutanzavall\u0131 [&hellip;]","og_url":"https:\/\/narteks.net\/index.php\/2011\/02\/28\/beyaz-adam\/","og_site_name":"narteks.net","article_published_time":"2011-02-28T18:47:45+00:00","og_image":[{"width":300,"height":90,"url":"https:\/\/narteks.net\/wp-content\/uploads\/narteks.png","type":"image\/png"}],"author":"Tar\u0131k","twitter_card":"summary_large_image","twitter_creator":"@narteks","twitter_site":"@narteks","twitter_misc":{"Yazan:":"Tar\u0131k","Tahmini okuma s\u00fcresi":"1 dakika"},"schema":{"@context":"https:\/\/schema.org","@graph":[{"@type":"Article","@id":"https:\/\/narteks.net\/index.php\/2011\/02\/28\/beyaz-adam\/#article","isPartOf":{"@id":"https:\/\/narteks.net\/index.php\/2011\/02\/28\/beyaz-adam\/"},"author":{"name":"Tar\u0131k","@id":"https:\/\/narteks.net\/#\/schema\/person\/61f37d9834294b72d31d274e7ed79bca"},"headline":"BEYAZ ADAM","datePublished":"2011-02-28T18:47:45+00:00","mainEntityOfPage":{"@id":"https:\/\/narteks.net\/index.php\/2011\/02\/28\/beyaz-adam\/"},"wordCount":122,"commentCount":0,"publisher":{"@id":"https:\/\/narteks.net\/#organization"},"articleSection":["Sunay AKIN"],"inLanguage":"tr","potentialAction":[{"@type":"CommentAction","name":"Comment","target":["https:\/\/narteks.net\/index.php\/2011\/02\/28\/beyaz-adam\/#respond"]}]},{"@type":"WebPage","@id":"https:\/\/narteks.net\/index.php\/2011\/02\/28\/beyaz-adam\/","url":"https:\/\/narteks.net\/index.php\/2011\/02\/28\/beyaz-adam\/","name":"BEYAZ ADAM - narteks.net","isPartOf":{"@id":"https:\/\/narteks.net\/#website"},"datePublished":"2011-02-28T18:47:45+00:00","breadcrumb":{"@id":"https:\/\/narteks.net\/index.php\/2011\/02\/28\/beyaz-adam\/#breadcrumb"},"inLanguage":"tr","potentialAction":[{"@type":"ReadAction","target":["https:\/\/narteks.net\/index.php\/2011\/02\/28\/beyaz-adam\/"]}]},{"@type":"BreadcrumbList","@id":"https:\/\/narteks.net\/index.php\/2011\/02\/28\/beyaz-adam\/#breadcrumb","itemListElement":[{"@type":"ListItem","position":1,"name":"Anasayfa","item":"https:\/\/narteks.net\/"},{"@type":"ListItem","position":2,"name":"BEYAZ ADAM"}]},{"@type":"WebSite","@id":"https:\/\/narteks.net\/#website","url":"https:\/\/narteks.net\/","name":"narteks.net","description":"K\u00fclt\u00fcr Sanat Edebiyat Felsefe","publisher":{"@id":"https:\/\/narteks.net\/#organization"},"alternateName":"K\u00fclt\u00fcr Sanat Edebiyat Felsefe","potentialAction":[{"@type":"SearchAction","target":{"@type":"EntryPoint","urlTemplate":"https:\/\/narteks.net\/?s={search_term_string}"},"query-input":{"@type":"PropertyValueSpecification","valueRequired":true,"valueName":"search_term_string"}}],"inLanguage":"tr"},{"@type":"Organization","@id":"https:\/\/narteks.net\/#organization","name":"narteks.net","url":"https:\/\/narteks.net\/","logo":{"@type":"ImageObject","inLanguage":"tr","@id":"https:\/\/narteks.net\/#\/schema\/logo\/image\/","url":"https:\/\/narteks.net\/wp-content\/uploads\/narteks.png","contentUrl":"https:\/\/narteks.net\/wp-content\/uploads\/narteks.png","width":300,"height":90,"caption":"narteks.net"},"image":{"@id":"https:\/\/narteks.net\/#\/schema\/logo\/image\/"},"sameAs":["https:\/\/x.com\/narteks","https:\/\/instagram.com\/narteksnet"]},{"@type":"Person","@id":"https:\/\/narteks.net\/#\/schema\/person\/61f37d9834294b72d31d274e7ed79bca","name":"Tar\u0131k","image":{"@type":"ImageObject","inLanguage":"tr","@id":"https:\/\/narteks.net\/#\/schema\/person\/image\/","url":"https:\/\/secure.gravatar.com\/avatar\/50865afb55632c4ae467e0af0930f6510aa2297d8014be502a55b14f3b7550cf?s=96&d=mm&r=g","contentUrl":"https:\/\/secure.gravatar.com\/avatar\/50865afb55632c4ae467e0af0930f6510aa2297d8014be502a55b14f3b7550cf?s=96&d=mm&r=g","caption":"Tar\u0131k"},"sameAs":["http:\/\/narteks.net"],"url":"https:\/\/narteks.net\/index.php\/author\/narbak\/"}]}},"_links":{"self":[{"href":"https:\/\/narteks.net\/index.php\/wp-json\/wp\/v2\/posts\/5500","targetHints":{"allow":["GET"]}}],"collection":[{"href":"https:\/\/narteks.net\/index.php\/wp-json\/wp\/v2\/posts"}],"about":[{"href":"https:\/\/narteks.net\/index.php\/wp-json\/wp\/v2\/types\/post"}],"author":[{"embeddable":true,"href":"https:\/\/narteks.net\/index.php\/wp-json\/wp\/v2\/users\/1"}],"replies":[{"embeddable":true,"href":"https:\/\/narteks.net\/index.php\/wp-json\/wp\/v2\/comments?post=5500"}],"version-history":[{"count":0,"href":"https:\/\/narteks.net\/index.php\/wp-json\/wp\/v2\/posts\/5500\/revisions"}],"wp:attachment":[{"href":"https:\/\/narteks.net\/index.php\/wp-json\/wp\/v2\/media?parent=5500"}],"wp:term":[{"taxonomy":"category","embeddable":true,"href":"https:\/\/narteks.net\/index.php\/wp-json\/wp\/v2\/categories?post=5500"},{"taxonomy":"post_tag","embeddable":true,"href":"https:\/\/narteks.net\/index.php\/wp-json\/wp\/v2\/tags?post=5500"}],"curies":[{"name":"wp","href":"https:\/\/api.w.org\/{rel}","templated":true}]}}