{"id":552,"date":"2009-04-12T19:25:16","date_gmt":"2009-04-12T16:25:16","guid":{"rendered":"http:\/\/localhost\/wordpress\/2009\/04\/12\/bedri-rahmi-eyuboglu-biyografisi\/"},"modified":"2009-04-12T19:25:16","modified_gmt":"2009-04-12T16:25:16","slug":"bedri-rahmi-eyuboglu-biyografisi","status":"publish","type":"post","link":"https:\/\/narteks.net\/index.php\/2009\/04\/12\/bedri-rahmi-eyuboglu-biyografisi\/","title":{"rendered":"Bedri Rahmi EY\u00dcBO\u011eLU Biyografisi"},"content":{"rendered":"<p><img loading=\"lazy\" decoding=\"async\" src=\"http:\/\/rugzo.com\/wp-content\/uploads\/2009\/12\/e2ee_2.jpg\" border=\"0\" width=\"155\" height=\"205\" \/><\/p>\n<p style=\"text-align: justify;\">Bedri Rahmi Eyubo\u011flu (1913, G\u00f6rele &#8211; 21 Eyl\u00fcl 1975, \u0130stanbul), d\u00fcnyaca \u00fcnl\u00fc T\u00fcrk ressam ve \u015fairdir.<\/p>\n<p>1927\u2019de Trabzon Lisesinde \u00fcnl\u00fc ressam Zeki Kocamemi\u2019nin \u00f6\u011frencisi oldu. Onun y\u00f6nlendirmesi ile 1929\u2019da \u0130stanbul G\u00fczel Sanatlar Lisesi\u2019ne girdi. \u0130lk \u015fiirlerini de lise y\u0131llar\u0131nda iken yazd\u0131. 1933\u2019ten sonra edebiyat dergilerinde \u015fiirler yay\u0131nlad\u0131, 1941\u2019den sonra \u015fiir kitaplar\u0131 yazd\u0131.<\/p>\n<p>Geleneksel halk sanatlar\u0131ndan se\u00e7ti\u011fi motifleri ba\u015far\u0131l\u0131 bir bi\u00e7imde kulland\u0131\u011f\u0131 gibi \u015fiirlerinde de halk edebiyat\u0131n\u0131n masal, deyi\u015f gibi t\u00fcrlerine kar\u015f\u0131 duydu\u011fu hayranl\u0131\u011f\u0131 yans\u0131tt\u0131.<\/p>\n<p>1940\u2019lardan sonra duvar resimlerine y\u00f6nelen Bedri Rahmi, Paris\u2019te \u0130nsan M\u00fczesi\u2019nde ilkel kavimlerin sanat\u0131n\u0131 inceledikten sonra g\u00fczelin yararl\u0131, yararl\u0131n\u0131n g\u00fczel olabilece\u011fi fikrini benimsedi ve eserlerinde bu g\u00f6r\u00fc\u015f\u00fc yans\u0131tt\u0131. 1950\u2019de mozaik \u00e7al\u0131\u015fmalar\u0131na ba\u015flad\u0131 ve bu alanda uluslararas\u0131 ba\u015far\u0131lar elde etti. 1958&#8217;de Uluslararas\u0131 Br\u00fcksel Sergisi i\u00e7in 272 m\u00b2&#8217;lik bir mozaik pano ger\u00e7ekle\u015ftirdi ve bu eseriyle serginin b\u00fcy\u00fck \u00f6d\u00fcl\u00fc olan alt\u0131n madalyay\u0131 kazand\u0131. Bundan bir y\u0131l sonra Paris&#8217;teki NATO yap\u0131s\u0131 i\u00e7in, \u015fimdi Br\u00fcksel&#8217;de bulunan, 50 m\u00b2&#8217;lik bir mozaik pano haz\u0131rlad\u0131. 1960 ve 1961&#8217;de iki kez ABD&#8217;ye gitti. Orada bir\u00e7ok geziye kat\u0131ld\u0131, konferanslar verdi ve resim \u00e7al\u0131\u015fmalar\u0131 yapt\u0131. 1969&#8217;da Sao Paulo Bienali&#8217;nde onur madalyas\u0131 kazand\u0131.<\/p>\n<p>1927\u2019de ba\u015flad\u0131\u011f\u0131 resim \u00f6\u011fretmenli\u011fini ise \u00f6l\u00fcm\u00fcne kadar s\u00fcrd\u00fcrm\u00fc\u015f ve \u00e7ok say\u0131da \u00f6\u011frenci yeti\u015ftirmi\u015ftir.<\/p>\n<p>\u015eiirleri ve yaz\u0131lar\u0131<\/p>\n<p>Bedri Rahmi daha orta okulda \u015fiire ilgi duymu\u015ftur.1928&#8217;de Lise \u00f6\u011frencisiyken \u015fiir yazmaya ba\u015flam\u0131\u015ft\u0131r. \u015eiirlerine, 1933&#8217;ten sonra Yeditepe, Ses, G\u00fcney, \u0130nsan, \u0130nk\u0131lap\u00e7\u0131 Gen\u00e7lik ve Varl\u0131k1941&#8217;den ba\u015flayarak \u00e7e\u015fitli \u015fiir kitaplar\u0131 yay\u0131mlanm\u0131\u015ft\u0131r. Halk edebiyat\u0131n\u0131n masal, \u015fiir, deyi\u015f gibi her t\u00fcr\u00fcne kar\u015f\u0131 duydu\u011fu hayranl\u0131k, \u015fiirlerine de yans\u0131m\u0131\u015ft\u0131r. Halk dilinden ve \u015fiirinden ald\u0131\u011f\u0131 \u00f6\u011feleri kendine \u00f6zg\u00fc bir bi\u00e7imde kullanarak halk diline yakla\u015fma \u00e7abas\u0131n\u0131 sonuna dek g\u00f6t\u00fcrm\u00fc\u015ft\u00fcr. Bu nitelikleriyle \u015fiirleri, resimleriyle b\u00fcy\u00fck bir benzerlik g\u00f6sterir. Ak\u0131c\u0131, rahat bir dille kaleme ald\u0131\u011f\u0131 gezi ve deneme yaz\u0131lar\u0131nda ise s\u00fcrekli g\u00fcndeminde olan halk k\u00fclt\u00fcr\u00fc, halk sanat\u0131 konular\u0131ndaki g\u00f6r\u00fc\u015flerini sergilemi\u015ftir. dergilerinde yer verilmi\u015ftir.<\/p>\n<p>Ba\u015fl\u0131ca yap\u0131tlar\u0131<\/p>\n<p>Yap\u0131t\u0131<\/p>\n<p> * Paris, 1930<br \/> * Mustafa Ey\u00fcbo\u011flu, 1933<br \/> * Yaz\u0131l\u0131 Nat\u00fcrmort, 1936<br \/> * Sal\u0131 Pazar\u0131, 1938<br \/> * Eren, 1940<br \/> * Nallanan \u00d6k\u00fcz, 1947<br \/> * D\u00fc\u015f\u00fcnen Adam, 1953<br \/> * K\u00f6yl\u00fc Kad\u0131n (Tren-Yatakl\u0131 Vagon), \u0130stanbul Resim ve Heykel M\u00fczesi<br \/> * Karadut Sat\u0131c\u0131s\u0131, 1954<br \/> * \u00c7\u00f6melmi\u015f K\u00f6yl\u00fc, 1972<br \/> * Ankara&#8217;n\u0131n Kavaklar\u0131, 1973<br \/> * Han Kahvesi, 1973<br \/> * Mor Takkeli Hac\u0131, 1974<br \/> * Son Kahve, 1975<br \/> * Anadoluhisar\u0131, Ankara Resim ve Heykel M\u00fczesi<br \/> * \u00c7\u0131plak<br \/> * Ev \u0130\u00e7i, \u0130stanbul Resim ve Heykel M\u00fczesi<br \/> * Han, 1975 (son resmi)<\/p>\n<p>Duvar Resmi<\/p>\n<p> * Lido Y\u00fczme Havuzu&#8217;nda duvar resmi<br \/> * \u0130stanbul Hilton Oteli&#8217;nde duvar resmi<br \/> * Divan Oteli&#8217;nde duvar resmi<\/p>\n<p>Mozaik Pano<\/p>\n<p> * Uluslararas\u0131 Br\u00fcksel Sergisi i\u00e7in mozaik pano, 1958<br \/> * NATO yap\u0131s\u0131nda mozaik pano, 1959, Br\u00fcksel<br \/> * \u0130stanbul E\u011fitim ve Ara\u015ft\u0131rma Hastanesi&#8217;ndeki seramik pano, 1959, Samatya\/\u0130stanbul<br \/> * Etibank yap\u0131s\u0131nda seramik pano, Ankara<br \/> * Marmara Oteli&#8217;nde mozaik pano, Ankara<br \/> * Vakko Fabrikas\u0131&#8217;nda mozaik pano, Topkap\u0131\/\u0130stanbul<\/p>\n<p>Duvar Kabartmas\u0131<\/p>\n<p> * Manifaturac\u0131lar \u00c7ar\u015f\u0131s\u0131&#8217;nda duvar kabartmas\u0131, Unkapan\u0131\/\u0130stanbul<br \/> * Aksu \u0130\u015fhan\u0131&#8217;nda duvar kabartmas\u0131, Karak\u00f6y\/\u0130stanbul<\/p>\n<p>\u015eiir<\/p>\n<p> * Yaradana Mektuplar, 1941<br \/> * Karadut, 1948<br \/> * Tuz, 1952<br \/> * \u00dc\u00e7\u00fc Birden, 1953<br \/> * D\u00f6rd\u00fc Birden, 1956<br \/> * Karadut 69, 1969<br \/> * Dol Karabak\u0131r Dol, 1974<br \/> * Ya\u015fad\u0131m, 1977 (\u00f6l\u00fcm\u00fcnden sonra yay\u0131nlanan t\u00fcm \u015fiirleri)<br \/> * T\u00fcrk\u00fcler Dolusu<br \/> * Sevgi \u00dcst\u00fcne<br \/> * \u00dc\u00e7 Dil<br \/> * Mavi Gezi<br \/> * istida<br \/> * \u00c7ak\u0131l<br \/> * Bahar ve Biz<br \/> * deniz T\u00fcrk\u00fcs\u00fc<br \/> * Gel Vur<br \/> * sitem<br \/> * B\u00fcy\u00fck \u015eehir<br \/> * Zindan\u0131 Ta\u015ftan Oyarlar<br \/> * Taze Taze<\/p>\n<p>Gezi ve Deneme<\/p>\n<p> * C\u00e2n\u0131m Anadolu, 1953<br \/> * Tezek, 1975<br \/> * Delifi\u015fek, 1975<br \/> * Resme Ba\u015flarken, 1977 (\u00f6l\u00fcm\u00fcnden sonra)<\/p>\n<p>Monografi<\/p>\n<p> * Nazmi Ziya, 1937<br \/> * Resim Alb\u00fcm\u00fc: Binbir Bedros, 1977 (\u00f6l\u00fcm\u00fcnden sonra)<br \/> * Karadut, 1979 (\u00f6l\u00fcm\u00fcnden sonra)<br \/> * Babatomiler, 1979 (\u00f6l\u00fcm\u00fcnden sonra)<br \/> * Babacan mert 1971<\/p>\n<p>Bedri Rahmi EY\u00dcBO\u011eLU&#8217;nun At\u00f6lyesinin Giri\u015finde As\u0131l\u0131 Bulunan Yemini<\/p>\n<p>Bug\u00fcne kadar resim sanat\u0131 alan\u0131nda Yap\u0131lagelmi\u015f olanlar\u0131 inceleyece\u011fime Kendini b\u00fct\u00fcn d\u00fcnyaya kabul ettirmi\u015fler Aras\u0131nda beni en \u00e7ok saranlar\u0131n\u0131 ay\u0131rarak Onlara kendi aramalar\u0131m\u0131, denemelerimi Kataca\u011f\u0131ma Al\u0131\u015f\u0131la gelmi\u015f, basmakal\u0131p, haz\u0131rlop Kli\u015fele\u015fmi\u015f \u00e7i\u011fnene \u00e7i\u011fnene tad\u0131 tuzu Kalmam\u0131\u015f hi\u00e7bir \u015feyi tekrarlamayaca\u011f\u0131ma Elimden \u00e7\u0131kan her \u00e7izgiye Her lekeye Her renge Her bene\u011fe Kendi akl\u0131m\u0131 Kendi tecr\u00fcbemi Kendi tasam\u0131 Kendi \u00f6mr\u00fcm\u00fc, y\u00fcre\u011fimi basaca\u011f\u0131ma Ald\u0131\u011f\u0131m nefes, i\u00e7ti\u011fim su, bast\u0131\u011f\u0131m toprak G\u00f6z\u00fcm, kula\u011f\u0131m, burnum, Elim, belim, dilim, derim \u00fcst\u00fcne Yemin ederim<\/p>\n<p>Yemini bozdu\u011fum g\u00fcn Burdan giderim.<\/p>\n","protected":false},"excerpt":{"rendered":"<p>Bedri Rahmi Eyubo\u011flu (1913, G\u00f6rele &#8211; 21 Eyl\u00fcl 1975, \u0130stanbul), d\u00fcnyaca \u00fcnl\u00fc T\u00fcrk ressam ve \u015fairdir. 1927\u2019de Trabzon Lisesinde \u00fcnl\u00fc ressam Zeki Kocamemi\u2019nin \u00f6\u011frencisi oldu. Onun y\u00f6nlendirmesi ile 1929\u2019da \u0130stanbul G\u00fczel Sanatlar Lisesi\u2019ne girdi. \u0130lk \u015fiirlerini de lise y\u0131llar\u0131nda iken yazd\u0131. 1933\u2019ten sonra edebiyat dergilerinde \u015fiirler yay\u0131nlad\u0131, 1941\u2019den sonra \u015fiir kitaplar\u0131 yazd\u0131. Geleneksel halk sanatlar\u0131ndan [&hellip;]<\/p>\n","protected":false},"author":1,"featured_media":0,"comment_status":"open","ping_status":"open","sticky":false,"template":"","format":"standard","meta":{"footnotes":""},"categories":[13],"tags":[],"class_list":{"0":"post-552","1":"post","2":"type-post","3":"status-publish","4":"format-standard","6":"category-b-rahmi-eyuboglu"},"yoast_head":"<!-- This site is optimized with the Yoast SEO Premium plugin v24.9 (Yoast SEO v24.9) - https:\/\/yoast.com\/wordpress\/plugins\/seo\/ -->\n<title>Bedri Rahmi EY\u00dcBO\u011eLU Biyografisi - narteks.net<\/title>\n<meta name=\"robots\" content=\"index, follow, max-snippet:-1, max-image-preview:large, max-video-preview:-1\" \/>\n<link rel=\"canonical\" href=\"https:\/\/narteks.net\/index.php\/2009\/04\/12\/bedri-rahmi-eyuboglu-biyografisi\/\" \/>\n<meta property=\"og:locale\" content=\"tr_TR\" \/>\n<meta property=\"og:type\" content=\"article\" \/>\n<meta property=\"og:title\" content=\"Bedri Rahmi EY\u00dcBO\u011eLU Biyografisi\" \/>\n<meta property=\"og:description\" content=\"Bedri Rahmi Eyubo\u011flu (1913, G\u00f6rele &#8211; 21 Eyl\u00fcl 1975, \u0130stanbul), d\u00fcnyaca \u00fcnl\u00fc T\u00fcrk ressam ve \u015fairdir. 1927\u2019de Trabzon Lisesinde \u00fcnl\u00fc ressam Zeki Kocamemi\u2019nin \u00f6\u011frencisi oldu. Onun y\u00f6nlendirmesi ile 1929\u2019da \u0130stanbul G\u00fczel Sanatlar Lisesi\u2019ne girdi. \u0130lk \u015fiirlerini de lise y\u0131llar\u0131nda iken yazd\u0131. 1933\u2019ten sonra edebiyat dergilerinde \u015fiirler yay\u0131nlad\u0131, 1941\u2019den sonra \u015fiir kitaplar\u0131 yazd\u0131. Geleneksel halk sanatlar\u0131ndan [&hellip;]\" \/>\n<meta property=\"og:url\" content=\"https:\/\/narteks.net\/index.php\/2009\/04\/12\/bedri-rahmi-eyuboglu-biyografisi\/\" \/>\n<meta property=\"og:site_name\" content=\"narteks.net\" \/>\n<meta property=\"article:published_time\" content=\"2009-04-12T16:25:16+00:00\" \/>\n<meta property=\"og:image\" content=\"http:\/\/rugzo.com\/wp-content\/uploads\/2009\/12\/e2ee_2.jpg\" \/>\n<meta name=\"author\" content=\"Tar\u0131k\" \/>\n<meta name=\"twitter:card\" content=\"summary_large_image\" \/>\n<meta name=\"twitter:creator\" content=\"@narteks\" \/>\n<meta name=\"twitter:site\" content=\"@narteks\" \/>\n<meta name=\"twitter:label1\" content=\"Yazan:\" \/>\n\t<meta name=\"twitter:data1\" content=\"Tar\u0131k\" \/>\n\t<meta name=\"twitter:label2\" content=\"Tahmini okuma s\u00fcresi\" \/>\n\t<meta name=\"twitter:data2\" content=\"4 dakika\" \/>\n<script type=\"application\/ld+json\" class=\"yoast-schema-graph\">{\"@context\":\"https:\/\/schema.org\",\"@graph\":[{\"@type\":\"Article\",\"@id\":\"https:\/\/narteks.net\/index.php\/2009\/04\/12\/bedri-rahmi-eyuboglu-biyografisi\/#article\",\"isPartOf\":{\"@id\":\"https:\/\/narteks.net\/index.php\/2009\/04\/12\/bedri-rahmi-eyuboglu-biyografisi\/\"},\"author\":{\"name\":\"Tar\u0131k\",\"@id\":\"https:\/\/narteks.net\/#\/schema\/person\/61f37d9834294b72d31d274e7ed79bca\"},\"headline\":\"Bedri Rahmi EY\u00dcBO\u011eLU Biyografisi\",\"datePublished\":\"2009-04-12T16:25:16+00:00\",\"mainEntityOfPage\":{\"@id\":\"https:\/\/narteks.net\/index.php\/2009\/04\/12\/bedri-rahmi-eyuboglu-biyografisi\/\"},\"wordCount\":785,\"commentCount\":0,\"publisher\":{\"@id\":\"https:\/\/narteks.net\/#organization\"},\"image\":{\"@id\":\"https:\/\/narteks.net\/index.php\/2009\/04\/12\/bedri-rahmi-eyuboglu-biyografisi\/#primaryimage\"},\"thumbnailUrl\":\"http:\/\/rugzo.com\/wp-content\/uploads\/2009\/12\/e2ee_2.jpg\",\"articleSection\":[\"B.Rahmi EY\u00dcBOGLU\"],\"inLanguage\":\"tr\",\"potentialAction\":[{\"@type\":\"CommentAction\",\"name\":\"Comment\",\"target\":[\"https:\/\/narteks.net\/index.php\/2009\/04\/12\/bedri-rahmi-eyuboglu-biyografisi\/#respond\"]}]},{\"@type\":\"WebPage\",\"@id\":\"https:\/\/narteks.net\/index.php\/2009\/04\/12\/bedri-rahmi-eyuboglu-biyografisi\/\",\"url\":\"https:\/\/narteks.net\/index.php\/2009\/04\/12\/bedri-rahmi-eyuboglu-biyografisi\/\",\"name\":\"Bedri Rahmi EY\u00dcBO\u011eLU Biyografisi - narteks.net\",\"isPartOf\":{\"@id\":\"https:\/\/narteks.net\/#website\"},\"primaryImageOfPage\":{\"@id\":\"https:\/\/narteks.net\/index.php\/2009\/04\/12\/bedri-rahmi-eyuboglu-biyografisi\/#primaryimage\"},\"image\":{\"@id\":\"https:\/\/narteks.net\/index.php\/2009\/04\/12\/bedri-rahmi-eyuboglu-biyografisi\/#primaryimage\"},\"thumbnailUrl\":\"http:\/\/rugzo.com\/wp-content\/uploads\/2009\/12\/e2ee_2.jpg\",\"datePublished\":\"2009-04-12T16:25:16+00:00\",\"breadcrumb\":{\"@id\":\"https:\/\/narteks.net\/index.php\/2009\/04\/12\/bedri-rahmi-eyuboglu-biyografisi\/#breadcrumb\"},\"inLanguage\":\"tr\",\"potentialAction\":[{\"@type\":\"ReadAction\",\"target\":[\"https:\/\/narteks.net\/index.php\/2009\/04\/12\/bedri-rahmi-eyuboglu-biyografisi\/\"]}]},{\"@type\":\"ImageObject\",\"inLanguage\":\"tr\",\"@id\":\"https:\/\/narteks.net\/index.php\/2009\/04\/12\/bedri-rahmi-eyuboglu-biyografisi\/#primaryimage\",\"url\":\"http:\/\/rugzo.com\/wp-content\/uploads\/2009\/12\/e2ee_2.jpg\",\"contentUrl\":\"http:\/\/rugzo.com\/wp-content\/uploads\/2009\/12\/e2ee_2.jpg\"},{\"@type\":\"BreadcrumbList\",\"@id\":\"https:\/\/narteks.net\/index.php\/2009\/04\/12\/bedri-rahmi-eyuboglu-biyografisi\/#breadcrumb\",\"itemListElement\":[{\"@type\":\"ListItem\",\"position\":1,\"name\":\"Anasayfa\",\"item\":\"https:\/\/narteks.net\/\"},{\"@type\":\"ListItem\",\"position\":2,\"name\":\"Bedri Rahmi EY\u00dcBO\u011eLU Biyografisi\"}]},{\"@type\":\"WebSite\",\"@id\":\"https:\/\/narteks.net\/#website\",\"url\":\"https:\/\/narteks.net\/\",\"name\":\"narteks.net\",\"description\":\"K\u00fclt\u00fcr Sanat Edebiyat Felsefe\",\"publisher\":{\"@id\":\"https:\/\/narteks.net\/#organization\"},\"alternateName\":\"K\u00fclt\u00fcr Sanat Edebiyat Felsefe\",\"potentialAction\":[{\"@type\":\"SearchAction\",\"target\":{\"@type\":\"EntryPoint\",\"urlTemplate\":\"https:\/\/narteks.net\/?s={search_term_string}\"},\"query-input\":{\"@type\":\"PropertyValueSpecification\",\"valueRequired\":true,\"valueName\":\"search_term_string\"}}],\"inLanguage\":\"tr\"},{\"@type\":\"Organization\",\"@id\":\"https:\/\/narteks.net\/#organization\",\"name\":\"narteks.net\",\"url\":\"https:\/\/narteks.net\/\",\"logo\":{\"@type\":\"ImageObject\",\"inLanguage\":\"tr\",\"@id\":\"https:\/\/narteks.net\/#\/schema\/logo\/image\/\",\"url\":\"https:\/\/narteks.net\/wp-content\/uploads\/narteks.png\",\"contentUrl\":\"https:\/\/narteks.net\/wp-content\/uploads\/narteks.png\",\"width\":300,\"height\":90,\"caption\":\"narteks.net\"},\"image\":{\"@id\":\"https:\/\/narteks.net\/#\/schema\/logo\/image\/\"},\"sameAs\":[\"https:\/\/x.com\/narteks\",\"https:\/\/instagram.com\/narteksnet\"]},{\"@type\":\"Person\",\"@id\":\"https:\/\/narteks.net\/#\/schema\/person\/61f37d9834294b72d31d274e7ed79bca\",\"name\":\"Tar\u0131k\",\"image\":{\"@type\":\"ImageObject\",\"inLanguage\":\"tr\",\"@id\":\"https:\/\/narteks.net\/#\/schema\/person\/image\/\",\"url\":\"https:\/\/secure.gravatar.com\/avatar\/50865afb55632c4ae467e0af0930f6510aa2297d8014be502a55b14f3b7550cf?s=96&d=mm&r=g\",\"contentUrl\":\"https:\/\/secure.gravatar.com\/avatar\/50865afb55632c4ae467e0af0930f6510aa2297d8014be502a55b14f3b7550cf?s=96&d=mm&r=g\",\"caption\":\"Tar\u0131k\"},\"sameAs\":[\"http:\/\/narteks.net\"],\"url\":\"https:\/\/narteks.net\/index.php\/author\/narbak\/\"}]}<\/script>\n<!-- \/ Yoast SEO Premium plugin. -->","yoast_head_json":{"title":"Bedri Rahmi EY\u00dcBO\u011eLU Biyografisi - narteks.net","robots":{"index":"index","follow":"follow","max-snippet":"max-snippet:-1","max-image-preview":"max-image-preview:large","max-video-preview":"max-video-preview:-1"},"canonical":"https:\/\/narteks.net\/index.php\/2009\/04\/12\/bedri-rahmi-eyuboglu-biyografisi\/","og_locale":"tr_TR","og_type":"article","og_title":"Bedri Rahmi EY\u00dcBO\u011eLU Biyografisi","og_description":"Bedri Rahmi Eyubo\u011flu (1913, G\u00f6rele &#8211; 21 Eyl\u00fcl 1975, \u0130stanbul), d\u00fcnyaca \u00fcnl\u00fc T\u00fcrk ressam ve \u015fairdir. 1927\u2019de Trabzon Lisesinde \u00fcnl\u00fc ressam Zeki Kocamemi\u2019nin \u00f6\u011frencisi oldu. Onun y\u00f6nlendirmesi ile 1929\u2019da \u0130stanbul G\u00fczel Sanatlar Lisesi\u2019ne girdi. \u0130lk \u015fiirlerini de lise y\u0131llar\u0131nda iken yazd\u0131. 1933\u2019ten sonra edebiyat dergilerinde \u015fiirler yay\u0131nlad\u0131, 1941\u2019den sonra \u015fiir kitaplar\u0131 yazd\u0131. Geleneksel halk sanatlar\u0131ndan [&hellip;]","og_url":"https:\/\/narteks.net\/index.php\/2009\/04\/12\/bedri-rahmi-eyuboglu-biyografisi\/","og_site_name":"narteks.net","article_published_time":"2009-04-12T16:25:16+00:00","og_image":[{"url":"http:\/\/rugzo.com\/wp-content\/uploads\/2009\/12\/e2ee_2.jpg","type":"","width":"","height":""}],"author":"Tar\u0131k","twitter_card":"summary_large_image","twitter_creator":"@narteks","twitter_site":"@narteks","twitter_misc":{"Yazan:":"Tar\u0131k","Tahmini okuma s\u00fcresi":"4 dakika"},"schema":{"@context":"https:\/\/schema.org","@graph":[{"@type":"Article","@id":"https:\/\/narteks.net\/index.php\/2009\/04\/12\/bedri-rahmi-eyuboglu-biyografisi\/#article","isPartOf":{"@id":"https:\/\/narteks.net\/index.php\/2009\/04\/12\/bedri-rahmi-eyuboglu-biyografisi\/"},"author":{"name":"Tar\u0131k","@id":"https:\/\/narteks.net\/#\/schema\/person\/61f37d9834294b72d31d274e7ed79bca"},"headline":"Bedri Rahmi EY\u00dcBO\u011eLU Biyografisi","datePublished":"2009-04-12T16:25:16+00:00","mainEntityOfPage":{"@id":"https:\/\/narteks.net\/index.php\/2009\/04\/12\/bedri-rahmi-eyuboglu-biyografisi\/"},"wordCount":785,"commentCount":0,"publisher":{"@id":"https:\/\/narteks.net\/#organization"},"image":{"@id":"https:\/\/narteks.net\/index.php\/2009\/04\/12\/bedri-rahmi-eyuboglu-biyografisi\/#primaryimage"},"thumbnailUrl":"http:\/\/rugzo.com\/wp-content\/uploads\/2009\/12\/e2ee_2.jpg","articleSection":["B.Rahmi EY\u00dcBOGLU"],"inLanguage":"tr","potentialAction":[{"@type":"CommentAction","name":"Comment","target":["https:\/\/narteks.net\/index.php\/2009\/04\/12\/bedri-rahmi-eyuboglu-biyografisi\/#respond"]}]},{"@type":"WebPage","@id":"https:\/\/narteks.net\/index.php\/2009\/04\/12\/bedri-rahmi-eyuboglu-biyografisi\/","url":"https:\/\/narteks.net\/index.php\/2009\/04\/12\/bedri-rahmi-eyuboglu-biyografisi\/","name":"Bedri Rahmi EY\u00dcBO\u011eLU Biyografisi - narteks.net","isPartOf":{"@id":"https:\/\/narteks.net\/#website"},"primaryImageOfPage":{"@id":"https:\/\/narteks.net\/index.php\/2009\/04\/12\/bedri-rahmi-eyuboglu-biyografisi\/#primaryimage"},"image":{"@id":"https:\/\/narteks.net\/index.php\/2009\/04\/12\/bedri-rahmi-eyuboglu-biyografisi\/#primaryimage"},"thumbnailUrl":"http:\/\/rugzo.com\/wp-content\/uploads\/2009\/12\/e2ee_2.jpg","datePublished":"2009-04-12T16:25:16+00:00","breadcrumb":{"@id":"https:\/\/narteks.net\/index.php\/2009\/04\/12\/bedri-rahmi-eyuboglu-biyografisi\/#breadcrumb"},"inLanguage":"tr","potentialAction":[{"@type":"ReadAction","target":["https:\/\/narteks.net\/index.php\/2009\/04\/12\/bedri-rahmi-eyuboglu-biyografisi\/"]}]},{"@type":"ImageObject","inLanguage":"tr","@id":"https:\/\/narteks.net\/index.php\/2009\/04\/12\/bedri-rahmi-eyuboglu-biyografisi\/#primaryimage","url":"http:\/\/rugzo.com\/wp-content\/uploads\/2009\/12\/e2ee_2.jpg","contentUrl":"http:\/\/rugzo.com\/wp-content\/uploads\/2009\/12\/e2ee_2.jpg"},{"@type":"BreadcrumbList","@id":"https:\/\/narteks.net\/index.php\/2009\/04\/12\/bedri-rahmi-eyuboglu-biyografisi\/#breadcrumb","itemListElement":[{"@type":"ListItem","position":1,"name":"Anasayfa","item":"https:\/\/narteks.net\/"},{"@type":"ListItem","position":2,"name":"Bedri Rahmi EY\u00dcBO\u011eLU Biyografisi"}]},{"@type":"WebSite","@id":"https:\/\/narteks.net\/#website","url":"https:\/\/narteks.net\/","name":"narteks.net","description":"K\u00fclt\u00fcr Sanat Edebiyat Felsefe","publisher":{"@id":"https:\/\/narteks.net\/#organization"},"alternateName":"K\u00fclt\u00fcr Sanat Edebiyat Felsefe","potentialAction":[{"@type":"SearchAction","target":{"@type":"EntryPoint","urlTemplate":"https:\/\/narteks.net\/?s={search_term_string}"},"query-input":{"@type":"PropertyValueSpecification","valueRequired":true,"valueName":"search_term_string"}}],"inLanguage":"tr"},{"@type":"Organization","@id":"https:\/\/narteks.net\/#organization","name":"narteks.net","url":"https:\/\/narteks.net\/","logo":{"@type":"ImageObject","inLanguage":"tr","@id":"https:\/\/narteks.net\/#\/schema\/logo\/image\/","url":"https:\/\/narteks.net\/wp-content\/uploads\/narteks.png","contentUrl":"https:\/\/narteks.net\/wp-content\/uploads\/narteks.png","width":300,"height":90,"caption":"narteks.net"},"image":{"@id":"https:\/\/narteks.net\/#\/schema\/logo\/image\/"},"sameAs":["https:\/\/x.com\/narteks","https:\/\/instagram.com\/narteksnet"]},{"@type":"Person","@id":"https:\/\/narteks.net\/#\/schema\/person\/61f37d9834294b72d31d274e7ed79bca","name":"Tar\u0131k","image":{"@type":"ImageObject","inLanguage":"tr","@id":"https:\/\/narteks.net\/#\/schema\/person\/image\/","url":"https:\/\/secure.gravatar.com\/avatar\/50865afb55632c4ae467e0af0930f6510aa2297d8014be502a55b14f3b7550cf?s=96&d=mm&r=g","contentUrl":"https:\/\/secure.gravatar.com\/avatar\/50865afb55632c4ae467e0af0930f6510aa2297d8014be502a55b14f3b7550cf?s=96&d=mm&r=g","caption":"Tar\u0131k"},"sameAs":["http:\/\/narteks.net"],"url":"https:\/\/narteks.net\/index.php\/author\/narbak\/"}]}},"_links":{"self":[{"href":"https:\/\/narteks.net\/index.php\/wp-json\/wp\/v2\/posts\/552","targetHints":{"allow":["GET"]}}],"collection":[{"href":"https:\/\/narteks.net\/index.php\/wp-json\/wp\/v2\/posts"}],"about":[{"href":"https:\/\/narteks.net\/index.php\/wp-json\/wp\/v2\/types\/post"}],"author":[{"embeddable":true,"href":"https:\/\/narteks.net\/index.php\/wp-json\/wp\/v2\/users\/1"}],"replies":[{"embeddable":true,"href":"https:\/\/narteks.net\/index.php\/wp-json\/wp\/v2\/comments?post=552"}],"version-history":[{"count":0,"href":"https:\/\/narteks.net\/index.php\/wp-json\/wp\/v2\/posts\/552\/revisions"}],"wp:attachment":[{"href":"https:\/\/narteks.net\/index.php\/wp-json\/wp\/v2\/media?parent=552"}],"wp:term":[{"taxonomy":"category","embeddable":true,"href":"https:\/\/narteks.net\/index.php\/wp-json\/wp\/v2\/categories?post=552"},{"taxonomy":"post_tag","embeddable":true,"href":"https:\/\/narteks.net\/index.php\/wp-json\/wp\/v2\/tags?post=552"}],"curies":[{"name":"wp","href":"https:\/\/api.w.org\/{rel}","templated":true}]}}