{"id":5543,"date":"2011-02-28T22:23:30","date_gmt":"2011-02-28T19:23:30","guid":{"rendered":"http:\/\/localhost\/wordpress\/2011\/02\/28\/kul-kedisi\/"},"modified":"2011-02-28T22:23:30","modified_gmt":"2011-02-28T19:23:30","slug":"kul-kedisi","status":"publish","type":"post","link":"https:\/\/narteks.net\/index.php\/2011\/02\/28\/kul-kedisi\/","title":{"rendered":"K\u00dcL KED\u0130S\u0130"},"content":{"rendered":"<p>\u00a0<\/p>\n<p>Beyo\u011flu&#8217;nda gezinen tramvay K\u00fcrt\u00fcr<br \/>deniz g\u00f6r\u00fcnmez \u00e7\u00fcnk\u00fc penceresinden<br \/>insanlar\u0131n \u00f6ld\u00fcr\u00fcld\u00fc\u011f\u00fc da\u011flarda<br \/>inan\u0131yorum yine de<br \/>dikkat ceylan c\u0131kabilir uyar\u0131s\u0131na<br \/>bir orman yolundan ge\u00e7erken<\/p>\n<p>Sava\u015f ki \u00fclkemde<br \/>b\u00fct\u00fcn bardaklar\u0131 k\u0131r\u0131lan<br \/>birer s\u00fcrahi gibi<br \/>\u00e7ocuklar\u0131n\u0131 g\u00f6zya\u015flar\u0131yla bekleyen<br \/>nice anneler b\u0131rakmaktad\u0131r<br \/>pencere \u00f6nlerinde<\/p>\n<p>Tutu\u015funca Mad\u0131mak Oteli&#8217;nin perdesi<br \/>bir kez daha kondakland\u0131 umudumuz<br \/>y\u00fcr\u00fcmeyi \u00f6\u011fretece\u011fiz ona<br \/>sonra yeniden ko\u015fmas\u0131n\u0131<br \/>masal olmad\u0131\u011f\u0131n\u0131 s\u00f6yl\u00fcyor g\u00fczel g\u00fcnlerin<br \/>Sivas sokaklar\u0131nda do\u011furan k\u00fcl kedisi<\/p>\n<p>Denize do\u011fru inen bir sokakt\u0131r \u00fclkem<br \/>d\u00fcz de\u011fildir ta\u015flar\u0131<br \/>ayakkab\u0131lar\u0131n\u0131 ba\u011flamadan<br \/>pe\u015finden ko\u015farken bir mart\u0131n\u0131n<br \/>ipe tak\u0131l\u0131p d\u00fc\u015fer<br \/>\u00f6zg\u00fcrl\u00fc\u011f\u00fcn eve avluya s\u0131\u011fmaz \u00e7ocuklar\u0131<\/p>\n<p>Ba\u015f\u0131m\u0131zdaki \u015fapka bireysel<br \/>\u015femsiye sosyalist yan\u0131m\u0131zd\u0131r<br \/>ve tek \u015fart\u0131<br \/>ters d\u00f6nen bir \u015femsiyeyi d\u00fczeltmenin<br \/>zor da olsa y\u00fcr\u00fcmektir<br \/>r\u00fczgara kar\u015f\u0131<\/p>\n<p>Sunay AKIN\u00a0\u00a0 <\/p>\n","protected":false},"excerpt":{"rendered":"<p>\u00a0 Beyo\u011flu&#8217;nda gezinen tramvay K\u00fcrt\u00fcrdeniz g\u00f6r\u00fcnmez \u00e7\u00fcnk\u00fc penceresindeninsanlar\u0131n \u00f6ld\u00fcr\u00fcld\u00fc\u011f\u00fc da\u011flardainan\u0131yorum yine dedikkat ceylan c\u0131kabilir uyar\u0131s\u0131nabir orman yolundan ge\u00e7erken Sava\u015f ki \u00fclkemdeb\u00fct\u00fcn bardaklar\u0131 k\u0131r\u0131lanbirer s\u00fcrahi gibi\u00e7ocuklar\u0131n\u0131 g\u00f6zya\u015flar\u0131yla bekleyennice anneler b\u0131rakmaktad\u0131rpencere \u00f6nlerinde Tutu\u015funca Mad\u0131mak Oteli&#8217;nin perdesibir kez daha kondakland\u0131 umudumuzy\u00fcr\u00fcmeyi \u00f6\u011fretece\u011fiz onasonra yeniden ko\u015fmas\u0131n\u0131masal olmad\u0131\u011f\u0131n\u0131 s\u00f6yl\u00fcyor g\u00fczel g\u00fcnlerinSivas sokaklar\u0131nda do\u011furan k\u00fcl kedisi Denize do\u011fru inen bir sokakt\u0131r [&hellip;]<\/p>\n","protected":false},"author":1,"featured_media":0,"comment_status":"open","ping_status":"open","sticky":false,"template":"","format":"standard","meta":{"footnotes":""},"categories":[171],"tags":[],"class_list":{"0":"post-5543","1":"post","2":"type-post","3":"status-publish","4":"format-standard","6":"category-sunay-akin"},"yoast_head":"<!-- This site is optimized with the Yoast SEO Premium plugin v24.9 (Yoast SEO v24.9) - https:\/\/yoast.com\/wordpress\/plugins\/seo\/ -->\n<title>K\u00dcL KED\u0130S\u0130 - narteks.net<\/title>\n<meta name=\"robots\" content=\"index, follow, max-snippet:-1, max-image-preview:large, max-video-preview:-1\" \/>\n<link rel=\"canonical\" href=\"https:\/\/narteks.net\/index.php\/2011\/02\/28\/kul-kedisi\/\" \/>\n<meta property=\"og:locale\" content=\"tr_TR\" \/>\n<meta property=\"og:type\" content=\"article\" \/>\n<meta property=\"og:title\" content=\"K\u00dcL KED\u0130S\u0130\" \/>\n<meta property=\"og:description\" content=\"\u00a0 Beyo\u011flu&#8217;nda gezinen tramvay K\u00fcrt\u00fcrdeniz g\u00f6r\u00fcnmez \u00e7\u00fcnk\u00fc penceresindeninsanlar\u0131n \u00f6ld\u00fcr\u00fcld\u00fc\u011f\u00fc da\u011flardainan\u0131yorum yine dedikkat ceylan c\u0131kabilir uyar\u0131s\u0131nabir orman yolundan ge\u00e7erken Sava\u015f ki \u00fclkemdeb\u00fct\u00fcn bardaklar\u0131 k\u0131r\u0131lanbirer s\u00fcrahi gibi\u00e7ocuklar\u0131n\u0131 g\u00f6zya\u015flar\u0131yla bekleyennice anneler b\u0131rakmaktad\u0131rpencere \u00f6nlerinde Tutu\u015funca Mad\u0131mak Oteli&#8217;nin perdesibir kez daha kondakland\u0131 umudumuzy\u00fcr\u00fcmeyi \u00f6\u011fretece\u011fiz onasonra yeniden ko\u015fmas\u0131n\u0131masal olmad\u0131\u011f\u0131n\u0131 s\u00f6yl\u00fcyor g\u00fczel g\u00fcnlerinSivas sokaklar\u0131nda do\u011furan k\u00fcl kedisi Denize do\u011fru inen bir sokakt\u0131r [&hellip;]\" \/>\n<meta property=\"og:url\" content=\"https:\/\/narteks.net\/index.php\/2011\/02\/28\/kul-kedisi\/\" \/>\n<meta property=\"og:site_name\" content=\"narteks.net\" \/>\n<meta property=\"article:published_time\" content=\"2011-02-28T19:23:30+00:00\" \/>\n<meta property=\"og:image\" content=\"https:\/\/narteks.net\/wp-content\/uploads\/narteks.png\" \/>\n\t<meta property=\"og:image:width\" content=\"300\" \/>\n\t<meta property=\"og:image:height\" content=\"90\" \/>\n\t<meta property=\"og:image:type\" content=\"image\/png\" \/>\n<meta name=\"author\" content=\"Tar\u0131k\" \/>\n<meta name=\"twitter:card\" content=\"summary_large_image\" \/>\n<meta name=\"twitter:creator\" content=\"@narteks\" \/>\n<meta name=\"twitter:site\" content=\"@narteks\" \/>\n<meta name=\"twitter:label1\" content=\"Yazan:\" \/>\n\t<meta name=\"twitter:data1\" content=\"Tar\u0131k\" \/>\n\t<meta name=\"twitter:label2\" content=\"Tahmini okuma s\u00fcresi\" \/>\n\t<meta name=\"twitter:data2\" content=\"1 dakika\" \/>\n<script type=\"application\/ld+json\" class=\"yoast-schema-graph\">{\"@context\":\"https:\/\/schema.org\",\"@graph\":[{\"@type\":\"Article\",\"@id\":\"https:\/\/narteks.net\/index.php\/2011\/02\/28\/kul-kedisi\/#article\",\"isPartOf\":{\"@id\":\"https:\/\/narteks.net\/index.php\/2011\/02\/28\/kul-kedisi\/\"},\"author\":{\"name\":\"Tar\u0131k\",\"@id\":\"https:\/\/narteks.net\/#\/schema\/person\/61f37d9834294b72d31d274e7ed79bca\"},\"headline\":\"K\u00dcL KED\u0130S\u0130\",\"datePublished\":\"2011-02-28T19:23:30+00:00\",\"mainEntityOfPage\":{\"@id\":\"https:\/\/narteks.net\/index.php\/2011\/02\/28\/kul-kedisi\/\"},\"wordCount\":162,\"commentCount\":0,\"publisher\":{\"@id\":\"https:\/\/narteks.net\/#organization\"},\"articleSection\":[\"Sunay AKIN\"],\"inLanguage\":\"tr\",\"potentialAction\":[{\"@type\":\"CommentAction\",\"name\":\"Comment\",\"target\":[\"https:\/\/narteks.net\/index.php\/2011\/02\/28\/kul-kedisi\/#respond\"]}]},{\"@type\":\"WebPage\",\"@id\":\"https:\/\/narteks.net\/index.php\/2011\/02\/28\/kul-kedisi\/\",\"url\":\"https:\/\/narteks.net\/index.php\/2011\/02\/28\/kul-kedisi\/\",\"name\":\"K\u00dcL KED\u0130S\u0130 - narteks.net\",\"isPartOf\":{\"@id\":\"https:\/\/narteks.net\/#website\"},\"datePublished\":\"2011-02-28T19:23:30+00:00\",\"breadcrumb\":{\"@id\":\"https:\/\/narteks.net\/index.php\/2011\/02\/28\/kul-kedisi\/#breadcrumb\"},\"inLanguage\":\"tr\",\"potentialAction\":[{\"@type\":\"ReadAction\",\"target\":[\"https:\/\/narteks.net\/index.php\/2011\/02\/28\/kul-kedisi\/\"]}]},{\"@type\":\"BreadcrumbList\",\"@id\":\"https:\/\/narteks.net\/index.php\/2011\/02\/28\/kul-kedisi\/#breadcrumb\",\"itemListElement\":[{\"@type\":\"ListItem\",\"position\":1,\"name\":\"Anasayfa\",\"item\":\"https:\/\/narteks.net\/\"},{\"@type\":\"ListItem\",\"position\":2,\"name\":\"K\u00dcL KED\u0130S\u0130\"}]},{\"@type\":\"WebSite\",\"@id\":\"https:\/\/narteks.net\/#website\",\"url\":\"https:\/\/narteks.net\/\",\"name\":\"narteks.net\",\"description\":\"K\u00fclt\u00fcr Sanat Edebiyat Felsefe\",\"publisher\":{\"@id\":\"https:\/\/narteks.net\/#organization\"},\"alternateName\":\"K\u00fclt\u00fcr Sanat Edebiyat Felsefe\",\"potentialAction\":[{\"@type\":\"SearchAction\",\"target\":{\"@type\":\"EntryPoint\",\"urlTemplate\":\"https:\/\/narteks.net\/?s={search_term_string}\"},\"query-input\":{\"@type\":\"PropertyValueSpecification\",\"valueRequired\":true,\"valueName\":\"search_term_string\"}}],\"inLanguage\":\"tr\"},{\"@type\":\"Organization\",\"@id\":\"https:\/\/narteks.net\/#organization\",\"name\":\"narteks.net\",\"url\":\"https:\/\/narteks.net\/\",\"logo\":{\"@type\":\"ImageObject\",\"inLanguage\":\"tr\",\"@id\":\"https:\/\/narteks.net\/#\/schema\/logo\/image\/\",\"url\":\"https:\/\/narteks.net\/wp-content\/uploads\/narteks.png\",\"contentUrl\":\"https:\/\/narteks.net\/wp-content\/uploads\/narteks.png\",\"width\":300,\"height\":90,\"caption\":\"narteks.net\"},\"image\":{\"@id\":\"https:\/\/narteks.net\/#\/schema\/logo\/image\/\"},\"sameAs\":[\"https:\/\/x.com\/narteks\",\"https:\/\/instagram.com\/narteksnet\"]},{\"@type\":\"Person\",\"@id\":\"https:\/\/narteks.net\/#\/schema\/person\/61f37d9834294b72d31d274e7ed79bca\",\"name\":\"Tar\u0131k\",\"image\":{\"@type\":\"ImageObject\",\"inLanguage\":\"tr\",\"@id\":\"https:\/\/narteks.net\/#\/schema\/person\/image\/\",\"url\":\"https:\/\/secure.gravatar.com\/avatar\/50865afb55632c4ae467e0af0930f6510aa2297d8014be502a55b14f3b7550cf?s=96&d=mm&r=g\",\"contentUrl\":\"https:\/\/secure.gravatar.com\/avatar\/50865afb55632c4ae467e0af0930f6510aa2297d8014be502a55b14f3b7550cf?s=96&d=mm&r=g\",\"caption\":\"Tar\u0131k\"},\"sameAs\":[\"http:\/\/narteks.net\"],\"url\":\"https:\/\/narteks.net\/index.php\/author\/narbak\/\"}]}<\/script>\n<!-- \/ Yoast SEO Premium plugin. -->","yoast_head_json":{"title":"K\u00dcL KED\u0130S\u0130 - narteks.net","robots":{"index":"index","follow":"follow","max-snippet":"max-snippet:-1","max-image-preview":"max-image-preview:large","max-video-preview":"max-video-preview:-1"},"canonical":"https:\/\/narteks.net\/index.php\/2011\/02\/28\/kul-kedisi\/","og_locale":"tr_TR","og_type":"article","og_title":"K\u00dcL KED\u0130S\u0130","og_description":"\u00a0 Beyo\u011flu&#8217;nda gezinen tramvay K\u00fcrt\u00fcrdeniz g\u00f6r\u00fcnmez \u00e7\u00fcnk\u00fc penceresindeninsanlar\u0131n \u00f6ld\u00fcr\u00fcld\u00fc\u011f\u00fc da\u011flardainan\u0131yorum yine dedikkat ceylan c\u0131kabilir uyar\u0131s\u0131nabir orman yolundan ge\u00e7erken Sava\u015f ki \u00fclkemdeb\u00fct\u00fcn bardaklar\u0131 k\u0131r\u0131lanbirer s\u00fcrahi gibi\u00e7ocuklar\u0131n\u0131 g\u00f6zya\u015flar\u0131yla bekleyennice anneler b\u0131rakmaktad\u0131rpencere \u00f6nlerinde Tutu\u015funca Mad\u0131mak Oteli&#8217;nin perdesibir kez daha kondakland\u0131 umudumuzy\u00fcr\u00fcmeyi \u00f6\u011fretece\u011fiz onasonra yeniden ko\u015fmas\u0131n\u0131masal olmad\u0131\u011f\u0131n\u0131 s\u00f6yl\u00fcyor g\u00fczel g\u00fcnlerinSivas sokaklar\u0131nda do\u011furan k\u00fcl kedisi Denize do\u011fru inen bir sokakt\u0131r [&hellip;]","og_url":"https:\/\/narteks.net\/index.php\/2011\/02\/28\/kul-kedisi\/","og_site_name":"narteks.net","article_published_time":"2011-02-28T19:23:30+00:00","og_image":[{"width":300,"height":90,"url":"https:\/\/narteks.net\/wp-content\/uploads\/narteks.png","type":"image\/png"}],"author":"Tar\u0131k","twitter_card":"summary_large_image","twitter_creator":"@narteks","twitter_site":"@narteks","twitter_misc":{"Yazan:":"Tar\u0131k","Tahmini okuma s\u00fcresi":"1 dakika"},"schema":{"@context":"https:\/\/schema.org","@graph":[{"@type":"Article","@id":"https:\/\/narteks.net\/index.php\/2011\/02\/28\/kul-kedisi\/#article","isPartOf":{"@id":"https:\/\/narteks.net\/index.php\/2011\/02\/28\/kul-kedisi\/"},"author":{"name":"Tar\u0131k","@id":"https:\/\/narteks.net\/#\/schema\/person\/61f37d9834294b72d31d274e7ed79bca"},"headline":"K\u00dcL KED\u0130S\u0130","datePublished":"2011-02-28T19:23:30+00:00","mainEntityOfPage":{"@id":"https:\/\/narteks.net\/index.php\/2011\/02\/28\/kul-kedisi\/"},"wordCount":162,"commentCount":0,"publisher":{"@id":"https:\/\/narteks.net\/#organization"},"articleSection":["Sunay AKIN"],"inLanguage":"tr","potentialAction":[{"@type":"CommentAction","name":"Comment","target":["https:\/\/narteks.net\/index.php\/2011\/02\/28\/kul-kedisi\/#respond"]}]},{"@type":"WebPage","@id":"https:\/\/narteks.net\/index.php\/2011\/02\/28\/kul-kedisi\/","url":"https:\/\/narteks.net\/index.php\/2011\/02\/28\/kul-kedisi\/","name":"K\u00dcL KED\u0130S\u0130 - narteks.net","isPartOf":{"@id":"https:\/\/narteks.net\/#website"},"datePublished":"2011-02-28T19:23:30+00:00","breadcrumb":{"@id":"https:\/\/narteks.net\/index.php\/2011\/02\/28\/kul-kedisi\/#breadcrumb"},"inLanguage":"tr","potentialAction":[{"@type":"ReadAction","target":["https:\/\/narteks.net\/index.php\/2011\/02\/28\/kul-kedisi\/"]}]},{"@type":"BreadcrumbList","@id":"https:\/\/narteks.net\/index.php\/2011\/02\/28\/kul-kedisi\/#breadcrumb","itemListElement":[{"@type":"ListItem","position":1,"name":"Anasayfa","item":"https:\/\/narteks.net\/"},{"@type":"ListItem","position":2,"name":"K\u00dcL KED\u0130S\u0130"}]},{"@type":"WebSite","@id":"https:\/\/narteks.net\/#website","url":"https:\/\/narteks.net\/","name":"narteks.net","description":"K\u00fclt\u00fcr Sanat Edebiyat Felsefe","publisher":{"@id":"https:\/\/narteks.net\/#organization"},"alternateName":"K\u00fclt\u00fcr Sanat Edebiyat Felsefe","potentialAction":[{"@type":"SearchAction","target":{"@type":"EntryPoint","urlTemplate":"https:\/\/narteks.net\/?s={search_term_string}"},"query-input":{"@type":"PropertyValueSpecification","valueRequired":true,"valueName":"search_term_string"}}],"inLanguage":"tr"},{"@type":"Organization","@id":"https:\/\/narteks.net\/#organization","name":"narteks.net","url":"https:\/\/narteks.net\/","logo":{"@type":"ImageObject","inLanguage":"tr","@id":"https:\/\/narteks.net\/#\/schema\/logo\/image\/","url":"https:\/\/narteks.net\/wp-content\/uploads\/narteks.png","contentUrl":"https:\/\/narteks.net\/wp-content\/uploads\/narteks.png","width":300,"height":90,"caption":"narteks.net"},"image":{"@id":"https:\/\/narteks.net\/#\/schema\/logo\/image\/"},"sameAs":["https:\/\/x.com\/narteks","https:\/\/instagram.com\/narteksnet"]},{"@type":"Person","@id":"https:\/\/narteks.net\/#\/schema\/person\/61f37d9834294b72d31d274e7ed79bca","name":"Tar\u0131k","image":{"@type":"ImageObject","inLanguage":"tr","@id":"https:\/\/narteks.net\/#\/schema\/person\/image\/","url":"https:\/\/secure.gravatar.com\/avatar\/50865afb55632c4ae467e0af0930f6510aa2297d8014be502a55b14f3b7550cf?s=96&d=mm&r=g","contentUrl":"https:\/\/secure.gravatar.com\/avatar\/50865afb55632c4ae467e0af0930f6510aa2297d8014be502a55b14f3b7550cf?s=96&d=mm&r=g","caption":"Tar\u0131k"},"sameAs":["http:\/\/narteks.net"],"url":"https:\/\/narteks.net\/index.php\/author\/narbak\/"}]}},"_links":{"self":[{"href":"https:\/\/narteks.net\/index.php\/wp-json\/wp\/v2\/posts\/5543","targetHints":{"allow":["GET"]}}],"collection":[{"href":"https:\/\/narteks.net\/index.php\/wp-json\/wp\/v2\/posts"}],"about":[{"href":"https:\/\/narteks.net\/index.php\/wp-json\/wp\/v2\/types\/post"}],"author":[{"embeddable":true,"href":"https:\/\/narteks.net\/index.php\/wp-json\/wp\/v2\/users\/1"}],"replies":[{"embeddable":true,"href":"https:\/\/narteks.net\/index.php\/wp-json\/wp\/v2\/comments?post=5543"}],"version-history":[{"count":0,"href":"https:\/\/narteks.net\/index.php\/wp-json\/wp\/v2\/posts\/5543\/revisions"}],"wp:attachment":[{"href":"https:\/\/narteks.net\/index.php\/wp-json\/wp\/v2\/media?parent=5543"}],"wp:term":[{"taxonomy":"category","embeddable":true,"href":"https:\/\/narteks.net\/index.php\/wp-json\/wp\/v2\/categories?post=5543"},{"taxonomy":"post_tag","embeddable":true,"href":"https:\/\/narteks.net\/index.php\/wp-json\/wp\/v2\/tags?post=5543"}],"curies":[{"name":"wp","href":"https:\/\/api.w.org\/{rel}","templated":true}]}}