{"id":566,"date":"2009-04-12T19:46:20","date_gmt":"2009-04-12T16:46:20","guid":{"rendered":"http:\/\/localhost\/wordpress\/2009\/04\/12\/sana-buyuk-sehirlerden-bahsedecegim\/"},"modified":"2009-04-12T19:46:20","modified_gmt":"2009-04-12T16:46:20","slug":"sana-buyuk-sehirlerden-bahsedecegim","status":"publish","type":"post","link":"https:\/\/narteks.net\/index.php\/2009\/04\/12\/sana-buyuk-sehirlerden-bahsedecegim\/","title":{"rendered":"SANA B\u00dcY\u00dcK \u015eEH\u0130RLERDEN BAHSEDECE\u011e\u0130M"},"content":{"rendered":"<p>\u00a0<\/p>\n<p>sana b\u00fcy\u00fck \u015fehirlerden bahsedece\u011fim. <br \/> en b\u00fcy\u00fck camiler orada kurulur, <br \/> en k\u00fc\u00e7\u00fck mezarlar orada kaz\u0131l\u0131r <br \/> en kara yaz\u0131lar orda dizilir. <\/p>\n<p> y\u00fcksek minarelerde sela verilir, <br \/> civar hanelerde zina edilir. <br \/> b\u00fcy\u00fck \u015fehirlerde yalan s\u00f6ylenir, <br \/> halbuki k\u00fc\u00e7\u00fck k\u00f6ylerin mezarl\u0131\u011f\u0131 bile yoktur. <\/p>\n<p> b\u00fcy\u00fck \u015fehirlere ba\u011flanma mehmedim. <br \/> \u00f6yle bir \u015fehre yerle\u015f ki, <br \/> k\u00fc\u00e7\u00fck olsun fakat bizim olsun. <br \/> sokaklar\u0131nda tan\u0131mad\u0131k y\u00fcz, <br \/> ensesine \u015famar atmayaca\u011f\u0131n kimse dola\u015fmas\u0131n. <br \/> her a\u011fac\u0131na elin, <br \/> her kar\u0131\u015f topra\u011f\u0131na terin de\u011fsin. <br \/> ve kuytu evlerden birinde <br \/> senden habersiz \u00f6lenler olmas\u0131n.<\/p>\n<p>Bedri Rahmi EY\u00dcBO\u011eLU<\/p>\n","protected":false},"excerpt":{"rendered":"<p>\u00a0 sana b\u00fcy\u00fck \u015fehirlerden bahsedece\u011fim. en b\u00fcy\u00fck camiler orada kurulur, en k\u00fc\u00e7\u00fck mezarlar orada kaz\u0131l\u0131r en kara yaz\u0131lar orda dizilir. y\u00fcksek minarelerde sela verilir, civar hanelerde zina edilir. b\u00fcy\u00fck \u015fehirlerde yalan s\u00f6ylenir, halbuki k\u00fc\u00e7\u00fck k\u00f6ylerin mezarl\u0131\u011f\u0131 bile yoktur. b\u00fcy\u00fck \u015fehirlere ba\u011flanma mehmedim. \u00f6yle bir \u015fehre yerle\u015f ki, k\u00fc\u00e7\u00fck olsun fakat bizim olsun. sokaklar\u0131nda tan\u0131mad\u0131k y\u00fcz, [&hellip;]<\/p>\n","protected":false},"author":1,"featured_media":0,"comment_status":"open","ping_status":"open","sticky":false,"template":"","format":"standard","meta":{"footnotes":""},"categories":[13],"tags":[],"class_list":{"0":"post-566","1":"post","2":"type-post","3":"status-publish","4":"format-standard","6":"category-b-rahmi-eyuboglu"},"yoast_head":"<!-- This site is optimized with the Yoast SEO Premium plugin v24.9 (Yoast SEO v24.9) - https:\/\/yoast.com\/wordpress\/plugins\/seo\/ -->\n<title>SANA B\u00dcY\u00dcK \u015eEH\u0130RLERDEN BAHSEDECE\u011e\u0130M - narteks.net<\/title>\n<meta name=\"robots\" content=\"index, follow, max-snippet:-1, max-image-preview:large, max-video-preview:-1\" \/>\n<link rel=\"canonical\" href=\"https:\/\/narteks.net\/index.php\/2009\/04\/12\/sana-buyuk-sehirlerden-bahsedecegim\/\" \/>\n<meta property=\"og:locale\" content=\"tr_TR\" \/>\n<meta property=\"og:type\" content=\"article\" \/>\n<meta property=\"og:title\" content=\"SANA B\u00dcY\u00dcK \u015eEH\u0130RLERDEN BAHSEDECE\u011e\u0130M\" \/>\n<meta property=\"og:description\" content=\"\u00a0 sana b\u00fcy\u00fck \u015fehirlerden bahsedece\u011fim. en b\u00fcy\u00fck camiler orada kurulur, en k\u00fc\u00e7\u00fck mezarlar orada kaz\u0131l\u0131r en kara yaz\u0131lar orda dizilir. y\u00fcksek minarelerde sela verilir, civar hanelerde zina edilir. b\u00fcy\u00fck \u015fehirlerde yalan s\u00f6ylenir, halbuki k\u00fc\u00e7\u00fck k\u00f6ylerin mezarl\u0131\u011f\u0131 bile yoktur. b\u00fcy\u00fck \u015fehirlere ba\u011flanma mehmedim. \u00f6yle bir \u015fehre yerle\u015f ki, k\u00fc\u00e7\u00fck olsun fakat bizim olsun. sokaklar\u0131nda tan\u0131mad\u0131k y\u00fcz, [&hellip;]\" \/>\n<meta property=\"og:url\" content=\"https:\/\/narteks.net\/index.php\/2009\/04\/12\/sana-buyuk-sehirlerden-bahsedecegim\/\" \/>\n<meta property=\"og:site_name\" content=\"narteks.net\" \/>\n<meta property=\"article:published_time\" content=\"2009-04-12T16:46:20+00:00\" \/>\n<meta property=\"og:image\" content=\"https:\/\/narteks.net\/wp-content\/uploads\/narteks.png\" \/>\n\t<meta property=\"og:image:width\" content=\"300\" \/>\n\t<meta property=\"og:image:height\" content=\"90\" \/>\n\t<meta property=\"og:image:type\" content=\"image\/png\" \/>\n<meta name=\"author\" content=\"Tar\u0131k\" \/>\n<meta name=\"twitter:card\" content=\"summary_large_image\" \/>\n<meta name=\"twitter:creator\" content=\"@narteks\" \/>\n<meta name=\"twitter:site\" content=\"@narteks\" \/>\n<meta name=\"twitter:label1\" content=\"Yazan:\" \/>\n\t<meta name=\"twitter:data1\" content=\"Tar\u0131k\" \/>\n\t<meta name=\"twitter:label2\" content=\"Tahmini okuma s\u00fcresi\" \/>\n\t<meta name=\"twitter:data2\" content=\"1 dakika\" \/>\n<script type=\"application\/ld+json\" class=\"yoast-schema-graph\">{\"@context\":\"https:\/\/schema.org\",\"@graph\":[{\"@type\":\"Article\",\"@id\":\"https:\/\/narteks.net\/index.php\/2009\/04\/12\/sana-buyuk-sehirlerden-bahsedecegim\/#article\",\"isPartOf\":{\"@id\":\"https:\/\/narteks.net\/index.php\/2009\/04\/12\/sana-buyuk-sehirlerden-bahsedecegim\/\"},\"author\":{\"name\":\"Tar\u0131k\",\"@id\":\"https:\/\/narteks.net\/#\/schema\/person\/61f37d9834294b72d31d274e7ed79bca\"},\"headline\":\"SANA B\u00dcY\u00dcK \u015eEH\u0130RLERDEN BAHSEDECE\u011e\u0130M\",\"datePublished\":\"2009-04-12T16:46:20+00:00\",\"mainEntityOfPage\":{\"@id\":\"https:\/\/narteks.net\/index.php\/2009\/04\/12\/sana-buyuk-sehirlerden-bahsedecegim\/\"},\"wordCount\":119,\"commentCount\":0,\"publisher\":{\"@id\":\"https:\/\/narteks.net\/#organization\"},\"articleSection\":[\"B.Rahmi EY\u00dcBOGLU\"],\"inLanguage\":\"tr\",\"potentialAction\":[{\"@type\":\"CommentAction\",\"name\":\"Comment\",\"target\":[\"https:\/\/narteks.net\/index.php\/2009\/04\/12\/sana-buyuk-sehirlerden-bahsedecegim\/#respond\"]}]},{\"@type\":\"WebPage\",\"@id\":\"https:\/\/narteks.net\/index.php\/2009\/04\/12\/sana-buyuk-sehirlerden-bahsedecegim\/\",\"url\":\"https:\/\/narteks.net\/index.php\/2009\/04\/12\/sana-buyuk-sehirlerden-bahsedecegim\/\",\"name\":\"SANA B\u00dcY\u00dcK \u015eEH\u0130RLERDEN BAHSEDECE\u011e\u0130M - narteks.net\",\"isPartOf\":{\"@id\":\"https:\/\/narteks.net\/#website\"},\"datePublished\":\"2009-04-12T16:46:20+00:00\",\"breadcrumb\":{\"@id\":\"https:\/\/narteks.net\/index.php\/2009\/04\/12\/sana-buyuk-sehirlerden-bahsedecegim\/#breadcrumb\"},\"inLanguage\":\"tr\",\"potentialAction\":[{\"@type\":\"ReadAction\",\"target\":[\"https:\/\/narteks.net\/index.php\/2009\/04\/12\/sana-buyuk-sehirlerden-bahsedecegim\/\"]}]},{\"@type\":\"BreadcrumbList\",\"@id\":\"https:\/\/narteks.net\/index.php\/2009\/04\/12\/sana-buyuk-sehirlerden-bahsedecegim\/#breadcrumb\",\"itemListElement\":[{\"@type\":\"ListItem\",\"position\":1,\"name\":\"Anasayfa\",\"item\":\"https:\/\/narteks.net\/\"},{\"@type\":\"ListItem\",\"position\":2,\"name\":\"SANA B\u00dcY\u00dcK \u015eEH\u0130RLERDEN BAHSEDECE\u011e\u0130M\"}]},{\"@type\":\"WebSite\",\"@id\":\"https:\/\/narteks.net\/#website\",\"url\":\"https:\/\/narteks.net\/\",\"name\":\"narteks.net\",\"description\":\"K\u00fclt\u00fcr Sanat Edebiyat Felsefe\",\"publisher\":{\"@id\":\"https:\/\/narteks.net\/#organization\"},\"alternateName\":\"K\u00fclt\u00fcr Sanat Edebiyat Felsefe\",\"potentialAction\":[{\"@type\":\"SearchAction\",\"target\":{\"@type\":\"EntryPoint\",\"urlTemplate\":\"https:\/\/narteks.net\/?s={search_term_string}\"},\"query-input\":{\"@type\":\"PropertyValueSpecification\",\"valueRequired\":true,\"valueName\":\"search_term_string\"}}],\"inLanguage\":\"tr\"},{\"@type\":\"Organization\",\"@id\":\"https:\/\/narteks.net\/#organization\",\"name\":\"narteks.net\",\"url\":\"https:\/\/narteks.net\/\",\"logo\":{\"@type\":\"ImageObject\",\"inLanguage\":\"tr\",\"@id\":\"https:\/\/narteks.net\/#\/schema\/logo\/image\/\",\"url\":\"https:\/\/narteks.net\/wp-content\/uploads\/narteks.png\",\"contentUrl\":\"https:\/\/narteks.net\/wp-content\/uploads\/narteks.png\",\"width\":300,\"height\":90,\"caption\":\"narteks.net\"},\"image\":{\"@id\":\"https:\/\/narteks.net\/#\/schema\/logo\/image\/\"},\"sameAs\":[\"https:\/\/x.com\/narteks\",\"https:\/\/instagram.com\/narteksnet\"]},{\"@type\":\"Person\",\"@id\":\"https:\/\/narteks.net\/#\/schema\/person\/61f37d9834294b72d31d274e7ed79bca\",\"name\":\"Tar\u0131k\",\"image\":{\"@type\":\"ImageObject\",\"inLanguage\":\"tr\",\"@id\":\"https:\/\/narteks.net\/#\/schema\/person\/image\/\",\"url\":\"https:\/\/secure.gravatar.com\/avatar\/50865afb55632c4ae467e0af0930f6510aa2297d8014be502a55b14f3b7550cf?s=96&d=mm&r=g\",\"contentUrl\":\"https:\/\/secure.gravatar.com\/avatar\/50865afb55632c4ae467e0af0930f6510aa2297d8014be502a55b14f3b7550cf?s=96&d=mm&r=g\",\"caption\":\"Tar\u0131k\"},\"sameAs\":[\"http:\/\/narteks.net\"],\"url\":\"https:\/\/narteks.net\/index.php\/author\/narbak\/\"}]}<\/script>\n<!-- \/ Yoast SEO Premium plugin. -->","yoast_head_json":{"title":"SANA B\u00dcY\u00dcK \u015eEH\u0130RLERDEN BAHSEDECE\u011e\u0130M - narteks.net","robots":{"index":"index","follow":"follow","max-snippet":"max-snippet:-1","max-image-preview":"max-image-preview:large","max-video-preview":"max-video-preview:-1"},"canonical":"https:\/\/narteks.net\/index.php\/2009\/04\/12\/sana-buyuk-sehirlerden-bahsedecegim\/","og_locale":"tr_TR","og_type":"article","og_title":"SANA B\u00dcY\u00dcK \u015eEH\u0130RLERDEN BAHSEDECE\u011e\u0130M","og_description":"\u00a0 sana b\u00fcy\u00fck \u015fehirlerden bahsedece\u011fim. en b\u00fcy\u00fck camiler orada kurulur, en k\u00fc\u00e7\u00fck mezarlar orada kaz\u0131l\u0131r en kara yaz\u0131lar orda dizilir. y\u00fcksek minarelerde sela verilir, civar hanelerde zina edilir. b\u00fcy\u00fck \u015fehirlerde yalan s\u00f6ylenir, halbuki k\u00fc\u00e7\u00fck k\u00f6ylerin mezarl\u0131\u011f\u0131 bile yoktur. b\u00fcy\u00fck \u015fehirlere ba\u011flanma mehmedim. \u00f6yle bir \u015fehre yerle\u015f ki, k\u00fc\u00e7\u00fck olsun fakat bizim olsun. sokaklar\u0131nda tan\u0131mad\u0131k y\u00fcz, [&hellip;]","og_url":"https:\/\/narteks.net\/index.php\/2009\/04\/12\/sana-buyuk-sehirlerden-bahsedecegim\/","og_site_name":"narteks.net","article_published_time":"2009-04-12T16:46:20+00:00","og_image":[{"width":300,"height":90,"url":"https:\/\/narteks.net\/wp-content\/uploads\/narteks.png","type":"image\/png"}],"author":"Tar\u0131k","twitter_card":"summary_large_image","twitter_creator":"@narteks","twitter_site":"@narteks","twitter_misc":{"Yazan:":"Tar\u0131k","Tahmini okuma s\u00fcresi":"1 dakika"},"schema":{"@context":"https:\/\/schema.org","@graph":[{"@type":"Article","@id":"https:\/\/narteks.net\/index.php\/2009\/04\/12\/sana-buyuk-sehirlerden-bahsedecegim\/#article","isPartOf":{"@id":"https:\/\/narteks.net\/index.php\/2009\/04\/12\/sana-buyuk-sehirlerden-bahsedecegim\/"},"author":{"name":"Tar\u0131k","@id":"https:\/\/narteks.net\/#\/schema\/person\/61f37d9834294b72d31d274e7ed79bca"},"headline":"SANA B\u00dcY\u00dcK \u015eEH\u0130RLERDEN BAHSEDECE\u011e\u0130M","datePublished":"2009-04-12T16:46:20+00:00","mainEntityOfPage":{"@id":"https:\/\/narteks.net\/index.php\/2009\/04\/12\/sana-buyuk-sehirlerden-bahsedecegim\/"},"wordCount":119,"commentCount":0,"publisher":{"@id":"https:\/\/narteks.net\/#organization"},"articleSection":["B.Rahmi EY\u00dcBOGLU"],"inLanguage":"tr","potentialAction":[{"@type":"CommentAction","name":"Comment","target":["https:\/\/narteks.net\/index.php\/2009\/04\/12\/sana-buyuk-sehirlerden-bahsedecegim\/#respond"]}]},{"@type":"WebPage","@id":"https:\/\/narteks.net\/index.php\/2009\/04\/12\/sana-buyuk-sehirlerden-bahsedecegim\/","url":"https:\/\/narteks.net\/index.php\/2009\/04\/12\/sana-buyuk-sehirlerden-bahsedecegim\/","name":"SANA B\u00dcY\u00dcK \u015eEH\u0130RLERDEN BAHSEDECE\u011e\u0130M - narteks.net","isPartOf":{"@id":"https:\/\/narteks.net\/#website"},"datePublished":"2009-04-12T16:46:20+00:00","breadcrumb":{"@id":"https:\/\/narteks.net\/index.php\/2009\/04\/12\/sana-buyuk-sehirlerden-bahsedecegim\/#breadcrumb"},"inLanguage":"tr","potentialAction":[{"@type":"ReadAction","target":["https:\/\/narteks.net\/index.php\/2009\/04\/12\/sana-buyuk-sehirlerden-bahsedecegim\/"]}]},{"@type":"BreadcrumbList","@id":"https:\/\/narteks.net\/index.php\/2009\/04\/12\/sana-buyuk-sehirlerden-bahsedecegim\/#breadcrumb","itemListElement":[{"@type":"ListItem","position":1,"name":"Anasayfa","item":"https:\/\/narteks.net\/"},{"@type":"ListItem","position":2,"name":"SANA B\u00dcY\u00dcK \u015eEH\u0130RLERDEN BAHSEDECE\u011e\u0130M"}]},{"@type":"WebSite","@id":"https:\/\/narteks.net\/#website","url":"https:\/\/narteks.net\/","name":"narteks.net","description":"K\u00fclt\u00fcr Sanat Edebiyat Felsefe","publisher":{"@id":"https:\/\/narteks.net\/#organization"},"alternateName":"K\u00fclt\u00fcr Sanat Edebiyat Felsefe","potentialAction":[{"@type":"SearchAction","target":{"@type":"EntryPoint","urlTemplate":"https:\/\/narteks.net\/?s={search_term_string}"},"query-input":{"@type":"PropertyValueSpecification","valueRequired":true,"valueName":"search_term_string"}}],"inLanguage":"tr"},{"@type":"Organization","@id":"https:\/\/narteks.net\/#organization","name":"narteks.net","url":"https:\/\/narteks.net\/","logo":{"@type":"ImageObject","inLanguage":"tr","@id":"https:\/\/narteks.net\/#\/schema\/logo\/image\/","url":"https:\/\/narteks.net\/wp-content\/uploads\/narteks.png","contentUrl":"https:\/\/narteks.net\/wp-content\/uploads\/narteks.png","width":300,"height":90,"caption":"narteks.net"},"image":{"@id":"https:\/\/narteks.net\/#\/schema\/logo\/image\/"},"sameAs":["https:\/\/x.com\/narteks","https:\/\/instagram.com\/narteksnet"]},{"@type":"Person","@id":"https:\/\/narteks.net\/#\/schema\/person\/61f37d9834294b72d31d274e7ed79bca","name":"Tar\u0131k","image":{"@type":"ImageObject","inLanguage":"tr","@id":"https:\/\/narteks.net\/#\/schema\/person\/image\/","url":"https:\/\/secure.gravatar.com\/avatar\/50865afb55632c4ae467e0af0930f6510aa2297d8014be502a55b14f3b7550cf?s=96&d=mm&r=g","contentUrl":"https:\/\/secure.gravatar.com\/avatar\/50865afb55632c4ae467e0af0930f6510aa2297d8014be502a55b14f3b7550cf?s=96&d=mm&r=g","caption":"Tar\u0131k"},"sameAs":["http:\/\/narteks.net"],"url":"https:\/\/narteks.net\/index.php\/author\/narbak\/"}]}},"_links":{"self":[{"href":"https:\/\/narteks.net\/index.php\/wp-json\/wp\/v2\/posts\/566","targetHints":{"allow":["GET"]}}],"collection":[{"href":"https:\/\/narteks.net\/index.php\/wp-json\/wp\/v2\/posts"}],"about":[{"href":"https:\/\/narteks.net\/index.php\/wp-json\/wp\/v2\/types\/post"}],"author":[{"embeddable":true,"href":"https:\/\/narteks.net\/index.php\/wp-json\/wp\/v2\/users\/1"}],"replies":[{"embeddable":true,"href":"https:\/\/narteks.net\/index.php\/wp-json\/wp\/v2\/comments?post=566"}],"version-history":[{"count":0,"href":"https:\/\/narteks.net\/index.php\/wp-json\/wp\/v2\/posts\/566\/revisions"}],"wp:attachment":[{"href":"https:\/\/narteks.net\/index.php\/wp-json\/wp\/v2\/media?parent=566"}],"wp:term":[{"taxonomy":"category","embeddable":true,"href":"https:\/\/narteks.net\/index.php\/wp-json\/wp\/v2\/categories?post=566"},{"taxonomy":"post_tag","embeddable":true,"href":"https:\/\/narteks.net\/index.php\/wp-json\/wp\/v2\/tags?post=566"}],"curies":[{"name":"wp","href":"https:\/\/api.w.org\/{rel}","templated":true}]}}