{"id":5729,"date":"2011-03-02T22:46:28","date_gmt":"2011-03-02T19:46:28","guid":{"rendered":"http:\/\/localhost\/wordpress\/2011\/03\/02\/benim-kirik-saz-ile-efendilere-calmak-yakisik-almaz-herhalde-ses-sabahattin-ali\/"},"modified":"2011-03-02T22:46:28","modified_gmt":"2011-03-02T19:46:28","slug":"benim-kirik-saz-ile-efendilere-calmak-yakisik-almaz-herhalde-ses-sabahattin-ali","status":"publish","type":"post","link":"https:\/\/narteks.net\/index.php\/2011\/03\/02\/benim-kirik-saz-ile-efendilere-calmak-yakisik-almaz-herhalde-ses-sabahattin-ali\/","title":{"rendered":"Benim k\u0131r\u0131k saz ile efendilere \u00e7almak yak\u0131\u015f\u0131k almaz herhalde | Ses &#8211; Sabahattin Ali"},"content":{"rendered":"<p style=\"text-align: justify;\"><img loading=\"lazy\" decoding=\"async\" src=\"http:\/\/www.dosthane.de\/sabahattin_ali.jpg\" border=\"0\" width=\"155\" height=\"205\" style=\"float: left;\" \/>Bizi Bey\u015fehirden Konya\u2019ya g\u00f6t\u00fcren kamyon Barsakderesi dedikleri bir bo\u011fazda sakatland\u0131. \u015eof\u00f6r ve muavini mot\u00f6r kapaklar\u0131n\u0131 a\u00e7t\u0131lar. Oturduklar\u0131 minderi kald\u0131r\u0131p onun alt\u0131ndan \u00e7\u0131kard\u0131klar\u0131 bir s\u00fcr\u00fc alet ve edavat\u0131 ortaya d\u00f6kt\u00fcler. Ondan sonra saatlerce s\u00fcren bir tamir ba\u015flad\u0131. Bazan her ikisi makinenin al\u0131na s\u00fcr\u00fcn\u00fcp arka \u00fcst\u00fc yat\u0131yorlar ve elleriyle mot\u00f6r\u00fcn alt k\u0131sm\u0131n\u0131 kurcal\u0131yorlar, bazan da biri \u015fof\u00f6r mahallinde gaza bas\u0131yor ve mot\u00f6r\u00fc i\u015fletiyor ve di\u011feri bu esnada porselen ba\u015fl\u0131kl\u0131 bir tak\u0131m memeleri yerlerinden oynat\u0131yordu.<\/p>\n<p>\u0130kindi g\u00fcne\u015fi alt\u0131nda kamyonun mu\u015famba kapl\u0131 karoserisi tahamm\u00fcl edilemeyecek bir hal alm\u0131\u015ft\u0131. Yolcular birer birer atlay\u0131p da\u011f\u0131ld\u0131lar. Bir k\u0131sm\u0131 merakla \u015fof\u00f6r\u00fc seyrediyor, ve o dinlenmek i\u00e7in mot\u00f6rden biraz ba\u015f\u0131n\u0131 kald\u0131r\u0131p duracak olsa:<\/p>\n<p>\u201cBitti mi?\u201d diye heyecanla soruyordu.<\/p>\n<p>Daha az merakl\u0131 birka\u00e7 yolcu ile ben ve arkada\u015f\u0131m bo\u011faz\u0131n garp taraf\u0131na, g\u00f6lge bir yere do\u011fru y\u00fcr\u00fcd\u00fck ve birer ta\u015f\u0131n \u00fcst\u00fcne oturup bekleme\u011fe ve etraf\u0131m\u0131za bak\u0131nma\u011fa ba\u015flad\u0131k.<\/p>\n<p>Kamyonun durdu\u011fu yerin biraz ilerisinde, yolun kenar\u0131nda iki \u00e7ad\u0131r ve bunlar\u0131n etraf\u0131nda birka\u00e7 kazma k\u00fcrek ile bir el arabas\u0131 vard\u0131. Daha uzakta ise ta\u015f k\u0131rmakla ve kum ta\u015f\u0131makla me\u015fgul bir miktar yol amelesi g\u00f6r\u00fcl\u00fcyordu.<\/p>\n<p>G\u00fcne\u015f arkam\u0131zdaki s\u0131rta g\u00f6m\u00fcld\u00fck\u00e7e, kar\u015f\u0131 taraftaki tepenin \u00fczerine serpilmi\u015f bulunan \u00e7am a\u011fa\u00e7lar\u0131na gitgide k\u0131rm\u0131z\u0131la\u015fan bir \u0131\u015f\u0131k yolluyor, vadiyi s\u00fcratle artan bir lo\u015fu\u011fa terkediyordu. Serin bir ilkbahar g\u00fcn\u00fc idi ve orta yerde akan k\u00fc\u00e7\u00fck dere m\u0131r\u0131lt\u0131ya benzer seslerini duyurma\u011fa ba\u015fl\u0131yordu.<\/p>\n<p>Yoldan birka\u00e7 araba ve otomobil gelip ge\u00e7ti. Bizim kamyonun yan\u0131nda biraz durdular ve \u015fof\u00f6re bir \u015fey laz\u0131m m\u0131, diye sordular. \u0130\u00e7erisinde bo\u015f yer bulunan bir kamyon, vakit ge\u00e7tik\u00e7e tela\u015flar\u0131 artan ve m\u00fctemadiyen \u015fof\u00f6re s\u00f6ylenen bizim yolculardan iki kad\u0131n\u0131 adl\u0131. Konyaya g\u00f6t\u00fcrd\u00fc.<\/p>\n<p>Di\u011fer yolcular grup grup oturmu\u015flar, bir \u015feyler anlat\u0131yorlard\u0131. Bizim yan\u0131m\u0131zda bulunan ve buraya yak\u0131n k\u00f6ylerden birinde bakkal oldu\u011funu s\u00f6yliyen tahta ayakl\u0131 bir ihtiyar kalk\u0131p otomobile gitti, \u00e7uval\u0131n\u0131 s\u0131rtlad\u0131, \u015fof\u00f6re birka\u00e7 k\u00fcf\u00fcr savurduktan sonra yola d\u00fcz\u00fcld\u00fc.<\/p>\n<p>Adamak\u0131ll\u0131 ak\u015fam olmu\u015ftu. Yol amelesi \u00e7ad\u0131rlar\u0131na d\u00f6nerek ate\u015f yakma\u011fa ba\u015flam\u0131\u015flard\u0131. Bizim kamyon \u015fosenin bir kenar\u0131nda muazzam bir hayvan \u00f6l\u00fcs\u00fc gibi hareketsiz duruyordu. \u015eof\u00f6r ve muavini, \u00fcstleri ya\u011f ve toprak i\u00e7inde, y\u00fczlerinden siyah terler daml\u0131yarak, bir kenara oturup uzunca bir dinlenme yap\u0131yorlard\u0131.<\/p>\n<p>Yolcular\u0131n ekserisi bu gibi hadiselere al\u0131\u015f\u0131k olduklar\u0131 i\u00e7in sadece ba\u015flar\u0131n\u0131 sall\u0131yorlar ve sepetlerini, \u00e7\u0131k\u0131nlar\u0131n\u0131 a\u00e7arak bir \u015feyler yiyorlard\u0131.<\/p>\n<p>Bir m\u00fcddet daha ge\u00e7ip ortal\u0131k adamak\u0131ll\u0131 karar\u0131nca \u015fof\u00f6r, yol amelesinden bir fener alarak yeniden i\u015fine koyuldu. Biz yolcular, birdenbire \u00e7\u00f6ken s\u00fckutun i\u00e7inde, oldu\u011fumuz yerlere uzanm\u0131\u015f, k\u0131m\u0131ldamadan duruyorduk.<\/p>\n<p>Arkam\u0131zda g\u00fcne\u015fin kaybolup gitti\u011fi tepenin a\u011fa\u00e7lar\u0131 birdenbire mavimt\u0131rak ve soluk \u0131\u015f\u0131\u011fa g\u00f6m\u00fcld\u00fc. Arkada\u015f\u0131m\u0131n y\u00fcz\u00fcne bakt\u0131m. O g\u00f6zlerini kar\u015f\u0131ya dikmi\u015fti. Yamac\u0131n \u00fczerine seyrek\u00e7e serpilmi\u015f olan siyah \u00e7amlar, s\u00fcratle ayd\u0131nlanan g\u00f6ky\u00fcz\u00fcne titrek sil\u00fcetler \u00e7iziyorlard\u0131. Arkada\u015f\u0131m bir m\u00fcddet bunlar\u0131 seyrettikten sonra:<\/p>\n<p>\u201cNerdeyse ay g\u00f6r\u00fcnecek!\u201d dedi.<\/p>\n<p>Tam bu s\u0131rada kekik kokular\u0131 ve ince \u00e7\u0131t\u0131rt\u0131larla dolu havay\u0131 hafiften gelen bir saz titretti. M\u00fczikle u\u011fra\u015fan ve bir m\u00fczik mektebinde vazifesi olan arkada\u015f\u0131m do\u011fruldu. Ka\u015flar\u0131n\u0131 \u00e7atarak dinleme\u011fe ba\u015flad\u0131.<\/p>\n<p>Yol amelesinin \u00e7ad\u0131r\u0131 taraf\u0131ndan gelen saz ustaca \u00e7al\u0131nan bir meyandan sonra, susar gibi oldu ve bir erkek sesi o zamana kadar duymad\u0131\u011f\u0131m\u0131z, fakat bize yabanc\u0131 da gelmiyen bir halk \u015fark\u0131s\u0131 s\u00f6yleme\u011fe ba\u015flad\u0131:<\/p>\n<p>D\u00f6nd\u00fcm daldan kopan kuru yapra\u011fa<br \/>Seher yeli, da\u011f\u0131t beni, k\u0131r beni;<br \/>G\u00f6t\u00fcr tozlar\u0131m\u0131 burdan uza\u011fa<br \/>Yarin \u00e7\u0131plak aya\u011f\u0131na s\u00fcr beni\u2026<\/p>\n<p>Bu sefer ben de do\u011fruldum. Saz tekrar k\u0131vrak bir ara na\u011fmesine ba\u015flad\u0131\u011f\u0131 halde, kula\u011f\u0131mda hala deminki sesin \u00e7\u0131nlamalar\u0131 vard\u0131.<\/p>\n<p>Arkada\u015f\u0131m:<\/p>\n<p>\u201cBu ne?\u201d demek ister gibi y\u00fcz\u00fcme bakt\u0131.<\/p>\n<p>\u201cFevkalade!\u201d diye m\u0131r\u0131ldand\u0131m.<\/p>\n<p>Ses tekrar, ve b\u00fct\u00fcn vadiyi \u00e7\u0131nlat\u0131rcas\u0131na ba\u015flad\u0131:<\/p>\n<p>Ald\u0131m saz\u0131 \u00e7\u0131kt\u0131m gurbet g\u00f6rme\u011fe,<br \/>D\u00f6n\u00fcp yare geldim y\u00fcz\u00fcm s\u00fcrmeye,<br \/>Ne l\u00fczum var \u015funa, buna sormaya,<br \/>Senden ayr\u0131 ne hal oldum g\u00f6r beni.<\/p>\n<p>\u00d6mr\u00fcmde bu kadar g\u00fcr, tatl\u0131 bir erkek sesi dinlememi\u015ftim. Bir insan g\u0131rtla\u011f\u0131ndan bu kadar manal\u0131 ve sar\u0131c\u0131 seslerin nas\u0131l \u00e7\u0131kabildi\u011fine hayret ediyordum. Arkada\u015f\u0131m kalkt\u0131, beni de kald\u0131rd\u0131. Amelenin \u00e7ad\u0131r\u0131na do\u011fru y\u00fcr\u00fcme\u011fe ba\u015flad\u0131k.<\/p>\n<p>Ovada, \u00e7ad\u0131r\u0131n \u00f6n\u00fcnde, d\u00f6rt be\u015f ki\u015fi oturmu\u015flard\u0131. Etraflar\u0131nda kazma ve k\u00fcrek serpilmi\u015f duruyordu. \u00c7ad\u0131r\u0131n kap\u0131s\u0131na as\u0131lm\u0131\u015f bir fener salland\u0131k\u00e7a, vadinin i\u00e7ine do\u011fru uzanan ve ba\u015flar\u0131 karanl\u0131kta kaybolan g\u00f6lgeler belli belirsiz k\u0131m\u0131ldan\u0131yorlard\u0131.<\/p>\n<p>Yirmi ya\u015f\u0131ndan fazla g\u00f6stermiyen bir delikanl\u0131 \u00e7ad\u0131r\u0131n \u00f6n\u00fcnde, yan yatm\u0131\u015f bir el arabas\u0131n\u0131n \u00fcst\u00fcne oturarak saz \u00e7al\u0131yordu. Ba\u015f\u0131 g\u00f6\u011fs\u00fcne yatm\u0131\u015f ve g\u00f6zleri yere dikilmi\u015f oldu\u011fu i\u00e7in \u00e7ehresini tamamen g\u00f6rme\u011fe imkan oktu. Fenerin ayd\u0131nlatt\u0131\u011f\u0131 aln\u0131 ter damlalariyle kapl\u0131 idi. Saz\u0131n\u0131n uzun sap\u0131, \u015fa\u015f\u0131rt\u0131c\u0131 bir s\u00fcratle a\u015fa\u011f\u0131 yukar\u0131 kayan parmaklar\u0131n\u0131n alt\u0131nda, canl\u0131 bir mahluk gibi titriyordu. Tellere vuran sa\u011f eli, k\u00fc\u00e7\u00fck fakat kendinden emin hareketler yap\u0131yor, bu el saz\u0131n g\u00f6vdesine her yakla\u015ft\u0131k\u00e7a, insan, sanki, o tahta ile bu et aras\u0131nda gizli, fakat \u00e7ok manal\u0131 ve m\u00fchim bir konu\u015fma oluyormu\u015f zannediyordu.<\/p>\n<p>\u00c7ad\u0131r\u0131 ve bulundu\u011fumuz yeri bir ayd\u0131nl\u0131k yalay\u0131p ge\u00e7ti, vadinin \u00f6b\u00fcr ucuna kadar uzand\u0131. Ba\u015f\u0131m\u0131z\u0131 kald\u0131rd\u0131k, kar\u015f\u0131m\u0131zdaki s\u0131rt\u0131 a\u015f\u0131p yukar\u0131 f\u0131rlayan ay\u0131 g\u00f6rd\u00fck.<\/p>\n<p>Saz \u00e7alan delikanl\u0131 da ba\u015f\u0131n\u0131 kald\u0131rd\u0131 ve g\u00f6zlerini biraz yumarak, tam kar\u015f\u0131s\u0131nda beliren bu ayd\u0131nl\u0131k y\u00fczl\u00fc dinleyiciyi s\u00fczd\u00fc. Sonra saza vuran eli yava\u015flad\u0131, g\u00f6zleri kapand\u0131, bo\u011faz\u0131 gerildi ve y\u00fcz\u00fc k\u0131rm\u0131z\u0131la\u015ft\u0131. Biz hayretle onu seyrederken, ince dudaklar\u0131n\u0131n aras\u0131ndan beyaz di\u015fler g\u00f6r\u00fcnd\u00fc ve delikanl\u0131, bu sefer hitap eder gibi, \u015fark\u0131s\u0131na devam etti:<\/p>\n<p>Ay\u0131n \u015favk\u0131 vurur saz\u0131m \u00fcst\u00fcne,<br \/>S\u00f6z s\u00f6yleyen yoktur s\u00f6z\u00fcm \u00fcst\u00fcne<br \/>Gel ey hilal ka\u015fl\u0131m dizim \u00fcst\u00fcne,<br \/>Ay bir yandan, sen bir yandan sar beni.<\/p>\n<p>Otomobilin di\u011fer yolcular\u0131 da topl\u00e2nm\u0131\u015flard\u0131. Herkes hayretle k\u0131pk\u0131rm\u0131z\u0131 y\u00fczl\u00fc gence bak\u0131yorlard\u0131. O, esrarl\u0131 bir dil konu\u015fan ellerini saz\u0131n \u00fczerinde hareket ettirme\u011fe ba\u015flam\u0131\u015f ve g\u00f6zlerini yere, yahut kuca\u011f\u0131ndan f\u0131rlamak ister gibi s\u0131\u00e7rayan saz\u0131na dikmi\u015fti. Pek az bir duraklamadan sonra, bu sefer ba\u015f\u0131n\u0131 kald\u0131rmadan, daha yava\u015f, fakat eskisi kadar tatl\u0131 ve derinden gelen bir sesle \u015funlar\u0131 okudu:<\/p>\n<p>Sekiz y\u0131ld\u0131r u\u011framad\u0131m yurduma,<br \/>Dert orta\u011f\u0131 aramad\u0131m derdime,<br \/>Geleceksen bir g\u00fcn d\u00fc\u015f\u00fcp ard\u0131ma,<br \/>Kula de\u011fil y\u00fcre\u011fine sor beni.<\/p>\n<p>Ve saz\u0131n\u0131, iki kuvvetli vuru\u015ftan sonra, yan\u0131na b\u0131rakarak ba\u015f\u0131n\u0131 kald\u0131rd\u0131. Orada bulunanlardan birka\u00e7\u0131 ya\u015fa diye ba\u011f\u0131rd\u0131lar. O, g\u00f6zlerini hi\u00e7 kimsenin \u00fczerinde durdurm\u0131yarak, bo\u015flukta dola\u015ft\u0131rma\u011fa ba\u015flad\u0131. Hafif\u00e7e tebess\u00fcm etme\u011fe de \u00e7al\u0131\u015f\u0131yordu.<\/p>\n<p>Arkada\u015f\u0131m yan\u0131na sokularak sordu:<\/p>\n<p>\u201cSenin ad\u0131n ne o\u011flum?\u201d<\/p>\n<p>\u201cAli!\u201d<\/p>\n<p>\u201cNerelisin?\u201d<\/p>\n<p>\u201cS\u0131vasl\u0131y\u0131m!\u201d<\/p>\n<p>\u201cSaz\u0131 nereden \u00f6\u011frendin?\u201d<\/p>\n<p>\u201cNe bileyim? K\u00fc\u00e7\u00fckten beri \u00e7alar\u0131m.\u201d<\/p>\n<p>\u201cS\u00f6ylemeyi?\u201d<\/p>\n<p>\u201cOnu da \u00f6yle\u2026 Sonra bir iki usta a\u015f\u0131k yan\u0131nda gezdim.\u201d<\/p>\n<p>Arkada\u015f\u0131m bana bakt\u0131:<\/p>\n<p>\u201cHarikulade bir ses, azizim, y\u0131llarca arasak bulamay\u0131z. Ben bu o\u011flan\u0131n arkas\u0131n\u0131 b\u0131rakmam!\u201d dedi. Sonra tekrar ona d\u00f6nerek ya\u015f\u0131n\u0131 sordu. Yirmi iki imi\u015f. Cebinden defterini \u00e7\u0131kararak bir \u015feyler notetti ve delikanl\u0131n\u0131n adresini almak istedi. \u00c7ocuk evvela \u015fa\u015f\u0131rd\u0131. Verecek bir adresi yoktu. Bug\u00fcn burda, yar\u0131n orda amelelik yap\u0131yordu. \u201cBey\u015fehir yolunda S\u0131vasl\u0131 Ali desen olmaz m\u0131?\u201d diye soruyordu. Nihayet Konyada, gelip gittik\u00e7e u\u011frad\u0131\u011f\u0131 bir han\u0131n ismini s\u00f6yledi. Dostum onlar\u0131 da kaydetti. Bu s\u0131rada, epeyden beri yan\u0131m\u0131zda durup bizimle birlikte saz dinliyen \u015fof\u00f6r:<\/p>\n<p>\u201cBeyler, otomobil haz\u0131r!\u201d dedi.<\/p>\n<p>Delikanl\u0131ya birka\u00e7 \u015fark\u0131 daha s\u00f6yletme\u011fe haz\u0131rlanan arkada\u015f\u0131m, di\u011fer yolcular\u0131n hemen yerlerinden f\u0131rlad\u0131klar\u0131n\u0131 ve torbalar\u0131n\u0131, \u00e7antalar\u0131n\u0131 kavray\u0131p kamyona do\u011fru yolland\u0131klar\u0131n\u0131 g\u00f6r\u00fcnce i\u00e7ini \u00e7ekti, sonra yerinden do\u011frulmu\u015f olan Aliye d\u00f6nd\u00fc:<\/p>\n<p>\u201cSeni arat\u0131p bulursam hemen gel. Sana paral\u0131 bir i\u015f bulurum, daha usta a\u015f\u0131klar\u0131n yan\u0131nda \u00e7al\u0131\u015f\u0131r, saz\u0131n\u0131 ilerletirsin, olmaz m\u0131?\u201d<\/p>\n<p>Ali hi\u00e7bir \u015fey anlamadan tasdik etti:<\/p>\n<p>\u201cOlur beyim!\u201d<\/p>\n<p>Omuzuna vurup:<\/p>\n<p>\u201cHadi bakal\u0131m, Allaha \u0131smarlad\u0131k!\u201d dedik,<\/p>\n<p>B\u00fct\u00fcn amele hep birden:<\/p>\n<p>\u201cSelametle\u201d<\/p>\n<p>Dediler ve biz ayr\u0131l\u0131rken, Alinin etraf\u0131nda g\u00fcl\u00fc\u015ferek onunla konu\u015fma\u011fa ba\u015flad\u0131lar. Herhalde arkada\u015f\u0131m\u0131n s\u00f6zlerini kendi kendilerine izaha ve bundan Ali i\u00e7in parlak neticeler \u00e7\u0131karma\u011fa \u00e7al\u0131\u015f\u0131yorlard\u0131.<\/p>\n<p>2.<br \/>Dostum, Ankaraya geldikten sonra, hakikaten o delikanl\u0131n\u0131n i\u015fi ile hi\u00e7 durmadan me\u015fgul oldu. Onu bir m\u00fczik mektebine yerle\u015ftirme\u011fe muhakkak azmetmi\u015fti. Bu kadar \u00fcst\u00fcne d\u00fc\u015ft\u00fc\u011f\u00fc bu i\u015f hakk\u0131nda konu\u015ftu\u011fumuz zaman:<\/p>\n<p>\u201cBilmezsin, karde\u015fim\u201d diyordu. \u201co\u011flan\u0131n sesi kulaklar\u0131mdan gitmiyor, ben bu i\u015fin acemisi de\u011filim, a\u015fa\u011f\u0131 yukar\u0131 kendime insan sesi esnaf\u0131 diyebilirim, fakat b\u00f6yle bir sesi az dinledim.\u201d<\/p>\n<p>Ben de kendisi gibi d\u00fc\u015f\u00fcnmekle beraber, daha ak\u0131ll\u0131 g\u00f6r\u00fcnmek i\u00e7in \u015f\u00f6yle diyordum:<\/p>\n<p>\u201cHakk\u0131n var. Fakat o sesin bizim \u00fczerimizde bu kadar kuvvetli iz b\u0131rakmas\u0131nda onu dinledi\u011fimiz gecenin hi\u00e7 tesiri yok mu idi acaba? Mehtap! \u015e\u0131r\u0131lt\u0131s\u0131 hak duyulan, kah kaybolan k\u00fc\u00e7\u00fck dere\u2026 \u0130ki da\u011f aras\u0131nda uzanan k\u0131vr\u0131nt\u0131l\u0131 dar vadi, ve nihayet hi\u00e7 beklemedi\u011fimiz bir amele \u00e7ad\u0131r\u0131ndan tabiatin i\u00e7ine yay\u0131l\u0131veren bir ses\u2026 B\u00fct\u00fcn bunlar, o gecenin \u00fcrkek sessizli\u011finde bizi garip bir romantizm i\u00e7ine atm\u0131\u015f ve alelade veya biraz daha iyice bir sesi bize fevkalade gibi g\u00f6stermi\u015f olamaz m\u0131?\u201d<\/p>\n<p>Fakat bunlara ra\u011fmen, S\u0131vasl\u0131 Aliyi buldurup Ankaraya getirmek ve onu burada da dinleyerek sesini terbiye ve ink\u0131\u015faf ettirmek, itiraz edilecek bir fikir de\u011fildi. Ne kadar yaz\u0131lm\u0131\u015f dahi olsak, herhalde birinci s\u0131n\u0131f bir istidat kar\u015f\u0131s\u0131nda bulundu\u011fumuz inkar edilemezdi.<\/p>\n<p>Arkada\u015f\u0131m \u015fimdiden hulyalar i\u00e7inde y\u00fcz\u00fcyordu. S\u0131vasl\u0131 Alini bir g\u00fcn me\u015fhur ve d\u00fcnyaca tan\u0131nm\u0131\u015f bir opera tenoru olarak Avrupa \u015fehirlerinde konserler verdi\u011fini d\u00fc\u015f\u00fcn\u00fcyor:<\/p>\n<p>\u201cOnun frak i\u00e7indeki v\u00fccudunu ve beyaz yakas\u0131ndan f\u0131rlayan k\u0131rm\u0131z\u0131 y\u00fcz\u00fcn\u00fc g\u00f6rmek, harikulade bir \u015fey olacak!\u201d diyordu.<\/p>\n<p>Nihayet istedi\u011fini yapt\u0131rd\u0131. Bir\u00e7ok yerlere ba\u015fvurarak S\u0131vasl\u0131 Alinin Ankaraya getirilmesini temin etti. Bu i\u015flerle u\u011fra\u015fan makamlar zaten yeni istidatlar aramakta idiler. S\u0131k s\u0131k imtihanlar yap\u0131l\u0131yor ve opera mugannisi yeti\u015ftirmek i\u00e7in talebe se\u00e7iliyordu. Bu meyanda Konyaya yaz\u0131ld\u0131. Pek uzun olm\u0131yan bir ara\u015ft\u0131rmadan sonra bizim gen\u00e7 tenor bulundu. Yol paras\u0131 Konya belediyesince temin edilerek Ankaraya g\u00f6nderildi.<\/p>\n<p>\u0130mtihan\u0131n yap\u0131laca\u011f\u0131 mektebin m\u00fcd\u00fcr odas\u0131na girer girmez, bir kenarda elinde saziyle bekleyen S\u0131vasl\u0131 Aliyi tan\u0131d\u0131m. Y\u00fcz\u00fc biraz daha k\u0131rm\u0131z\u0131, bak\u0131\u015flar\u0131 adamak\u0131ll\u0131 \u00fcrkekti. \u00d6k\u00e7esi bas\u0131k ayakkaplar\u0131n\u0131n arkas\u0131ndan topuklar\u0131 delik \u00e7oraplar\u0131 g\u00f6r\u00fcn\u00fcyor ve \u00fczerinde bulundu\u011fu hal\u0131 tabanlar\u0131n\u0131 yak\u0131yormu\u015f gibi s\u0131k s\u0131k ayak de\u011fi\u015ftiriyordu. Saz\u0131n\u0131 bir silah gibi sa\u011f aya\u011f\u0131n\u0131n kenar\u0131na dayam\u0131\u015f, sap\u0131n\u0131 iki parma\u011fiyle yakalam\u0131\u015ft\u0131. Odada konu\u015fup g\u00fcl\u00fc\u015fenlerin y\u00fcz\u00fcne bakm\u0131yor, g\u00f6zlerini yerde ve kar\u015f\u0131 duvarda gezdiriyordu.<\/p>\n<p>Odadakilerle selamla\u015ft\u0131ktan sonra Ali ile konu\u015ftum. Yolculu\u011fun nas\u0131l ge\u00e7ti\u011fini sordum. \u201cK\u00f6t\u00fc de\u011fil!\u201d dedi. Elindeki saz yeni idi. G\u00fcl\u00fcmsiyerek y\u00fcz\u00fcne bakt\u0131m, derhal anlad\u0131: \u201c\u0130ndi\u011fim handa buldum, sekiz ka\u011f\u0131t verip ald\u0131m. Benim k\u0131r\u0131k saz ile efendilere \u00e7almak yak\u0131\u015f\u0131k almaz herhalde!\u201d dedi.<\/p>\n<p>Siyah ve g\u00fczel g\u00f6zleri, \u015fimdi ayd\u0131nl\u0131kta ve a\u00e7\u0131k oldu\u011fu halde, bana o ak\u015fam g\u00f6rd\u00fc\u011f\u00fcm gibi yar\u0131 kapal\u0131 hissini verdiler. Dikkat edince bu b\u00fcy\u00fck ve dalg\u0131n g\u00f6zlerin daimi bir r\u00fcya i\u00e7inde ya\u015fad\u0131\u011f\u0131n\u0131 farkettim. Bir anda kendimi onun yerine koymak istedim.<\/p>\n<p>Buraya kimbilir neler d\u00fc\u015f\u00fcnerek gelmi\u015fti? Herhalde dostumun kafas\u0131ndan ge\u00e7en opera mugannili\u011fi ve frakl\u0131 Avrupa konserleri ona yabanc\u0131 idi. Olsa olsa Ankarada \u201cb\u00fcy\u00fcklerden\u201d birka\u00e7 ki\u015finin kendisini dinliyece\u011fini, belki be\u015f on kuru\u015f verece\u011fini d\u00fc\u015f\u00fcnm\u00fc\u015f olabilirdi. Hatta belki de daha sa\u011flam bir istikbalin kendisini bekledi\u011fini san\u0131yor, be\u011fenildi\u011fi takdirde hademelik, kap\u0131c\u0131l\u0131k gibi bir i\u015fe konularak kay\u0131r\u0131laca\u011f\u0131n\u0131 ve aras\u0131ra \u201cb\u00fcy\u00fck\u201d meclislerde saz \u00e7al\u0131p be\u015f on kuru\u015f alaca\u011f\u0131n\u0131 \u00fcmidediyordu. Bazan valilerin bile b\u00f6yle a\u015f\u0131klar\u0131 koruduklar\u0131n\u0131, onlara meclislerinde saz \u00e7ald\u0131klar\u0131n\u0131 herhalde duymu\u015ftu.<\/p>\n<p>Mektebin muhtelif milletlere mensup m\u00fczisyenlerinin t\u00fcrk\u00e7e, almanca, frans\u0131zca konu\u015fmalar\u0131 ortal\u0131\u011f\u0131 doldururken, m\u00fcd\u00fcr odas\u0131n\u0131n kap\u0131s\u0131 vuruldu ve i\u00e7eriye iki ki\u015fi girdi. Bunlardan biri maarif m\u00fcfetti\u015fi idi. Biraz evvel vekalete m\u00fcracaat eden ve imtihan edilmek istiyen bir \u00e7ocu\u011fu getiriyordu. Orta mektep mezunu oldu\u011funu ve sesini hocalar\u0131n\u0131n be\u011fendi\u011fini s\u00f6yliyen bu sar\u0131\u015f\u0131n, olduk\u00e7a \u015fi\u015fman, dalgal\u0131 sa\u00e7l\u0131, cesur bak\u0131\u015fl\u0131 bir delikanl\u0131 idi. Odada bulunanlar \u201chay hay!\u201d dediler. Zaten bir tenoru imtihan edeceklerdi, ikisini de dinliyebilirlerdi.<\/p>\n<p>Hep birlikte \u00e7\u0131kt\u0131k. Arkada\u015f\u0131m memnun ve kendisinden emin bir tav\u0131rla imtihan odas\u0131n\u0131 a\u00e7t\u0131. Buras\u0131 parke d\u00f6\u015feli, bir taraf\u0131nda yeni kurulmu\u015f sahnemsi bir yer bulunan geni\u015f bir salondu. Sahneye yak\u0131n k\u00f6\u015felerden birinde de bir kuyruklu piyano vard\u0131. Oda birdenbire doldu. Gurup gurup t\u00fcrk\u00e7e ve frenk\u00e7e konu\u015fmalar ba\u015flad\u0131. Bazan m\u00fcnaka\u015falar birbirini bast\u0131r\u0131yor ve anla\u015f\u0131lmaz bir g\u00fcr\u00fclt\u00fc benim bile ba\u015f\u0131m\u0131 a\u011fr\u0131t\u0131yordu. Gen\u00e7 bir Alman kad\u0131n\u0131 piyanoya ge\u00e7ip tu\u015flara dokundu. S\u0131vasl\u0131 Ali \u00f6mr\u00fcnde g\u00f6rmedi\u011fi bir alete hayret dolu bir g\u00f6z att\u0131, sonra, ihtimal acemilik g\u00f6stermemek i\u00e7in, lakayt bir hal alma\u011fa \u00e7al\u0131\u015ft\u0131. Bu s\u0131rada gen\u00e7 m\u00fczisyenlerden biri sahneye beyaz boyal\u0131 demir bir iskemle koyarak Aliye:<br \/>\u201cOtur bakal\u0131m\u201d dedi.<\/p>\n<p>Di\u011fer bir m\u00fczisyen at\u0131ld\u0131:<\/p>\n<p>\u201cCan\u0131m, iskemleye oturup \u015fan yap\u0131l\u0131r m\u0131? Ayakta s\u00f6ylesin!\u201d<\/p>\n<p>\u201cAmma yapt\u0131n ha, ayakta saz \u00e7al\u0131p \u015fark\u0131 s\u00f6yliyen halk \u015fairi g\u00f6rd\u00fcn m\u00fc?\u201d<\/p>\n<p>Bu m\u00fcnaka\u015fa esnas\u0131nda Ali, g\u00f6zleriyle odan\u0131n bir hastahane amliyathanesine benziyen beyaz, \u00e7\u0131plak duvarlar\u0131n\u0131, b\u00fcy\u00fck, perdesiz pencerelerini seyrediyor ve oday\u0131 sesleriyle dolduran bir s\u00fcr\u00fc adama, ameliyat masas\u0131na yatacak bir hastan\u0131n doktorlara bak\u0131\u015f\u0131na benziyen \u00fcrkek nazarlar f\u0131rlat\u0131yordu.<\/p>\n<p>Benim yan\u0131mdaki ge\u00e7 m\u00fczisyenlerden birine:<\/p>\n<p>\u201cBunu iskemleye oturtup s\u00f6yletmek do\u011fru olmaz, ba\u011fda\u015f kurup s\u00f6yleme\u011fe al\u0131\u015fm\u0131\u015ft\u0131r, belki s\u0131k\u0131l\u0131r!\u201d dedim.<\/p>\n<p>O bir an \u201cdo\u011fru\u201d der gibi bana bakt\u0131, fakat sonra:<\/p>\n<p>\u201cYok can\u0131m, ne m\u00fcnasebet! Frenklere kar\u015f\u0131 ba\u011fda\u015f kurup oturtmak olur mu? Herifleri kendimize g\u00fcld\u00fcr\u00fcr\u00fcz!\u201d dedi.<\/p>\n<p>Ali, beyaz demir iskemleye, ate\u015f \u00fcst\u00fcne oturuyormu\u015f gibi, ili\u015fti. Saz\u0131 tutan eli titriyor ve k\u0131r\u0131\u015fan aln\u0131ndan kirpiklerine ve ayva t\u00fcyl\u00fc yanaklar\u0131na terler s\u00fcz\u00fcl\u00fcyordu.<\/p>\n<p>Konu\u015fulanlar yava\u015f yava\u015f seslerini kestiler. Herkes bir k\u00f6\u015feye yasland\u0131 veya bulabildi\u011fi bir iskemleye oturdu, g\u00f6zlerini sahnenin ortas\u0131nda tek ba\u015f\u0131na kal\u0131veren Aliye dikti.<\/p>\n<p>Gen\u00e7 adam iki dizini s\u0131ms\u0131k\u0131 birbirine yap\u0131\u015ft\u0131rm\u0131\u015f, di\u015flerini s\u0131km\u0131\u015ft\u0131. Saz\u0131 kuca\u011f\u0131na ald\u0131. Fakat bir t\u00fcrl\u00fc yerle\u015ftiremedi ve \u015fa\u015f\u0131r\u0131p etraf\u0131na bak\u0131nd\u0131. \u00dczerine dikilen g\u00f6zleri g\u00f6r\u00fcnce b\u00fcsb\u00fct\u00fcn \u015fa\u015f\u0131rd\u0131. Terler sar\u0131 mintan\u0131na arka arkaya damlama\u011fa ba\u015flam\u0131\u015ft\u0131. Sa\u011f eline kiraz kabu\u011fundan tezenesini ald\u0131, tellere birka\u00e7 kere dokundu.<\/p>\n<p>Bu sesler onu bir an a\u00e7ar gibi oldular. Y\u00fcz\u00fcne s\u00fckunete benzer bir ifade geldi. Biraz daha \u00e7ald\u0131ktan sonra s\u00f6yleme\u011fe haz\u0131rlanarak boynunu oynatt\u0131. \u00d6ks\u00fcrmek isteyip utan\u0131yormu\u015f gibi bir hali vard\u0131. Nihayet g\u00f6zlerini \u00fczerimizden \u00e7ekip tavan\u0131n bizim tepemizdeki k\u00f6\u015fesine dikerek, bir halk \u015fark\u0131s\u0131na ba\u015flad\u0131.<\/p>\n<p>Sesi yine g\u00fczel, fakat birtak\u0131m h\u0131\u015f\u0131rt\u0131larla kar\u0131\u015f\u0131kt\u0131. Y\u00fckselince pek belli olm\u0131yan bu yabanc\u0131 sesler al\u00e7aklara inince derhal kendilerini g\u00f6steriyorlard\u0131. Ali de bunun fark\u0131nda idi. Kendini toplamak istedi, fakat bu hareketiyle ancak bo\u011faz\u0131n\u0131n adelelerini biraz daha gerdi ve y\u00fcz\u00fc daha \u00e7ok k\u0131rm\u0131z\u0131la\u015ft\u0131.<\/p>\n<p>M\u00fcthi\u015f bir gayret sarfediyordu. \u00c7enesinin yanlar\u0131ndan a\u015fa\u011f\u0131 do\u011fru uzanan ve iki k\u00fc\u00e7\u00fck direk gibi k\u0131m\u0131ldamadan duran yuvarlak, katmerli et par\u00e7alar\u0131 a\u00e7\u0131k\u00e7a g\u00f6r\u00fcn\u00fcyordu. Ali g\u00f6\u011fs\u00fcnden kuvvetle f\u0131rlatt\u0131\u011f\u0131 bu sesi bu cenderenin aras\u0131ndan ge\u00e7irebilmek i\u00e7in ter d\u00f6k\u00fcyordu. Nihayet \u015fark\u0131y\u0131 bitirdi ve saz\u0131 eline alarak aya\u011fa kalkt\u0131.<\/p>\n<p>Alman m\u00fczisyenlerden biri derhal:<\/p>\n<p>\u201cFena de\u011fil, fena de\u011fil\u2026 \u00d6tekini de dinliyelim\u2026\u201d<\/p>\n<p>Dedi ve ba\u015fiyle sar\u0131\u015f\u0131n genci g\u00f6sterdi.<\/p>\n<p>Y\u00fcz\u00fcnde kendinden emin bir tebess\u00fcmle sahnenin d\u00f6rt ayak merdivenini \u00e7\u0131kan delikanl\u0131 hemen, hatta odadakilerin susmas\u0131n\u0131 bile beklemeden, plaklara ge\u00e7mi\u015f bir halk \u015fark\u0131s\u0131na ba\u015flad\u0131. Evvela hafif ve tatl\u0131 \u00e7\u0131kan sesi yava\u015f yava\u015f b\u00fcy\u00fcd\u00fc ve b\u00fct\u00fcn oday\u0131 dalga dalga dolduruverdi. Hakikaten g\u00fczel s\u00f6yl\u00fcyordu. Birka\u00e7 yerde, hanende taklidi, baya\u011f\u0131 h\u00fcnerler yapma\u011fa \u00f6zenmesine ra\u011fmen m\u00fckemmel bir ses materyaline sahip oldu\u011fu meydanda idi. \u015eark\u0131y\u0131 bitirir bitirmez yine deminki Alman \u201cBravo!\u201d diye s\u00f6ylendi. \u201cBu \u00e7ocu\u011fu yeti\u015ftirebiliriz!\u201d<\/p>\n<p>Bu aral\u0131k g\u00f6zlerim Aliye ili\u015fti. Bu odada olanlar\u0131n hi\u00e7birisiyle alakas\u0131 yokmu\u015f gibi g\u00f6zlerini bo\u015fluklarda gezdiriyor ve can\u0131 s\u0131k\u0131lan bir adam tavr\u0131 al\u0131yordu. Piyanodaki gen\u00e7 kad\u0131n eliyle onu yan\u0131na \u00e7a\u011f\u0131rd\u0131. Namzetlerin kulak terbiyeleri denenecekti. Sa\u011f eliyle basit bir melodi \u00e7alarak almanca:<\/p>\n<p>\u201cBunu aynen tekrar et!\u201d dedi.<\/p>\n<p>T\u00fcrk m\u00fczisyenlerden biri izah etti:<\/p>\n<p>\u201cPiyanoya g\u00f6re s\u00f6yle bakal\u0131m!\u201d<\/p>\n<p>Ali bir bana, bir de g\u00f6zleriyle ar\u0131yarak dostuma bakt\u0131. Ben \u201ceyvah\u201d dedim. Zavall\u0131 delikanl\u0131 \u00f6mr\u00fcnde g\u00f6rmedi\u011fi, sesini duymad\u0131\u011f\u0131 ad\u0131n\u0131 i\u015fitmedi\u011fi bir aletin kar\u015f\u0131s\u0131na getirilmi\u015fti. Kendisine s\u00f6ylenen s\u00f6z\u00fcn manas\u0131n\u0131 bile anlam\u0131yordu. \u0130zah etmek istedim:<\/p>\n<p>\u201cO\u011flum, bu han\u0131m\u0131n \u00e7ald\u0131\u011f\u0131na g\u00f6re ses \u00e7\u0131kar.\u201d<\/p>\n<p>Piyanodaki kad\u0131n ayni melodiyi tekrar etti, Ali b\u00fcy\u00fck bir gayretle tekrar boynunu gererek:<\/p>\n<p>Bir haber yollad\u0131m canan iline\u2026<\/p>\n<p>Diye ba\u015flad\u0131. Oradakilerden birka\u00e7\u0131 g\u00fcld\u00fc ve Ali derhal sustu.<\/p>\n<p>\u201cYok, iki g\u00f6z\u00fcm\u201d dedim, \u201c\u015fark\u0131 s\u00f6yliyecek de\u011filsin, bu sesleri \u00e7\u0131karacaks\u0131n.\u201d<\/p>\n<p>S\u0131k\u0131nt\u0131 i\u00e7inde g\u0131rtla\u011f\u0131ndan birka\u00e7 ses f\u0131rlad\u0131, orada can\u0131 s\u0131k\u0131lm\u0131\u015f gibi duran Almanlardan biri eliyle sar\u0131\u015f\u0131n tenoru \u00e7a\u011f\u0131rarak \u201cbu s\u00f6ylesin\u201d dedi.<br \/>Piyanonun arka arkaya \u00e7ald\u0131\u011f\u0131 birka\u00e7 k\u00fc\u00e7\u00fck melodi bir ses nehri halinde ve berrak olarak delikanl\u0131n\u0131n a\u011fz\u0131ndan d\u00f6k\u00fcl\u00fcyordu. \u0130\u015fi \u00e7abuk bitirmek istiyenler usulen Aliye bir \u015fark\u0131 daha s\u00f6ylettiler. Bu sefer birinciye nazaran \u00e7ok fazla gayret sarfeden ve her \u015feyin bu bir tek \u015fark\u0131ya ba\u011fl\u0131 oldu\u011funu sezen Ali en g\u00fczel \u015fark\u0131s\u0131n\u0131 s\u00f6yledi. Hi\u00e7 de fena de\u011fildi. Hatta orada bulunanlar: \u201cM\u00fckemmel!\u201d der gibi ba\u015flar\u0131n\u0131 sall\u0131yorlard\u0131. Fakat \u015fark\u0131 bitip Ali saziyle bir kenara \u00e7ekilir \u00e7ekilmez onu derhal unuttular. Sar\u0131\u015f\u0131n delikanl\u0131 yine plaklardan \u00f6\u011frenme bir tango s\u00f6yledi. Muhakkak ki g\u00fczel sesi vard\u0131. Art\u0131k imtihan kafi g\u00f6r\u00fclerek bu \u00e7ocu\u011fun ne yolda yeti\u015ftirilmesi laz\u0131m geldi\u011fine dair m\u00fcnaka\u015falara ge\u00e7ildi. B\u00fct\u00e7e meselesi ortaya at\u0131ld\u0131. Hazirandan evvel talebe olarak al\u0131n\u0131rd\u0131, al\u0131nmazd\u0131 gibi s\u00f6zler oldu. Hi\u00e7 kimse ayni odada bir kenarda bir de S\u0131vasl\u0131 Alinin bulundu\u011funun fark\u0131nda de\u011fildi. Onu ta buralara kadar getiren dostum, m\u00fcnaka\u015fa edenlerin yan\u0131nda, hi\u00e7bir \u015fey dinlemeden duruyordu. \u0130kimiz de Alinin yan\u0131na gitme\u011fe cesaret edemiyor, hatta onun y\u00fcz\u00fcne bile bakam\u0131yorduk.<\/p>\n<p>Ben yava\u015f\u00e7a g\u00f6zlerimi kald\u0131r\u0131nca hayret i\u00e7inde kald\u0131m. Alide hi\u00e7 de feci bir halde bulunan bir insan tavr\u0131 yoktu. Bo\u015f g\u00f6zlerle biraz evvelki gibi duvarlar\u0131 s\u00fcz\u00fcyordu. Sanki bu odadakiler onu zerre kadar alakadar etmiyen kimselerdi. Y\u00fcz\u00fcnde en ufak bir teess\u00fcr, en k\u00fc\u00e7\u00fck bir hiddet yoktu. Hatta olduk\u00e7a uzun s\u00fcren bir s\u0131k\u0131nt\u0131dan, bir i\u015fkenceden kurtulmu\u015f gibi sakin, dinlenen bir hali vard\u0131. G\u00f6zleri sar\u0131\u015f\u0131n tenora rastlad\u0131k\u00e7a bir m\u00fcddet duruyor, belki biraz hayret ve merakla onu s\u00fcz\u00fcyordu. Bu bak\u0131\u015flarda k\u00fc\u00e7\u00fck bir haset, hatta g\u0131pta arad\u0131m ve bulamad\u0131m.<\/p>\n<p>Saz\u0131 yine silah gibi sa\u011f aya\u011f\u0131n\u0131n yan\u0131nda idi ve bu aya\u011f\u0131 gayet k\u00fc\u00e7\u00fck bir hareketle yerden kalk\u0131yor ve tekrar parkelere dokunuyordu. O zaman i\u00e7imde bir \u015feyin burkuldu\u011funu hissettim. Gen\u00e7 adam\u0131n b\u00fct\u00fcn yeisi, b\u00fct\u00fcn inkisar\u0131, b\u00fct\u00fcn k\u0131r\u0131lan \u00fcmitleri bu ufak ayak hareketinde kendini g\u00f6steriyordu. V\u00fccudunun her taraf\u0131na hakim olan, y\u00fcz\u00fcn\u00fcn en ufak bir \u00fcrpermesiyle bile i\u00e7indekileri d\u0131\u015far\u0131 vurm\u0131yan, g\u00f6zleri sonsuz bir derinlik ve s\u00fckunet i\u00e7inde yumu\u015fak bir \u0131\u015f\u0131kla parl\u0131yan bu adam fark\u0131nda olmadan kendini sa\u011f aya\u011f\u0131n\u0131n bir minimini ve sinirli k\u0131m\u0131ldamasiyle bo\u015falt\u0131yordu. \u00d6mr\u00fcmde hi\u00e7bir insan y\u00fcz\u00fc, hi\u00e7bir a\u011flay\u0131\u015f bana bu kadar ac\u0131, bu kadar manal\u0131 g\u00f6r\u00fcnmemi\u015fti.<\/p>\n<p>Kendimi topl\u0131yarak onun yan\u0131na do\u011fru y\u00fcr\u00fcd\u00fcm. Onunla muhakkak konu\u015fmak, ona bir \u015feyler s\u00f6ylemek laz\u0131md\u0131. Konyaya nas\u0131l d\u00f6necekti? Cebindeki son paray\u0131 vererek bu saz\u0131 alm\u0131\u015ft\u0131. \u015eimdi ne yapacakt\u0131?<\/p>\n<p>Yan\u0131na gider gitmez aya\u011f\u0131n\u0131n hareketi durdu. Arkada\u015f\u0131m da gelmi\u015fti. \u00c7abucak haz\u0131rlad\u0131\u011f\u0131 bir yalan\u0131 s\u00f6yleme\u011fe ba\u015flad\u0131:<\/p>\n<p>\u201cAli, evlad\u0131m! Senin sesini be\u011fendiler ama, ya\u015f\u0131n biraz b\u00fcy\u00fckt\u00fc. Buraya yirmiden fazla olanlar\u0131 alm\u0131yorlar. Senin i\u00e7in u\u011fra\u015f\u0131p hususi bir \u015fey yapt\u0131raca\u011f\u0131z. Fakat uzun s\u00fcrer belki, sen Konyaya d\u00f6n, biz i\u015fin olunca seni buldurur, haber veririz\u201d<\/p>\n<p>Ali b\u00fct\u00fcn bunlar\u0131, fevkalade ehemmiyetli bir \u015feymi\u015f gibi, ka\u015flar\u0131n\u0131 hafif\u00e7e kald\u0131rarak dinliyor, adeta ezberleme\u011fe \u00e7al\u0131\u015f\u0131yordu. Fakat g\u00f6zleri bana ili\u015fince irkildim. Nedense bu siyah ve b\u00fcy\u00fck g\u00f6zler bana sahibinin bu laflar\u0131n bir tekine bile inanmad\u0131\u011f\u0131n\u0131 if\u015fa eder gibi geldi.<\/p>\n<p>Herhangi bir \u015fey yapm\u0131\u015f olmak i\u00e7in:<\/p>\n<p>\u201cGelin, bir lokantada yemek yiyelim!\u201d dedim.<\/p>\n<p>Odadakilerin m\u00fcnaka\u015fas\u0131 hala devam ediyordu. Bizim \u00e7\u0131kt\u0131\u011f\u0131m\u0131z\u0131n fark\u0131na bile varmad\u0131lar.<\/p>\n<p>Bir kebap\u00e7\u0131dan karn\u0131m\u0131z\u0131 doyurduk ve bu esnada hemen hi\u00e7bir \u015fey konu\u015fmad\u0131k. Onu kand\u0131rma\u011fa imkan yoktu. \u201cSeni \u00e7a\u011f\u0131r\u0131p zahmet verdik, affedersin! de denilemezdi.<\/p>\n<p>Ben bunlar\u0131 d\u00fc\u015f\u00fcn\u00fcrken kebap\u00e7\u0131dan \u00e7\u0131kt\u0131k. Ali bir \u015fey s\u00f6ylemek ister gibi birka\u00e7 kere yutkundu ve boynunu b\u00fckerek:<\/p>\n<p>\u201cSizi mahcup \u00e7\u0131kard\u0131m, beyim, sak\u0131n kusura kalmay\u0131n!\u201d dedi.<\/p>\n<p>Sonra, hayret edilecek bir \u015feyden bahsediyormu\u015f gibi g\u00f6zlerini hafif\u00e7e a\u00e7arak devam etti:<\/p>\n<p>\u201cBen o odada bir t\u00fcrl\u00fc sesimi bulamad\u0131m!\u201d<\/p>\n<p>Ve yan\u0131m\u0131zdan ayr\u0131l\u0131p gitti.<\/p>\n<p>Ertesi sabah, aram\u0131zda toplad\u0131\u011f\u0131m\u0131z birka\u00e7 liray\u0131 kendisine vermek ve onu Konya otob\u00fcslerine bindirip selametlemek i\u00e7in Haymana han\u0131na giden arkada\u015f\u0131ma hanc\u0131, S\u0131vasl\u0131 Alinin, saz\u0131n\u0131 iki liraya sat\u0131p yol paras\u0131 yapt\u0131\u011f\u0131n\u0131 ve \u015fafakla kalkan bir kamyona binip Konya yolunu tuttu\u011funu s\u00f6ylemi\u015f.<\/p>\n<p style=\"text-align: justify;\">(1937)<\/p>\n","protected":false},"excerpt":{"rendered":"<p>Bizi Bey\u015fehirden Konya\u2019ya g\u00f6t\u00fcren kamyon Barsakderesi dedikleri bir bo\u011fazda sakatland\u0131. \u015eof\u00f6r ve muavini mot\u00f6r kapaklar\u0131n\u0131 a\u00e7t\u0131lar. Oturduklar\u0131 minderi kald\u0131r\u0131p onun alt\u0131ndan \u00e7\u0131kard\u0131klar\u0131 bir s\u00fcr\u00fc alet ve edavat\u0131 ortaya d\u00f6kt\u00fcler. Ondan sonra saatlerce s\u00fcren bir tamir ba\u015flad\u0131. Bazan her ikisi makinenin al\u0131na s\u00fcr\u00fcn\u00fcp arka \u00fcst\u00fc yat\u0131yorlar ve elleriyle mot\u00f6r\u00fcn alt k\u0131sm\u0131n\u0131 kurcal\u0131yorlar, bazan da biri \u015fof\u00f6r [&hellip;]<\/p>\n","protected":false},"author":1,"featured_media":0,"comment_status":"open","ping_status":"open","sticky":false,"template":"","format":"standard","meta":{"footnotes":""},"categories":[114],"tags":[],"class_list":{"0":"post-5729","1":"post","2":"type-post","3":"status-publish","4":"format-standard","6":"category-turkiye-den-oykuler"},"yoast_head":"<!-- This site is optimized with the Yoast SEO Premium plugin v24.9 (Yoast SEO v24.9) - https:\/\/yoast.com\/wordpress\/plugins\/seo\/ -->\n<title>Benim k\u0131r\u0131k saz ile efendilere \u00e7almak yak\u0131\u015f\u0131k almaz herhalde | Ses - Sabahattin Ali - narteks.net<\/title>\n<meta name=\"robots\" content=\"index, follow, max-snippet:-1, max-image-preview:large, max-video-preview:-1\" \/>\n<link rel=\"canonical\" href=\"https:\/\/narteks.net\/index.php\/2011\/03\/02\/benim-kirik-saz-ile-efendilere-calmak-yakisik-almaz-herhalde-ses-sabahattin-ali\/\" \/>\n<meta property=\"og:locale\" content=\"tr_TR\" \/>\n<meta property=\"og:type\" content=\"article\" \/>\n<meta property=\"og:title\" content=\"Benim k\u0131r\u0131k saz ile efendilere \u00e7almak yak\u0131\u015f\u0131k almaz herhalde | Ses - Sabahattin Ali\" \/>\n<meta property=\"og:description\" content=\"Bizi Bey\u015fehirden Konya\u2019ya g\u00f6t\u00fcren kamyon Barsakderesi dedikleri bir bo\u011fazda sakatland\u0131. \u015eof\u00f6r ve muavini mot\u00f6r kapaklar\u0131n\u0131 a\u00e7t\u0131lar. Oturduklar\u0131 minderi kald\u0131r\u0131p onun alt\u0131ndan \u00e7\u0131kard\u0131klar\u0131 bir s\u00fcr\u00fc alet ve edavat\u0131 ortaya d\u00f6kt\u00fcler. Ondan sonra saatlerce s\u00fcren bir tamir ba\u015flad\u0131. Bazan her ikisi makinenin al\u0131na s\u00fcr\u00fcn\u00fcp arka \u00fcst\u00fc yat\u0131yorlar ve elleriyle mot\u00f6r\u00fcn alt k\u0131sm\u0131n\u0131 kurcal\u0131yorlar, bazan da biri \u015fof\u00f6r [&hellip;]\" \/>\n<meta property=\"og:url\" content=\"https:\/\/narteks.net\/index.php\/2011\/03\/02\/benim-kirik-saz-ile-efendilere-calmak-yakisik-almaz-herhalde-ses-sabahattin-ali\/\" \/>\n<meta property=\"og:site_name\" content=\"narteks.net\" \/>\n<meta property=\"article:published_time\" content=\"2011-03-02T19:46:28+00:00\" \/>\n<meta property=\"og:image\" content=\"http:\/\/www.dosthane.de\/sabahattin_ali.jpg\" \/>\n<meta name=\"author\" content=\"Tar\u0131k\" \/>\n<meta name=\"twitter:card\" content=\"summary_large_image\" \/>\n<meta name=\"twitter:creator\" content=\"@narteks\" \/>\n<meta name=\"twitter:site\" content=\"@narteks\" \/>\n<meta name=\"twitter:label1\" content=\"Yazan:\" \/>\n\t<meta name=\"twitter:data1\" content=\"Tar\u0131k\" \/>\n\t<meta name=\"twitter:label2\" content=\"Tahmini okuma s\u00fcresi\" \/>\n\t<meta name=\"twitter:data2\" content=\"21 dakika\" \/>\n<script type=\"application\/ld+json\" class=\"yoast-schema-graph\">{\"@context\":\"https:\/\/schema.org\",\"@graph\":[{\"@type\":\"Article\",\"@id\":\"https:\/\/narteks.net\/index.php\/2011\/03\/02\/benim-kirik-saz-ile-efendilere-calmak-yakisik-almaz-herhalde-ses-sabahattin-ali\/#article\",\"isPartOf\":{\"@id\":\"https:\/\/narteks.net\/index.php\/2011\/03\/02\/benim-kirik-saz-ile-efendilere-calmak-yakisik-almaz-herhalde-ses-sabahattin-ali\/\"},\"author\":{\"name\":\"Tar\u0131k\",\"@id\":\"https:\/\/narteks.net\/#\/schema\/person\/61f37d9834294b72d31d274e7ed79bca\"},\"headline\":\"Benim k\u0131r\u0131k saz ile efendilere \u00e7almak yak\u0131\u015f\u0131k almaz herhalde | Ses &#8211; Sabahattin Ali\",\"datePublished\":\"2011-03-02T19:46:28+00:00\",\"mainEntityOfPage\":{\"@id\":\"https:\/\/narteks.net\/index.php\/2011\/03\/02\/benim-kirik-saz-ile-efendilere-calmak-yakisik-almaz-herhalde-ses-sabahattin-ali\/\"},\"wordCount\":4194,\"commentCount\":0,\"publisher\":{\"@id\":\"https:\/\/narteks.net\/#organization\"},\"image\":{\"@id\":\"https:\/\/narteks.net\/index.php\/2011\/03\/02\/benim-kirik-saz-ile-efendilere-calmak-yakisik-almaz-herhalde-ses-sabahattin-ali\/#primaryimage\"},\"thumbnailUrl\":\"http:\/\/www.dosthane.de\/sabahattin_ali.jpg\",\"articleSection\":[\"T\u00fcrkiye'den \u00d6yk\u00fcler\"],\"inLanguage\":\"tr\",\"potentialAction\":[{\"@type\":\"CommentAction\",\"name\":\"Comment\",\"target\":[\"https:\/\/narteks.net\/index.php\/2011\/03\/02\/benim-kirik-saz-ile-efendilere-calmak-yakisik-almaz-herhalde-ses-sabahattin-ali\/#respond\"]}]},{\"@type\":\"WebPage\",\"@id\":\"https:\/\/narteks.net\/index.php\/2011\/03\/02\/benim-kirik-saz-ile-efendilere-calmak-yakisik-almaz-herhalde-ses-sabahattin-ali\/\",\"url\":\"https:\/\/narteks.net\/index.php\/2011\/03\/02\/benim-kirik-saz-ile-efendilere-calmak-yakisik-almaz-herhalde-ses-sabahattin-ali\/\",\"name\":\"Benim k\u0131r\u0131k saz ile efendilere \u00e7almak yak\u0131\u015f\u0131k almaz herhalde | Ses - Sabahattin Ali - narteks.net\",\"isPartOf\":{\"@id\":\"https:\/\/narteks.net\/#website\"},\"primaryImageOfPage\":{\"@id\":\"https:\/\/narteks.net\/index.php\/2011\/03\/02\/benim-kirik-saz-ile-efendilere-calmak-yakisik-almaz-herhalde-ses-sabahattin-ali\/#primaryimage\"},\"image\":{\"@id\":\"https:\/\/narteks.net\/index.php\/2011\/03\/02\/benim-kirik-saz-ile-efendilere-calmak-yakisik-almaz-herhalde-ses-sabahattin-ali\/#primaryimage\"},\"thumbnailUrl\":\"http:\/\/www.dosthane.de\/sabahattin_ali.jpg\",\"datePublished\":\"2011-03-02T19:46:28+00:00\",\"breadcrumb\":{\"@id\":\"https:\/\/narteks.net\/index.php\/2011\/03\/02\/benim-kirik-saz-ile-efendilere-calmak-yakisik-almaz-herhalde-ses-sabahattin-ali\/#breadcrumb\"},\"inLanguage\":\"tr\",\"potentialAction\":[{\"@type\":\"ReadAction\",\"target\":[\"https:\/\/narteks.net\/index.php\/2011\/03\/02\/benim-kirik-saz-ile-efendilere-calmak-yakisik-almaz-herhalde-ses-sabahattin-ali\/\"]}]},{\"@type\":\"ImageObject\",\"inLanguage\":\"tr\",\"@id\":\"https:\/\/narteks.net\/index.php\/2011\/03\/02\/benim-kirik-saz-ile-efendilere-calmak-yakisik-almaz-herhalde-ses-sabahattin-ali\/#primaryimage\",\"url\":\"http:\/\/www.dosthane.de\/sabahattin_ali.jpg\",\"contentUrl\":\"http:\/\/www.dosthane.de\/sabahattin_ali.jpg\"},{\"@type\":\"BreadcrumbList\",\"@id\":\"https:\/\/narteks.net\/index.php\/2011\/03\/02\/benim-kirik-saz-ile-efendilere-calmak-yakisik-almaz-herhalde-ses-sabahattin-ali\/#breadcrumb\",\"itemListElement\":[{\"@type\":\"ListItem\",\"position\":1,\"name\":\"Anasayfa\",\"item\":\"https:\/\/narteks.net\/\"},{\"@type\":\"ListItem\",\"position\":2,\"name\":\"Benim k\u0131r\u0131k saz ile efendilere \u00e7almak yak\u0131\u015f\u0131k almaz herhalde | Ses &#8211; Sabahattin Ali\"}]},{\"@type\":\"WebSite\",\"@id\":\"https:\/\/narteks.net\/#website\",\"url\":\"https:\/\/narteks.net\/\",\"name\":\"narteks.net\",\"description\":\"K\u00fclt\u00fcr Sanat Edebiyat Felsefe\",\"publisher\":{\"@id\":\"https:\/\/narteks.net\/#organization\"},\"alternateName\":\"K\u00fclt\u00fcr Sanat Edebiyat Felsefe\",\"potentialAction\":[{\"@type\":\"SearchAction\",\"target\":{\"@type\":\"EntryPoint\",\"urlTemplate\":\"https:\/\/narteks.net\/?s={search_term_string}\"},\"query-input\":{\"@type\":\"PropertyValueSpecification\",\"valueRequired\":true,\"valueName\":\"search_term_string\"}}],\"inLanguage\":\"tr\"},{\"@type\":\"Organization\",\"@id\":\"https:\/\/narteks.net\/#organization\",\"name\":\"narteks.net\",\"url\":\"https:\/\/narteks.net\/\",\"logo\":{\"@type\":\"ImageObject\",\"inLanguage\":\"tr\",\"@id\":\"https:\/\/narteks.net\/#\/schema\/logo\/image\/\",\"url\":\"https:\/\/narteks.net\/wp-content\/uploads\/narteks.png\",\"contentUrl\":\"https:\/\/narteks.net\/wp-content\/uploads\/narteks.png\",\"width\":300,\"height\":90,\"caption\":\"narteks.net\"},\"image\":{\"@id\":\"https:\/\/narteks.net\/#\/schema\/logo\/image\/\"},\"sameAs\":[\"https:\/\/x.com\/narteks\",\"https:\/\/instagram.com\/narteksnet\"]},{\"@type\":\"Person\",\"@id\":\"https:\/\/narteks.net\/#\/schema\/person\/61f37d9834294b72d31d274e7ed79bca\",\"name\":\"Tar\u0131k\",\"image\":{\"@type\":\"ImageObject\",\"inLanguage\":\"tr\",\"@id\":\"https:\/\/narteks.net\/#\/schema\/person\/image\/\",\"url\":\"https:\/\/secure.gravatar.com\/avatar\/50865afb55632c4ae467e0af0930f6510aa2297d8014be502a55b14f3b7550cf?s=96&d=mm&r=g\",\"contentUrl\":\"https:\/\/secure.gravatar.com\/avatar\/50865afb55632c4ae467e0af0930f6510aa2297d8014be502a55b14f3b7550cf?s=96&d=mm&r=g\",\"caption\":\"Tar\u0131k\"},\"sameAs\":[\"http:\/\/narteks.net\"],\"url\":\"https:\/\/narteks.net\/index.php\/author\/narbak\/\"}]}<\/script>\n<!-- \/ Yoast SEO Premium plugin. -->","yoast_head_json":{"title":"Benim k\u0131r\u0131k saz ile efendilere \u00e7almak yak\u0131\u015f\u0131k almaz herhalde | Ses - Sabahattin Ali - narteks.net","robots":{"index":"index","follow":"follow","max-snippet":"max-snippet:-1","max-image-preview":"max-image-preview:large","max-video-preview":"max-video-preview:-1"},"canonical":"https:\/\/narteks.net\/index.php\/2011\/03\/02\/benim-kirik-saz-ile-efendilere-calmak-yakisik-almaz-herhalde-ses-sabahattin-ali\/","og_locale":"tr_TR","og_type":"article","og_title":"Benim k\u0131r\u0131k saz ile efendilere \u00e7almak yak\u0131\u015f\u0131k almaz herhalde | Ses - Sabahattin Ali","og_description":"Bizi Bey\u015fehirden Konya\u2019ya g\u00f6t\u00fcren kamyon Barsakderesi dedikleri bir bo\u011fazda sakatland\u0131. \u015eof\u00f6r ve muavini mot\u00f6r kapaklar\u0131n\u0131 a\u00e7t\u0131lar. Oturduklar\u0131 minderi kald\u0131r\u0131p onun alt\u0131ndan \u00e7\u0131kard\u0131klar\u0131 bir s\u00fcr\u00fc alet ve edavat\u0131 ortaya d\u00f6kt\u00fcler. Ondan sonra saatlerce s\u00fcren bir tamir ba\u015flad\u0131. Bazan her ikisi makinenin al\u0131na s\u00fcr\u00fcn\u00fcp arka \u00fcst\u00fc yat\u0131yorlar ve elleriyle mot\u00f6r\u00fcn alt k\u0131sm\u0131n\u0131 kurcal\u0131yorlar, bazan da biri \u015fof\u00f6r [&hellip;]","og_url":"https:\/\/narteks.net\/index.php\/2011\/03\/02\/benim-kirik-saz-ile-efendilere-calmak-yakisik-almaz-herhalde-ses-sabahattin-ali\/","og_site_name":"narteks.net","article_published_time":"2011-03-02T19:46:28+00:00","og_image":[{"url":"http:\/\/www.dosthane.de\/sabahattin_ali.jpg","type":"","width":"","height":""}],"author":"Tar\u0131k","twitter_card":"summary_large_image","twitter_creator":"@narteks","twitter_site":"@narteks","twitter_misc":{"Yazan:":"Tar\u0131k","Tahmini okuma s\u00fcresi":"21 dakika"},"schema":{"@context":"https:\/\/schema.org","@graph":[{"@type":"Article","@id":"https:\/\/narteks.net\/index.php\/2011\/03\/02\/benim-kirik-saz-ile-efendilere-calmak-yakisik-almaz-herhalde-ses-sabahattin-ali\/#article","isPartOf":{"@id":"https:\/\/narteks.net\/index.php\/2011\/03\/02\/benim-kirik-saz-ile-efendilere-calmak-yakisik-almaz-herhalde-ses-sabahattin-ali\/"},"author":{"name":"Tar\u0131k","@id":"https:\/\/narteks.net\/#\/schema\/person\/61f37d9834294b72d31d274e7ed79bca"},"headline":"Benim k\u0131r\u0131k saz ile efendilere \u00e7almak yak\u0131\u015f\u0131k almaz herhalde | Ses &#8211; Sabahattin Ali","datePublished":"2011-03-02T19:46:28+00:00","mainEntityOfPage":{"@id":"https:\/\/narteks.net\/index.php\/2011\/03\/02\/benim-kirik-saz-ile-efendilere-calmak-yakisik-almaz-herhalde-ses-sabahattin-ali\/"},"wordCount":4194,"commentCount":0,"publisher":{"@id":"https:\/\/narteks.net\/#organization"},"image":{"@id":"https:\/\/narteks.net\/index.php\/2011\/03\/02\/benim-kirik-saz-ile-efendilere-calmak-yakisik-almaz-herhalde-ses-sabahattin-ali\/#primaryimage"},"thumbnailUrl":"http:\/\/www.dosthane.de\/sabahattin_ali.jpg","articleSection":["T\u00fcrkiye'den \u00d6yk\u00fcler"],"inLanguage":"tr","potentialAction":[{"@type":"CommentAction","name":"Comment","target":["https:\/\/narteks.net\/index.php\/2011\/03\/02\/benim-kirik-saz-ile-efendilere-calmak-yakisik-almaz-herhalde-ses-sabahattin-ali\/#respond"]}]},{"@type":"WebPage","@id":"https:\/\/narteks.net\/index.php\/2011\/03\/02\/benim-kirik-saz-ile-efendilere-calmak-yakisik-almaz-herhalde-ses-sabahattin-ali\/","url":"https:\/\/narteks.net\/index.php\/2011\/03\/02\/benim-kirik-saz-ile-efendilere-calmak-yakisik-almaz-herhalde-ses-sabahattin-ali\/","name":"Benim k\u0131r\u0131k saz ile efendilere \u00e7almak yak\u0131\u015f\u0131k almaz herhalde | Ses - Sabahattin Ali - narteks.net","isPartOf":{"@id":"https:\/\/narteks.net\/#website"},"primaryImageOfPage":{"@id":"https:\/\/narteks.net\/index.php\/2011\/03\/02\/benim-kirik-saz-ile-efendilere-calmak-yakisik-almaz-herhalde-ses-sabahattin-ali\/#primaryimage"},"image":{"@id":"https:\/\/narteks.net\/index.php\/2011\/03\/02\/benim-kirik-saz-ile-efendilere-calmak-yakisik-almaz-herhalde-ses-sabahattin-ali\/#primaryimage"},"thumbnailUrl":"http:\/\/www.dosthane.de\/sabahattin_ali.jpg","datePublished":"2011-03-02T19:46:28+00:00","breadcrumb":{"@id":"https:\/\/narteks.net\/index.php\/2011\/03\/02\/benim-kirik-saz-ile-efendilere-calmak-yakisik-almaz-herhalde-ses-sabahattin-ali\/#breadcrumb"},"inLanguage":"tr","potentialAction":[{"@type":"ReadAction","target":["https:\/\/narteks.net\/index.php\/2011\/03\/02\/benim-kirik-saz-ile-efendilere-calmak-yakisik-almaz-herhalde-ses-sabahattin-ali\/"]}]},{"@type":"ImageObject","inLanguage":"tr","@id":"https:\/\/narteks.net\/index.php\/2011\/03\/02\/benim-kirik-saz-ile-efendilere-calmak-yakisik-almaz-herhalde-ses-sabahattin-ali\/#primaryimage","url":"http:\/\/www.dosthane.de\/sabahattin_ali.jpg","contentUrl":"http:\/\/www.dosthane.de\/sabahattin_ali.jpg"},{"@type":"BreadcrumbList","@id":"https:\/\/narteks.net\/index.php\/2011\/03\/02\/benim-kirik-saz-ile-efendilere-calmak-yakisik-almaz-herhalde-ses-sabahattin-ali\/#breadcrumb","itemListElement":[{"@type":"ListItem","position":1,"name":"Anasayfa","item":"https:\/\/narteks.net\/"},{"@type":"ListItem","position":2,"name":"Benim k\u0131r\u0131k saz ile efendilere \u00e7almak yak\u0131\u015f\u0131k almaz herhalde | Ses &#8211; Sabahattin Ali"}]},{"@type":"WebSite","@id":"https:\/\/narteks.net\/#website","url":"https:\/\/narteks.net\/","name":"narteks.net","description":"K\u00fclt\u00fcr Sanat Edebiyat Felsefe","publisher":{"@id":"https:\/\/narteks.net\/#organization"},"alternateName":"K\u00fclt\u00fcr Sanat Edebiyat Felsefe","potentialAction":[{"@type":"SearchAction","target":{"@type":"EntryPoint","urlTemplate":"https:\/\/narteks.net\/?s={search_term_string}"},"query-input":{"@type":"PropertyValueSpecification","valueRequired":true,"valueName":"search_term_string"}}],"inLanguage":"tr"},{"@type":"Organization","@id":"https:\/\/narteks.net\/#organization","name":"narteks.net","url":"https:\/\/narteks.net\/","logo":{"@type":"ImageObject","inLanguage":"tr","@id":"https:\/\/narteks.net\/#\/schema\/logo\/image\/","url":"https:\/\/narteks.net\/wp-content\/uploads\/narteks.png","contentUrl":"https:\/\/narteks.net\/wp-content\/uploads\/narteks.png","width":300,"height":90,"caption":"narteks.net"},"image":{"@id":"https:\/\/narteks.net\/#\/schema\/logo\/image\/"},"sameAs":["https:\/\/x.com\/narteks","https:\/\/instagram.com\/narteksnet"]},{"@type":"Person","@id":"https:\/\/narteks.net\/#\/schema\/person\/61f37d9834294b72d31d274e7ed79bca","name":"Tar\u0131k","image":{"@type":"ImageObject","inLanguage":"tr","@id":"https:\/\/narteks.net\/#\/schema\/person\/image\/","url":"https:\/\/secure.gravatar.com\/avatar\/50865afb55632c4ae467e0af0930f6510aa2297d8014be502a55b14f3b7550cf?s=96&d=mm&r=g","contentUrl":"https:\/\/secure.gravatar.com\/avatar\/50865afb55632c4ae467e0af0930f6510aa2297d8014be502a55b14f3b7550cf?s=96&d=mm&r=g","caption":"Tar\u0131k"},"sameAs":["http:\/\/narteks.net"],"url":"https:\/\/narteks.net\/index.php\/author\/narbak\/"}]}},"_links":{"self":[{"href":"https:\/\/narteks.net\/index.php\/wp-json\/wp\/v2\/posts\/5729","targetHints":{"allow":["GET"]}}],"collection":[{"href":"https:\/\/narteks.net\/index.php\/wp-json\/wp\/v2\/posts"}],"about":[{"href":"https:\/\/narteks.net\/index.php\/wp-json\/wp\/v2\/types\/post"}],"author":[{"embeddable":true,"href":"https:\/\/narteks.net\/index.php\/wp-json\/wp\/v2\/users\/1"}],"replies":[{"embeddable":true,"href":"https:\/\/narteks.net\/index.php\/wp-json\/wp\/v2\/comments?post=5729"}],"version-history":[{"count":0,"href":"https:\/\/narteks.net\/index.php\/wp-json\/wp\/v2\/posts\/5729\/revisions"}],"wp:attachment":[{"href":"https:\/\/narteks.net\/index.php\/wp-json\/wp\/v2\/media?parent=5729"}],"wp:term":[{"taxonomy":"category","embeddable":true,"href":"https:\/\/narteks.net\/index.php\/wp-json\/wp\/v2\/categories?post=5729"},{"taxonomy":"post_tag","embeddable":true,"href":"https:\/\/narteks.net\/index.php\/wp-json\/wp\/v2\/tags?post=5729"}],"curies":[{"name":"wp","href":"https:\/\/api.w.org\/{rel}","templated":true}]}}