{"id":5744,"date":"2011-03-04T13:29:46","date_gmt":"2011-03-04T10:29:46","guid":{"rendered":"http:\/\/localhost\/wordpress\/2011\/03\/04\/a-hicri-izgoren-biyografisi\/"},"modified":"2011-03-04T13:29:46","modified_gmt":"2011-03-04T10:29:46","slug":"a-hicri-izgoren-biyografisi","status":"publish","type":"post","link":"https:\/\/narteks.net\/index.php\/2011\/03\/04\/a-hicri-izgoren-biyografisi\/","title":{"rendered":"A.Hicri \u0130ZG\u00d6REN Biyografisi"},"content":{"rendered":"<p><img loading=\"lazy\" decoding=\"async\" src=\"http:\/\/upload.wikimedia.org\/wikipedia\/diq\/thumb\/9\/9b\/Hicri_izg%C3%B6ren.jpg\/250px-Hicri_izg%C3%B6ren.jpg\" width=\"155\" height=\"205\" border=\"0\" \/><\/p>\n<p style=\"text-align: justify;\">1950 y\u0131l\u0131nda Siverek&#8217;te do\u011fdu. \u0130lk ve ortaokulu Siverek&#8217;te, liseyi Diyarbak\u0131r&#8217;da okudu. Diyarbak\u0131r E\u011fitim Enstit\u00fcs\u00fc Sosyal Bilimler B\u00f6l\u00fcm\u00fc&#8217;n\u00fc bitirdi. Bir s\u00fcre maliye te\u015fkilat\u0131nda \u00e7al\u0131\u015ft\u0131, daha sonra \u00f6\u011fretmenli\u011fi se\u00e7ti. \u0130lk kitab\u0131 Ac\u0131yla Diri&#8217;nin yay\u0131mlanmas\u0131 \u00fczerine 1981 y\u0131l\u0131nda Diyarbak\u0131r&#8217;da g\u00f6zalt\u0131na al\u0131nd\u0131. Ard\u0131ndan K\u0131r\u015fehir&#8217;e s\u00fcrg\u00fcn edildi. Halen Diyarbak\u0131r&#8217;da \u00f6\u011fretmenlik yap\u0131yor.<br \/>1980 y\u0131l\u0131ndan bu yana \u00e7e\u015fitli sanat dergilerinde \u015fiirleri yay\u0131mland\u0131.<\/p>\n<p><strong>Eserleri:<\/strong><\/p>\n<p style=\"text-align: justify;\">Ac\u0131yla Diri, 1981; Sessizli\u011fin Sa\u011fana\u011f\u0131, 1984; Verilmi\u015f S\u00f6zd\u00fcr, 1987; Bedeli \u00d6denmi\u015ftir, 1992; Ve \u00d6teki (\u0130lk 4 kitab\u0131ndan se\u00e7meler), 1998, Su\u00e7 Duyurusu, 1999<\/p>\n<p><strong>\u00d6d\u00fclleri:<\/strong><\/p>\n<p>Tansa\u015f &#8220;9 Eyl\u00fcl \u015eiir Yar\u0131\u015fmas\u0131&#8221; \u00dc\u00e7\u00fcnc\u00fcl\u00fck \u00d6d\u00fcl\u00fc (1989)<br \/>Tayad &#8220;\u015eiirler Ya\u015fam\u0131m\u0131zd\u0131r Yar\u0131\u015fmas\u0131&#8221; \u00dc\u00e7\u00fcnc\u00fcl\u00fck \u00d6d\u00fcl\u00fc (1989)<br \/>Petrol-\u0130\u015f &#8220;\u0130nsan Haklar\u0131-Ekmek Bar\u0131\u015f \u00d6zg\u00fcrl\u00fck&#8221; \u015eiir Birincilik \u00d6d\u00fcl\u00fc (1989)<br \/>Mavi Derinlik-Ku\u015fadas\u0131 Belediyesi K\u00fclt\u00fcr Etkinlikleri \u015eiir \u0130kincilik \u00d6d\u00fcl\u00fc (1991)<br \/>21. Yar\u0131mca Alt\u0131n Kiraz Festivali \u015eiir Birincilik \u00d6d\u00fcl\u00fc (1992)<br \/>\u0130sve\u00e7 H\u00fcmanist Enternasyonal (Efos Universal Cul-ture House) \u015eiir \u0130kincilik \u00d6d\u00fcl\u00fc (1992).<\/p>\n","protected":false},"excerpt":{"rendered":"<p>1950 y\u0131l\u0131nda Siverek&#8217;te do\u011fdu. \u0130lk ve ortaokulu Siverek&#8217;te, liseyi Diyarbak\u0131r&#8217;da okudu. Diyarbak\u0131r E\u011fitim Enstit\u00fcs\u00fc Sosyal Bilimler B\u00f6l\u00fcm\u00fc&#8217;n\u00fc bitirdi. Bir s\u00fcre maliye te\u015fkilat\u0131nda \u00e7al\u0131\u015ft\u0131, daha sonra \u00f6\u011fretmenli\u011fi se\u00e7ti. \u0130lk kitab\u0131 Ac\u0131yla Diri&#8217;nin yay\u0131mlanmas\u0131 \u00fczerine 1981 y\u0131l\u0131nda Diyarbak\u0131r&#8217;da g\u00f6zalt\u0131na al\u0131nd\u0131. Ard\u0131ndan K\u0131r\u015fehir&#8217;e s\u00fcrg\u00fcn edildi. Halen Diyarbak\u0131r&#8217;da \u00f6\u011fretmenlik yap\u0131yor.1980 y\u0131l\u0131ndan bu yana \u00e7e\u015fitli sanat dergilerinde \u015fiirleri yay\u0131mland\u0131. Eserleri: [&hellip;]<\/p>\n","protected":false},"author":1,"featured_media":0,"comment_status":"open","ping_status":"open","sticky":false,"template":"","format":"standard","meta":{"footnotes":""},"categories":[174],"tags":[],"class_list":{"0":"post-5744","1":"post","2":"type-post","3":"status-publish","4":"format-standard","6":"category-a-hicri-izgoren"},"yoast_head":"<!-- This site is optimized with the Yoast SEO Premium plugin v24.9 (Yoast SEO v24.9) - https:\/\/yoast.com\/wordpress\/plugins\/seo\/ -->\n<title>A.Hicri \u0130ZG\u00d6REN Biyografisi - narteks.net<\/title>\n<meta name=\"robots\" content=\"index, follow, max-snippet:-1, max-image-preview:large, max-video-preview:-1\" \/>\n<link rel=\"canonical\" href=\"https:\/\/narteks.net\/index.php\/2011\/03\/04\/a-hicri-izgoren-biyografisi\/\" \/>\n<meta property=\"og:locale\" content=\"tr_TR\" \/>\n<meta property=\"og:type\" content=\"article\" \/>\n<meta property=\"og:title\" content=\"A.Hicri \u0130ZG\u00d6REN Biyografisi\" \/>\n<meta property=\"og:description\" content=\"1950 y\u0131l\u0131nda Siverek&#8217;te do\u011fdu. \u0130lk ve ortaokulu Siverek&#8217;te, liseyi Diyarbak\u0131r&#8217;da okudu. Diyarbak\u0131r E\u011fitim Enstit\u00fcs\u00fc Sosyal Bilimler B\u00f6l\u00fcm\u00fc&#8217;n\u00fc bitirdi. Bir s\u00fcre maliye te\u015fkilat\u0131nda \u00e7al\u0131\u015ft\u0131, daha sonra \u00f6\u011fretmenli\u011fi se\u00e7ti. \u0130lk kitab\u0131 Ac\u0131yla Diri&#8217;nin yay\u0131mlanmas\u0131 \u00fczerine 1981 y\u0131l\u0131nda Diyarbak\u0131r&#8217;da g\u00f6zalt\u0131na al\u0131nd\u0131. Ard\u0131ndan K\u0131r\u015fehir&#8217;e s\u00fcrg\u00fcn edildi. Halen Diyarbak\u0131r&#8217;da \u00f6\u011fretmenlik yap\u0131yor.1980 y\u0131l\u0131ndan bu yana \u00e7e\u015fitli sanat dergilerinde \u015fiirleri yay\u0131mland\u0131. Eserleri: [&hellip;]\" \/>\n<meta property=\"og:url\" content=\"https:\/\/narteks.net\/index.php\/2011\/03\/04\/a-hicri-izgoren-biyografisi\/\" \/>\n<meta property=\"og:site_name\" content=\"narteks.net\" \/>\n<meta property=\"article:published_time\" content=\"2011-03-04T10:29:46+00:00\" \/>\n<meta property=\"og:image\" content=\"http:\/\/upload.wikimedia.org\/wikipedia\/diq\/thumb\/9\/9b\/Hicri_izg%C3%B6ren.jpg\/250px-Hicri_izg%C3%B6ren.jpg\" \/>\n<meta name=\"author\" content=\"Tar\u0131k\" \/>\n<meta name=\"twitter:card\" content=\"summary_large_image\" \/>\n<meta name=\"twitter:creator\" content=\"@narteks\" \/>\n<meta name=\"twitter:site\" content=\"@narteks\" \/>\n<meta name=\"twitter:label1\" content=\"Yazan:\" \/>\n\t<meta name=\"twitter:data1\" content=\"Tar\u0131k\" \/>\n\t<meta name=\"twitter:label2\" content=\"Tahmini okuma s\u00fcresi\" \/>\n\t<meta name=\"twitter:data2\" content=\"1 dakika\" \/>\n<script type=\"application\/ld+json\" class=\"yoast-schema-graph\">{\"@context\":\"https:\/\/schema.org\",\"@graph\":[{\"@type\":\"Article\",\"@id\":\"https:\/\/narteks.net\/index.php\/2011\/03\/04\/a-hicri-izgoren-biyografisi\/#article\",\"isPartOf\":{\"@id\":\"https:\/\/narteks.net\/index.php\/2011\/03\/04\/a-hicri-izgoren-biyografisi\/\"},\"author\":{\"name\":\"Tar\u0131k\",\"@id\":\"https:\/\/narteks.net\/#\/schema\/person\/61f37d9834294b72d31d274e7ed79bca\"},\"headline\":\"A.Hicri \u0130ZG\u00d6REN Biyografisi\",\"datePublished\":\"2011-03-04T10:29:46+00:00\",\"mainEntityOfPage\":{\"@id\":\"https:\/\/narteks.net\/index.php\/2011\/03\/04\/a-hicri-izgoren-biyografisi\/\"},\"wordCount\":189,\"commentCount\":0,\"publisher\":{\"@id\":\"https:\/\/narteks.net\/#organization\"},\"image\":{\"@id\":\"https:\/\/narteks.net\/index.php\/2011\/03\/04\/a-hicri-izgoren-biyografisi\/#primaryimage\"},\"thumbnailUrl\":\"http:\/\/upload.wikimedia.org\/wikipedia\/diq\/thumb\/9\/9b\/Hicri_izg%C3%B6ren.jpg\/250px-Hicri_izg%C3%B6ren.jpg\",\"articleSection\":[\"A.Hicri \u0130ZG\u00d6REN\"],\"inLanguage\":\"tr\",\"potentialAction\":[{\"@type\":\"CommentAction\",\"name\":\"Comment\",\"target\":[\"https:\/\/narteks.net\/index.php\/2011\/03\/04\/a-hicri-izgoren-biyografisi\/#respond\"]}]},{\"@type\":\"WebPage\",\"@id\":\"https:\/\/narteks.net\/index.php\/2011\/03\/04\/a-hicri-izgoren-biyografisi\/\",\"url\":\"https:\/\/narteks.net\/index.php\/2011\/03\/04\/a-hicri-izgoren-biyografisi\/\",\"name\":\"A.Hicri \u0130ZG\u00d6REN Biyografisi - narteks.net\",\"isPartOf\":{\"@id\":\"https:\/\/narteks.net\/#website\"},\"primaryImageOfPage\":{\"@id\":\"https:\/\/narteks.net\/index.php\/2011\/03\/04\/a-hicri-izgoren-biyografisi\/#primaryimage\"},\"image\":{\"@id\":\"https:\/\/narteks.net\/index.php\/2011\/03\/04\/a-hicri-izgoren-biyografisi\/#primaryimage\"},\"thumbnailUrl\":\"http:\/\/upload.wikimedia.org\/wikipedia\/diq\/thumb\/9\/9b\/Hicri_izg%C3%B6ren.jpg\/250px-Hicri_izg%C3%B6ren.jpg\",\"datePublished\":\"2011-03-04T10:29:46+00:00\",\"breadcrumb\":{\"@id\":\"https:\/\/narteks.net\/index.php\/2011\/03\/04\/a-hicri-izgoren-biyografisi\/#breadcrumb\"},\"inLanguage\":\"tr\",\"potentialAction\":[{\"@type\":\"ReadAction\",\"target\":[\"https:\/\/narteks.net\/index.php\/2011\/03\/04\/a-hicri-izgoren-biyografisi\/\"]}]},{\"@type\":\"ImageObject\",\"inLanguage\":\"tr\",\"@id\":\"https:\/\/narteks.net\/index.php\/2011\/03\/04\/a-hicri-izgoren-biyografisi\/#primaryimage\",\"url\":\"http:\/\/upload.wikimedia.org\/wikipedia\/diq\/thumb\/9\/9b\/Hicri_izg%C3%B6ren.jpg\/250px-Hicri_izg%C3%B6ren.jpg\",\"contentUrl\":\"http:\/\/upload.wikimedia.org\/wikipedia\/diq\/thumb\/9\/9b\/Hicri_izg%C3%B6ren.jpg\/250px-Hicri_izg%C3%B6ren.jpg\"},{\"@type\":\"BreadcrumbList\",\"@id\":\"https:\/\/narteks.net\/index.php\/2011\/03\/04\/a-hicri-izgoren-biyografisi\/#breadcrumb\",\"itemListElement\":[{\"@type\":\"ListItem\",\"position\":1,\"name\":\"Anasayfa\",\"item\":\"https:\/\/narteks.net\/\"},{\"@type\":\"ListItem\",\"position\":2,\"name\":\"A.Hicri \u0130ZG\u00d6REN Biyografisi\"}]},{\"@type\":\"WebSite\",\"@id\":\"https:\/\/narteks.net\/#website\",\"url\":\"https:\/\/narteks.net\/\",\"name\":\"narteks.net\",\"description\":\"K\u00fclt\u00fcr Sanat Edebiyat Felsefe\",\"publisher\":{\"@id\":\"https:\/\/narteks.net\/#organization\"},\"alternateName\":\"K\u00fclt\u00fcr Sanat Edebiyat Felsefe\",\"potentialAction\":[{\"@type\":\"SearchAction\",\"target\":{\"@type\":\"EntryPoint\",\"urlTemplate\":\"https:\/\/narteks.net\/?s={search_term_string}\"},\"query-input\":{\"@type\":\"PropertyValueSpecification\",\"valueRequired\":true,\"valueName\":\"search_term_string\"}}],\"inLanguage\":\"tr\"},{\"@type\":\"Organization\",\"@id\":\"https:\/\/narteks.net\/#organization\",\"name\":\"narteks.net\",\"url\":\"https:\/\/narteks.net\/\",\"logo\":{\"@type\":\"ImageObject\",\"inLanguage\":\"tr\",\"@id\":\"https:\/\/narteks.net\/#\/schema\/logo\/image\/\",\"url\":\"https:\/\/narteks.net\/wp-content\/uploads\/narteks.png\",\"contentUrl\":\"https:\/\/narteks.net\/wp-content\/uploads\/narteks.png\",\"width\":300,\"height\":90,\"caption\":\"narteks.net\"},\"image\":{\"@id\":\"https:\/\/narteks.net\/#\/schema\/logo\/image\/\"},\"sameAs\":[\"https:\/\/x.com\/narteks\",\"https:\/\/instagram.com\/narteksnet\"]},{\"@type\":\"Person\",\"@id\":\"https:\/\/narteks.net\/#\/schema\/person\/61f37d9834294b72d31d274e7ed79bca\",\"name\":\"Tar\u0131k\",\"image\":{\"@type\":\"ImageObject\",\"inLanguage\":\"tr\",\"@id\":\"https:\/\/narteks.net\/#\/schema\/person\/image\/\",\"url\":\"https:\/\/secure.gravatar.com\/avatar\/50865afb55632c4ae467e0af0930f6510aa2297d8014be502a55b14f3b7550cf?s=96&d=mm&r=g\",\"contentUrl\":\"https:\/\/secure.gravatar.com\/avatar\/50865afb55632c4ae467e0af0930f6510aa2297d8014be502a55b14f3b7550cf?s=96&d=mm&r=g\",\"caption\":\"Tar\u0131k\"},\"sameAs\":[\"http:\/\/narteks.net\"],\"url\":\"https:\/\/narteks.net\/index.php\/author\/narbak\/\"}]}<\/script>\n<!-- \/ Yoast SEO Premium plugin. -->","yoast_head_json":{"title":"A.Hicri \u0130ZG\u00d6REN Biyografisi - narteks.net","robots":{"index":"index","follow":"follow","max-snippet":"max-snippet:-1","max-image-preview":"max-image-preview:large","max-video-preview":"max-video-preview:-1"},"canonical":"https:\/\/narteks.net\/index.php\/2011\/03\/04\/a-hicri-izgoren-biyografisi\/","og_locale":"tr_TR","og_type":"article","og_title":"A.Hicri \u0130ZG\u00d6REN Biyografisi","og_description":"1950 y\u0131l\u0131nda Siverek&#8217;te do\u011fdu. \u0130lk ve ortaokulu Siverek&#8217;te, liseyi Diyarbak\u0131r&#8217;da okudu. Diyarbak\u0131r E\u011fitim Enstit\u00fcs\u00fc Sosyal Bilimler B\u00f6l\u00fcm\u00fc&#8217;n\u00fc bitirdi. Bir s\u00fcre maliye te\u015fkilat\u0131nda \u00e7al\u0131\u015ft\u0131, daha sonra \u00f6\u011fretmenli\u011fi se\u00e7ti. \u0130lk kitab\u0131 Ac\u0131yla Diri&#8217;nin yay\u0131mlanmas\u0131 \u00fczerine 1981 y\u0131l\u0131nda Diyarbak\u0131r&#8217;da g\u00f6zalt\u0131na al\u0131nd\u0131. Ard\u0131ndan K\u0131r\u015fehir&#8217;e s\u00fcrg\u00fcn edildi. Halen Diyarbak\u0131r&#8217;da \u00f6\u011fretmenlik yap\u0131yor.1980 y\u0131l\u0131ndan bu yana \u00e7e\u015fitli sanat dergilerinde \u015fiirleri yay\u0131mland\u0131. Eserleri: [&hellip;]","og_url":"https:\/\/narteks.net\/index.php\/2011\/03\/04\/a-hicri-izgoren-biyografisi\/","og_site_name":"narteks.net","article_published_time":"2011-03-04T10:29:46+00:00","og_image":[{"url":"http:\/\/upload.wikimedia.org\/wikipedia\/diq\/thumb\/9\/9b\/Hicri_izg%C3%B6ren.jpg\/250px-Hicri_izg%C3%B6ren.jpg","type":"","width":"","height":""}],"author":"Tar\u0131k","twitter_card":"summary_large_image","twitter_creator":"@narteks","twitter_site":"@narteks","twitter_misc":{"Yazan:":"Tar\u0131k","Tahmini okuma s\u00fcresi":"1 dakika"},"schema":{"@context":"https:\/\/schema.org","@graph":[{"@type":"Article","@id":"https:\/\/narteks.net\/index.php\/2011\/03\/04\/a-hicri-izgoren-biyografisi\/#article","isPartOf":{"@id":"https:\/\/narteks.net\/index.php\/2011\/03\/04\/a-hicri-izgoren-biyografisi\/"},"author":{"name":"Tar\u0131k","@id":"https:\/\/narteks.net\/#\/schema\/person\/61f37d9834294b72d31d274e7ed79bca"},"headline":"A.Hicri \u0130ZG\u00d6REN Biyografisi","datePublished":"2011-03-04T10:29:46+00:00","mainEntityOfPage":{"@id":"https:\/\/narteks.net\/index.php\/2011\/03\/04\/a-hicri-izgoren-biyografisi\/"},"wordCount":189,"commentCount":0,"publisher":{"@id":"https:\/\/narteks.net\/#organization"},"image":{"@id":"https:\/\/narteks.net\/index.php\/2011\/03\/04\/a-hicri-izgoren-biyografisi\/#primaryimage"},"thumbnailUrl":"http:\/\/upload.wikimedia.org\/wikipedia\/diq\/thumb\/9\/9b\/Hicri_izg%C3%B6ren.jpg\/250px-Hicri_izg%C3%B6ren.jpg","articleSection":["A.Hicri \u0130ZG\u00d6REN"],"inLanguage":"tr","potentialAction":[{"@type":"CommentAction","name":"Comment","target":["https:\/\/narteks.net\/index.php\/2011\/03\/04\/a-hicri-izgoren-biyografisi\/#respond"]}]},{"@type":"WebPage","@id":"https:\/\/narteks.net\/index.php\/2011\/03\/04\/a-hicri-izgoren-biyografisi\/","url":"https:\/\/narteks.net\/index.php\/2011\/03\/04\/a-hicri-izgoren-biyografisi\/","name":"A.Hicri \u0130ZG\u00d6REN Biyografisi - narteks.net","isPartOf":{"@id":"https:\/\/narteks.net\/#website"},"primaryImageOfPage":{"@id":"https:\/\/narteks.net\/index.php\/2011\/03\/04\/a-hicri-izgoren-biyografisi\/#primaryimage"},"image":{"@id":"https:\/\/narteks.net\/index.php\/2011\/03\/04\/a-hicri-izgoren-biyografisi\/#primaryimage"},"thumbnailUrl":"http:\/\/upload.wikimedia.org\/wikipedia\/diq\/thumb\/9\/9b\/Hicri_izg%C3%B6ren.jpg\/250px-Hicri_izg%C3%B6ren.jpg","datePublished":"2011-03-04T10:29:46+00:00","breadcrumb":{"@id":"https:\/\/narteks.net\/index.php\/2011\/03\/04\/a-hicri-izgoren-biyografisi\/#breadcrumb"},"inLanguage":"tr","potentialAction":[{"@type":"ReadAction","target":["https:\/\/narteks.net\/index.php\/2011\/03\/04\/a-hicri-izgoren-biyografisi\/"]}]},{"@type":"ImageObject","inLanguage":"tr","@id":"https:\/\/narteks.net\/index.php\/2011\/03\/04\/a-hicri-izgoren-biyografisi\/#primaryimage","url":"http:\/\/upload.wikimedia.org\/wikipedia\/diq\/thumb\/9\/9b\/Hicri_izg%C3%B6ren.jpg\/250px-Hicri_izg%C3%B6ren.jpg","contentUrl":"http:\/\/upload.wikimedia.org\/wikipedia\/diq\/thumb\/9\/9b\/Hicri_izg%C3%B6ren.jpg\/250px-Hicri_izg%C3%B6ren.jpg"},{"@type":"BreadcrumbList","@id":"https:\/\/narteks.net\/index.php\/2011\/03\/04\/a-hicri-izgoren-biyografisi\/#breadcrumb","itemListElement":[{"@type":"ListItem","position":1,"name":"Anasayfa","item":"https:\/\/narteks.net\/"},{"@type":"ListItem","position":2,"name":"A.Hicri \u0130ZG\u00d6REN Biyografisi"}]},{"@type":"WebSite","@id":"https:\/\/narteks.net\/#website","url":"https:\/\/narteks.net\/","name":"narteks.net","description":"K\u00fclt\u00fcr Sanat Edebiyat Felsefe","publisher":{"@id":"https:\/\/narteks.net\/#organization"},"alternateName":"K\u00fclt\u00fcr Sanat Edebiyat Felsefe","potentialAction":[{"@type":"SearchAction","target":{"@type":"EntryPoint","urlTemplate":"https:\/\/narteks.net\/?s={search_term_string}"},"query-input":{"@type":"PropertyValueSpecification","valueRequired":true,"valueName":"search_term_string"}}],"inLanguage":"tr"},{"@type":"Organization","@id":"https:\/\/narteks.net\/#organization","name":"narteks.net","url":"https:\/\/narteks.net\/","logo":{"@type":"ImageObject","inLanguage":"tr","@id":"https:\/\/narteks.net\/#\/schema\/logo\/image\/","url":"https:\/\/narteks.net\/wp-content\/uploads\/narteks.png","contentUrl":"https:\/\/narteks.net\/wp-content\/uploads\/narteks.png","width":300,"height":90,"caption":"narteks.net"},"image":{"@id":"https:\/\/narteks.net\/#\/schema\/logo\/image\/"},"sameAs":["https:\/\/x.com\/narteks","https:\/\/instagram.com\/narteksnet"]},{"@type":"Person","@id":"https:\/\/narteks.net\/#\/schema\/person\/61f37d9834294b72d31d274e7ed79bca","name":"Tar\u0131k","image":{"@type":"ImageObject","inLanguage":"tr","@id":"https:\/\/narteks.net\/#\/schema\/person\/image\/","url":"https:\/\/secure.gravatar.com\/avatar\/50865afb55632c4ae467e0af0930f6510aa2297d8014be502a55b14f3b7550cf?s=96&d=mm&r=g","contentUrl":"https:\/\/secure.gravatar.com\/avatar\/50865afb55632c4ae467e0af0930f6510aa2297d8014be502a55b14f3b7550cf?s=96&d=mm&r=g","caption":"Tar\u0131k"},"sameAs":["http:\/\/narteks.net"],"url":"https:\/\/narteks.net\/index.php\/author\/narbak\/"}]}},"_links":{"self":[{"href":"https:\/\/narteks.net\/index.php\/wp-json\/wp\/v2\/posts\/5744","targetHints":{"allow":["GET"]}}],"collection":[{"href":"https:\/\/narteks.net\/index.php\/wp-json\/wp\/v2\/posts"}],"about":[{"href":"https:\/\/narteks.net\/index.php\/wp-json\/wp\/v2\/types\/post"}],"author":[{"embeddable":true,"href":"https:\/\/narteks.net\/index.php\/wp-json\/wp\/v2\/users\/1"}],"replies":[{"embeddable":true,"href":"https:\/\/narteks.net\/index.php\/wp-json\/wp\/v2\/comments?post=5744"}],"version-history":[{"count":0,"href":"https:\/\/narteks.net\/index.php\/wp-json\/wp\/v2\/posts\/5744\/revisions"}],"wp:attachment":[{"href":"https:\/\/narteks.net\/index.php\/wp-json\/wp\/v2\/media?parent=5744"}],"wp:term":[{"taxonomy":"category","embeddable":true,"href":"https:\/\/narteks.net\/index.php\/wp-json\/wp\/v2\/categories?post=5744"},{"taxonomy":"post_tag","embeddable":true,"href":"https:\/\/narteks.net\/index.php\/wp-json\/wp\/v2\/tags?post=5744"}],"curies":[{"name":"wp","href":"https:\/\/api.w.org\/{rel}","templated":true}]}}