{"id":5753,"date":"2011-03-04T13:40:03","date_gmt":"2011-03-04T10:40:03","guid":{"rendered":"http:\/\/localhost\/wordpress\/2011\/03\/04\/suskun-2\/"},"modified":"2011-03-04T13:40:03","modified_gmt":"2011-03-04T10:40:03","slug":"suskun-2","status":"publish","type":"post","link":"https:\/\/narteks.net\/index.php\/2011\/03\/04\/suskun-2\/","title":{"rendered":"SUSKUN"},"content":{"rendered":"<p>\u00a0<\/p>\n<p>Susard\u0131n ve kar ya\u011fard\u0131<\/p>\n<p>G\u00f6zlerinde ba\u015flard\u0131 gece<br \/>Yar\u0131m kalm\u0131\u015f kitaplarda biterdi.<br \/>Aln\u0131m\u0131zda bilenen k\u00f6r bir b\u0131\u00e7akt\u0131 zaman<br \/>K\u0131r\u0131lm\u0131\u015f aynalard\u0131<\/p>\n<p>Susard\u0131n, durmadan susard\u0131n<br \/>Ve kar ya\u011fard\u0131<\/p>\n<p>Ocak a\u011faran sa\u00e7lar\u0131md\u0131<br \/>\u015eubat hay\u0131rs\u0131z bir evlatt\u0131, ka\u00e7akt\u0131<br \/>Ve uzakt\u0131 yaz bir anayd\u0131<br \/>Mart&#8217;\u0131n izlerini ta\u015f\u0131r\u0131m bedenimde<br \/>Ayn\u0131 masal\u0131n ikizleri gibiydi g\u00fcnler<br \/>Nisan sa\u00e7lar\u0131mda \u0131slan\u0131rd\u0131 hep<\/p>\n<p>Susard\u0131n, durmadan susard\u0131n<br \/>Ve ya\u011fmurlar ba\u015flard\u0131<\/p>\n<p>\u00c7ok bekletti bizi,<br \/>Hi\u00e7 vaktinde gelmedi may\u0131s<br \/>Haziran Aram&#8217;d\u0131 ya da \u00f6yle biriydi<br \/>Temmuz bir d\u00fc\u015ft\u00fc belki<\/p>\n<p>Yaralar\u0131 sarar gibiydi<br \/>A\u011fustos y\u0131ld\u0131zlarla basard\u0131 gecemizi<br \/>Bir g\u00fcl su\u00e7\u00fcst\u00fc yakalan\u0131rd\u0131<br \/>Eyl\u00fcl bir \u00e7ocu\u011fun \u00e7\u0131\u011fl\u0131klar\u0131yd\u0131<\/p>\n<p>Susard\u0131n, durmadan susard\u0131n<br \/>Ve r\u00fczg\u00e2rlar ba\u015flard\u0131<\/p>\n<p>Yolunu yitirmi\u015f bir gezgin gibiydi ekim<br \/>S\u00fcrg\u00fcnlere u\u011furlard\u0131k kendimizi<br \/>Kalan m\u0131 bizdik, giden mi<br \/>Bilinmezdi<br \/>Kas\u0131m r\u00fczg\u00e2rda bir yaprakt\u0131<br \/>Ve biraz \u0131tri<br \/>Kendi sesiyle irkilirdi<br \/>Aral\u0131k g\u00fcnlerin son neferi<\/p>\n<p>Soluk bir d\u00fc\u015f ge\u00e7se de<br \/>Hi\u00e7bir mevsim g\u00f6zlerin kadar<br \/>Ac\u0131mas\u0131z kullanmad\u0131 ne\u015fteri<\/p>\n<p>Susard\u0131n ve kar ya\u011fard\u0131<\/p>\n<p>A.Hicri \u0130ZG\u00d6REN<\/p>\n","protected":false},"excerpt":{"rendered":"<p>\u00a0 Susard\u0131n ve kar ya\u011fard\u0131 G\u00f6zlerinde ba\u015flard\u0131 geceYar\u0131m kalm\u0131\u015f kitaplarda biterdi.Aln\u0131m\u0131zda bilenen k\u00f6r bir b\u0131\u00e7akt\u0131 zamanK\u0131r\u0131lm\u0131\u015f aynalard\u0131 Susard\u0131n, durmadan susard\u0131nVe kar ya\u011fard\u0131 Ocak a\u011faran sa\u00e7lar\u0131md\u0131\u015eubat hay\u0131rs\u0131z bir evlatt\u0131, ka\u00e7akt\u0131Ve uzakt\u0131 yaz bir anayd\u0131Mart&#8217;\u0131n izlerini ta\u015f\u0131r\u0131m bedenimdeAyn\u0131 masal\u0131n ikizleri gibiydi g\u00fcnlerNisan sa\u00e7lar\u0131mda \u0131slan\u0131rd\u0131 hep Susard\u0131n, durmadan susard\u0131nVe ya\u011fmurlar ba\u015flard\u0131 \u00c7ok bekletti bizi,Hi\u00e7 vaktinde gelmedi may\u0131sHaziran Aram&#8217;d\u0131 [&hellip;]<\/p>\n","protected":false},"author":1,"featured_media":0,"comment_status":"open","ping_status":"open","sticky":false,"template":"","format":"standard","meta":{"footnotes":""},"categories":[174],"tags":[],"class_list":{"0":"post-5753","1":"post","2":"type-post","3":"status-publish","4":"format-standard","6":"category-a-hicri-izgoren"},"yoast_head":"<!-- This site is optimized with the Yoast SEO Premium plugin v24.9 (Yoast SEO v24.9) - https:\/\/yoast.com\/wordpress\/plugins\/seo\/ -->\n<title>SUSKUN - narteks.net<\/title>\n<meta name=\"robots\" content=\"index, follow, max-snippet:-1, max-image-preview:large, max-video-preview:-1\" \/>\n<link rel=\"canonical\" href=\"https:\/\/narteks.net\/index.php\/2011\/03\/04\/suskun-2\/\" \/>\n<meta property=\"og:locale\" content=\"tr_TR\" \/>\n<meta property=\"og:type\" content=\"article\" \/>\n<meta property=\"og:title\" content=\"SUSKUN\" \/>\n<meta property=\"og:description\" content=\"\u00a0 Susard\u0131n ve kar ya\u011fard\u0131 G\u00f6zlerinde ba\u015flard\u0131 geceYar\u0131m kalm\u0131\u015f kitaplarda biterdi.Aln\u0131m\u0131zda bilenen k\u00f6r bir b\u0131\u00e7akt\u0131 zamanK\u0131r\u0131lm\u0131\u015f aynalard\u0131 Susard\u0131n, durmadan susard\u0131nVe kar ya\u011fard\u0131 Ocak a\u011faran sa\u00e7lar\u0131md\u0131\u015eubat hay\u0131rs\u0131z bir evlatt\u0131, ka\u00e7akt\u0131Ve uzakt\u0131 yaz bir anayd\u0131Mart&#8217;\u0131n izlerini ta\u015f\u0131r\u0131m bedenimdeAyn\u0131 masal\u0131n ikizleri gibiydi g\u00fcnlerNisan sa\u00e7lar\u0131mda \u0131slan\u0131rd\u0131 hep Susard\u0131n, durmadan susard\u0131nVe ya\u011fmurlar ba\u015flard\u0131 \u00c7ok bekletti bizi,Hi\u00e7 vaktinde gelmedi may\u0131sHaziran Aram&#8217;d\u0131 [&hellip;]\" \/>\n<meta property=\"og:url\" content=\"https:\/\/narteks.net\/index.php\/2011\/03\/04\/suskun-2\/\" \/>\n<meta property=\"og:site_name\" content=\"narteks.net\" \/>\n<meta property=\"article:published_time\" content=\"2011-03-04T10:40:03+00:00\" \/>\n<meta property=\"og:image\" content=\"https:\/\/narteks.net\/wp-content\/uploads\/narteks.png\" \/>\n\t<meta property=\"og:image:width\" content=\"300\" \/>\n\t<meta property=\"og:image:height\" content=\"90\" \/>\n\t<meta property=\"og:image:type\" content=\"image\/png\" \/>\n<meta name=\"author\" content=\"Tar\u0131k\" \/>\n<meta name=\"twitter:card\" content=\"summary_large_image\" \/>\n<meta name=\"twitter:creator\" content=\"@narteks\" \/>\n<meta name=\"twitter:site\" content=\"@narteks\" \/>\n<meta name=\"twitter:label1\" content=\"Yazan:\" \/>\n\t<meta name=\"twitter:data1\" content=\"Tar\u0131k\" \/>\n\t<meta name=\"twitter:label2\" content=\"Tahmini okuma s\u00fcresi\" \/>\n\t<meta name=\"twitter:data2\" content=\"1 dakika\" \/>\n<script type=\"application\/ld+json\" class=\"yoast-schema-graph\">{\"@context\":\"https:\/\/schema.org\",\"@graph\":[{\"@type\":\"Article\",\"@id\":\"https:\/\/narteks.net\/index.php\/2011\/03\/04\/suskun-2\/#article\",\"isPartOf\":{\"@id\":\"https:\/\/narteks.net\/index.php\/2011\/03\/04\/suskun-2\/\"},\"author\":{\"name\":\"Tar\u0131k\",\"@id\":\"https:\/\/narteks.net\/#\/schema\/person\/61f37d9834294b72d31d274e7ed79bca\"},\"headline\":\"SUSKUN\",\"datePublished\":\"2011-03-04T10:40:03+00:00\",\"mainEntityOfPage\":{\"@id\":\"https:\/\/narteks.net\/index.php\/2011\/03\/04\/suskun-2\/\"},\"wordCount\":192,\"commentCount\":0,\"publisher\":{\"@id\":\"https:\/\/narteks.net\/#organization\"},\"articleSection\":[\"A.Hicri \u0130ZG\u00d6REN\"],\"inLanguage\":\"tr\",\"potentialAction\":[{\"@type\":\"CommentAction\",\"name\":\"Comment\",\"target\":[\"https:\/\/narteks.net\/index.php\/2011\/03\/04\/suskun-2\/#respond\"]}]},{\"@type\":\"WebPage\",\"@id\":\"https:\/\/narteks.net\/index.php\/2011\/03\/04\/suskun-2\/\",\"url\":\"https:\/\/narteks.net\/index.php\/2011\/03\/04\/suskun-2\/\",\"name\":\"SUSKUN - narteks.net\",\"isPartOf\":{\"@id\":\"https:\/\/narteks.net\/#website\"},\"datePublished\":\"2011-03-04T10:40:03+00:00\",\"breadcrumb\":{\"@id\":\"https:\/\/narteks.net\/index.php\/2011\/03\/04\/suskun-2\/#breadcrumb\"},\"inLanguage\":\"tr\",\"potentialAction\":[{\"@type\":\"ReadAction\",\"target\":[\"https:\/\/narteks.net\/index.php\/2011\/03\/04\/suskun-2\/\"]}]},{\"@type\":\"BreadcrumbList\",\"@id\":\"https:\/\/narteks.net\/index.php\/2011\/03\/04\/suskun-2\/#breadcrumb\",\"itemListElement\":[{\"@type\":\"ListItem\",\"position\":1,\"name\":\"Anasayfa\",\"item\":\"https:\/\/narteks.net\/\"},{\"@type\":\"ListItem\",\"position\":2,\"name\":\"SUSKUN\"}]},{\"@type\":\"WebSite\",\"@id\":\"https:\/\/narteks.net\/#website\",\"url\":\"https:\/\/narteks.net\/\",\"name\":\"narteks.net\",\"description\":\"K\u00fclt\u00fcr Sanat Edebiyat Felsefe\",\"publisher\":{\"@id\":\"https:\/\/narteks.net\/#organization\"},\"alternateName\":\"K\u00fclt\u00fcr Sanat Edebiyat Felsefe\",\"potentialAction\":[{\"@type\":\"SearchAction\",\"target\":{\"@type\":\"EntryPoint\",\"urlTemplate\":\"https:\/\/narteks.net\/?s={search_term_string}\"},\"query-input\":{\"@type\":\"PropertyValueSpecification\",\"valueRequired\":true,\"valueName\":\"search_term_string\"}}],\"inLanguage\":\"tr\"},{\"@type\":\"Organization\",\"@id\":\"https:\/\/narteks.net\/#organization\",\"name\":\"narteks.net\",\"url\":\"https:\/\/narteks.net\/\",\"logo\":{\"@type\":\"ImageObject\",\"inLanguage\":\"tr\",\"@id\":\"https:\/\/narteks.net\/#\/schema\/logo\/image\/\",\"url\":\"https:\/\/narteks.net\/wp-content\/uploads\/narteks.png\",\"contentUrl\":\"https:\/\/narteks.net\/wp-content\/uploads\/narteks.png\",\"width\":300,\"height\":90,\"caption\":\"narteks.net\"},\"image\":{\"@id\":\"https:\/\/narteks.net\/#\/schema\/logo\/image\/\"},\"sameAs\":[\"https:\/\/x.com\/narteks\",\"https:\/\/instagram.com\/narteksnet\"]},{\"@type\":\"Person\",\"@id\":\"https:\/\/narteks.net\/#\/schema\/person\/61f37d9834294b72d31d274e7ed79bca\",\"name\":\"Tar\u0131k\",\"image\":{\"@type\":\"ImageObject\",\"inLanguage\":\"tr\",\"@id\":\"https:\/\/narteks.net\/#\/schema\/person\/image\/\",\"url\":\"https:\/\/secure.gravatar.com\/avatar\/50865afb55632c4ae467e0af0930f6510aa2297d8014be502a55b14f3b7550cf?s=96&d=mm&r=g\",\"contentUrl\":\"https:\/\/secure.gravatar.com\/avatar\/50865afb55632c4ae467e0af0930f6510aa2297d8014be502a55b14f3b7550cf?s=96&d=mm&r=g\",\"caption\":\"Tar\u0131k\"},\"sameAs\":[\"http:\/\/narteks.net\"],\"url\":\"https:\/\/narteks.net\/index.php\/author\/narbak\/\"}]}<\/script>\n<!-- \/ Yoast SEO Premium plugin. -->","yoast_head_json":{"title":"SUSKUN - narteks.net","robots":{"index":"index","follow":"follow","max-snippet":"max-snippet:-1","max-image-preview":"max-image-preview:large","max-video-preview":"max-video-preview:-1"},"canonical":"https:\/\/narteks.net\/index.php\/2011\/03\/04\/suskun-2\/","og_locale":"tr_TR","og_type":"article","og_title":"SUSKUN","og_description":"\u00a0 Susard\u0131n ve kar ya\u011fard\u0131 G\u00f6zlerinde ba\u015flard\u0131 geceYar\u0131m kalm\u0131\u015f kitaplarda biterdi.Aln\u0131m\u0131zda bilenen k\u00f6r bir b\u0131\u00e7akt\u0131 zamanK\u0131r\u0131lm\u0131\u015f aynalard\u0131 Susard\u0131n, durmadan susard\u0131nVe kar ya\u011fard\u0131 Ocak a\u011faran sa\u00e7lar\u0131md\u0131\u015eubat hay\u0131rs\u0131z bir evlatt\u0131, ka\u00e7akt\u0131Ve uzakt\u0131 yaz bir anayd\u0131Mart&#8217;\u0131n izlerini ta\u015f\u0131r\u0131m bedenimdeAyn\u0131 masal\u0131n ikizleri gibiydi g\u00fcnlerNisan sa\u00e7lar\u0131mda \u0131slan\u0131rd\u0131 hep Susard\u0131n, durmadan susard\u0131nVe ya\u011fmurlar ba\u015flard\u0131 \u00c7ok bekletti bizi,Hi\u00e7 vaktinde gelmedi may\u0131sHaziran Aram&#8217;d\u0131 [&hellip;]","og_url":"https:\/\/narteks.net\/index.php\/2011\/03\/04\/suskun-2\/","og_site_name":"narteks.net","article_published_time":"2011-03-04T10:40:03+00:00","og_image":[{"width":300,"height":90,"url":"https:\/\/narteks.net\/wp-content\/uploads\/narteks.png","type":"image\/png"}],"author":"Tar\u0131k","twitter_card":"summary_large_image","twitter_creator":"@narteks","twitter_site":"@narteks","twitter_misc":{"Yazan:":"Tar\u0131k","Tahmini okuma s\u00fcresi":"1 dakika"},"schema":{"@context":"https:\/\/schema.org","@graph":[{"@type":"Article","@id":"https:\/\/narteks.net\/index.php\/2011\/03\/04\/suskun-2\/#article","isPartOf":{"@id":"https:\/\/narteks.net\/index.php\/2011\/03\/04\/suskun-2\/"},"author":{"name":"Tar\u0131k","@id":"https:\/\/narteks.net\/#\/schema\/person\/61f37d9834294b72d31d274e7ed79bca"},"headline":"SUSKUN","datePublished":"2011-03-04T10:40:03+00:00","mainEntityOfPage":{"@id":"https:\/\/narteks.net\/index.php\/2011\/03\/04\/suskun-2\/"},"wordCount":192,"commentCount":0,"publisher":{"@id":"https:\/\/narteks.net\/#organization"},"articleSection":["A.Hicri \u0130ZG\u00d6REN"],"inLanguage":"tr","potentialAction":[{"@type":"CommentAction","name":"Comment","target":["https:\/\/narteks.net\/index.php\/2011\/03\/04\/suskun-2\/#respond"]}]},{"@type":"WebPage","@id":"https:\/\/narteks.net\/index.php\/2011\/03\/04\/suskun-2\/","url":"https:\/\/narteks.net\/index.php\/2011\/03\/04\/suskun-2\/","name":"SUSKUN - narteks.net","isPartOf":{"@id":"https:\/\/narteks.net\/#website"},"datePublished":"2011-03-04T10:40:03+00:00","breadcrumb":{"@id":"https:\/\/narteks.net\/index.php\/2011\/03\/04\/suskun-2\/#breadcrumb"},"inLanguage":"tr","potentialAction":[{"@type":"ReadAction","target":["https:\/\/narteks.net\/index.php\/2011\/03\/04\/suskun-2\/"]}]},{"@type":"BreadcrumbList","@id":"https:\/\/narteks.net\/index.php\/2011\/03\/04\/suskun-2\/#breadcrumb","itemListElement":[{"@type":"ListItem","position":1,"name":"Anasayfa","item":"https:\/\/narteks.net\/"},{"@type":"ListItem","position":2,"name":"SUSKUN"}]},{"@type":"WebSite","@id":"https:\/\/narteks.net\/#website","url":"https:\/\/narteks.net\/","name":"narteks.net","description":"K\u00fclt\u00fcr Sanat Edebiyat Felsefe","publisher":{"@id":"https:\/\/narteks.net\/#organization"},"alternateName":"K\u00fclt\u00fcr Sanat Edebiyat Felsefe","potentialAction":[{"@type":"SearchAction","target":{"@type":"EntryPoint","urlTemplate":"https:\/\/narteks.net\/?s={search_term_string}"},"query-input":{"@type":"PropertyValueSpecification","valueRequired":true,"valueName":"search_term_string"}}],"inLanguage":"tr"},{"@type":"Organization","@id":"https:\/\/narteks.net\/#organization","name":"narteks.net","url":"https:\/\/narteks.net\/","logo":{"@type":"ImageObject","inLanguage":"tr","@id":"https:\/\/narteks.net\/#\/schema\/logo\/image\/","url":"https:\/\/narteks.net\/wp-content\/uploads\/narteks.png","contentUrl":"https:\/\/narteks.net\/wp-content\/uploads\/narteks.png","width":300,"height":90,"caption":"narteks.net"},"image":{"@id":"https:\/\/narteks.net\/#\/schema\/logo\/image\/"},"sameAs":["https:\/\/x.com\/narteks","https:\/\/instagram.com\/narteksnet"]},{"@type":"Person","@id":"https:\/\/narteks.net\/#\/schema\/person\/61f37d9834294b72d31d274e7ed79bca","name":"Tar\u0131k","image":{"@type":"ImageObject","inLanguage":"tr","@id":"https:\/\/narteks.net\/#\/schema\/person\/image\/","url":"https:\/\/secure.gravatar.com\/avatar\/50865afb55632c4ae467e0af0930f6510aa2297d8014be502a55b14f3b7550cf?s=96&d=mm&r=g","contentUrl":"https:\/\/secure.gravatar.com\/avatar\/50865afb55632c4ae467e0af0930f6510aa2297d8014be502a55b14f3b7550cf?s=96&d=mm&r=g","caption":"Tar\u0131k"},"sameAs":["http:\/\/narteks.net"],"url":"https:\/\/narteks.net\/index.php\/author\/narbak\/"}]}},"_links":{"self":[{"href":"https:\/\/narteks.net\/index.php\/wp-json\/wp\/v2\/posts\/5753","targetHints":{"allow":["GET"]}}],"collection":[{"href":"https:\/\/narteks.net\/index.php\/wp-json\/wp\/v2\/posts"}],"about":[{"href":"https:\/\/narteks.net\/index.php\/wp-json\/wp\/v2\/types\/post"}],"author":[{"embeddable":true,"href":"https:\/\/narteks.net\/index.php\/wp-json\/wp\/v2\/users\/1"}],"replies":[{"embeddable":true,"href":"https:\/\/narteks.net\/index.php\/wp-json\/wp\/v2\/comments?post=5753"}],"version-history":[{"count":0,"href":"https:\/\/narteks.net\/index.php\/wp-json\/wp\/v2\/posts\/5753\/revisions"}],"wp:attachment":[{"href":"https:\/\/narteks.net\/index.php\/wp-json\/wp\/v2\/media?parent=5753"}],"wp:term":[{"taxonomy":"category","embeddable":true,"href":"https:\/\/narteks.net\/index.php\/wp-json\/wp\/v2\/categories?post=5753"},{"taxonomy":"post_tag","embeddable":true,"href":"https:\/\/narteks.net\/index.php\/wp-json\/wp\/v2\/tags?post=5753"}],"curies":[{"name":"wp","href":"https:\/\/api.w.org\/{rel}","templated":true}]}}