{"id":5758,"date":"2011-03-04T13:43:55","date_gmt":"2011-03-04T10:43:55","guid":{"rendered":"http:\/\/localhost\/wordpress\/2011\/03\/04\/adi-kolera\/"},"modified":"2011-03-04T13:43:55","modified_gmt":"2011-03-04T10:43:55","slug":"adi-kolera","status":"publish","type":"post","link":"https:\/\/narteks.net\/index.php\/2011\/03\/04\/adi-kolera\/","title":{"rendered":"ADI KOLERA"},"content":{"rendered":"<p>\u00a0<\/p>\n<p>O her sabah tezgah\u0131ma<br \/>G\u00fcl seren bir \u00e7ingenedir<\/p>\n<p>B\u00fct\u00fcn cephelerde \u015fark\u0131lar\u0131 var<br \/>Notalardan ordular kurup sal\u0131yor \u00fczerime<\/p>\n<p>Bir \u00e7arm\u0131h kuruyor bedeninden<br \/>U\u00e7suz bucaks\u0131z bir bozk\u0131r oluyor teni<\/p>\n<p>Maskesiz \u00e7\u0131r\u0131l\u00e7\u0131plak<br \/>Hi\u00e7 bitmiyor ka\u015flar\u0131n\u0131n g\u00f6zleriyle kavgas\u0131<\/p>\n<p>Bir \u00e7izik at\u0131yoruz zaman\u0131n bamteline<br \/>Sonra \u015fark\u0131larla dikiliyor gecenin y\u0131rt\u0131lan yeri<\/p>\n<p>Ezberimden okumaya devam ediyorum<br \/>Yaral\u0131 bir yaz ikindisini<\/p>\n<p>Bula\u015f\u0131c\u0131 olman\u0131n g\u00fcc\u00fc bundand\u0131r belki<br \/>Bundand\u0131r dilin ruhu veremeyi\u015fi<\/p>\n<p>Bundand\u0131r ac\u0131n\u0131n tene yak\u0131\u015fmas\u0131<br \/>Bir hecede tutuklu olman\u0131n hali<\/p>\n<p>Adresi yok bir r\u00fczgar\u0131n sesinde<br \/>Anlam biraz daha kanat\u0131yor kendini<\/p>\n<p>Bir ad\u0131 da cinnet diye ge\u00e7ecek \u015fiirlere<br \/>Kimse bilmeyecek bu makam\u0131<\/p>\n<p>Ad\u0131na kolera dedik<br \/>Her an boynunda ta\u015f\u0131yor ipini<\/p>\n<p>A.Hicri \u0130ZG\u00d6REN<\/p>\n","protected":false},"excerpt":{"rendered":"<p>\u00a0 O her sabah tezgah\u0131maG\u00fcl seren bir \u00e7ingenedir B\u00fct\u00fcn cephelerde \u015fark\u0131lar\u0131 varNotalardan ordular kurup sal\u0131yor \u00fczerime Bir \u00e7arm\u0131h kuruyor bedenindenU\u00e7suz bucaks\u0131z bir bozk\u0131r oluyor teni Maskesiz \u00e7\u0131r\u0131l\u00e7\u0131plakHi\u00e7 bitmiyor ka\u015flar\u0131n\u0131n g\u00f6zleriyle kavgas\u0131 Bir \u00e7izik at\u0131yoruz zaman\u0131n bamtelineSonra \u015fark\u0131larla dikiliyor gecenin y\u0131rt\u0131lan yeri Ezberimden okumaya devam ediyorumYaral\u0131 bir yaz ikindisini Bula\u015f\u0131c\u0131 olman\u0131n g\u00fcc\u00fc bundand\u0131r belkiBundand\u0131r dilin ruhu [&hellip;]<\/p>\n","protected":false},"author":1,"featured_media":0,"comment_status":"open","ping_status":"open","sticky":false,"template":"","format":"standard","meta":{"footnotes":""},"categories":[174],"tags":[],"class_list":{"0":"post-5758","1":"post","2":"type-post","3":"status-publish","4":"format-standard","6":"category-a-hicri-izgoren"},"yoast_head":"<!-- This site is optimized with the Yoast SEO Premium plugin v24.9 (Yoast SEO v24.9) - https:\/\/yoast.com\/wordpress\/plugins\/seo\/ -->\n<title>ADI KOLERA - narteks.net<\/title>\n<meta name=\"robots\" content=\"index, follow, max-snippet:-1, max-image-preview:large, max-video-preview:-1\" \/>\n<link rel=\"canonical\" href=\"https:\/\/narteks.net\/index.php\/2011\/03\/04\/adi-kolera\/\" \/>\n<meta property=\"og:locale\" content=\"tr_TR\" \/>\n<meta property=\"og:type\" content=\"article\" \/>\n<meta property=\"og:title\" content=\"ADI KOLERA\" \/>\n<meta property=\"og:description\" content=\"\u00a0 O her sabah tezgah\u0131maG\u00fcl seren bir \u00e7ingenedir B\u00fct\u00fcn cephelerde \u015fark\u0131lar\u0131 varNotalardan ordular kurup sal\u0131yor \u00fczerime Bir \u00e7arm\u0131h kuruyor bedenindenU\u00e7suz bucaks\u0131z bir bozk\u0131r oluyor teni Maskesiz \u00e7\u0131r\u0131l\u00e7\u0131plakHi\u00e7 bitmiyor ka\u015flar\u0131n\u0131n g\u00f6zleriyle kavgas\u0131 Bir \u00e7izik at\u0131yoruz zaman\u0131n bamtelineSonra \u015fark\u0131larla dikiliyor gecenin y\u0131rt\u0131lan yeri Ezberimden okumaya devam ediyorumYaral\u0131 bir yaz ikindisini Bula\u015f\u0131c\u0131 olman\u0131n g\u00fcc\u00fc bundand\u0131r belkiBundand\u0131r dilin ruhu [&hellip;]\" \/>\n<meta property=\"og:url\" content=\"https:\/\/narteks.net\/index.php\/2011\/03\/04\/adi-kolera\/\" \/>\n<meta property=\"og:site_name\" content=\"narteks.net\" \/>\n<meta property=\"article:published_time\" content=\"2011-03-04T10:43:55+00:00\" \/>\n<meta property=\"og:image\" content=\"https:\/\/narteks.net\/wp-content\/uploads\/narteks.png\" \/>\n\t<meta property=\"og:image:width\" content=\"300\" \/>\n\t<meta property=\"og:image:height\" content=\"90\" \/>\n\t<meta property=\"og:image:type\" content=\"image\/png\" \/>\n<meta name=\"author\" content=\"Tar\u0131k\" \/>\n<meta name=\"twitter:card\" content=\"summary_large_image\" \/>\n<meta name=\"twitter:creator\" content=\"@narteks\" \/>\n<meta name=\"twitter:site\" content=\"@narteks\" \/>\n<meta name=\"twitter:label1\" content=\"Yazan:\" \/>\n\t<meta name=\"twitter:data1\" content=\"Tar\u0131k\" \/>\n\t<meta name=\"twitter:label2\" content=\"Tahmini okuma s\u00fcresi\" \/>\n\t<meta name=\"twitter:data2\" content=\"1 dakika\" \/>\n<script type=\"application\/ld+json\" class=\"yoast-schema-graph\">{\"@context\":\"https:\/\/schema.org\",\"@graph\":[{\"@type\":\"Article\",\"@id\":\"https:\/\/narteks.net\/index.php\/2011\/03\/04\/adi-kolera\/#article\",\"isPartOf\":{\"@id\":\"https:\/\/narteks.net\/index.php\/2011\/03\/04\/adi-kolera\/\"},\"author\":{\"name\":\"Tar\u0131k\",\"@id\":\"https:\/\/narteks.net\/#\/schema\/person\/61f37d9834294b72d31d274e7ed79bca\"},\"headline\":\"ADI KOLERA\",\"datePublished\":\"2011-03-04T10:43:55+00:00\",\"mainEntityOfPage\":{\"@id\":\"https:\/\/narteks.net\/index.php\/2011\/03\/04\/adi-kolera\/\"},\"wordCount\":134,\"commentCount\":0,\"publisher\":{\"@id\":\"https:\/\/narteks.net\/#organization\"},\"articleSection\":[\"A.Hicri \u0130ZG\u00d6REN\"],\"inLanguage\":\"tr\",\"potentialAction\":[{\"@type\":\"CommentAction\",\"name\":\"Comment\",\"target\":[\"https:\/\/narteks.net\/index.php\/2011\/03\/04\/adi-kolera\/#respond\"]}]},{\"@type\":\"WebPage\",\"@id\":\"https:\/\/narteks.net\/index.php\/2011\/03\/04\/adi-kolera\/\",\"url\":\"https:\/\/narteks.net\/index.php\/2011\/03\/04\/adi-kolera\/\",\"name\":\"ADI KOLERA - narteks.net\",\"isPartOf\":{\"@id\":\"https:\/\/narteks.net\/#website\"},\"datePublished\":\"2011-03-04T10:43:55+00:00\",\"breadcrumb\":{\"@id\":\"https:\/\/narteks.net\/index.php\/2011\/03\/04\/adi-kolera\/#breadcrumb\"},\"inLanguage\":\"tr\",\"potentialAction\":[{\"@type\":\"ReadAction\",\"target\":[\"https:\/\/narteks.net\/index.php\/2011\/03\/04\/adi-kolera\/\"]}]},{\"@type\":\"BreadcrumbList\",\"@id\":\"https:\/\/narteks.net\/index.php\/2011\/03\/04\/adi-kolera\/#breadcrumb\",\"itemListElement\":[{\"@type\":\"ListItem\",\"position\":1,\"name\":\"Anasayfa\",\"item\":\"https:\/\/narteks.net\/\"},{\"@type\":\"ListItem\",\"position\":2,\"name\":\"ADI KOLERA\"}]},{\"@type\":\"WebSite\",\"@id\":\"https:\/\/narteks.net\/#website\",\"url\":\"https:\/\/narteks.net\/\",\"name\":\"narteks.net\",\"description\":\"K\u00fclt\u00fcr Sanat Edebiyat Felsefe\",\"publisher\":{\"@id\":\"https:\/\/narteks.net\/#organization\"},\"alternateName\":\"K\u00fclt\u00fcr Sanat Edebiyat Felsefe\",\"potentialAction\":[{\"@type\":\"SearchAction\",\"target\":{\"@type\":\"EntryPoint\",\"urlTemplate\":\"https:\/\/narteks.net\/?s={search_term_string}\"},\"query-input\":{\"@type\":\"PropertyValueSpecification\",\"valueRequired\":true,\"valueName\":\"search_term_string\"}}],\"inLanguage\":\"tr\"},{\"@type\":\"Organization\",\"@id\":\"https:\/\/narteks.net\/#organization\",\"name\":\"narteks.net\",\"url\":\"https:\/\/narteks.net\/\",\"logo\":{\"@type\":\"ImageObject\",\"inLanguage\":\"tr\",\"@id\":\"https:\/\/narteks.net\/#\/schema\/logo\/image\/\",\"url\":\"https:\/\/narteks.net\/wp-content\/uploads\/narteks.png\",\"contentUrl\":\"https:\/\/narteks.net\/wp-content\/uploads\/narteks.png\",\"width\":300,\"height\":90,\"caption\":\"narteks.net\"},\"image\":{\"@id\":\"https:\/\/narteks.net\/#\/schema\/logo\/image\/\"},\"sameAs\":[\"https:\/\/x.com\/narteks\",\"https:\/\/instagram.com\/narteksnet\"]},{\"@type\":\"Person\",\"@id\":\"https:\/\/narteks.net\/#\/schema\/person\/61f37d9834294b72d31d274e7ed79bca\",\"name\":\"Tar\u0131k\",\"image\":{\"@type\":\"ImageObject\",\"inLanguage\":\"tr\",\"@id\":\"https:\/\/narteks.net\/#\/schema\/person\/image\/\",\"url\":\"https:\/\/secure.gravatar.com\/avatar\/50865afb55632c4ae467e0af0930f6510aa2297d8014be502a55b14f3b7550cf?s=96&d=mm&r=g\",\"contentUrl\":\"https:\/\/secure.gravatar.com\/avatar\/50865afb55632c4ae467e0af0930f6510aa2297d8014be502a55b14f3b7550cf?s=96&d=mm&r=g\",\"caption\":\"Tar\u0131k\"},\"sameAs\":[\"http:\/\/narteks.net\"],\"url\":\"https:\/\/narteks.net\/index.php\/author\/narbak\/\"}]}<\/script>\n<!-- \/ Yoast SEO Premium plugin. -->","yoast_head_json":{"title":"ADI KOLERA - narteks.net","robots":{"index":"index","follow":"follow","max-snippet":"max-snippet:-1","max-image-preview":"max-image-preview:large","max-video-preview":"max-video-preview:-1"},"canonical":"https:\/\/narteks.net\/index.php\/2011\/03\/04\/adi-kolera\/","og_locale":"tr_TR","og_type":"article","og_title":"ADI KOLERA","og_description":"\u00a0 O her sabah tezgah\u0131maG\u00fcl seren bir \u00e7ingenedir B\u00fct\u00fcn cephelerde \u015fark\u0131lar\u0131 varNotalardan ordular kurup sal\u0131yor \u00fczerime Bir \u00e7arm\u0131h kuruyor bedenindenU\u00e7suz bucaks\u0131z bir bozk\u0131r oluyor teni Maskesiz \u00e7\u0131r\u0131l\u00e7\u0131plakHi\u00e7 bitmiyor ka\u015flar\u0131n\u0131n g\u00f6zleriyle kavgas\u0131 Bir \u00e7izik at\u0131yoruz zaman\u0131n bamtelineSonra \u015fark\u0131larla dikiliyor gecenin y\u0131rt\u0131lan yeri Ezberimden okumaya devam ediyorumYaral\u0131 bir yaz ikindisini Bula\u015f\u0131c\u0131 olman\u0131n g\u00fcc\u00fc bundand\u0131r belkiBundand\u0131r dilin ruhu [&hellip;]","og_url":"https:\/\/narteks.net\/index.php\/2011\/03\/04\/adi-kolera\/","og_site_name":"narteks.net","article_published_time":"2011-03-04T10:43:55+00:00","og_image":[{"width":300,"height":90,"url":"https:\/\/narteks.net\/wp-content\/uploads\/narteks.png","type":"image\/png"}],"author":"Tar\u0131k","twitter_card":"summary_large_image","twitter_creator":"@narteks","twitter_site":"@narteks","twitter_misc":{"Yazan:":"Tar\u0131k","Tahmini okuma s\u00fcresi":"1 dakika"},"schema":{"@context":"https:\/\/schema.org","@graph":[{"@type":"Article","@id":"https:\/\/narteks.net\/index.php\/2011\/03\/04\/adi-kolera\/#article","isPartOf":{"@id":"https:\/\/narteks.net\/index.php\/2011\/03\/04\/adi-kolera\/"},"author":{"name":"Tar\u0131k","@id":"https:\/\/narteks.net\/#\/schema\/person\/61f37d9834294b72d31d274e7ed79bca"},"headline":"ADI KOLERA","datePublished":"2011-03-04T10:43:55+00:00","mainEntityOfPage":{"@id":"https:\/\/narteks.net\/index.php\/2011\/03\/04\/adi-kolera\/"},"wordCount":134,"commentCount":0,"publisher":{"@id":"https:\/\/narteks.net\/#organization"},"articleSection":["A.Hicri \u0130ZG\u00d6REN"],"inLanguage":"tr","potentialAction":[{"@type":"CommentAction","name":"Comment","target":["https:\/\/narteks.net\/index.php\/2011\/03\/04\/adi-kolera\/#respond"]}]},{"@type":"WebPage","@id":"https:\/\/narteks.net\/index.php\/2011\/03\/04\/adi-kolera\/","url":"https:\/\/narteks.net\/index.php\/2011\/03\/04\/adi-kolera\/","name":"ADI KOLERA - narteks.net","isPartOf":{"@id":"https:\/\/narteks.net\/#website"},"datePublished":"2011-03-04T10:43:55+00:00","breadcrumb":{"@id":"https:\/\/narteks.net\/index.php\/2011\/03\/04\/adi-kolera\/#breadcrumb"},"inLanguage":"tr","potentialAction":[{"@type":"ReadAction","target":["https:\/\/narteks.net\/index.php\/2011\/03\/04\/adi-kolera\/"]}]},{"@type":"BreadcrumbList","@id":"https:\/\/narteks.net\/index.php\/2011\/03\/04\/adi-kolera\/#breadcrumb","itemListElement":[{"@type":"ListItem","position":1,"name":"Anasayfa","item":"https:\/\/narteks.net\/"},{"@type":"ListItem","position":2,"name":"ADI KOLERA"}]},{"@type":"WebSite","@id":"https:\/\/narteks.net\/#website","url":"https:\/\/narteks.net\/","name":"narteks.net","description":"K\u00fclt\u00fcr Sanat Edebiyat Felsefe","publisher":{"@id":"https:\/\/narteks.net\/#organization"},"alternateName":"K\u00fclt\u00fcr Sanat Edebiyat Felsefe","potentialAction":[{"@type":"SearchAction","target":{"@type":"EntryPoint","urlTemplate":"https:\/\/narteks.net\/?s={search_term_string}"},"query-input":{"@type":"PropertyValueSpecification","valueRequired":true,"valueName":"search_term_string"}}],"inLanguage":"tr"},{"@type":"Organization","@id":"https:\/\/narteks.net\/#organization","name":"narteks.net","url":"https:\/\/narteks.net\/","logo":{"@type":"ImageObject","inLanguage":"tr","@id":"https:\/\/narteks.net\/#\/schema\/logo\/image\/","url":"https:\/\/narteks.net\/wp-content\/uploads\/narteks.png","contentUrl":"https:\/\/narteks.net\/wp-content\/uploads\/narteks.png","width":300,"height":90,"caption":"narteks.net"},"image":{"@id":"https:\/\/narteks.net\/#\/schema\/logo\/image\/"},"sameAs":["https:\/\/x.com\/narteks","https:\/\/instagram.com\/narteksnet"]},{"@type":"Person","@id":"https:\/\/narteks.net\/#\/schema\/person\/61f37d9834294b72d31d274e7ed79bca","name":"Tar\u0131k","image":{"@type":"ImageObject","inLanguage":"tr","@id":"https:\/\/narteks.net\/#\/schema\/person\/image\/","url":"https:\/\/secure.gravatar.com\/avatar\/50865afb55632c4ae467e0af0930f6510aa2297d8014be502a55b14f3b7550cf?s=96&d=mm&r=g","contentUrl":"https:\/\/secure.gravatar.com\/avatar\/50865afb55632c4ae467e0af0930f6510aa2297d8014be502a55b14f3b7550cf?s=96&d=mm&r=g","caption":"Tar\u0131k"},"sameAs":["http:\/\/narteks.net"],"url":"https:\/\/narteks.net\/index.php\/author\/narbak\/"}]}},"_links":{"self":[{"href":"https:\/\/narteks.net\/index.php\/wp-json\/wp\/v2\/posts\/5758","targetHints":{"allow":["GET"]}}],"collection":[{"href":"https:\/\/narteks.net\/index.php\/wp-json\/wp\/v2\/posts"}],"about":[{"href":"https:\/\/narteks.net\/index.php\/wp-json\/wp\/v2\/types\/post"}],"author":[{"embeddable":true,"href":"https:\/\/narteks.net\/index.php\/wp-json\/wp\/v2\/users\/1"}],"replies":[{"embeddable":true,"href":"https:\/\/narteks.net\/index.php\/wp-json\/wp\/v2\/comments?post=5758"}],"version-history":[{"count":0,"href":"https:\/\/narteks.net\/index.php\/wp-json\/wp\/v2\/posts\/5758\/revisions"}],"wp:attachment":[{"href":"https:\/\/narteks.net\/index.php\/wp-json\/wp\/v2\/media?parent=5758"}],"wp:term":[{"taxonomy":"category","embeddable":true,"href":"https:\/\/narteks.net\/index.php\/wp-json\/wp\/v2\/categories?post=5758"},{"taxonomy":"post_tag","embeddable":true,"href":"https:\/\/narteks.net\/index.php\/wp-json\/wp\/v2\/tags?post=5758"}],"curies":[{"name":"wp","href":"https:\/\/api.w.org\/{rel}","templated":true}]}}