{"id":5759,"date":"2011-03-04T13:44:11","date_gmt":"2011-03-04T10:44:11","guid":{"rendered":"http:\/\/localhost\/wordpress\/2011\/03\/04\/kanayan\/"},"modified":"2011-03-04T13:44:11","modified_gmt":"2011-03-04T10:44:11","slug":"kanayan","status":"publish","type":"post","link":"https:\/\/narteks.net\/index.php\/2011\/03\/04\/kanayan\/","title":{"rendered":"KANAYAN"},"content":{"rendered":"<p>\u00a0<\/p>\n<p>\u015eimdi o kente bilet kesmek<br \/>Seni sevmekten zordur<\/p>\n<p>Da\u011flad\u0131k sanc\u0131yan yan\u0131m\u0131z\u0131<br \/>Sulara verdik an\u0131lar\u0131<br \/>A\u015fk\u0131 ve ac\u0131y\u0131 se\u00e7tik<br \/>Diyarbekir k\u0131na kokan bir ak\u015famd\u0131<\/p>\n<p>\u0130stedim ad\u0131 ola olmad\u0131<br \/>\u0130\u00e7erden i\u015fleyen bir yara<br \/>Kanayan bir imge d\u00fc\u015ft\u00fc pay\u0131ma<\/p>\n<p>\u015eifresi \u00e7\u00f6z\u00fclememi\u015f bir haber gibi<br \/>Uzak bir d\u00fc\u015f oldu ellerin<br \/>Geceler uzad\u0131 dal \u00fc\u015f\u00fcd\u00fc bitti \u015fark\u0131lar<br \/>Yine ya\u011fmurlar var sen yoksun<br \/>Daha ka\u00e7 mevsim eskitece\u011fiz<\/p>\n<p>Nerde kald\u0131 sesin hangi teldesin <\/p>\n<p>A.Hicri \u0130ZG\u00d6REN<\/p>\n","protected":false},"excerpt":{"rendered":"<p>\u00a0 \u015eimdi o kente bilet kesmekSeni sevmekten zordur Da\u011flad\u0131k sanc\u0131yan yan\u0131m\u0131z\u0131Sulara verdik an\u0131lar\u0131A\u015fk\u0131 ve ac\u0131y\u0131 se\u00e7tikDiyarbekir k\u0131na kokan bir ak\u015famd\u0131 \u0130stedim ad\u0131 ola olmad\u0131\u0130\u00e7erden i\u015fleyen bir yaraKanayan bir imge d\u00fc\u015ft\u00fc pay\u0131ma \u015eifresi \u00e7\u00f6z\u00fclememi\u015f bir haber gibiUzak bir d\u00fc\u015f oldu ellerinGeceler uzad\u0131 dal \u00fc\u015f\u00fcd\u00fc bitti \u015fark\u0131larYine ya\u011fmurlar var sen yoksunDaha ka\u00e7 mevsim eskitece\u011fiz Nerde kald\u0131 sesin [&hellip;]<\/p>\n","protected":false},"author":1,"featured_media":0,"comment_status":"open","ping_status":"open","sticky":false,"template":"","format":"standard","meta":{"footnotes":""},"categories":[174],"tags":[],"class_list":{"0":"post-5759","1":"post","2":"type-post","3":"status-publish","4":"format-standard","6":"category-a-hicri-izgoren"},"yoast_head":"<!-- This site is optimized with the Yoast SEO Premium plugin v24.9 (Yoast SEO v24.9) - https:\/\/yoast.com\/wordpress\/plugins\/seo\/ -->\n<title>KANAYAN - narteks.net<\/title>\n<meta name=\"robots\" content=\"index, follow, max-snippet:-1, max-image-preview:large, max-video-preview:-1\" \/>\n<link rel=\"canonical\" href=\"https:\/\/narteks.net\/index.php\/2011\/03\/04\/kanayan\/\" \/>\n<meta property=\"og:locale\" content=\"tr_TR\" \/>\n<meta property=\"og:type\" content=\"article\" \/>\n<meta property=\"og:title\" content=\"KANAYAN\" \/>\n<meta property=\"og:description\" content=\"\u00a0 \u015eimdi o kente bilet kesmekSeni sevmekten zordur Da\u011flad\u0131k sanc\u0131yan yan\u0131m\u0131z\u0131Sulara verdik an\u0131lar\u0131A\u015fk\u0131 ve ac\u0131y\u0131 se\u00e7tikDiyarbekir k\u0131na kokan bir ak\u015famd\u0131 \u0130stedim ad\u0131 ola olmad\u0131\u0130\u00e7erden i\u015fleyen bir yaraKanayan bir imge d\u00fc\u015ft\u00fc pay\u0131ma \u015eifresi \u00e7\u00f6z\u00fclememi\u015f bir haber gibiUzak bir d\u00fc\u015f oldu ellerinGeceler uzad\u0131 dal \u00fc\u015f\u00fcd\u00fc bitti \u015fark\u0131larYine ya\u011fmurlar var sen yoksunDaha ka\u00e7 mevsim eskitece\u011fiz Nerde kald\u0131 sesin [&hellip;]\" \/>\n<meta property=\"og:url\" content=\"https:\/\/narteks.net\/index.php\/2011\/03\/04\/kanayan\/\" \/>\n<meta property=\"og:site_name\" content=\"narteks.net\" \/>\n<meta property=\"article:published_time\" content=\"2011-03-04T10:44:11+00:00\" \/>\n<meta property=\"og:image\" content=\"https:\/\/narteks.net\/wp-content\/uploads\/narteks.png\" \/>\n\t<meta property=\"og:image:width\" content=\"300\" \/>\n\t<meta property=\"og:image:height\" content=\"90\" \/>\n\t<meta property=\"og:image:type\" content=\"image\/png\" \/>\n<meta name=\"author\" content=\"Tar\u0131k\" \/>\n<meta name=\"twitter:card\" content=\"summary_large_image\" \/>\n<meta name=\"twitter:creator\" content=\"@narteks\" \/>\n<meta name=\"twitter:site\" content=\"@narteks\" \/>\n<meta name=\"twitter:label1\" content=\"Yazan:\" \/>\n\t<meta name=\"twitter:data1\" content=\"Tar\u0131k\" \/>\n<script type=\"application\/ld+json\" class=\"yoast-schema-graph\">{\"@context\":\"https:\/\/schema.org\",\"@graph\":[{\"@type\":\"Article\",\"@id\":\"https:\/\/narteks.net\/index.php\/2011\/03\/04\/kanayan\/#article\",\"isPartOf\":{\"@id\":\"https:\/\/narteks.net\/index.php\/2011\/03\/04\/kanayan\/\"},\"author\":{\"name\":\"Tar\u0131k\",\"@id\":\"https:\/\/narteks.net\/#\/schema\/person\/61f37d9834294b72d31d274e7ed79bca\"},\"headline\":\"KANAYAN\",\"datePublished\":\"2011-03-04T10:44:11+00:00\",\"mainEntityOfPage\":{\"@id\":\"https:\/\/narteks.net\/index.php\/2011\/03\/04\/kanayan\/\"},\"wordCount\":82,\"commentCount\":0,\"publisher\":{\"@id\":\"https:\/\/narteks.net\/#organization\"},\"articleSection\":[\"A.Hicri \u0130ZG\u00d6REN\"],\"inLanguage\":\"tr\",\"potentialAction\":[{\"@type\":\"CommentAction\",\"name\":\"Comment\",\"target\":[\"https:\/\/narteks.net\/index.php\/2011\/03\/04\/kanayan\/#respond\"]}]},{\"@type\":\"WebPage\",\"@id\":\"https:\/\/narteks.net\/index.php\/2011\/03\/04\/kanayan\/\",\"url\":\"https:\/\/narteks.net\/index.php\/2011\/03\/04\/kanayan\/\",\"name\":\"KANAYAN - narteks.net\",\"isPartOf\":{\"@id\":\"https:\/\/narteks.net\/#website\"},\"datePublished\":\"2011-03-04T10:44:11+00:00\",\"breadcrumb\":{\"@id\":\"https:\/\/narteks.net\/index.php\/2011\/03\/04\/kanayan\/#breadcrumb\"},\"inLanguage\":\"tr\",\"potentialAction\":[{\"@type\":\"ReadAction\",\"target\":[\"https:\/\/narteks.net\/index.php\/2011\/03\/04\/kanayan\/\"]}]},{\"@type\":\"BreadcrumbList\",\"@id\":\"https:\/\/narteks.net\/index.php\/2011\/03\/04\/kanayan\/#breadcrumb\",\"itemListElement\":[{\"@type\":\"ListItem\",\"position\":1,\"name\":\"Anasayfa\",\"item\":\"https:\/\/narteks.net\/\"},{\"@type\":\"ListItem\",\"position\":2,\"name\":\"KANAYAN\"}]},{\"@type\":\"WebSite\",\"@id\":\"https:\/\/narteks.net\/#website\",\"url\":\"https:\/\/narteks.net\/\",\"name\":\"narteks.net\",\"description\":\"K\u00fclt\u00fcr Sanat Edebiyat Felsefe\",\"publisher\":{\"@id\":\"https:\/\/narteks.net\/#organization\"},\"alternateName\":\"K\u00fclt\u00fcr Sanat Edebiyat Felsefe\",\"potentialAction\":[{\"@type\":\"SearchAction\",\"target\":{\"@type\":\"EntryPoint\",\"urlTemplate\":\"https:\/\/narteks.net\/?s={search_term_string}\"},\"query-input\":{\"@type\":\"PropertyValueSpecification\",\"valueRequired\":true,\"valueName\":\"search_term_string\"}}],\"inLanguage\":\"tr\"},{\"@type\":\"Organization\",\"@id\":\"https:\/\/narteks.net\/#organization\",\"name\":\"narteks.net\",\"url\":\"https:\/\/narteks.net\/\",\"logo\":{\"@type\":\"ImageObject\",\"inLanguage\":\"tr\",\"@id\":\"https:\/\/narteks.net\/#\/schema\/logo\/image\/\",\"url\":\"https:\/\/narteks.net\/wp-content\/uploads\/narteks.png\",\"contentUrl\":\"https:\/\/narteks.net\/wp-content\/uploads\/narteks.png\",\"width\":300,\"height\":90,\"caption\":\"narteks.net\"},\"image\":{\"@id\":\"https:\/\/narteks.net\/#\/schema\/logo\/image\/\"},\"sameAs\":[\"https:\/\/x.com\/narteks\",\"https:\/\/instagram.com\/narteksnet\"]},{\"@type\":\"Person\",\"@id\":\"https:\/\/narteks.net\/#\/schema\/person\/61f37d9834294b72d31d274e7ed79bca\",\"name\":\"Tar\u0131k\",\"image\":{\"@type\":\"ImageObject\",\"inLanguage\":\"tr\",\"@id\":\"https:\/\/narteks.net\/#\/schema\/person\/image\/\",\"url\":\"https:\/\/secure.gravatar.com\/avatar\/50865afb55632c4ae467e0af0930f6510aa2297d8014be502a55b14f3b7550cf?s=96&d=mm&r=g\",\"contentUrl\":\"https:\/\/secure.gravatar.com\/avatar\/50865afb55632c4ae467e0af0930f6510aa2297d8014be502a55b14f3b7550cf?s=96&d=mm&r=g\",\"caption\":\"Tar\u0131k\"},\"sameAs\":[\"http:\/\/narteks.net\"],\"url\":\"https:\/\/narteks.net\/index.php\/author\/narbak\/\"}]}<\/script>\n<!-- \/ Yoast SEO Premium plugin. -->","yoast_head_json":{"title":"KANAYAN - narteks.net","robots":{"index":"index","follow":"follow","max-snippet":"max-snippet:-1","max-image-preview":"max-image-preview:large","max-video-preview":"max-video-preview:-1"},"canonical":"https:\/\/narteks.net\/index.php\/2011\/03\/04\/kanayan\/","og_locale":"tr_TR","og_type":"article","og_title":"KANAYAN","og_description":"\u00a0 \u015eimdi o kente bilet kesmekSeni sevmekten zordur Da\u011flad\u0131k sanc\u0131yan yan\u0131m\u0131z\u0131Sulara verdik an\u0131lar\u0131A\u015fk\u0131 ve ac\u0131y\u0131 se\u00e7tikDiyarbekir k\u0131na kokan bir ak\u015famd\u0131 \u0130stedim ad\u0131 ola olmad\u0131\u0130\u00e7erden i\u015fleyen bir yaraKanayan bir imge d\u00fc\u015ft\u00fc pay\u0131ma \u015eifresi \u00e7\u00f6z\u00fclememi\u015f bir haber gibiUzak bir d\u00fc\u015f oldu ellerinGeceler uzad\u0131 dal \u00fc\u015f\u00fcd\u00fc bitti \u015fark\u0131larYine ya\u011fmurlar var sen yoksunDaha ka\u00e7 mevsim eskitece\u011fiz Nerde kald\u0131 sesin [&hellip;]","og_url":"https:\/\/narteks.net\/index.php\/2011\/03\/04\/kanayan\/","og_site_name":"narteks.net","article_published_time":"2011-03-04T10:44:11+00:00","og_image":[{"width":300,"height":90,"url":"https:\/\/narteks.net\/wp-content\/uploads\/narteks.png","type":"image\/png"}],"author":"Tar\u0131k","twitter_card":"summary_large_image","twitter_creator":"@narteks","twitter_site":"@narteks","twitter_misc":{"Yazan:":"Tar\u0131k"},"schema":{"@context":"https:\/\/schema.org","@graph":[{"@type":"Article","@id":"https:\/\/narteks.net\/index.php\/2011\/03\/04\/kanayan\/#article","isPartOf":{"@id":"https:\/\/narteks.net\/index.php\/2011\/03\/04\/kanayan\/"},"author":{"name":"Tar\u0131k","@id":"https:\/\/narteks.net\/#\/schema\/person\/61f37d9834294b72d31d274e7ed79bca"},"headline":"KANAYAN","datePublished":"2011-03-04T10:44:11+00:00","mainEntityOfPage":{"@id":"https:\/\/narteks.net\/index.php\/2011\/03\/04\/kanayan\/"},"wordCount":82,"commentCount":0,"publisher":{"@id":"https:\/\/narteks.net\/#organization"},"articleSection":["A.Hicri \u0130ZG\u00d6REN"],"inLanguage":"tr","potentialAction":[{"@type":"CommentAction","name":"Comment","target":["https:\/\/narteks.net\/index.php\/2011\/03\/04\/kanayan\/#respond"]}]},{"@type":"WebPage","@id":"https:\/\/narteks.net\/index.php\/2011\/03\/04\/kanayan\/","url":"https:\/\/narteks.net\/index.php\/2011\/03\/04\/kanayan\/","name":"KANAYAN - narteks.net","isPartOf":{"@id":"https:\/\/narteks.net\/#website"},"datePublished":"2011-03-04T10:44:11+00:00","breadcrumb":{"@id":"https:\/\/narteks.net\/index.php\/2011\/03\/04\/kanayan\/#breadcrumb"},"inLanguage":"tr","potentialAction":[{"@type":"ReadAction","target":["https:\/\/narteks.net\/index.php\/2011\/03\/04\/kanayan\/"]}]},{"@type":"BreadcrumbList","@id":"https:\/\/narteks.net\/index.php\/2011\/03\/04\/kanayan\/#breadcrumb","itemListElement":[{"@type":"ListItem","position":1,"name":"Anasayfa","item":"https:\/\/narteks.net\/"},{"@type":"ListItem","position":2,"name":"KANAYAN"}]},{"@type":"WebSite","@id":"https:\/\/narteks.net\/#website","url":"https:\/\/narteks.net\/","name":"narteks.net","description":"K\u00fclt\u00fcr Sanat Edebiyat Felsefe","publisher":{"@id":"https:\/\/narteks.net\/#organization"},"alternateName":"K\u00fclt\u00fcr Sanat Edebiyat Felsefe","potentialAction":[{"@type":"SearchAction","target":{"@type":"EntryPoint","urlTemplate":"https:\/\/narteks.net\/?s={search_term_string}"},"query-input":{"@type":"PropertyValueSpecification","valueRequired":true,"valueName":"search_term_string"}}],"inLanguage":"tr"},{"@type":"Organization","@id":"https:\/\/narteks.net\/#organization","name":"narteks.net","url":"https:\/\/narteks.net\/","logo":{"@type":"ImageObject","inLanguage":"tr","@id":"https:\/\/narteks.net\/#\/schema\/logo\/image\/","url":"https:\/\/narteks.net\/wp-content\/uploads\/narteks.png","contentUrl":"https:\/\/narteks.net\/wp-content\/uploads\/narteks.png","width":300,"height":90,"caption":"narteks.net"},"image":{"@id":"https:\/\/narteks.net\/#\/schema\/logo\/image\/"},"sameAs":["https:\/\/x.com\/narteks","https:\/\/instagram.com\/narteksnet"]},{"@type":"Person","@id":"https:\/\/narteks.net\/#\/schema\/person\/61f37d9834294b72d31d274e7ed79bca","name":"Tar\u0131k","image":{"@type":"ImageObject","inLanguage":"tr","@id":"https:\/\/narteks.net\/#\/schema\/person\/image\/","url":"https:\/\/secure.gravatar.com\/avatar\/50865afb55632c4ae467e0af0930f6510aa2297d8014be502a55b14f3b7550cf?s=96&d=mm&r=g","contentUrl":"https:\/\/secure.gravatar.com\/avatar\/50865afb55632c4ae467e0af0930f6510aa2297d8014be502a55b14f3b7550cf?s=96&d=mm&r=g","caption":"Tar\u0131k"},"sameAs":["http:\/\/narteks.net"],"url":"https:\/\/narteks.net\/index.php\/author\/narbak\/"}]}},"_links":{"self":[{"href":"https:\/\/narteks.net\/index.php\/wp-json\/wp\/v2\/posts\/5759","targetHints":{"allow":["GET"]}}],"collection":[{"href":"https:\/\/narteks.net\/index.php\/wp-json\/wp\/v2\/posts"}],"about":[{"href":"https:\/\/narteks.net\/index.php\/wp-json\/wp\/v2\/types\/post"}],"author":[{"embeddable":true,"href":"https:\/\/narteks.net\/index.php\/wp-json\/wp\/v2\/users\/1"}],"replies":[{"embeddable":true,"href":"https:\/\/narteks.net\/index.php\/wp-json\/wp\/v2\/comments?post=5759"}],"version-history":[{"count":0,"href":"https:\/\/narteks.net\/index.php\/wp-json\/wp\/v2\/posts\/5759\/revisions"}],"wp:attachment":[{"href":"https:\/\/narteks.net\/index.php\/wp-json\/wp\/v2\/media?parent=5759"}],"wp:term":[{"taxonomy":"category","embeddable":true,"href":"https:\/\/narteks.net\/index.php\/wp-json\/wp\/v2\/categories?post=5759"},{"taxonomy":"post_tag","embeddable":true,"href":"https:\/\/narteks.net\/index.php\/wp-json\/wp\/v2\/tags?post=5759"}],"curies":[{"name":"wp","href":"https:\/\/api.w.org\/{rel}","templated":true}]}}