{"id":5762,"date":"2011-03-05T13:23:53","date_gmt":"2011-03-05T10:23:53","guid":{"rendered":"http:\/\/localhost\/wordpress\/2011\/03\/05\/igne-caldiktan-sonra-nicin-altin-da-calmasin-aliskanliklar-montaigne\/"},"modified":"2011-03-05T13:23:53","modified_gmt":"2011-03-05T10:23:53","slug":"igne-caldiktan-sonra-nicin-altin-da-calmasin-aliskanliklar-montaigne","status":"publish","type":"post","link":"https:\/\/narteks.net\/index.php\/2011\/03\/05\/igne-caldiktan-sonra-nicin-altin-da-calmasin-aliskanliklar-montaigne\/","title":{"rendered":"\u0130\u011fne \u00e7ald\u0131ktan sonra, ni\u00e7in alt\u0131n da \u00e7almas\u0131n? | Al\u0131\u015fkanl\u0131klar &#8211; Montaigne"},"content":{"rendered":"<p style=\"text-align: justify;\"><img loading=\"lazy\" decoding=\"async\" src=\"http:\/\/www.malaspina.com\/jpg\/montaigne.jpg\" border=\"0\" width=\"155\" height=\"205\" style=\"float: left;\" \/>Bir k\u00f6yl\u00fc kad\u0131n, bir danay\u0131 do\u011far do\u011fmaz kuca\u011f\u0131na al\u0131p sevmi\u015f, sonra da bunu adet edinmi\u015f. Her g\u00fcn danay\u0131, kuca\u011f\u0131na al\u0131r ta\u015f\u0131rm\u0131\u015f; nihayet buna o kadar al\u0131\u015fm\u0131\u015f ki dana b\u00fcy\u00fcy\u00fcp koskoca \u00f6k\u00fcz oldu\u011fu zaman, onu yine kuca\u011f\u0131nda ta\u015f\u0131yabilmi\u015f. Bu hikayeyi kim uydurdu ise, al\u0131\u015fkanl\u0131\u011f\u0131n ne b\u00fcy\u00fck bir kuvvet oldu\u011funu \u00e7ok iyi anlam\u0131\u015f olacak.<\/p>\n<p style=\"text-align: justify;\">Ger\u00e7ekten al\u0131\u015fkanl\u0131k pek yaman bir hocad\u0131r ve hi\u00e7 \u015fakas\u0131 yoktur. Yava\u015f yava\u015f, sinsi sinsi i\u00e7imize ilk ad\u0131m\u0131n\u0131 atar, ba\u015flang\u0131\u00e7ta kuzu gibi sevimli, al\u00e7akg\u00f6n\u00fcll\u00fcd\u00fcr; ama, zamanla, oraya yerle\u015fip k\u00f6kle\u015fti mi, \u00f6yle azg\u0131n, \u00f6yle amans\u0131z bir \u00e7ehre tak\u0131n\u0131r ki kendisine g\u00f6zlerimizi bile kald\u0131rmaya izin vermez\u2026<\/p>\n<p>Bence en b\u00fcy\u00fck k\u00f6t\u00fcl\u00fcklerimiz, k\u00fc\u00e7\u00fck ya\u015f\u0131m\u0131zda belirmeye ba\u015flar ve as\u0131l terbiyemiz bizi emzirip b\u00fcy\u00fctenlerin emrindedir. \u00c7ocuk bir tavu\u011fun boynunu s\u0131kar, kediyi, k\u00f6pe\u011fi oyuncak edip yara i\u00e7inde b\u0131rak\u0131r, anas\u0131 da ona bak\u0131p e\u011flenir. Kimi baba da, o\u011flunun m\u00fcdaafas\u0131z bir k\u00f6yl\u00fcy\u00fc, bir u\u015fa\u011f\u0131 \u00f6ld\u00fcresiye d\u00f6vd\u00fc\u011f\u00fcn\u00fc, bir arkada\u015f\u0131n\u0131 kurnazca ve kahpece aldatt\u0131\u011f\u0131n\u0131 g\u00f6rd\u00fc\u011f\u00fc zaman, bunu yi\u011fitlik alameti sayarak sevinir. Oysa ki bunlar zalimli\u011fin, zorbal\u0131\u011f\u0131n, d\u00f6nekli\u011fin as\u0131l tohumlar\u0131, k\u00f6kleridir; \u00e7ocukta filizlenir, sonra al\u0131\u015fkanl\u0131\u011f\u0131n kuca\u011f\u0131nda alabildi\u011fine b\u00fcy\u00fcy\u00fcp geli\u015firler.<\/p>\n<p style=\"text-align: justify;\">Bu k\u00f6t\u00fc davran\u0131\u015flar\u0131 ya\u015f\u0131n k\u00fc\u00e7\u00fckl\u00fc\u011f\u00fcne ve i\u015fin ehemmiyetsizli\u011fine bakarak ho\u015f g\u00f6rmek tehlikeli bir terbiye yoludur. Evvela \u015fu bak\u0131mdan ki, \u00e7ocukta tabiat (huy, yarat\u0131l\u0131\u015f) hakimdir ve tabiat as\u0131l, yeni tomurcuk salarken kat\u0131ks\u0131z ve g\u00fcrb\u00fczd\u00fcr; sonra da h\u0131rs\u0131zl\u0131\u011f\u0131n \u00e7irkinli\u011fi, \u00e7al\u0131nan \u015feye g\u00f6re de\u011fi\u015fmez ki. Ha alt\u0131n \u00e7alm\u0131\u015fs\u0131n, ha bir i\u011fne; \u201c\u0130\u011fne \u00e7ald\u0131, ama alt\u0131n \u00e7almak akl\u0131na bile gelmez\u201d diyenlere benim diyece\u011fim \u015fudur: \u201c\u0130\u011fne \u00e7ald\u0131ktan sonra, ni\u00e7in alt\u0131n da \u00e7almas\u0131n?\u201d<\/p>\n<p>Montaigne; Denemeler\u2019den\u2026<\/p>\n","protected":false},"excerpt":{"rendered":"<p>Bir k\u00f6yl\u00fc kad\u0131n, bir danay\u0131 do\u011far do\u011fmaz kuca\u011f\u0131na al\u0131p sevmi\u015f, sonra da bunu adet edinmi\u015f. Her g\u00fcn danay\u0131, kuca\u011f\u0131na al\u0131r ta\u015f\u0131rm\u0131\u015f; nihayet buna o kadar al\u0131\u015fm\u0131\u015f ki dana b\u00fcy\u00fcy\u00fcp koskoca \u00f6k\u00fcz oldu\u011fu zaman, onu yine kuca\u011f\u0131nda ta\u015f\u0131yabilmi\u015f. Bu hikayeyi kim uydurdu ise, al\u0131\u015fkanl\u0131\u011f\u0131n ne b\u00fcy\u00fck bir kuvvet oldu\u011funu \u00e7ok iyi anlam\u0131\u015f olacak. Ger\u00e7ekten al\u0131\u015fkanl\u0131k pek [&hellip;]<\/p>\n","protected":false},"author":1,"featured_media":0,"comment_status":"open","ping_status":"open","sticky":false,"template":"","format":"standard","meta":{"footnotes":""},"categories":[103],"tags":[],"class_list":{"0":"post-5762","1":"post","2":"type-post","3":"status-publish","4":"format-standard","6":"category-felsefe-genel"},"yoast_head":"<!-- This site is optimized with the Yoast SEO Premium plugin v24.9 (Yoast SEO v24.9) - https:\/\/yoast.com\/wordpress\/plugins\/seo\/ -->\n<title>\u0130\u011fne \u00e7ald\u0131ktan sonra, ni\u00e7in alt\u0131n da \u00e7almas\u0131n? | Al\u0131\u015fkanl\u0131klar - Montaigne - narteks.net<\/title>\n<meta name=\"robots\" content=\"index, follow, max-snippet:-1, max-image-preview:large, max-video-preview:-1\" \/>\n<link rel=\"canonical\" href=\"https:\/\/narteks.net\/index.php\/2011\/03\/05\/igne-caldiktan-sonra-nicin-altin-da-calmasin-aliskanliklar-montaigne\/\" \/>\n<meta property=\"og:locale\" content=\"tr_TR\" \/>\n<meta property=\"og:type\" content=\"article\" \/>\n<meta property=\"og:title\" content=\"\u0130\u011fne \u00e7ald\u0131ktan sonra, ni\u00e7in alt\u0131n da \u00e7almas\u0131n? | Al\u0131\u015fkanl\u0131klar - Montaigne\" \/>\n<meta property=\"og:description\" content=\"Bir k\u00f6yl\u00fc kad\u0131n, bir danay\u0131 do\u011far do\u011fmaz kuca\u011f\u0131na al\u0131p sevmi\u015f, sonra da bunu adet edinmi\u015f. Her g\u00fcn danay\u0131, kuca\u011f\u0131na al\u0131r ta\u015f\u0131rm\u0131\u015f; nihayet buna o kadar al\u0131\u015fm\u0131\u015f ki dana b\u00fcy\u00fcy\u00fcp koskoca \u00f6k\u00fcz oldu\u011fu zaman, onu yine kuca\u011f\u0131nda ta\u015f\u0131yabilmi\u015f. Bu hikayeyi kim uydurdu ise, al\u0131\u015fkanl\u0131\u011f\u0131n ne b\u00fcy\u00fck bir kuvvet oldu\u011funu \u00e7ok iyi anlam\u0131\u015f olacak. Ger\u00e7ekten al\u0131\u015fkanl\u0131k pek [&hellip;]\" \/>\n<meta property=\"og:url\" content=\"https:\/\/narteks.net\/index.php\/2011\/03\/05\/igne-caldiktan-sonra-nicin-altin-da-calmasin-aliskanliklar-montaigne\/\" \/>\n<meta property=\"og:site_name\" content=\"narteks.net\" \/>\n<meta property=\"article:published_time\" content=\"2011-03-05T10:23:53+00:00\" \/>\n<meta property=\"og:image\" content=\"http:\/\/www.malaspina.com\/jpg\/montaigne.jpg\" \/>\n<meta name=\"author\" content=\"Tar\u0131k\" \/>\n<meta name=\"twitter:card\" content=\"summary_large_image\" \/>\n<meta name=\"twitter:creator\" content=\"@narteks\" \/>\n<meta name=\"twitter:site\" content=\"@narteks\" \/>\n<meta name=\"twitter:label1\" content=\"Yazan:\" \/>\n\t<meta name=\"twitter:data1\" content=\"Tar\u0131k\" \/>\n\t<meta name=\"twitter:label2\" content=\"Tahmini okuma s\u00fcresi\" \/>\n\t<meta name=\"twitter:data2\" content=\"2 dakika\" \/>\n<script type=\"application\/ld+json\" class=\"yoast-schema-graph\">{\"@context\":\"https:\/\/schema.org\",\"@graph\":[{\"@type\":\"Article\",\"@id\":\"https:\/\/narteks.net\/index.php\/2011\/03\/05\/igne-caldiktan-sonra-nicin-altin-da-calmasin-aliskanliklar-montaigne\/#article\",\"isPartOf\":{\"@id\":\"https:\/\/narteks.net\/index.php\/2011\/03\/05\/igne-caldiktan-sonra-nicin-altin-da-calmasin-aliskanliklar-montaigne\/\"},\"author\":{\"name\":\"Tar\u0131k\",\"@id\":\"https:\/\/narteks.net\/#\/schema\/person\/61f37d9834294b72d31d274e7ed79bca\"},\"headline\":\"\u0130\u011fne \u00e7ald\u0131ktan sonra, ni\u00e7in alt\u0131n da \u00e7almas\u0131n? | Al\u0131\u015fkanl\u0131klar &#8211; Montaigne\",\"datePublished\":\"2011-03-05T10:23:53+00:00\",\"mainEntityOfPage\":{\"@id\":\"https:\/\/narteks.net\/index.php\/2011\/03\/05\/igne-caldiktan-sonra-nicin-altin-da-calmasin-aliskanliklar-montaigne\/\"},\"wordCount\":383,\"commentCount\":0,\"publisher\":{\"@id\":\"https:\/\/narteks.net\/#organization\"},\"image\":{\"@id\":\"https:\/\/narteks.net\/index.php\/2011\/03\/05\/igne-caldiktan-sonra-nicin-altin-da-calmasin-aliskanliklar-montaigne\/#primaryimage\"},\"thumbnailUrl\":\"http:\/\/www.malaspina.com\/jpg\/montaigne.jpg\",\"articleSection\":[\"Felsefe (Genel)\"],\"inLanguage\":\"tr\",\"potentialAction\":[{\"@type\":\"CommentAction\",\"name\":\"Comment\",\"target\":[\"https:\/\/narteks.net\/index.php\/2011\/03\/05\/igne-caldiktan-sonra-nicin-altin-da-calmasin-aliskanliklar-montaigne\/#respond\"]}]},{\"@type\":\"WebPage\",\"@id\":\"https:\/\/narteks.net\/index.php\/2011\/03\/05\/igne-caldiktan-sonra-nicin-altin-da-calmasin-aliskanliklar-montaigne\/\",\"url\":\"https:\/\/narteks.net\/index.php\/2011\/03\/05\/igne-caldiktan-sonra-nicin-altin-da-calmasin-aliskanliklar-montaigne\/\",\"name\":\"\u0130\u011fne \u00e7ald\u0131ktan sonra, ni\u00e7in alt\u0131n da \u00e7almas\u0131n? | Al\u0131\u015fkanl\u0131klar - Montaigne - narteks.net\",\"isPartOf\":{\"@id\":\"https:\/\/narteks.net\/#website\"},\"primaryImageOfPage\":{\"@id\":\"https:\/\/narteks.net\/index.php\/2011\/03\/05\/igne-caldiktan-sonra-nicin-altin-da-calmasin-aliskanliklar-montaigne\/#primaryimage\"},\"image\":{\"@id\":\"https:\/\/narteks.net\/index.php\/2011\/03\/05\/igne-caldiktan-sonra-nicin-altin-da-calmasin-aliskanliklar-montaigne\/#primaryimage\"},\"thumbnailUrl\":\"http:\/\/www.malaspina.com\/jpg\/montaigne.jpg\",\"datePublished\":\"2011-03-05T10:23:53+00:00\",\"breadcrumb\":{\"@id\":\"https:\/\/narteks.net\/index.php\/2011\/03\/05\/igne-caldiktan-sonra-nicin-altin-da-calmasin-aliskanliklar-montaigne\/#breadcrumb\"},\"inLanguage\":\"tr\",\"potentialAction\":[{\"@type\":\"ReadAction\",\"target\":[\"https:\/\/narteks.net\/index.php\/2011\/03\/05\/igne-caldiktan-sonra-nicin-altin-da-calmasin-aliskanliklar-montaigne\/\"]}]},{\"@type\":\"ImageObject\",\"inLanguage\":\"tr\",\"@id\":\"https:\/\/narteks.net\/index.php\/2011\/03\/05\/igne-caldiktan-sonra-nicin-altin-da-calmasin-aliskanliklar-montaigne\/#primaryimage\",\"url\":\"http:\/\/www.malaspina.com\/jpg\/montaigne.jpg\",\"contentUrl\":\"http:\/\/www.malaspina.com\/jpg\/montaigne.jpg\"},{\"@type\":\"BreadcrumbList\",\"@id\":\"https:\/\/narteks.net\/index.php\/2011\/03\/05\/igne-caldiktan-sonra-nicin-altin-da-calmasin-aliskanliklar-montaigne\/#breadcrumb\",\"itemListElement\":[{\"@type\":\"ListItem\",\"position\":1,\"name\":\"Anasayfa\",\"item\":\"https:\/\/narteks.net\/\"},{\"@type\":\"ListItem\",\"position\":2,\"name\":\"\u0130\u011fne \u00e7ald\u0131ktan sonra, ni\u00e7in alt\u0131n da \u00e7almas\u0131n? | Al\u0131\u015fkanl\u0131klar &#8211; Montaigne\"}]},{\"@type\":\"WebSite\",\"@id\":\"https:\/\/narteks.net\/#website\",\"url\":\"https:\/\/narteks.net\/\",\"name\":\"narteks.net\",\"description\":\"K\u00fclt\u00fcr Sanat Edebiyat Felsefe\",\"publisher\":{\"@id\":\"https:\/\/narteks.net\/#organization\"},\"alternateName\":\"K\u00fclt\u00fcr Sanat Edebiyat Felsefe\",\"potentialAction\":[{\"@type\":\"SearchAction\",\"target\":{\"@type\":\"EntryPoint\",\"urlTemplate\":\"https:\/\/narteks.net\/?s={search_term_string}\"},\"query-input\":{\"@type\":\"PropertyValueSpecification\",\"valueRequired\":true,\"valueName\":\"search_term_string\"}}],\"inLanguage\":\"tr\"},{\"@type\":\"Organization\",\"@id\":\"https:\/\/narteks.net\/#organization\",\"name\":\"narteks.net\",\"url\":\"https:\/\/narteks.net\/\",\"logo\":{\"@type\":\"ImageObject\",\"inLanguage\":\"tr\",\"@id\":\"https:\/\/narteks.net\/#\/schema\/logo\/image\/\",\"url\":\"https:\/\/narteks.net\/wp-content\/uploads\/narteks.png\",\"contentUrl\":\"https:\/\/narteks.net\/wp-content\/uploads\/narteks.png\",\"width\":300,\"height\":90,\"caption\":\"narteks.net\"},\"image\":{\"@id\":\"https:\/\/narteks.net\/#\/schema\/logo\/image\/\"},\"sameAs\":[\"https:\/\/x.com\/narteks\",\"https:\/\/instagram.com\/narteksnet\"]},{\"@type\":\"Person\",\"@id\":\"https:\/\/narteks.net\/#\/schema\/person\/61f37d9834294b72d31d274e7ed79bca\",\"name\":\"Tar\u0131k\",\"image\":{\"@type\":\"ImageObject\",\"inLanguage\":\"tr\",\"@id\":\"https:\/\/narteks.net\/#\/schema\/person\/image\/\",\"url\":\"https:\/\/secure.gravatar.com\/avatar\/50865afb55632c4ae467e0af0930f6510aa2297d8014be502a55b14f3b7550cf?s=96&d=mm&r=g\",\"contentUrl\":\"https:\/\/secure.gravatar.com\/avatar\/50865afb55632c4ae467e0af0930f6510aa2297d8014be502a55b14f3b7550cf?s=96&d=mm&r=g\",\"caption\":\"Tar\u0131k\"},\"sameAs\":[\"http:\/\/narteks.net\"],\"url\":\"https:\/\/narteks.net\/index.php\/author\/narbak\/\"}]}<\/script>\n<!-- \/ Yoast SEO Premium plugin. -->","yoast_head_json":{"title":"\u0130\u011fne \u00e7ald\u0131ktan sonra, ni\u00e7in alt\u0131n da \u00e7almas\u0131n? | Al\u0131\u015fkanl\u0131klar - Montaigne - narteks.net","robots":{"index":"index","follow":"follow","max-snippet":"max-snippet:-1","max-image-preview":"max-image-preview:large","max-video-preview":"max-video-preview:-1"},"canonical":"https:\/\/narteks.net\/index.php\/2011\/03\/05\/igne-caldiktan-sonra-nicin-altin-da-calmasin-aliskanliklar-montaigne\/","og_locale":"tr_TR","og_type":"article","og_title":"\u0130\u011fne \u00e7ald\u0131ktan sonra, ni\u00e7in alt\u0131n da \u00e7almas\u0131n? | Al\u0131\u015fkanl\u0131klar - Montaigne","og_description":"Bir k\u00f6yl\u00fc kad\u0131n, bir danay\u0131 do\u011far do\u011fmaz kuca\u011f\u0131na al\u0131p sevmi\u015f, sonra da bunu adet edinmi\u015f. Her g\u00fcn danay\u0131, kuca\u011f\u0131na al\u0131r ta\u015f\u0131rm\u0131\u015f; nihayet buna o kadar al\u0131\u015fm\u0131\u015f ki dana b\u00fcy\u00fcy\u00fcp koskoca \u00f6k\u00fcz oldu\u011fu zaman, onu yine kuca\u011f\u0131nda ta\u015f\u0131yabilmi\u015f. Bu hikayeyi kim uydurdu ise, al\u0131\u015fkanl\u0131\u011f\u0131n ne b\u00fcy\u00fck bir kuvvet oldu\u011funu \u00e7ok iyi anlam\u0131\u015f olacak. Ger\u00e7ekten al\u0131\u015fkanl\u0131k pek [&hellip;]","og_url":"https:\/\/narteks.net\/index.php\/2011\/03\/05\/igne-caldiktan-sonra-nicin-altin-da-calmasin-aliskanliklar-montaigne\/","og_site_name":"narteks.net","article_published_time":"2011-03-05T10:23:53+00:00","og_image":[{"url":"http:\/\/www.malaspina.com\/jpg\/montaigne.jpg","type":"","width":"","height":""}],"author":"Tar\u0131k","twitter_card":"summary_large_image","twitter_creator":"@narteks","twitter_site":"@narteks","twitter_misc":{"Yazan:":"Tar\u0131k","Tahmini okuma s\u00fcresi":"2 dakika"},"schema":{"@context":"https:\/\/schema.org","@graph":[{"@type":"Article","@id":"https:\/\/narteks.net\/index.php\/2011\/03\/05\/igne-caldiktan-sonra-nicin-altin-da-calmasin-aliskanliklar-montaigne\/#article","isPartOf":{"@id":"https:\/\/narteks.net\/index.php\/2011\/03\/05\/igne-caldiktan-sonra-nicin-altin-da-calmasin-aliskanliklar-montaigne\/"},"author":{"name":"Tar\u0131k","@id":"https:\/\/narteks.net\/#\/schema\/person\/61f37d9834294b72d31d274e7ed79bca"},"headline":"\u0130\u011fne \u00e7ald\u0131ktan sonra, ni\u00e7in alt\u0131n da \u00e7almas\u0131n? | Al\u0131\u015fkanl\u0131klar &#8211; Montaigne","datePublished":"2011-03-05T10:23:53+00:00","mainEntityOfPage":{"@id":"https:\/\/narteks.net\/index.php\/2011\/03\/05\/igne-caldiktan-sonra-nicin-altin-da-calmasin-aliskanliklar-montaigne\/"},"wordCount":383,"commentCount":0,"publisher":{"@id":"https:\/\/narteks.net\/#organization"},"image":{"@id":"https:\/\/narteks.net\/index.php\/2011\/03\/05\/igne-caldiktan-sonra-nicin-altin-da-calmasin-aliskanliklar-montaigne\/#primaryimage"},"thumbnailUrl":"http:\/\/www.malaspina.com\/jpg\/montaigne.jpg","articleSection":["Felsefe (Genel)"],"inLanguage":"tr","potentialAction":[{"@type":"CommentAction","name":"Comment","target":["https:\/\/narteks.net\/index.php\/2011\/03\/05\/igne-caldiktan-sonra-nicin-altin-da-calmasin-aliskanliklar-montaigne\/#respond"]}]},{"@type":"WebPage","@id":"https:\/\/narteks.net\/index.php\/2011\/03\/05\/igne-caldiktan-sonra-nicin-altin-da-calmasin-aliskanliklar-montaigne\/","url":"https:\/\/narteks.net\/index.php\/2011\/03\/05\/igne-caldiktan-sonra-nicin-altin-da-calmasin-aliskanliklar-montaigne\/","name":"\u0130\u011fne \u00e7ald\u0131ktan sonra, ni\u00e7in alt\u0131n da \u00e7almas\u0131n? | Al\u0131\u015fkanl\u0131klar - Montaigne - narteks.net","isPartOf":{"@id":"https:\/\/narteks.net\/#website"},"primaryImageOfPage":{"@id":"https:\/\/narteks.net\/index.php\/2011\/03\/05\/igne-caldiktan-sonra-nicin-altin-da-calmasin-aliskanliklar-montaigne\/#primaryimage"},"image":{"@id":"https:\/\/narteks.net\/index.php\/2011\/03\/05\/igne-caldiktan-sonra-nicin-altin-da-calmasin-aliskanliklar-montaigne\/#primaryimage"},"thumbnailUrl":"http:\/\/www.malaspina.com\/jpg\/montaigne.jpg","datePublished":"2011-03-05T10:23:53+00:00","breadcrumb":{"@id":"https:\/\/narteks.net\/index.php\/2011\/03\/05\/igne-caldiktan-sonra-nicin-altin-da-calmasin-aliskanliklar-montaigne\/#breadcrumb"},"inLanguage":"tr","potentialAction":[{"@type":"ReadAction","target":["https:\/\/narteks.net\/index.php\/2011\/03\/05\/igne-caldiktan-sonra-nicin-altin-da-calmasin-aliskanliklar-montaigne\/"]}]},{"@type":"ImageObject","inLanguage":"tr","@id":"https:\/\/narteks.net\/index.php\/2011\/03\/05\/igne-caldiktan-sonra-nicin-altin-da-calmasin-aliskanliklar-montaigne\/#primaryimage","url":"http:\/\/www.malaspina.com\/jpg\/montaigne.jpg","contentUrl":"http:\/\/www.malaspina.com\/jpg\/montaigne.jpg"},{"@type":"BreadcrumbList","@id":"https:\/\/narteks.net\/index.php\/2011\/03\/05\/igne-caldiktan-sonra-nicin-altin-da-calmasin-aliskanliklar-montaigne\/#breadcrumb","itemListElement":[{"@type":"ListItem","position":1,"name":"Anasayfa","item":"https:\/\/narteks.net\/"},{"@type":"ListItem","position":2,"name":"\u0130\u011fne \u00e7ald\u0131ktan sonra, ni\u00e7in alt\u0131n da \u00e7almas\u0131n? | Al\u0131\u015fkanl\u0131klar &#8211; Montaigne"}]},{"@type":"WebSite","@id":"https:\/\/narteks.net\/#website","url":"https:\/\/narteks.net\/","name":"narteks.net","description":"K\u00fclt\u00fcr Sanat Edebiyat Felsefe","publisher":{"@id":"https:\/\/narteks.net\/#organization"},"alternateName":"K\u00fclt\u00fcr Sanat Edebiyat Felsefe","potentialAction":[{"@type":"SearchAction","target":{"@type":"EntryPoint","urlTemplate":"https:\/\/narteks.net\/?s={search_term_string}"},"query-input":{"@type":"PropertyValueSpecification","valueRequired":true,"valueName":"search_term_string"}}],"inLanguage":"tr"},{"@type":"Organization","@id":"https:\/\/narteks.net\/#organization","name":"narteks.net","url":"https:\/\/narteks.net\/","logo":{"@type":"ImageObject","inLanguage":"tr","@id":"https:\/\/narteks.net\/#\/schema\/logo\/image\/","url":"https:\/\/narteks.net\/wp-content\/uploads\/narteks.png","contentUrl":"https:\/\/narteks.net\/wp-content\/uploads\/narteks.png","width":300,"height":90,"caption":"narteks.net"},"image":{"@id":"https:\/\/narteks.net\/#\/schema\/logo\/image\/"},"sameAs":["https:\/\/x.com\/narteks","https:\/\/instagram.com\/narteksnet"]},{"@type":"Person","@id":"https:\/\/narteks.net\/#\/schema\/person\/61f37d9834294b72d31d274e7ed79bca","name":"Tar\u0131k","image":{"@type":"ImageObject","inLanguage":"tr","@id":"https:\/\/narteks.net\/#\/schema\/person\/image\/","url":"https:\/\/secure.gravatar.com\/avatar\/50865afb55632c4ae467e0af0930f6510aa2297d8014be502a55b14f3b7550cf?s=96&d=mm&r=g","contentUrl":"https:\/\/secure.gravatar.com\/avatar\/50865afb55632c4ae467e0af0930f6510aa2297d8014be502a55b14f3b7550cf?s=96&d=mm&r=g","caption":"Tar\u0131k"},"sameAs":["http:\/\/narteks.net"],"url":"https:\/\/narteks.net\/index.php\/author\/narbak\/"}]}},"_links":{"self":[{"href":"https:\/\/narteks.net\/index.php\/wp-json\/wp\/v2\/posts\/5762","targetHints":{"allow":["GET"]}}],"collection":[{"href":"https:\/\/narteks.net\/index.php\/wp-json\/wp\/v2\/posts"}],"about":[{"href":"https:\/\/narteks.net\/index.php\/wp-json\/wp\/v2\/types\/post"}],"author":[{"embeddable":true,"href":"https:\/\/narteks.net\/index.php\/wp-json\/wp\/v2\/users\/1"}],"replies":[{"embeddable":true,"href":"https:\/\/narteks.net\/index.php\/wp-json\/wp\/v2\/comments?post=5762"}],"version-history":[{"count":0,"href":"https:\/\/narteks.net\/index.php\/wp-json\/wp\/v2\/posts\/5762\/revisions"}],"wp:attachment":[{"href":"https:\/\/narteks.net\/index.php\/wp-json\/wp\/v2\/media?parent=5762"}],"wp:term":[{"taxonomy":"category","embeddable":true,"href":"https:\/\/narteks.net\/index.php\/wp-json\/wp\/v2\/categories?post=5762"},{"taxonomy":"post_tag","embeddable":true,"href":"https:\/\/narteks.net\/index.php\/wp-json\/wp\/v2\/tags?post=5762"}],"curies":[{"name":"wp","href":"https:\/\/api.w.org\/{rel}","templated":true}]}}