{"id":5764,"date":"2011-03-07T12:36:13","date_gmt":"2011-03-07T09:36:13","guid":{"rendered":"http:\/\/localhost\/wordpress\/2011\/03\/07\/oyle-bir-hayat-yasiyorum-ki\/"},"modified":"2011-03-07T12:36:13","modified_gmt":"2011-03-07T09:36:13","slug":"oyle-bir-hayat-yasiyorum-ki","status":"publish","type":"post","link":"https:\/\/narteks.net\/index.php\/2011\/03\/07\/oyle-bir-hayat-yasiyorum-ki\/","title":{"rendered":"\u00d6YLE B\u0130R HAYAT YA\u015eIYORUM K\u0130"},"content":{"rendered":"<p>\u00a0<\/p>\n<p>\u00d6yle bir hayat ya\u015f\u0131yorum ki,<br \/>Cenneti de g\u00f6rd\u00fcm, cehennemi de<br \/>\u00d6yle bir a\u015fk ya\u015fad\u0131m ki, Tutkuyu da g\u00f6rd\u00fcm, pes etmeyi de.<br \/>Baz\u0131lar\u0131 seyrederken hayati en \u00f6nden,<br \/>Kendime bir sahne buldum oynad\u0131m.<br \/>\u00d6yle bir rol vermi\u015fler ki,<br \/>Okudum okudum anlamad\u0131m.<br \/>Kendi kendime konu\u015ftum bazen evimde,<br \/>Hem k\u0131zd\u0131m hem g\u00fcld\u00fcm halime,<br \/>Sonra de\u2026dim ki \u2018s\u00f6z ver kendine\u2019<br \/>Denizleri seviyorsan, dalgalar\u0131 da seveceksin,<br \/>Sevilmek istiyorsan, \u00f6nce sevmeyi bileceksin,<br \/>U\u00e7may\u0131 seviyorsan, d\u00fc\u015fmeyi de bileceksin.<br \/>Korkarak ya\u015f\u0131yorsan, yaln\u0131zca hayat\u0131 seyredersin.<br \/>\u00d6yle bir hayat ya\u015fad\u0131m ki, son yolculuklar\u0131 erken tan\u0131d\u0131m<br \/>\u00d6yle \u00e7ok de\u011ferliymi\u015f ki zaman,<br \/>Hep acele etmem bundan,anlad\u0131m<\/p>\n<p>F.Nietzsche<\/p>\n","protected":false},"excerpt":{"rendered":"<p>\u00a0 \u00d6yle bir hayat ya\u015f\u0131yorum ki,Cenneti de g\u00f6rd\u00fcm, cehennemi de\u00d6yle bir a\u015fk ya\u015fad\u0131m ki, Tutkuyu da g\u00f6rd\u00fcm, pes etmeyi de.Baz\u0131lar\u0131 seyrederken hayati en \u00f6nden,Kendime bir sahne buldum oynad\u0131m.\u00d6yle bir rol vermi\u015fler ki,Okudum okudum anlamad\u0131m.Kendi kendime konu\u015ftum bazen evimde,Hem k\u0131zd\u0131m hem g\u00fcld\u00fcm halime,Sonra de\u2026dim ki \u2018s\u00f6z ver kendine\u2019Denizleri seviyorsan, dalgalar\u0131 da seveceksin,Sevilmek istiyorsan, \u00f6nce sevmeyi bileceksin,U\u00e7may\u0131 [&hellip;]<\/p>\n","protected":false},"author":1,"featured_media":0,"comment_status":"open","ping_status":"open","sticky":false,"template":"","format":"standard","meta":{"footnotes":""},"categories":[158],"tags":[],"class_list":{"0":"post-5764","1":"post","2":"type-post","3":"status-publish","4":"format-standard","6":"category-friedrich-nietzsche"},"yoast_head":"<!-- This site is optimized with the Yoast SEO Premium plugin v24.9 (Yoast SEO v24.9) - https:\/\/yoast.com\/wordpress\/plugins\/seo\/ -->\n<title>\u00d6YLE B\u0130R HAYAT YA\u015eIYORUM K\u0130 - narteks.net<\/title>\n<meta name=\"robots\" content=\"index, follow, max-snippet:-1, max-image-preview:large, max-video-preview:-1\" \/>\n<link rel=\"canonical\" href=\"https:\/\/narteks.net\/index.php\/2011\/03\/07\/oyle-bir-hayat-yasiyorum-ki\/\" \/>\n<meta property=\"og:locale\" content=\"tr_TR\" \/>\n<meta property=\"og:type\" content=\"article\" \/>\n<meta property=\"og:title\" content=\"\u00d6YLE B\u0130R HAYAT YA\u015eIYORUM K\u0130\" \/>\n<meta property=\"og:description\" content=\"\u00a0 \u00d6yle bir hayat ya\u015f\u0131yorum ki,Cenneti de g\u00f6rd\u00fcm, cehennemi de\u00d6yle bir a\u015fk ya\u015fad\u0131m ki, Tutkuyu da g\u00f6rd\u00fcm, pes etmeyi de.Baz\u0131lar\u0131 seyrederken hayati en \u00f6nden,Kendime bir sahne buldum oynad\u0131m.\u00d6yle bir rol vermi\u015fler ki,Okudum okudum anlamad\u0131m.Kendi kendime konu\u015ftum bazen evimde,Hem k\u0131zd\u0131m hem g\u00fcld\u00fcm halime,Sonra de\u2026dim ki \u2018s\u00f6z ver kendine\u2019Denizleri seviyorsan, dalgalar\u0131 da seveceksin,Sevilmek istiyorsan, \u00f6nce sevmeyi bileceksin,U\u00e7may\u0131 [&hellip;]\" \/>\n<meta property=\"og:url\" content=\"https:\/\/narteks.net\/index.php\/2011\/03\/07\/oyle-bir-hayat-yasiyorum-ki\/\" \/>\n<meta property=\"og:site_name\" content=\"narteks.net\" \/>\n<meta property=\"article:published_time\" content=\"2011-03-07T09:36:13+00:00\" \/>\n<meta property=\"og:image\" content=\"https:\/\/narteks.net\/wp-content\/uploads\/narteks.png\" \/>\n\t<meta property=\"og:image:width\" content=\"300\" \/>\n\t<meta property=\"og:image:height\" content=\"90\" \/>\n\t<meta property=\"og:image:type\" content=\"image\/png\" \/>\n<meta name=\"author\" content=\"Tar\u0131k\" \/>\n<meta name=\"twitter:card\" content=\"summary_large_image\" \/>\n<meta name=\"twitter:creator\" content=\"@narteks\" \/>\n<meta name=\"twitter:site\" content=\"@narteks\" \/>\n<meta name=\"twitter:label1\" content=\"Yazan:\" \/>\n\t<meta name=\"twitter:data1\" content=\"Tar\u0131k\" \/>\n\t<meta name=\"twitter:label2\" content=\"Tahmini okuma s\u00fcresi\" \/>\n\t<meta name=\"twitter:data2\" content=\"1 dakika\" \/>\n<script type=\"application\/ld+json\" class=\"yoast-schema-graph\">{\"@context\":\"https:\/\/schema.org\",\"@graph\":[{\"@type\":\"Article\",\"@id\":\"https:\/\/narteks.net\/index.php\/2011\/03\/07\/oyle-bir-hayat-yasiyorum-ki\/#article\",\"isPartOf\":{\"@id\":\"https:\/\/narteks.net\/index.php\/2011\/03\/07\/oyle-bir-hayat-yasiyorum-ki\/\"},\"author\":{\"name\":\"Tar\u0131k\",\"@id\":\"https:\/\/narteks.net\/#\/schema\/person\/61f37d9834294b72d31d274e7ed79bca\"},\"headline\":\"\u00d6YLE B\u0130R HAYAT YA\u015eIYORUM K\u0130\",\"datePublished\":\"2011-03-07T09:36:13+00:00\",\"mainEntityOfPage\":{\"@id\":\"https:\/\/narteks.net\/index.php\/2011\/03\/07\/oyle-bir-hayat-yasiyorum-ki\/\"},\"wordCount\":132,\"commentCount\":0,\"publisher\":{\"@id\":\"https:\/\/narteks.net\/#organization\"},\"articleSection\":[\"Friedrich NIETZSCHE\"],\"inLanguage\":\"tr\",\"potentialAction\":[{\"@type\":\"CommentAction\",\"name\":\"Comment\",\"target\":[\"https:\/\/narteks.net\/index.php\/2011\/03\/07\/oyle-bir-hayat-yasiyorum-ki\/#respond\"]}]},{\"@type\":\"WebPage\",\"@id\":\"https:\/\/narteks.net\/index.php\/2011\/03\/07\/oyle-bir-hayat-yasiyorum-ki\/\",\"url\":\"https:\/\/narteks.net\/index.php\/2011\/03\/07\/oyle-bir-hayat-yasiyorum-ki\/\",\"name\":\"\u00d6YLE B\u0130R HAYAT YA\u015eIYORUM K\u0130 - narteks.net\",\"isPartOf\":{\"@id\":\"https:\/\/narteks.net\/#website\"},\"datePublished\":\"2011-03-07T09:36:13+00:00\",\"breadcrumb\":{\"@id\":\"https:\/\/narteks.net\/index.php\/2011\/03\/07\/oyle-bir-hayat-yasiyorum-ki\/#breadcrumb\"},\"inLanguage\":\"tr\",\"potentialAction\":[{\"@type\":\"ReadAction\",\"target\":[\"https:\/\/narteks.net\/index.php\/2011\/03\/07\/oyle-bir-hayat-yasiyorum-ki\/\"]}]},{\"@type\":\"BreadcrumbList\",\"@id\":\"https:\/\/narteks.net\/index.php\/2011\/03\/07\/oyle-bir-hayat-yasiyorum-ki\/#breadcrumb\",\"itemListElement\":[{\"@type\":\"ListItem\",\"position\":1,\"name\":\"Anasayfa\",\"item\":\"https:\/\/narteks.net\/\"},{\"@type\":\"ListItem\",\"position\":2,\"name\":\"\u00d6YLE B\u0130R HAYAT YA\u015eIYORUM K\u0130\"}]},{\"@type\":\"WebSite\",\"@id\":\"https:\/\/narteks.net\/#website\",\"url\":\"https:\/\/narteks.net\/\",\"name\":\"narteks.net\",\"description\":\"K\u00fclt\u00fcr Sanat Edebiyat Felsefe\",\"publisher\":{\"@id\":\"https:\/\/narteks.net\/#organization\"},\"alternateName\":\"K\u00fclt\u00fcr Sanat Edebiyat Felsefe\",\"potentialAction\":[{\"@type\":\"SearchAction\",\"target\":{\"@type\":\"EntryPoint\",\"urlTemplate\":\"https:\/\/narteks.net\/?s={search_term_string}\"},\"query-input\":{\"@type\":\"PropertyValueSpecification\",\"valueRequired\":true,\"valueName\":\"search_term_string\"}}],\"inLanguage\":\"tr\"},{\"@type\":\"Organization\",\"@id\":\"https:\/\/narteks.net\/#organization\",\"name\":\"narteks.net\",\"url\":\"https:\/\/narteks.net\/\",\"logo\":{\"@type\":\"ImageObject\",\"inLanguage\":\"tr\",\"@id\":\"https:\/\/narteks.net\/#\/schema\/logo\/image\/\",\"url\":\"https:\/\/narteks.net\/wp-content\/uploads\/narteks.png\",\"contentUrl\":\"https:\/\/narteks.net\/wp-content\/uploads\/narteks.png\",\"width\":300,\"height\":90,\"caption\":\"narteks.net\"},\"image\":{\"@id\":\"https:\/\/narteks.net\/#\/schema\/logo\/image\/\"},\"sameAs\":[\"https:\/\/x.com\/narteks\",\"https:\/\/instagram.com\/narteksnet\"]},{\"@type\":\"Person\",\"@id\":\"https:\/\/narteks.net\/#\/schema\/person\/61f37d9834294b72d31d274e7ed79bca\",\"name\":\"Tar\u0131k\",\"image\":{\"@type\":\"ImageObject\",\"inLanguage\":\"tr\",\"@id\":\"https:\/\/narteks.net\/#\/schema\/person\/image\/\",\"url\":\"https:\/\/secure.gravatar.com\/avatar\/50865afb55632c4ae467e0af0930f6510aa2297d8014be502a55b14f3b7550cf?s=96&d=mm&r=g\",\"contentUrl\":\"https:\/\/secure.gravatar.com\/avatar\/50865afb55632c4ae467e0af0930f6510aa2297d8014be502a55b14f3b7550cf?s=96&d=mm&r=g\",\"caption\":\"Tar\u0131k\"},\"sameAs\":[\"http:\/\/narteks.net\"],\"url\":\"https:\/\/narteks.net\/index.php\/author\/narbak\/\"}]}<\/script>\n<!-- \/ Yoast SEO Premium plugin. -->","yoast_head_json":{"title":"\u00d6YLE B\u0130R HAYAT YA\u015eIYORUM K\u0130 - narteks.net","robots":{"index":"index","follow":"follow","max-snippet":"max-snippet:-1","max-image-preview":"max-image-preview:large","max-video-preview":"max-video-preview:-1"},"canonical":"https:\/\/narteks.net\/index.php\/2011\/03\/07\/oyle-bir-hayat-yasiyorum-ki\/","og_locale":"tr_TR","og_type":"article","og_title":"\u00d6YLE B\u0130R HAYAT YA\u015eIYORUM K\u0130","og_description":"\u00a0 \u00d6yle bir hayat ya\u015f\u0131yorum ki,Cenneti de g\u00f6rd\u00fcm, cehennemi de\u00d6yle bir a\u015fk ya\u015fad\u0131m ki, Tutkuyu da g\u00f6rd\u00fcm, pes etmeyi de.Baz\u0131lar\u0131 seyrederken hayati en \u00f6nden,Kendime bir sahne buldum oynad\u0131m.\u00d6yle bir rol vermi\u015fler ki,Okudum okudum anlamad\u0131m.Kendi kendime konu\u015ftum bazen evimde,Hem k\u0131zd\u0131m hem g\u00fcld\u00fcm halime,Sonra de\u2026dim ki \u2018s\u00f6z ver kendine\u2019Denizleri seviyorsan, dalgalar\u0131 da seveceksin,Sevilmek istiyorsan, \u00f6nce sevmeyi bileceksin,U\u00e7may\u0131 [&hellip;]","og_url":"https:\/\/narteks.net\/index.php\/2011\/03\/07\/oyle-bir-hayat-yasiyorum-ki\/","og_site_name":"narteks.net","article_published_time":"2011-03-07T09:36:13+00:00","og_image":[{"width":300,"height":90,"url":"https:\/\/narteks.net\/wp-content\/uploads\/narteks.png","type":"image\/png"}],"author":"Tar\u0131k","twitter_card":"summary_large_image","twitter_creator":"@narteks","twitter_site":"@narteks","twitter_misc":{"Yazan:":"Tar\u0131k","Tahmini okuma s\u00fcresi":"1 dakika"},"schema":{"@context":"https:\/\/schema.org","@graph":[{"@type":"Article","@id":"https:\/\/narteks.net\/index.php\/2011\/03\/07\/oyle-bir-hayat-yasiyorum-ki\/#article","isPartOf":{"@id":"https:\/\/narteks.net\/index.php\/2011\/03\/07\/oyle-bir-hayat-yasiyorum-ki\/"},"author":{"name":"Tar\u0131k","@id":"https:\/\/narteks.net\/#\/schema\/person\/61f37d9834294b72d31d274e7ed79bca"},"headline":"\u00d6YLE B\u0130R HAYAT YA\u015eIYORUM K\u0130","datePublished":"2011-03-07T09:36:13+00:00","mainEntityOfPage":{"@id":"https:\/\/narteks.net\/index.php\/2011\/03\/07\/oyle-bir-hayat-yasiyorum-ki\/"},"wordCount":132,"commentCount":0,"publisher":{"@id":"https:\/\/narteks.net\/#organization"},"articleSection":["Friedrich NIETZSCHE"],"inLanguage":"tr","potentialAction":[{"@type":"CommentAction","name":"Comment","target":["https:\/\/narteks.net\/index.php\/2011\/03\/07\/oyle-bir-hayat-yasiyorum-ki\/#respond"]}]},{"@type":"WebPage","@id":"https:\/\/narteks.net\/index.php\/2011\/03\/07\/oyle-bir-hayat-yasiyorum-ki\/","url":"https:\/\/narteks.net\/index.php\/2011\/03\/07\/oyle-bir-hayat-yasiyorum-ki\/","name":"\u00d6YLE B\u0130R HAYAT YA\u015eIYORUM K\u0130 - narteks.net","isPartOf":{"@id":"https:\/\/narteks.net\/#website"},"datePublished":"2011-03-07T09:36:13+00:00","breadcrumb":{"@id":"https:\/\/narteks.net\/index.php\/2011\/03\/07\/oyle-bir-hayat-yasiyorum-ki\/#breadcrumb"},"inLanguage":"tr","potentialAction":[{"@type":"ReadAction","target":["https:\/\/narteks.net\/index.php\/2011\/03\/07\/oyle-bir-hayat-yasiyorum-ki\/"]}]},{"@type":"BreadcrumbList","@id":"https:\/\/narteks.net\/index.php\/2011\/03\/07\/oyle-bir-hayat-yasiyorum-ki\/#breadcrumb","itemListElement":[{"@type":"ListItem","position":1,"name":"Anasayfa","item":"https:\/\/narteks.net\/"},{"@type":"ListItem","position":2,"name":"\u00d6YLE B\u0130R HAYAT YA\u015eIYORUM K\u0130"}]},{"@type":"WebSite","@id":"https:\/\/narteks.net\/#website","url":"https:\/\/narteks.net\/","name":"narteks.net","description":"K\u00fclt\u00fcr Sanat Edebiyat Felsefe","publisher":{"@id":"https:\/\/narteks.net\/#organization"},"alternateName":"K\u00fclt\u00fcr Sanat Edebiyat Felsefe","potentialAction":[{"@type":"SearchAction","target":{"@type":"EntryPoint","urlTemplate":"https:\/\/narteks.net\/?s={search_term_string}"},"query-input":{"@type":"PropertyValueSpecification","valueRequired":true,"valueName":"search_term_string"}}],"inLanguage":"tr"},{"@type":"Organization","@id":"https:\/\/narteks.net\/#organization","name":"narteks.net","url":"https:\/\/narteks.net\/","logo":{"@type":"ImageObject","inLanguage":"tr","@id":"https:\/\/narteks.net\/#\/schema\/logo\/image\/","url":"https:\/\/narteks.net\/wp-content\/uploads\/narteks.png","contentUrl":"https:\/\/narteks.net\/wp-content\/uploads\/narteks.png","width":300,"height":90,"caption":"narteks.net"},"image":{"@id":"https:\/\/narteks.net\/#\/schema\/logo\/image\/"},"sameAs":["https:\/\/x.com\/narteks","https:\/\/instagram.com\/narteksnet"]},{"@type":"Person","@id":"https:\/\/narteks.net\/#\/schema\/person\/61f37d9834294b72d31d274e7ed79bca","name":"Tar\u0131k","image":{"@type":"ImageObject","inLanguage":"tr","@id":"https:\/\/narteks.net\/#\/schema\/person\/image\/","url":"https:\/\/secure.gravatar.com\/avatar\/50865afb55632c4ae467e0af0930f6510aa2297d8014be502a55b14f3b7550cf?s=96&d=mm&r=g","contentUrl":"https:\/\/secure.gravatar.com\/avatar\/50865afb55632c4ae467e0af0930f6510aa2297d8014be502a55b14f3b7550cf?s=96&d=mm&r=g","caption":"Tar\u0131k"},"sameAs":["http:\/\/narteks.net"],"url":"https:\/\/narteks.net\/index.php\/author\/narbak\/"}]}},"_links":{"self":[{"href":"https:\/\/narteks.net\/index.php\/wp-json\/wp\/v2\/posts\/5764","targetHints":{"allow":["GET"]}}],"collection":[{"href":"https:\/\/narteks.net\/index.php\/wp-json\/wp\/v2\/posts"}],"about":[{"href":"https:\/\/narteks.net\/index.php\/wp-json\/wp\/v2\/types\/post"}],"author":[{"embeddable":true,"href":"https:\/\/narteks.net\/index.php\/wp-json\/wp\/v2\/users\/1"}],"replies":[{"embeddable":true,"href":"https:\/\/narteks.net\/index.php\/wp-json\/wp\/v2\/comments?post=5764"}],"version-history":[{"count":0,"href":"https:\/\/narteks.net\/index.php\/wp-json\/wp\/v2\/posts\/5764\/revisions"}],"wp:attachment":[{"href":"https:\/\/narteks.net\/index.php\/wp-json\/wp\/v2\/media?parent=5764"}],"wp:term":[{"taxonomy":"category","embeddable":true,"href":"https:\/\/narteks.net\/index.php\/wp-json\/wp\/v2\/categories?post=5764"},{"taxonomy":"post_tag","embeddable":true,"href":"https:\/\/narteks.net\/index.php\/wp-json\/wp\/v2\/tags?post=5764"}],"curies":[{"name":"wp","href":"https:\/\/api.w.org\/{rel}","templated":true}]}}