{"id":5784,"date":"2011-03-08T17:03:45","date_gmt":"2011-03-08T14:03:45","guid":{"rendered":"http:\/\/localhost\/wordpress\/2011\/03\/08\/aci\/"},"modified":"2011-03-08T17:03:45","modified_gmt":"2011-03-08T14:03:45","slug":"aci","status":"publish","type":"post","link":"https:\/\/narteks.net\/index.php\/2011\/03\/08\/aci\/","title":{"rendered":"ACI&#8230;"},"content":{"rendered":"<p>\u00a0<\/p>\n<p>Ve bir kad\u0131n, &#8220;Bize ac\u0131dan bahset&#8221; dedi.<\/p>\n<p>Ve o cevap verdi:<\/p>\n<p>&#8220;Ac\u0131n\u0131z, anlay\u0131\u015f\u0131n\u0131z\u0131 saklayan kabu\u011fun k\u0131r\u0131l\u0131\u015f\u0131d\u0131r.<\/p>\n<p>Nas\u0131l bir meyvenin \u00e7ekirde\u011fi, kalbi G\u00fcne\u015f&#8217;i g\u00f6rebilsin diye<br \/>kabu\u011funu k\u0131rmak zorundaysa, siz de ac\u0131y\u0131 bilmelisiniz.<\/p>\n<p>Ve e\u011fer kalbinizi, ya\u015fam\u0131n\u0131z\u0131n g\u00fcnl\u00fck mucizelerini<br \/>hayranl\u0131kla izlemek \u00fczere a\u00e7arsan\u0131z,ac\u0131n\u0131z\u0131n, ne\u015fenizden<br \/>hi\u00e7 de daha az harikulade olmad\u0131\u011f\u0131n\u0131 g\u00f6receksiniz;<\/p>\n<p>Ve k\u0131rlar\u0131n\u0131z\u0131n \u00fcst\u00fcnden mevsimlerin ge\u00e7i\u015fini kabul etti\u011finiz gibi,<br \/>ayn\u0131 do\u011fall\u0131kla, kalbinizin mevsimlerini de onayl\u0131yacaks\u0131n\u0131z.<\/p>\n<p>Ve kederinizin k\u0131\u015f\u0131n\u0131 da,<br \/>pencerenizden huzur i\u00e7inde seyredeceksiniz.<\/p>\n<p>Ac\u0131lar\u0131n\u0131z\u0131n \u00e7o\u011fu sizin taraf\u0131ndan se\u00e7ilmi\u015ftir.<\/p>\n<p>Ac\u0131n\u0131z, asl\u0131nda i\u00e7inizdeki doktorun, hasta yan\u0131n\u0131z\u0131<br \/>iyile\u015ftirmek i\u00e7in sundu\u011fu &#8220;ac\u0131&#8221; ila\u00e7t\u0131r.<\/p>\n<p>Doktorunuza g\u00fcvenin ve verdi\u011fi ilac\u0131 sessizce ve sakince i\u00e7in;<\/p>\n<p>\u00c7\u00fcnk\u00fc size sert ve ha\u015fin de gelse, onun elleri<br \/>&#8220;G\u00f6r\u00fclmeyen&#8221;in \u015fefkatli elleri taraf\u0131ndan y\u00f6nlendirilir.<\/p>\n<p>Ve size ilac\u0131 sundu\u011fu kadeh dudaklar\u0131n\u0131z\u0131 yaksa da,<br \/>O&#8217;nun kutsal g\u00f6zya\u015flar\u0131yla \u0131slanm\u0131\u015f kilden yap\u0131lm\u0131\u015ft\u0131r.&#8221; <\/p>\n<p>Halil C\u0130BRAN<\/p>\n","protected":false},"excerpt":{"rendered":"<p>\u00a0 Ve bir kad\u0131n, &#8220;Bize ac\u0131dan bahset&#8221; dedi. Ve o cevap verdi: &#8220;Ac\u0131n\u0131z, anlay\u0131\u015f\u0131n\u0131z\u0131 saklayan kabu\u011fun k\u0131r\u0131l\u0131\u015f\u0131d\u0131r. Nas\u0131l bir meyvenin \u00e7ekirde\u011fi, kalbi G\u00fcne\u015f&#8217;i g\u00f6rebilsin diyekabu\u011funu k\u0131rmak zorundaysa, siz de ac\u0131y\u0131 bilmelisiniz. Ve e\u011fer kalbinizi, ya\u015fam\u0131n\u0131z\u0131n g\u00fcnl\u00fck mucizelerinihayranl\u0131kla izlemek \u00fczere a\u00e7arsan\u0131z,ac\u0131n\u0131z\u0131n, ne\u015fenizdenhi\u00e7 de daha az harikulade olmad\u0131\u011f\u0131n\u0131 g\u00f6receksiniz; Ve k\u0131rlar\u0131n\u0131z\u0131n \u00fcst\u00fcnden mevsimlerin ge\u00e7i\u015fini kabul etti\u011finiz gibi,ayn\u0131 [&hellip;]<\/p>\n","protected":false},"author":1,"featured_media":0,"comment_status":"open","ping_status":"open","sticky":false,"template":"","format":"standard","meta":{"footnotes":""},"categories":[180],"tags":[],"class_list":{"0":"post-5784","1":"post","2":"type-post","3":"status-publish","4":"format-standard","6":"category-halil-cibran"},"yoast_head":"<!-- This site is optimized with the Yoast SEO Premium plugin v24.9 (Yoast SEO v24.9) - https:\/\/yoast.com\/wordpress\/plugins\/seo\/ -->\n<title>ACI... - narteks.net<\/title>\n<meta name=\"robots\" content=\"index, follow, max-snippet:-1, max-image-preview:large, max-video-preview:-1\" \/>\n<link rel=\"canonical\" href=\"https:\/\/narteks.net\/index.php\/2011\/03\/08\/aci\/\" \/>\n<meta property=\"og:locale\" content=\"tr_TR\" \/>\n<meta property=\"og:type\" content=\"article\" \/>\n<meta property=\"og:title\" content=\"ACI...\" \/>\n<meta property=\"og:description\" content=\"\u00a0 Ve bir kad\u0131n, &#8220;Bize ac\u0131dan bahset&#8221; dedi. Ve o cevap verdi: &#8220;Ac\u0131n\u0131z, anlay\u0131\u015f\u0131n\u0131z\u0131 saklayan kabu\u011fun k\u0131r\u0131l\u0131\u015f\u0131d\u0131r. Nas\u0131l bir meyvenin \u00e7ekirde\u011fi, kalbi G\u00fcne\u015f&#8217;i g\u00f6rebilsin diyekabu\u011funu k\u0131rmak zorundaysa, siz de ac\u0131y\u0131 bilmelisiniz. Ve e\u011fer kalbinizi, ya\u015fam\u0131n\u0131z\u0131n g\u00fcnl\u00fck mucizelerinihayranl\u0131kla izlemek \u00fczere a\u00e7arsan\u0131z,ac\u0131n\u0131z\u0131n, ne\u015fenizdenhi\u00e7 de daha az harikulade olmad\u0131\u011f\u0131n\u0131 g\u00f6receksiniz; Ve k\u0131rlar\u0131n\u0131z\u0131n \u00fcst\u00fcnden mevsimlerin ge\u00e7i\u015fini kabul etti\u011finiz gibi,ayn\u0131 [&hellip;]\" \/>\n<meta property=\"og:url\" content=\"https:\/\/narteks.net\/index.php\/2011\/03\/08\/aci\/\" \/>\n<meta property=\"og:site_name\" content=\"narteks.net\" \/>\n<meta property=\"article:published_time\" content=\"2011-03-08T14:03:45+00:00\" \/>\n<meta property=\"og:image\" content=\"https:\/\/narteks.net\/wp-content\/uploads\/narteks.png\" \/>\n\t<meta property=\"og:image:width\" content=\"300\" \/>\n\t<meta property=\"og:image:height\" content=\"90\" \/>\n\t<meta property=\"og:image:type\" content=\"image\/png\" \/>\n<meta name=\"author\" content=\"Tar\u0131k\" \/>\n<meta name=\"twitter:card\" content=\"summary_large_image\" \/>\n<meta name=\"twitter:creator\" content=\"@narteks\" \/>\n<meta name=\"twitter:site\" content=\"@narteks\" \/>\n<meta name=\"twitter:label1\" content=\"Yazan:\" \/>\n\t<meta name=\"twitter:data1\" content=\"Tar\u0131k\" \/>\n\t<meta name=\"twitter:label2\" content=\"Tahmini okuma s\u00fcresi\" \/>\n\t<meta name=\"twitter:data2\" content=\"1 dakika\" \/>\n<script type=\"application\/ld+json\" class=\"yoast-schema-graph\">{\"@context\":\"https:\/\/schema.org\",\"@graph\":[{\"@type\":\"Article\",\"@id\":\"https:\/\/narteks.net\/index.php\/2011\/03\/08\/aci\/#article\",\"isPartOf\":{\"@id\":\"https:\/\/narteks.net\/index.php\/2011\/03\/08\/aci\/\"},\"author\":{\"name\":\"Tar\u0131k\",\"@id\":\"https:\/\/narteks.net\/#\/schema\/person\/61f37d9834294b72d31d274e7ed79bca\"},\"headline\":\"ACI&#8230;\",\"datePublished\":\"2011-03-08T14:03:45+00:00\",\"mainEntityOfPage\":{\"@id\":\"https:\/\/narteks.net\/index.php\/2011\/03\/08\/aci\/\"},\"wordCount\":213,\"commentCount\":0,\"publisher\":{\"@id\":\"https:\/\/narteks.net\/#organization\"},\"articleSection\":[\"Halil C\u0130BRAN\"],\"inLanguage\":\"tr\",\"potentialAction\":[{\"@type\":\"CommentAction\",\"name\":\"Comment\",\"target\":[\"https:\/\/narteks.net\/index.php\/2011\/03\/08\/aci\/#respond\"]}]},{\"@type\":\"WebPage\",\"@id\":\"https:\/\/narteks.net\/index.php\/2011\/03\/08\/aci\/\",\"url\":\"https:\/\/narteks.net\/index.php\/2011\/03\/08\/aci\/\",\"name\":\"ACI... - narteks.net\",\"isPartOf\":{\"@id\":\"https:\/\/narteks.net\/#website\"},\"datePublished\":\"2011-03-08T14:03:45+00:00\",\"breadcrumb\":{\"@id\":\"https:\/\/narteks.net\/index.php\/2011\/03\/08\/aci\/#breadcrumb\"},\"inLanguage\":\"tr\",\"potentialAction\":[{\"@type\":\"ReadAction\",\"target\":[\"https:\/\/narteks.net\/index.php\/2011\/03\/08\/aci\/\"]}]},{\"@type\":\"BreadcrumbList\",\"@id\":\"https:\/\/narteks.net\/index.php\/2011\/03\/08\/aci\/#breadcrumb\",\"itemListElement\":[{\"@type\":\"ListItem\",\"position\":1,\"name\":\"Anasayfa\",\"item\":\"https:\/\/narteks.net\/\"},{\"@type\":\"ListItem\",\"position\":2,\"name\":\"ACI&#8230;\"}]},{\"@type\":\"WebSite\",\"@id\":\"https:\/\/narteks.net\/#website\",\"url\":\"https:\/\/narteks.net\/\",\"name\":\"narteks.net\",\"description\":\"K\u00fclt\u00fcr Sanat Edebiyat Felsefe\",\"publisher\":{\"@id\":\"https:\/\/narteks.net\/#organization\"},\"alternateName\":\"K\u00fclt\u00fcr Sanat Edebiyat Felsefe\",\"potentialAction\":[{\"@type\":\"SearchAction\",\"target\":{\"@type\":\"EntryPoint\",\"urlTemplate\":\"https:\/\/narteks.net\/?s={search_term_string}\"},\"query-input\":{\"@type\":\"PropertyValueSpecification\",\"valueRequired\":true,\"valueName\":\"search_term_string\"}}],\"inLanguage\":\"tr\"},{\"@type\":\"Organization\",\"@id\":\"https:\/\/narteks.net\/#organization\",\"name\":\"narteks.net\",\"url\":\"https:\/\/narteks.net\/\",\"logo\":{\"@type\":\"ImageObject\",\"inLanguage\":\"tr\",\"@id\":\"https:\/\/narteks.net\/#\/schema\/logo\/image\/\",\"url\":\"https:\/\/narteks.net\/wp-content\/uploads\/narteks.png\",\"contentUrl\":\"https:\/\/narteks.net\/wp-content\/uploads\/narteks.png\",\"width\":300,\"height\":90,\"caption\":\"narteks.net\"},\"image\":{\"@id\":\"https:\/\/narteks.net\/#\/schema\/logo\/image\/\"},\"sameAs\":[\"https:\/\/x.com\/narteks\",\"https:\/\/instagram.com\/narteksnet\"]},{\"@type\":\"Person\",\"@id\":\"https:\/\/narteks.net\/#\/schema\/person\/61f37d9834294b72d31d274e7ed79bca\",\"name\":\"Tar\u0131k\",\"image\":{\"@type\":\"ImageObject\",\"inLanguage\":\"tr\",\"@id\":\"https:\/\/narteks.net\/#\/schema\/person\/image\/\",\"url\":\"https:\/\/secure.gravatar.com\/avatar\/50865afb55632c4ae467e0af0930f6510aa2297d8014be502a55b14f3b7550cf?s=96&d=mm&r=g\",\"contentUrl\":\"https:\/\/secure.gravatar.com\/avatar\/50865afb55632c4ae467e0af0930f6510aa2297d8014be502a55b14f3b7550cf?s=96&d=mm&r=g\",\"caption\":\"Tar\u0131k\"},\"sameAs\":[\"http:\/\/narteks.net\"],\"url\":\"https:\/\/narteks.net\/index.php\/author\/narbak\/\"}]}<\/script>\n<!-- \/ Yoast SEO Premium plugin. -->","yoast_head_json":{"title":"ACI... - narteks.net","robots":{"index":"index","follow":"follow","max-snippet":"max-snippet:-1","max-image-preview":"max-image-preview:large","max-video-preview":"max-video-preview:-1"},"canonical":"https:\/\/narteks.net\/index.php\/2011\/03\/08\/aci\/","og_locale":"tr_TR","og_type":"article","og_title":"ACI...","og_description":"\u00a0 Ve bir kad\u0131n, &#8220;Bize ac\u0131dan bahset&#8221; dedi. Ve o cevap verdi: &#8220;Ac\u0131n\u0131z, anlay\u0131\u015f\u0131n\u0131z\u0131 saklayan kabu\u011fun k\u0131r\u0131l\u0131\u015f\u0131d\u0131r. Nas\u0131l bir meyvenin \u00e7ekirde\u011fi, kalbi G\u00fcne\u015f&#8217;i g\u00f6rebilsin diyekabu\u011funu k\u0131rmak zorundaysa, siz de ac\u0131y\u0131 bilmelisiniz. Ve e\u011fer kalbinizi, ya\u015fam\u0131n\u0131z\u0131n g\u00fcnl\u00fck mucizelerinihayranl\u0131kla izlemek \u00fczere a\u00e7arsan\u0131z,ac\u0131n\u0131z\u0131n, ne\u015fenizdenhi\u00e7 de daha az harikulade olmad\u0131\u011f\u0131n\u0131 g\u00f6receksiniz; Ve k\u0131rlar\u0131n\u0131z\u0131n \u00fcst\u00fcnden mevsimlerin ge\u00e7i\u015fini kabul etti\u011finiz gibi,ayn\u0131 [&hellip;]","og_url":"https:\/\/narteks.net\/index.php\/2011\/03\/08\/aci\/","og_site_name":"narteks.net","article_published_time":"2011-03-08T14:03:45+00:00","og_image":[{"width":300,"height":90,"url":"https:\/\/narteks.net\/wp-content\/uploads\/narteks.png","type":"image\/png"}],"author":"Tar\u0131k","twitter_card":"summary_large_image","twitter_creator":"@narteks","twitter_site":"@narteks","twitter_misc":{"Yazan:":"Tar\u0131k","Tahmini okuma s\u00fcresi":"1 dakika"},"schema":{"@context":"https:\/\/schema.org","@graph":[{"@type":"Article","@id":"https:\/\/narteks.net\/index.php\/2011\/03\/08\/aci\/#article","isPartOf":{"@id":"https:\/\/narteks.net\/index.php\/2011\/03\/08\/aci\/"},"author":{"name":"Tar\u0131k","@id":"https:\/\/narteks.net\/#\/schema\/person\/61f37d9834294b72d31d274e7ed79bca"},"headline":"ACI&#8230;","datePublished":"2011-03-08T14:03:45+00:00","mainEntityOfPage":{"@id":"https:\/\/narteks.net\/index.php\/2011\/03\/08\/aci\/"},"wordCount":213,"commentCount":0,"publisher":{"@id":"https:\/\/narteks.net\/#organization"},"articleSection":["Halil C\u0130BRAN"],"inLanguage":"tr","potentialAction":[{"@type":"CommentAction","name":"Comment","target":["https:\/\/narteks.net\/index.php\/2011\/03\/08\/aci\/#respond"]}]},{"@type":"WebPage","@id":"https:\/\/narteks.net\/index.php\/2011\/03\/08\/aci\/","url":"https:\/\/narteks.net\/index.php\/2011\/03\/08\/aci\/","name":"ACI... - narteks.net","isPartOf":{"@id":"https:\/\/narteks.net\/#website"},"datePublished":"2011-03-08T14:03:45+00:00","breadcrumb":{"@id":"https:\/\/narteks.net\/index.php\/2011\/03\/08\/aci\/#breadcrumb"},"inLanguage":"tr","potentialAction":[{"@type":"ReadAction","target":["https:\/\/narteks.net\/index.php\/2011\/03\/08\/aci\/"]}]},{"@type":"BreadcrumbList","@id":"https:\/\/narteks.net\/index.php\/2011\/03\/08\/aci\/#breadcrumb","itemListElement":[{"@type":"ListItem","position":1,"name":"Anasayfa","item":"https:\/\/narteks.net\/"},{"@type":"ListItem","position":2,"name":"ACI&#8230;"}]},{"@type":"WebSite","@id":"https:\/\/narteks.net\/#website","url":"https:\/\/narteks.net\/","name":"narteks.net","description":"K\u00fclt\u00fcr Sanat Edebiyat Felsefe","publisher":{"@id":"https:\/\/narteks.net\/#organization"},"alternateName":"K\u00fclt\u00fcr Sanat Edebiyat Felsefe","potentialAction":[{"@type":"SearchAction","target":{"@type":"EntryPoint","urlTemplate":"https:\/\/narteks.net\/?s={search_term_string}"},"query-input":{"@type":"PropertyValueSpecification","valueRequired":true,"valueName":"search_term_string"}}],"inLanguage":"tr"},{"@type":"Organization","@id":"https:\/\/narteks.net\/#organization","name":"narteks.net","url":"https:\/\/narteks.net\/","logo":{"@type":"ImageObject","inLanguage":"tr","@id":"https:\/\/narteks.net\/#\/schema\/logo\/image\/","url":"https:\/\/narteks.net\/wp-content\/uploads\/narteks.png","contentUrl":"https:\/\/narteks.net\/wp-content\/uploads\/narteks.png","width":300,"height":90,"caption":"narteks.net"},"image":{"@id":"https:\/\/narteks.net\/#\/schema\/logo\/image\/"},"sameAs":["https:\/\/x.com\/narteks","https:\/\/instagram.com\/narteksnet"]},{"@type":"Person","@id":"https:\/\/narteks.net\/#\/schema\/person\/61f37d9834294b72d31d274e7ed79bca","name":"Tar\u0131k","image":{"@type":"ImageObject","inLanguage":"tr","@id":"https:\/\/narteks.net\/#\/schema\/person\/image\/","url":"https:\/\/secure.gravatar.com\/avatar\/50865afb55632c4ae467e0af0930f6510aa2297d8014be502a55b14f3b7550cf?s=96&d=mm&r=g","contentUrl":"https:\/\/secure.gravatar.com\/avatar\/50865afb55632c4ae467e0af0930f6510aa2297d8014be502a55b14f3b7550cf?s=96&d=mm&r=g","caption":"Tar\u0131k"},"sameAs":["http:\/\/narteks.net"],"url":"https:\/\/narteks.net\/index.php\/author\/narbak\/"}]}},"_links":{"self":[{"href":"https:\/\/narteks.net\/index.php\/wp-json\/wp\/v2\/posts\/5784","targetHints":{"allow":["GET"]}}],"collection":[{"href":"https:\/\/narteks.net\/index.php\/wp-json\/wp\/v2\/posts"}],"about":[{"href":"https:\/\/narteks.net\/index.php\/wp-json\/wp\/v2\/types\/post"}],"author":[{"embeddable":true,"href":"https:\/\/narteks.net\/index.php\/wp-json\/wp\/v2\/users\/1"}],"replies":[{"embeddable":true,"href":"https:\/\/narteks.net\/index.php\/wp-json\/wp\/v2\/comments?post=5784"}],"version-history":[{"count":0,"href":"https:\/\/narteks.net\/index.php\/wp-json\/wp\/v2\/posts\/5784\/revisions"}],"wp:attachment":[{"href":"https:\/\/narteks.net\/index.php\/wp-json\/wp\/v2\/media?parent=5784"}],"wp:term":[{"taxonomy":"category","embeddable":true,"href":"https:\/\/narteks.net\/index.php\/wp-json\/wp\/v2\/categories?post=5784"},{"taxonomy":"post_tag","embeddable":true,"href":"https:\/\/narteks.net\/index.php\/wp-json\/wp\/v2\/tags?post=5784"}],"curies":[{"name":"wp","href":"https:\/\/api.w.org\/{rel}","templated":true}]}}