{"id":5791,"date":"2011-03-08T17:23:21","date_gmt":"2011-03-08T14:23:21","guid":{"rendered":"http:\/\/localhost\/wordpress\/2011\/03\/08\/ermis\/"},"modified":"2011-03-08T17:23:21","modified_gmt":"2011-03-08T14:23:21","slug":"ermis","status":"publish","type":"post","link":"https:\/\/narteks.net\/index.php\/2011\/03\/08\/ermis\/","title":{"rendered":"ERM\u0130\u015e"},"content":{"rendered":"<p>\u00a0<\/p>\n<p>Kendi g\u00fcn\u00fcn\u00fcn \u015fafa\u011f\u0131nda, se\u00e7ilmi\u015f ve sevilen insan Al Mustafa,<br \/>tam oniki y\u0131l boyunca Orphales \u015fehrinde, gemisinin geri d\u00f6n\u00fcp<br \/>kendisini do\u011fdu\u011fu adaya g\u00f6t\u00fcrmesini bekledi.<\/p>\n<p>Ve onikinci y\u0131lda, hasat ay\u0131 olan Ielool&#8217;un yedinci g\u00fcn\u00fcnde,<br \/>\u015fehir duvarlar\u0131ndan uzak bir tepeye t\u0131rmand\u0131, denize do\u011fru bakt\u0131<br \/>ve gemisinin sisle beraber geli\u015fini seyretti.<\/p>\n<p>O anda kalbinin kap\u0131lar\u0131 a\u00e7\u0131ld\u0131 ve sevinci denize do\u011fru uzand\u0131.<br \/>Ve g\u00f6zlerini kapad\u0131, ruhunun sessizli\u011finde dua etti.<\/p>\n<p>Tepeden inerken bir h\u00fcz\u00fcn hissetti ve kalbinde \u015f\u00f6yle d\u00fc\u015f\u00fcnd\u00fc:<\/p>\n<p>&#8216;Nas\u0131l huzur i\u00e7inde ve \u00fcz\u00fclmeden gidebilirim?<br \/>Hay\u0131r, ruhum yara almadan bu \u015fehri terketmeliyim..<\/p>\n<p>Duvarlar aras\u0131nda ac\u0131 dolu ge\u00e7en uzun g\u00fcnler,<br \/>yaln\u0131zl\u0131k i\u00e7inde uzun geceler; kim ac\u0131dan ve<br \/>yaln\u0131zl\u0131ktan pi\u015fmanl\u0131k duymadan buradan kopabilir?<\/p>\n<p>Bu caddelere ruhumdan o kadar \u00e7ok par\u00e7a sa\u00e7t\u0131m ki,<br \/>\u00f6zlemimin o kadar \u00e7ok \u00e7ocu\u011fu bu tepelerde \u00e7\u0131plak dola\u015ft\u0131 ki,<br \/>s\u0131k\u0131nt\u0131 ve \u0131st\u0131rap \u00e7ekmeden onlardan kendimi ay\u0131ramam..<\/p>\n<p>Bug\u00fcn \u00fcst\u00fcmden \u00e7\u0131kard\u0131\u011f\u0131m bir giysi de\u011fil,<br \/>kendi ellerimle y\u0131rtt\u0131\u011f\u0131m derim, kabu\u011fum..<\/p>\n<p>Geride b\u0131rakt\u0131\u011f\u0131m bir d\u00fc\u015f\u00fcnce de\u011fil,<br \/>a\u00e7l\u0131k ve susuzlukla tatland\u0131r\u0131lm\u0131\u015f bir g\u00f6n\u00fcl&#8230;<\/p>\n<p>Yine de daha fazla oyalanamam&#8230;<\/p>\n<p>Her\u015feyi kendine \u00e7eken deniz beni de \u00e7a\u011f\u0131r\u0131yor;<br \/>yola \u00e7\u0131kmal\u0131y\u0131m&#8230;<\/p>\n<p>\u00c7\u00fcnk\u00fc kalmak, saatler geceyle yanarken,<br \/>donmak, kristalle\u015fmek ve bir kal\u0131ba d\u00f6k\u00fclmek demek&#8230;<\/p>\n<p>Buradaki her\u015feyi memnuniyetle yan\u0131ma al\u0131rd\u0131m, ama nas\u0131l?<\/p>\n<p>Bir ses, dili ve ona kanat olan dudaklar\u0131 ta\u015f\u0131yamaz.<br \/>Bo\u015flu\u011fu yaln\u0131z ba\u015f\u0131na aramal\u0131&#8230;<\/p>\n<p>Ve kartal, tek ba\u015f\u0131na,<br \/>yuvas\u0131n\u0131 ta\u015f\u0131madan G\u00fcne\u015f&#8217;e u\u00e7mal\u0131&#8230;&#8217;<\/p>\n<p>Tepenin yamac\u0131na eri\u015fti\u011finde tekrar denize d\u00f6nd\u00fc<br \/>ve ba\u015f taraf\u0131nda kendi y\u00f6resinden gemicileri bar\u0131nd\u0131ran<br \/>gemisinin limana yana\u015ft\u0131\u011f\u0131n\u0131 g\u00f6rd\u00fc.<\/p>\n<p>Ruhundan kopan s\u00f6zlerle onlara seslendi:<\/p>\n<p>&#8216;Kadim annemin o\u011fullar\u0131, med-cezir s\u00fcvarileri&#8230;<br \/>Ne kadar s\u0131k benim r\u00fcyalar\u0131ma yelken a\u00e7t\u0131n\u0131z.<br \/>\u015eimdi benim uyan\u0131\u015f\u0131ma geldiniz,<br \/>ki bu benim en derin r\u00fcyam olmal\u0131&#8230;<\/p>\n<p>Gitmeye haz\u0131r\u0131m ve \u015fevkimin yelkenleri r\u00fczgar\u0131 bekliyor.<\/p>\n<p>Bu durgun havadan sadece bir nefes daha alaca\u011f\u0131m,<br \/>sadece bir bak\u0131\u015f daha geriye, sevgi dolu&#8230;<\/p>\n<p>Ve sonra aran\u0131zda yerimi alaca\u011f\u0131m,<br \/>gemiciler aras\u0131nda bir deniz yolcusu olarak ben&#8230;<\/p>\n<p>Ve sen, engin deniz, uyuyan anne,<br \/>nehrin, \u0131rma\u011f\u0131n \u00f6zg\u00fcrl\u00fc\u011f\u00fc&#8230;<\/p>\n<p>Bu nehir sadece bir k\u0131vr\u0131m daha yapacak,<br \/>bu arazide bir kere daha \u00e7a\u011f\u0131ldayacak&#8230;<br \/>Ve ben sana gelece\u011fim,<br \/>s\u0131n\u0131rs\u0131z okyanusa s\u0131n\u0131rs\u0131z bir damla&#8230;&#8217;<\/p>\n<p>Y\u00fcr\u00fcrken, uzaktaki tarlalardan, ba\u011flardan,<br \/>erkeklerin ve kad\u0131nlar\u0131n<br \/>\u015fehir kap\u0131lar\u0131na do\u011fru ko\u015fu\u015ftuklar\u0131n\u0131 g\u00f6rd\u00fc.<br \/>Birbirlerine geminin geli\u015finden bahsettiklerini<br \/>ve kendi ad\u0131n\u0131 \u00e7a\u011f\u0131rd\u0131klar\u0131n\u0131 duydu.<\/p>\n<p>\u015e\u00f6yle d\u00fc\u015f\u00fcnd\u00fc:<\/p>\n<p>&#8216;Ayr\u0131l\u0131k g\u00fcn\u00fc, ayn\u0131 zamanda toplanma g\u00fcn\u00fc m\u00fc olacak?<br \/>Benim ak\u015fam\u0131m\u0131n asl\u0131nda \u015fafa\u011f\u0131m oldu\u011fu s\u00f6ylenecek mi?<\/p>\n<p>Saban\u0131n\u0131 tarlan\u0131n ortas\u0131nda b\u0131rakana,<br \/>\u00fcz\u00fcm cenderesinin \u00e7ark\u0131n\u0131 durdurana<br \/>ben ne verebilirim?<\/p>\n<p>Kalbim meyveyle y\u00fckl\u00fc bir a\u011faca d\u00f6n\u00fc\u015fse de<br \/>derleyip onlara sunabilsem..<\/p>\n<p>\u0130\u015ftiyak\u0131m bir p\u0131nar gibi aksa da kaplar\u0131n\u0131 doldurabilsem&#8230;<\/p>\n<p>Bir y\u00fccenin elinin dokunmas\u0131n\u0131 bekliyen bir harp m\u0131,<br \/>yoksa nefesinin i\u00e7imden ge\u00e7ece\u011fi bir fl\u00fct m\u00fcy\u00fcm?<\/p>\n<p>Sessizli\u011fin aray\u0131c\u0131s\u0131 olan ben, sessizlik i\u00e7inde<br \/>ba\u015fkalar\u0131na g\u00fcvenle da\u011f\u0131tabilece\u011fim<br \/>nas\u0131l bir hazine buldum?<\/p>\n<p>E\u011fer bug\u00fcn hasat g\u00fcn\u00fcyse, hangi tarlalara<br \/>ve hangi an\u0131msanmayan mevsimlerde<br \/>tohumlar\u0131 ekmi\u015f olabilirim?<\/p>\n<p>Ve e\u011fer fenerimi y\u00fckseltece\u011fim saat gelmi\u015fse,<br \/>i\u00e7inde yanan benim alevim olmayacak&#8230;<\/p>\n<p>Kendimi bombo\u015f ve karanl\u0131k hissederek<br \/>fenerimi kald\u0131raca\u011f\u0131m&#8230;<\/p>\n<p>Ve gecenin bek\u00e7isi fenerimin i\u00e7ine ya\u011f\u0131 koyacak;<br \/>onu yakacak da&#8230;&#8217;<\/p>\n<p>Bunlar kelimelere d\u00f6k\u00fclenlerdi.<br \/>Fakat kalbindeki pek \u00e7ok \u015fey, s\u00f6ylenmemi\u015f olarak kald\u0131.<br \/>\u00c7\u00fcnk\u00fc en derin gizemini a\u00e7\u0131klayamazd\u0131&#8230;<\/p>\n<p>Ve \u015fehre d\u00f6nd\u00fc\u011f\u00fcnde, herkes onu kar\u015f\u0131lamaya geldi.<br \/>Adeta tek bir ses olarak a\u011fl\u0131yorlard\u0131.<\/p>\n<p>Ve \u015fehrin ya\u015fl\u0131lar\u0131 ileri \u00e7\u0131k\u0131p \u015f\u00f6yle dediler:<\/p>\n<p>&#8216;Hen\u00fcz gitme; bizi b\u0131rakma.<\/p>\n<p>Bizim alacakaranl\u0131\u011f\u0131m\u0131za \u00f6\u011fle \u0131\u015f\u0131\u011f\u0131 oldun;<br \/>ve gen\u00e7li\u011fin, hayallerimize hayaller getirdi.<\/p>\n<p>Sen aram\u0131zda bir yabanc\u0131, bir misafir de\u011filsin.<br \/>\u00c7ok sevdi\u011fimiz o\u011flumuzsun&#8230;<\/p>\n<p>G\u00f6zlerimiz, senin y\u00fcz\u00fcn\u00fcn\u00fc g\u00f6rememenin a\u00e7l\u0131\u011f\u0131n\u0131<br \/>ve ac\u0131s\u0131n\u0131 ya\u015famas\u0131n.&#8217;<\/p>\n<p>Ve rahiplerle rahibeler konu\u015fmaya ba\u015flad\u0131lar:<\/p>\n<p>&#8216;Denizin dalgalar\u0131n\u0131n bizi ay\u0131rmas\u0131na,<br \/>aram\u0131zda ge\u00e7irdi\u011fin y\u0131llar\u0131n bir an\u0131 olmas\u0131na izin verme.<\/p>\n<p>Aram\u0131zda bir hayalet gibi y\u00fcr\u00fcd\u00fcn ve g\u00f6lgen,<br \/>y\u00fcz\u00fcm\u00fcze d\u00fc\u015fen bir \u0131\u015f\u0131k oldu.<\/p>\n<p>Seni \u00e7ok sevdik; ama sevgimiz<br \/>s\u00f6zlere d\u00f6k\u00fclmedi ve \u00f6rt\u00fcl\u00fc kald\u0131.<\/p>\n<p>Ama \u015fimdi sana y\u00fcksek sesle hayk\u0131r\u0131l\u0131yor;<br \/>sevgimiz \u00f6n\u00fcne seriliyor.<\/p>\n<p>Hep ya\u015fand\u0131\u011f\u0131 gibi, ne yaz\u0131k ki sevgi kendi derinli\u011fini,<br \/>ayr\u0131lma an\u0131na kadar anl\u0131yam\u0131yor&#8230;&#8217;<\/p>\n<p>Di\u011ferleri de ona yalvard\u0131lar; ama o hi\u00e7 cevap vermedi.<br \/>Sadece ba\u015f\u0131n\u0131 \u00f6n\u00fcne e\u011fdi ve ona yak\u0131n duranlar,<br \/>g\u00f6\u011fs\u00fcne d\u00fc\u015fen g\u00f6z ya\u015flar\u0131n\u0131 g\u00f6rd\u00fcler.<\/p>\n<p>Sonra, kalabal\u0131kla birlikte<br \/>tap\u0131na\u011f\u0131n \u00f6n\u00fcndeki meydana do\u011fru y\u00fcr\u00fcd\u00fcler.<\/p>\n<p>Ve mabetten Almitra ad\u0131nda bir kahin kad\u0131n \u00e7\u0131kt\u0131.<\/p>\n<p>Ve o, kad\u0131na sonsuz bir \u015fefkatle bakt\u0131;<br \/>\u00e7\u00fcnk\u00fc daha \u015fehirdeki ilk g\u00fcn\u00fcnde onu bulan<br \/>ve inanan bu kad\u0131n olmu\u015ftu.<\/p>\n<p>Ve kad\u0131n onu selaml\u0131yarak konu\u015fmaya ba\u015flad\u0131:<\/p>\n<p>&#8216;Tanr\u0131n\u0131n sevgili kulu,<br \/>son noktay\u0131 ke\u015ffedebilmek i\u00e7in<br \/>uzun zamand\u0131r uzaklar\u0131 g\u00f6zl\u00fcyor, gemini bekliyorsun.<\/p>\n<p>Ve \u015fimdi gemin burada, sen de gitmelisin.<\/p>\n<p>An\u0131lar\u0131ndaki \u00fclke ve b\u00fcy\u00fck dileklerinin mekan\u0131 i\u00e7in<br \/>duydu\u011fun hasret \u00e7ok derin.<br \/>Ve ne sevgimiz seni ba\u011fl\u0131yabilir,<br \/>ne de sana olan ihtiyac\u0131m\u0131z seni tutabilir.<\/p>\n<p>Ancak bizden ayr\u0131lmadan \u00f6nce bizimle konu\u015fman\u0131<br \/>ve bize ger\u00e7e\u011fi anlatman\u0131 istiyoruz.<\/p>\n<p>Ve biz onu \u00e7ocuklar\u0131m\u0131za,<br \/>onlar da kendi \u00e7ocuklar\u0131na aktaracaklar<br \/>ve o hi\u00e7 bir zaman yok olmayacak&#8230;<\/p>\n<p>Yaln\u0131zl\u0131\u011f\u0131nda bizim g\u00fcnlerimizi g\u00f6zlemledin ve<br \/>uyan\u0131kl\u0131\u011f\u0131nda, bizim uykumuzun h\u0131\u00e7k\u0131r\u0131klar\u0131n\u0131<br \/>ve kahkahalar\u0131n\u0131 dinledin.<\/p>\n<p>\u015eimdi bizi bize a\u00e7 ve do\u011fumla \u00f6l\u00fcm aras\u0131nda<br \/>yer alanlardan sana a\u015fikar olanlar\u0131 bize de anlat.&#8217;<\/p>\n<p>Ve o cevap verdi:<\/p>\n<p>&#8216;Orphales halk\u0131,<br \/>tam \u015fu anda ruhlar\u0131n\u0131zda devinmede olandan \u00f6te,<br \/>size neden bahsedebilirim? &#8216;<\/p>\n<p>Halil C\u0130BRAN<\/p>\n","protected":false},"excerpt":{"rendered":"<p>\u00a0 Kendi g\u00fcn\u00fcn\u00fcn \u015fafa\u011f\u0131nda, se\u00e7ilmi\u015f ve sevilen insan Al Mustafa,tam oniki y\u0131l boyunca Orphales \u015fehrinde, gemisinin geri d\u00f6n\u00fcpkendisini do\u011fdu\u011fu adaya g\u00f6t\u00fcrmesini bekledi. Ve onikinci y\u0131lda, hasat ay\u0131 olan Ielool&#8217;un yedinci g\u00fcn\u00fcnde,\u015fehir duvarlar\u0131ndan uzak bir tepeye t\u0131rmand\u0131, denize do\u011fru bakt\u0131ve gemisinin sisle beraber geli\u015fini seyretti. O anda kalbinin kap\u0131lar\u0131 a\u00e7\u0131ld\u0131 ve sevinci denize do\u011fru uzand\u0131.Ve g\u00f6zlerini [&hellip;]<\/p>\n","protected":false},"author":1,"featured_media":0,"comment_status":"open","ping_status":"open","sticky":false,"template":"","format":"standard","meta":{"footnotes":""},"categories":[180],"tags":[],"class_list":{"0":"post-5791","1":"post","2":"type-post","3":"status-publish","4":"format-standard","6":"category-halil-cibran"},"yoast_head":"<!-- This site is optimized with the Yoast SEO Premium plugin v24.9 (Yoast SEO v24.9) - https:\/\/yoast.com\/wordpress\/plugins\/seo\/ -->\n<title>ERM\u0130\u015e - narteks.net<\/title>\n<meta name=\"robots\" content=\"index, follow, max-snippet:-1, max-image-preview:large, max-video-preview:-1\" \/>\n<link rel=\"canonical\" href=\"https:\/\/narteks.net\/index.php\/2011\/03\/08\/ermis\/\" \/>\n<meta property=\"og:locale\" content=\"tr_TR\" \/>\n<meta property=\"og:type\" content=\"article\" \/>\n<meta property=\"og:title\" content=\"ERM\u0130\u015e\" \/>\n<meta property=\"og:description\" content=\"\u00a0 Kendi g\u00fcn\u00fcn\u00fcn \u015fafa\u011f\u0131nda, se\u00e7ilmi\u015f ve sevilen insan Al Mustafa,tam oniki y\u0131l boyunca Orphales \u015fehrinde, gemisinin geri d\u00f6n\u00fcpkendisini do\u011fdu\u011fu adaya g\u00f6t\u00fcrmesini bekledi. Ve onikinci y\u0131lda, hasat ay\u0131 olan Ielool&#8217;un yedinci g\u00fcn\u00fcnde,\u015fehir duvarlar\u0131ndan uzak bir tepeye t\u0131rmand\u0131, denize do\u011fru bakt\u0131ve gemisinin sisle beraber geli\u015fini seyretti. O anda kalbinin kap\u0131lar\u0131 a\u00e7\u0131ld\u0131 ve sevinci denize do\u011fru uzand\u0131.Ve g\u00f6zlerini [&hellip;]\" \/>\n<meta property=\"og:url\" content=\"https:\/\/narteks.net\/index.php\/2011\/03\/08\/ermis\/\" \/>\n<meta property=\"og:site_name\" content=\"narteks.net\" \/>\n<meta property=\"article:published_time\" content=\"2011-03-08T14:23:21+00:00\" \/>\n<meta property=\"og:image\" content=\"https:\/\/narteks.net\/wp-content\/uploads\/narteks.png\" \/>\n\t<meta property=\"og:image:width\" content=\"300\" \/>\n\t<meta property=\"og:image:height\" content=\"90\" \/>\n\t<meta property=\"og:image:type\" content=\"image\/png\" \/>\n<meta name=\"author\" content=\"Tar\u0131k\" \/>\n<meta name=\"twitter:card\" content=\"summary_large_image\" \/>\n<meta name=\"twitter:creator\" content=\"@narteks\" \/>\n<meta name=\"twitter:site\" content=\"@narteks\" \/>\n<meta name=\"twitter:label1\" content=\"Yazan:\" \/>\n\t<meta name=\"twitter:data1\" content=\"Tar\u0131k\" \/>\n\t<meta name=\"twitter:label2\" content=\"Tahmini okuma s\u00fcresi\" \/>\n\t<meta name=\"twitter:data2\" content=\"5 dakika\" \/>\n<script type=\"application\/ld+json\" class=\"yoast-schema-graph\">{\"@context\":\"https:\/\/schema.org\",\"@graph\":[{\"@type\":\"Article\",\"@id\":\"https:\/\/narteks.net\/index.php\/2011\/03\/08\/ermis\/#article\",\"isPartOf\":{\"@id\":\"https:\/\/narteks.net\/index.php\/2011\/03\/08\/ermis\/\"},\"author\":{\"name\":\"Tar\u0131k\",\"@id\":\"https:\/\/narteks.net\/#\/schema\/person\/61f37d9834294b72d31d274e7ed79bca\"},\"headline\":\"ERM\u0130\u015e\",\"datePublished\":\"2011-03-08T14:23:21+00:00\",\"mainEntityOfPage\":{\"@id\":\"https:\/\/narteks.net\/index.php\/2011\/03\/08\/ermis\/\"},\"wordCount\":1104,\"commentCount\":0,\"publisher\":{\"@id\":\"https:\/\/narteks.net\/#organization\"},\"articleSection\":[\"Halil C\u0130BRAN\"],\"inLanguage\":\"tr\",\"potentialAction\":[{\"@type\":\"CommentAction\",\"name\":\"Comment\",\"target\":[\"https:\/\/narteks.net\/index.php\/2011\/03\/08\/ermis\/#respond\"]}]},{\"@type\":\"WebPage\",\"@id\":\"https:\/\/narteks.net\/index.php\/2011\/03\/08\/ermis\/\",\"url\":\"https:\/\/narteks.net\/index.php\/2011\/03\/08\/ermis\/\",\"name\":\"ERM\u0130\u015e - narteks.net\",\"isPartOf\":{\"@id\":\"https:\/\/narteks.net\/#website\"},\"datePublished\":\"2011-03-08T14:23:21+00:00\",\"breadcrumb\":{\"@id\":\"https:\/\/narteks.net\/index.php\/2011\/03\/08\/ermis\/#breadcrumb\"},\"inLanguage\":\"tr\",\"potentialAction\":[{\"@type\":\"ReadAction\",\"target\":[\"https:\/\/narteks.net\/index.php\/2011\/03\/08\/ermis\/\"]}]},{\"@type\":\"BreadcrumbList\",\"@id\":\"https:\/\/narteks.net\/index.php\/2011\/03\/08\/ermis\/#breadcrumb\",\"itemListElement\":[{\"@type\":\"ListItem\",\"position\":1,\"name\":\"Anasayfa\",\"item\":\"https:\/\/narteks.net\/\"},{\"@type\":\"ListItem\",\"position\":2,\"name\":\"ERM\u0130\u015e\"}]},{\"@type\":\"WebSite\",\"@id\":\"https:\/\/narteks.net\/#website\",\"url\":\"https:\/\/narteks.net\/\",\"name\":\"narteks.net\",\"description\":\"K\u00fclt\u00fcr Sanat Edebiyat Felsefe\",\"publisher\":{\"@id\":\"https:\/\/narteks.net\/#organization\"},\"alternateName\":\"K\u00fclt\u00fcr Sanat Edebiyat Felsefe\",\"potentialAction\":[{\"@type\":\"SearchAction\",\"target\":{\"@type\":\"EntryPoint\",\"urlTemplate\":\"https:\/\/narteks.net\/?s={search_term_string}\"},\"query-input\":{\"@type\":\"PropertyValueSpecification\",\"valueRequired\":true,\"valueName\":\"search_term_string\"}}],\"inLanguage\":\"tr\"},{\"@type\":\"Organization\",\"@id\":\"https:\/\/narteks.net\/#organization\",\"name\":\"narteks.net\",\"url\":\"https:\/\/narteks.net\/\",\"logo\":{\"@type\":\"ImageObject\",\"inLanguage\":\"tr\",\"@id\":\"https:\/\/narteks.net\/#\/schema\/logo\/image\/\",\"url\":\"https:\/\/narteks.net\/wp-content\/uploads\/narteks.png\",\"contentUrl\":\"https:\/\/narteks.net\/wp-content\/uploads\/narteks.png\",\"width\":300,\"height\":90,\"caption\":\"narteks.net\"},\"image\":{\"@id\":\"https:\/\/narteks.net\/#\/schema\/logo\/image\/\"},\"sameAs\":[\"https:\/\/x.com\/narteks\",\"https:\/\/instagram.com\/narteksnet\"]},{\"@type\":\"Person\",\"@id\":\"https:\/\/narteks.net\/#\/schema\/person\/61f37d9834294b72d31d274e7ed79bca\",\"name\":\"Tar\u0131k\",\"image\":{\"@type\":\"ImageObject\",\"inLanguage\":\"tr\",\"@id\":\"https:\/\/narteks.net\/#\/schema\/person\/image\/\",\"url\":\"https:\/\/secure.gravatar.com\/avatar\/50865afb55632c4ae467e0af0930f6510aa2297d8014be502a55b14f3b7550cf?s=96&d=mm&r=g\",\"contentUrl\":\"https:\/\/secure.gravatar.com\/avatar\/50865afb55632c4ae467e0af0930f6510aa2297d8014be502a55b14f3b7550cf?s=96&d=mm&r=g\",\"caption\":\"Tar\u0131k\"},\"sameAs\":[\"http:\/\/narteks.net\"],\"url\":\"https:\/\/narteks.net\/index.php\/author\/narbak\/\"}]}<\/script>\n<!-- \/ Yoast SEO Premium plugin. -->","yoast_head_json":{"title":"ERM\u0130\u015e - narteks.net","robots":{"index":"index","follow":"follow","max-snippet":"max-snippet:-1","max-image-preview":"max-image-preview:large","max-video-preview":"max-video-preview:-1"},"canonical":"https:\/\/narteks.net\/index.php\/2011\/03\/08\/ermis\/","og_locale":"tr_TR","og_type":"article","og_title":"ERM\u0130\u015e","og_description":"\u00a0 Kendi g\u00fcn\u00fcn\u00fcn \u015fafa\u011f\u0131nda, se\u00e7ilmi\u015f ve sevilen insan Al Mustafa,tam oniki y\u0131l boyunca Orphales \u015fehrinde, gemisinin geri d\u00f6n\u00fcpkendisini do\u011fdu\u011fu adaya g\u00f6t\u00fcrmesini bekledi. Ve onikinci y\u0131lda, hasat ay\u0131 olan Ielool&#8217;un yedinci g\u00fcn\u00fcnde,\u015fehir duvarlar\u0131ndan uzak bir tepeye t\u0131rmand\u0131, denize do\u011fru bakt\u0131ve gemisinin sisle beraber geli\u015fini seyretti. O anda kalbinin kap\u0131lar\u0131 a\u00e7\u0131ld\u0131 ve sevinci denize do\u011fru uzand\u0131.Ve g\u00f6zlerini [&hellip;]","og_url":"https:\/\/narteks.net\/index.php\/2011\/03\/08\/ermis\/","og_site_name":"narteks.net","article_published_time":"2011-03-08T14:23:21+00:00","og_image":[{"width":300,"height":90,"url":"https:\/\/narteks.net\/wp-content\/uploads\/narteks.png","type":"image\/png"}],"author":"Tar\u0131k","twitter_card":"summary_large_image","twitter_creator":"@narteks","twitter_site":"@narteks","twitter_misc":{"Yazan:":"Tar\u0131k","Tahmini okuma s\u00fcresi":"5 dakika"},"schema":{"@context":"https:\/\/schema.org","@graph":[{"@type":"Article","@id":"https:\/\/narteks.net\/index.php\/2011\/03\/08\/ermis\/#article","isPartOf":{"@id":"https:\/\/narteks.net\/index.php\/2011\/03\/08\/ermis\/"},"author":{"name":"Tar\u0131k","@id":"https:\/\/narteks.net\/#\/schema\/person\/61f37d9834294b72d31d274e7ed79bca"},"headline":"ERM\u0130\u015e","datePublished":"2011-03-08T14:23:21+00:00","mainEntityOfPage":{"@id":"https:\/\/narteks.net\/index.php\/2011\/03\/08\/ermis\/"},"wordCount":1104,"commentCount":0,"publisher":{"@id":"https:\/\/narteks.net\/#organization"},"articleSection":["Halil C\u0130BRAN"],"inLanguage":"tr","potentialAction":[{"@type":"CommentAction","name":"Comment","target":["https:\/\/narteks.net\/index.php\/2011\/03\/08\/ermis\/#respond"]}]},{"@type":"WebPage","@id":"https:\/\/narteks.net\/index.php\/2011\/03\/08\/ermis\/","url":"https:\/\/narteks.net\/index.php\/2011\/03\/08\/ermis\/","name":"ERM\u0130\u015e - narteks.net","isPartOf":{"@id":"https:\/\/narteks.net\/#website"},"datePublished":"2011-03-08T14:23:21+00:00","breadcrumb":{"@id":"https:\/\/narteks.net\/index.php\/2011\/03\/08\/ermis\/#breadcrumb"},"inLanguage":"tr","potentialAction":[{"@type":"ReadAction","target":["https:\/\/narteks.net\/index.php\/2011\/03\/08\/ermis\/"]}]},{"@type":"BreadcrumbList","@id":"https:\/\/narteks.net\/index.php\/2011\/03\/08\/ermis\/#breadcrumb","itemListElement":[{"@type":"ListItem","position":1,"name":"Anasayfa","item":"https:\/\/narteks.net\/"},{"@type":"ListItem","position":2,"name":"ERM\u0130\u015e"}]},{"@type":"WebSite","@id":"https:\/\/narteks.net\/#website","url":"https:\/\/narteks.net\/","name":"narteks.net","description":"K\u00fclt\u00fcr Sanat Edebiyat Felsefe","publisher":{"@id":"https:\/\/narteks.net\/#organization"},"alternateName":"K\u00fclt\u00fcr Sanat Edebiyat Felsefe","potentialAction":[{"@type":"SearchAction","target":{"@type":"EntryPoint","urlTemplate":"https:\/\/narteks.net\/?s={search_term_string}"},"query-input":{"@type":"PropertyValueSpecification","valueRequired":true,"valueName":"search_term_string"}}],"inLanguage":"tr"},{"@type":"Organization","@id":"https:\/\/narteks.net\/#organization","name":"narteks.net","url":"https:\/\/narteks.net\/","logo":{"@type":"ImageObject","inLanguage":"tr","@id":"https:\/\/narteks.net\/#\/schema\/logo\/image\/","url":"https:\/\/narteks.net\/wp-content\/uploads\/narteks.png","contentUrl":"https:\/\/narteks.net\/wp-content\/uploads\/narteks.png","width":300,"height":90,"caption":"narteks.net"},"image":{"@id":"https:\/\/narteks.net\/#\/schema\/logo\/image\/"},"sameAs":["https:\/\/x.com\/narteks","https:\/\/instagram.com\/narteksnet"]},{"@type":"Person","@id":"https:\/\/narteks.net\/#\/schema\/person\/61f37d9834294b72d31d274e7ed79bca","name":"Tar\u0131k","image":{"@type":"ImageObject","inLanguage":"tr","@id":"https:\/\/narteks.net\/#\/schema\/person\/image\/","url":"https:\/\/secure.gravatar.com\/avatar\/50865afb55632c4ae467e0af0930f6510aa2297d8014be502a55b14f3b7550cf?s=96&d=mm&r=g","contentUrl":"https:\/\/secure.gravatar.com\/avatar\/50865afb55632c4ae467e0af0930f6510aa2297d8014be502a55b14f3b7550cf?s=96&d=mm&r=g","caption":"Tar\u0131k"},"sameAs":["http:\/\/narteks.net"],"url":"https:\/\/narteks.net\/index.php\/author\/narbak\/"}]}},"_links":{"self":[{"href":"https:\/\/narteks.net\/index.php\/wp-json\/wp\/v2\/posts\/5791","targetHints":{"allow":["GET"]}}],"collection":[{"href":"https:\/\/narteks.net\/index.php\/wp-json\/wp\/v2\/posts"}],"about":[{"href":"https:\/\/narteks.net\/index.php\/wp-json\/wp\/v2\/types\/post"}],"author":[{"embeddable":true,"href":"https:\/\/narteks.net\/index.php\/wp-json\/wp\/v2\/users\/1"}],"replies":[{"embeddable":true,"href":"https:\/\/narteks.net\/index.php\/wp-json\/wp\/v2\/comments?post=5791"}],"version-history":[{"count":0,"href":"https:\/\/narteks.net\/index.php\/wp-json\/wp\/v2\/posts\/5791\/revisions"}],"wp:attachment":[{"href":"https:\/\/narteks.net\/index.php\/wp-json\/wp\/v2\/media?parent=5791"}],"wp:term":[{"taxonomy":"category","embeddable":true,"href":"https:\/\/narteks.net\/index.php\/wp-json\/wp\/v2\/categories?post=5791"},{"taxonomy":"post_tag","embeddable":true,"href":"https:\/\/narteks.net\/index.php\/wp-json\/wp\/v2\/tags?post=5791"}],"curies":[{"name":"wp","href":"https:\/\/api.w.org\/{rel}","templated":true}]}}