{"id":5793,"date":"2011-03-08T17:25:18","date_gmt":"2011-03-08T14:25:18","guid":{"rendered":"http:\/\/localhost\/wordpress\/2011\/03\/08\/ey-kavmim\/"},"modified":"2011-03-08T17:25:18","modified_gmt":"2011-03-08T14:25:18","slug":"ey-kavmim","status":"publish","type":"post","link":"https:\/\/narteks.net\/index.php\/2011\/03\/08\/ey-kavmim\/","title":{"rendered":"EY KAVM\u0130M"},"content":{"rendered":"<p style=\"text-align: justify;\">Sen ki peygamberlerini bile dinlemedin beni hi\u00e7 dinlemezsin. D\u00f6n\u00fcp de bakmazs\u0131n \u00f6l\u00fclerine. Lut kavminden de de\u011filsin sen, hazdan olmayacak mahvin. Ac\u0131yla kar\u0131ld\u0131 harc\u0131n ama ac\u0131ya da yabanc\u0131s\u0131n. A\u011f\u0131tlar\u0131 sen yakars\u0131n ama kendi kulaklar\u0131n duymaz kendi a\u011f\u0131d\u0131n\u0131, Bir koyun s\u00fcr\u00fcs\u00fcnden \u00e7alar gibi \u00e7alarlar insanlar\u0131n\u0131 ve sen bir koyun s\u00fcr\u00fcs\u00fc gibi bakars\u0131n \u00e7al\u0131nanlar\u0131na. Tanr\u0131&#8217;ya yakar\u0131r ama firavunlara tapars\u0131n. Musa K\u0131z\u0131ldenizi a\u00e7sa \u00f6n\u00fcnde, sen o denizden ge\u00e7mezsin.<\/p>\n<p>Ey kavmim&#8230; Sen ki peygamberlerini bile dinlemedin beni hi\u00e7 dinlemezsin. Korkars\u0131n kendinden olmayan herkesten. Ve sen kendinden bile korkars\u0131n. Hazreti \u0130brahim olsan, sana g\u00f6nderilen kurban\u0131 sen pazarda satars\u0131n. Hazreti \u0130sa&#8217;y\u0131 g\u00f6z\u00fcn\u00fcn \u00f6n\u00fcnde \u00e7arm\u0131ha gerseler, sen ba\u015fka \u015feylere a\u011flars\u0131n. G\u00fcnd\u00fczleri Maria Magdalena&#8217;y\u0131 &#8216;fahi\u015fe&#8217; diye ta\u015flar, geceleri koynuna girmeye \u00e7abalars\u0131n. Zebur&#8217;u, Tevrat&#8217;\u0131, \u0130ncil&#8217;i, Kuran&#8217;\u0131 bilirsin. Hazreti Davud i\u00e7in \u00fcz\u00fcl\u00fcr ama Golyat&#8217;\u0131 tutars\u0131n.<\/p>\n<p>Ey kavmim&#8230; Sen ki peygamberlerinin dediklerini bile dinlemedin beni hi\u00e7 dinlemezsin.<\/p>\n<p>D\u00f6n\u00fcp de bakmazs\u0131n \u00f6l\u00fclerine. Lut kavminden de de\u011filsin hazdan olmayacak mahvin. Ama sen kendi ac\u0131na da yabanc\u0131s\u0131n. Kad\u0131nlar\u0131n siyah giyer, kederle solar tenleri ama onlar\u0131 g\u00f6rmezsin. Her kuytulukta bir \u00e7ocu\u011fun vurulur, ald\u0131rmazs\u0131n. Merhamet dilenir, \u015fefkat dilenir, para dilenirsin. Ve nefret edersin dilencilerden. Utanc\u0131 bilir ama utanmazs\u0131n. Tanr\u0131ya inan\u0131r ama firavunlara tapars\u0131n. B\u00fct\u00fcn seslerin aras\u0131nda yaln\u0131zca k\u0131rba\u00e7 sesini dinlersin sen.<\/p>\n<p>Ey kavmim&#8230; Sen ki peygamberlerini bile dinlemedin beni hi\u00e7 dinlemezsin. Sana yap\u0131lmad\u0131k\u00e7a i\u015fkenceye kar\u015f\u0131 \u00e7\u0131kmazs\u0131n. Senin bedenine dokunmad\u0131k\u00e7a hi\u00e7bir ac\u0131y\u0131 duymazs\u0131n. \u00d6r\u00fcmcek olsan Hazreti Muhammed&#8217;in sakland\u0131\u011f\u0131 ma\u011faraya bir a\u011f \u00f6rmezsin. Her koyun gibi kendi baca\u011f\u0131ndan as\u0131l\u0131r, her koyun gibi tek ba\u015f\u0131na melersin. Hazreti H\u00fcseyin&#8217;in kellesini vurmaz ama vuran\u0131 alk\u0131\u015flars\u0131n. Muaviye&#8217;ye k\u0131zar ama ayaklanmazs\u0131n. Hazreti \u00d6mer&#8217;i b\u0131\u00e7aklayan ele sen b\u0131\u00e7ak olursun.<\/p>\n<p>Ey kavmim&#8230; Sen ki peygamberlerini bile dinlemedin beni hi\u00e7 dinlemezsin. \u00d6l\u00fclerine d\u00f6n\u00fcp de bakmazs\u0131n. Lut kavminden de de\u011filsin hazdan olmayacak mahvin. Ama arkana bakt\u0131\u011f\u0131n i\u00e7in ta\u015f kesileceksin. Ve sen kendine bile a\u011flamayacaks\u0131n. Kom\u015fun a\u00e7 yatarken sen tok olmaktan haya etmezsin. Musa \u00f6n\u00fcnde K\u0131z\u0131ldeniz&#8217;i a\u00e7sa o denizden ge\u00e7emezsin. Tanr\u0131ya inan\u0131r ama firavunlara tapars\u0131n.<\/p>\n<p>Ey kavmim&#8230; Sen ki peygamberlerini bile dinlemedin beni hi\u00e7 dinlemezsin. <\/p>\n<p>Halil C\u0130BRAN<\/p>\n<p>\u00a0<\/p>\n","protected":false},"excerpt":{"rendered":"<p>Sen ki peygamberlerini bile dinlemedin beni hi\u00e7 dinlemezsin. D\u00f6n\u00fcp de bakmazs\u0131n \u00f6l\u00fclerine. Lut kavminden de de\u011filsin sen, hazdan olmayacak mahvin. Ac\u0131yla kar\u0131ld\u0131 harc\u0131n ama ac\u0131ya da yabanc\u0131s\u0131n. A\u011f\u0131tlar\u0131 sen yakars\u0131n ama kendi kulaklar\u0131n duymaz kendi a\u011f\u0131d\u0131n\u0131, Bir koyun s\u00fcr\u00fcs\u00fcnden \u00e7alar gibi \u00e7alarlar insanlar\u0131n\u0131 ve sen bir koyun s\u00fcr\u00fcs\u00fc gibi bakars\u0131n \u00e7al\u0131nanlar\u0131na. Tanr\u0131&#8217;ya yakar\u0131r ama firavunlara [&hellip;]<\/p>\n","protected":false},"author":1,"featured_media":0,"comment_status":"open","ping_status":"open","sticky":false,"template":"","format":"standard","meta":{"footnotes":""},"categories":[180],"tags":[],"class_list":{"0":"post-5793","1":"post","2":"type-post","3":"status-publish","4":"format-standard","6":"category-halil-cibran"},"yoast_head":"<!-- This site is optimized with the Yoast SEO Premium plugin v24.9 (Yoast SEO v24.9) - https:\/\/yoast.com\/wordpress\/plugins\/seo\/ -->\n<title>EY KAVM\u0130M - narteks.net<\/title>\n<meta name=\"robots\" content=\"index, follow, max-snippet:-1, max-image-preview:large, max-video-preview:-1\" \/>\n<link rel=\"canonical\" href=\"https:\/\/narteks.net\/index.php\/2011\/03\/08\/ey-kavmim\/\" \/>\n<meta property=\"og:locale\" content=\"tr_TR\" \/>\n<meta property=\"og:type\" content=\"article\" \/>\n<meta property=\"og:title\" content=\"EY KAVM\u0130M\" \/>\n<meta property=\"og:description\" content=\"Sen ki peygamberlerini bile dinlemedin beni hi\u00e7 dinlemezsin. D\u00f6n\u00fcp de bakmazs\u0131n \u00f6l\u00fclerine. Lut kavminden de de\u011filsin sen, hazdan olmayacak mahvin. Ac\u0131yla kar\u0131ld\u0131 harc\u0131n ama ac\u0131ya da yabanc\u0131s\u0131n. A\u011f\u0131tlar\u0131 sen yakars\u0131n ama kendi kulaklar\u0131n duymaz kendi a\u011f\u0131d\u0131n\u0131, Bir koyun s\u00fcr\u00fcs\u00fcnden \u00e7alar gibi \u00e7alarlar insanlar\u0131n\u0131 ve sen bir koyun s\u00fcr\u00fcs\u00fc gibi bakars\u0131n \u00e7al\u0131nanlar\u0131na. Tanr\u0131&#8217;ya yakar\u0131r ama firavunlara [&hellip;]\" \/>\n<meta property=\"og:url\" content=\"https:\/\/narteks.net\/index.php\/2011\/03\/08\/ey-kavmim\/\" \/>\n<meta property=\"og:site_name\" content=\"narteks.net\" \/>\n<meta property=\"article:published_time\" content=\"2011-03-08T14:25:18+00:00\" \/>\n<meta property=\"og:image\" content=\"https:\/\/narteks.net\/wp-content\/uploads\/narteks.png\" \/>\n\t<meta property=\"og:image:width\" content=\"300\" \/>\n\t<meta property=\"og:image:height\" content=\"90\" \/>\n\t<meta property=\"og:image:type\" content=\"image\/png\" \/>\n<meta name=\"author\" content=\"Tar\u0131k\" \/>\n<meta name=\"twitter:card\" content=\"summary_large_image\" \/>\n<meta name=\"twitter:creator\" content=\"@narteks\" \/>\n<meta name=\"twitter:site\" content=\"@narteks\" \/>\n<meta name=\"twitter:label1\" content=\"Yazan:\" \/>\n\t<meta name=\"twitter:data1\" content=\"Tar\u0131k\" \/>\n\t<meta name=\"twitter:label2\" content=\"Tahmini okuma s\u00fcresi\" \/>\n\t<meta name=\"twitter:data2\" content=\"2 dakika\" \/>\n<script type=\"application\/ld+json\" class=\"yoast-schema-graph\">{\"@context\":\"https:\/\/schema.org\",\"@graph\":[{\"@type\":\"Article\",\"@id\":\"https:\/\/narteks.net\/index.php\/2011\/03\/08\/ey-kavmim\/#article\",\"isPartOf\":{\"@id\":\"https:\/\/narteks.net\/index.php\/2011\/03\/08\/ey-kavmim\/\"},\"author\":{\"name\":\"Tar\u0131k\",\"@id\":\"https:\/\/narteks.net\/#\/schema\/person\/61f37d9834294b72d31d274e7ed79bca\"},\"headline\":\"EY KAVM\u0130M\",\"datePublished\":\"2011-03-08T14:25:18+00:00\",\"mainEntityOfPage\":{\"@id\":\"https:\/\/narteks.net\/index.php\/2011\/03\/08\/ey-kavmim\/\"},\"wordCount\":440,\"commentCount\":0,\"publisher\":{\"@id\":\"https:\/\/narteks.net\/#organization\"},\"articleSection\":[\"Halil C\u0130BRAN\"],\"inLanguage\":\"tr\",\"potentialAction\":[{\"@type\":\"CommentAction\",\"name\":\"Comment\",\"target\":[\"https:\/\/narteks.net\/index.php\/2011\/03\/08\/ey-kavmim\/#respond\"]}]},{\"@type\":\"WebPage\",\"@id\":\"https:\/\/narteks.net\/index.php\/2011\/03\/08\/ey-kavmim\/\",\"url\":\"https:\/\/narteks.net\/index.php\/2011\/03\/08\/ey-kavmim\/\",\"name\":\"EY KAVM\u0130M - narteks.net\",\"isPartOf\":{\"@id\":\"https:\/\/narteks.net\/#website\"},\"datePublished\":\"2011-03-08T14:25:18+00:00\",\"breadcrumb\":{\"@id\":\"https:\/\/narteks.net\/index.php\/2011\/03\/08\/ey-kavmim\/#breadcrumb\"},\"inLanguage\":\"tr\",\"potentialAction\":[{\"@type\":\"ReadAction\",\"target\":[\"https:\/\/narteks.net\/index.php\/2011\/03\/08\/ey-kavmim\/\"]}]},{\"@type\":\"BreadcrumbList\",\"@id\":\"https:\/\/narteks.net\/index.php\/2011\/03\/08\/ey-kavmim\/#breadcrumb\",\"itemListElement\":[{\"@type\":\"ListItem\",\"position\":1,\"name\":\"Anasayfa\",\"item\":\"https:\/\/narteks.net\/\"},{\"@type\":\"ListItem\",\"position\":2,\"name\":\"EY KAVM\u0130M\"}]},{\"@type\":\"WebSite\",\"@id\":\"https:\/\/narteks.net\/#website\",\"url\":\"https:\/\/narteks.net\/\",\"name\":\"narteks.net\",\"description\":\"K\u00fclt\u00fcr Sanat Edebiyat Felsefe\",\"publisher\":{\"@id\":\"https:\/\/narteks.net\/#organization\"},\"alternateName\":\"K\u00fclt\u00fcr Sanat Edebiyat Felsefe\",\"potentialAction\":[{\"@type\":\"SearchAction\",\"target\":{\"@type\":\"EntryPoint\",\"urlTemplate\":\"https:\/\/narteks.net\/?s={search_term_string}\"},\"query-input\":{\"@type\":\"PropertyValueSpecification\",\"valueRequired\":true,\"valueName\":\"search_term_string\"}}],\"inLanguage\":\"tr\"},{\"@type\":\"Organization\",\"@id\":\"https:\/\/narteks.net\/#organization\",\"name\":\"narteks.net\",\"url\":\"https:\/\/narteks.net\/\",\"logo\":{\"@type\":\"ImageObject\",\"inLanguage\":\"tr\",\"@id\":\"https:\/\/narteks.net\/#\/schema\/logo\/image\/\",\"url\":\"https:\/\/narteks.net\/wp-content\/uploads\/narteks.png\",\"contentUrl\":\"https:\/\/narteks.net\/wp-content\/uploads\/narteks.png\",\"width\":300,\"height\":90,\"caption\":\"narteks.net\"},\"image\":{\"@id\":\"https:\/\/narteks.net\/#\/schema\/logo\/image\/\"},\"sameAs\":[\"https:\/\/x.com\/narteks\",\"https:\/\/instagram.com\/narteksnet\"]},{\"@type\":\"Person\",\"@id\":\"https:\/\/narteks.net\/#\/schema\/person\/61f37d9834294b72d31d274e7ed79bca\",\"name\":\"Tar\u0131k\",\"image\":{\"@type\":\"ImageObject\",\"inLanguage\":\"tr\",\"@id\":\"https:\/\/narteks.net\/#\/schema\/person\/image\/\",\"url\":\"https:\/\/secure.gravatar.com\/avatar\/50865afb55632c4ae467e0af0930f6510aa2297d8014be502a55b14f3b7550cf?s=96&d=mm&r=g\",\"contentUrl\":\"https:\/\/secure.gravatar.com\/avatar\/50865afb55632c4ae467e0af0930f6510aa2297d8014be502a55b14f3b7550cf?s=96&d=mm&r=g\",\"caption\":\"Tar\u0131k\"},\"sameAs\":[\"http:\/\/narteks.net\"],\"url\":\"https:\/\/narteks.net\/index.php\/author\/narbak\/\"}]}<\/script>\n<!-- \/ Yoast SEO Premium plugin. -->","yoast_head_json":{"title":"EY KAVM\u0130M - narteks.net","robots":{"index":"index","follow":"follow","max-snippet":"max-snippet:-1","max-image-preview":"max-image-preview:large","max-video-preview":"max-video-preview:-1"},"canonical":"https:\/\/narteks.net\/index.php\/2011\/03\/08\/ey-kavmim\/","og_locale":"tr_TR","og_type":"article","og_title":"EY KAVM\u0130M","og_description":"Sen ki peygamberlerini bile dinlemedin beni hi\u00e7 dinlemezsin. D\u00f6n\u00fcp de bakmazs\u0131n \u00f6l\u00fclerine. Lut kavminden de de\u011filsin sen, hazdan olmayacak mahvin. Ac\u0131yla kar\u0131ld\u0131 harc\u0131n ama ac\u0131ya da yabanc\u0131s\u0131n. A\u011f\u0131tlar\u0131 sen yakars\u0131n ama kendi kulaklar\u0131n duymaz kendi a\u011f\u0131d\u0131n\u0131, Bir koyun s\u00fcr\u00fcs\u00fcnden \u00e7alar gibi \u00e7alarlar insanlar\u0131n\u0131 ve sen bir koyun s\u00fcr\u00fcs\u00fc gibi bakars\u0131n \u00e7al\u0131nanlar\u0131na. Tanr\u0131&#8217;ya yakar\u0131r ama firavunlara [&hellip;]","og_url":"https:\/\/narteks.net\/index.php\/2011\/03\/08\/ey-kavmim\/","og_site_name":"narteks.net","article_published_time":"2011-03-08T14:25:18+00:00","og_image":[{"width":300,"height":90,"url":"https:\/\/narteks.net\/wp-content\/uploads\/narteks.png","type":"image\/png"}],"author":"Tar\u0131k","twitter_card":"summary_large_image","twitter_creator":"@narteks","twitter_site":"@narteks","twitter_misc":{"Yazan:":"Tar\u0131k","Tahmini okuma s\u00fcresi":"2 dakika"},"schema":{"@context":"https:\/\/schema.org","@graph":[{"@type":"Article","@id":"https:\/\/narteks.net\/index.php\/2011\/03\/08\/ey-kavmim\/#article","isPartOf":{"@id":"https:\/\/narteks.net\/index.php\/2011\/03\/08\/ey-kavmim\/"},"author":{"name":"Tar\u0131k","@id":"https:\/\/narteks.net\/#\/schema\/person\/61f37d9834294b72d31d274e7ed79bca"},"headline":"EY KAVM\u0130M","datePublished":"2011-03-08T14:25:18+00:00","mainEntityOfPage":{"@id":"https:\/\/narteks.net\/index.php\/2011\/03\/08\/ey-kavmim\/"},"wordCount":440,"commentCount":0,"publisher":{"@id":"https:\/\/narteks.net\/#organization"},"articleSection":["Halil C\u0130BRAN"],"inLanguage":"tr","potentialAction":[{"@type":"CommentAction","name":"Comment","target":["https:\/\/narteks.net\/index.php\/2011\/03\/08\/ey-kavmim\/#respond"]}]},{"@type":"WebPage","@id":"https:\/\/narteks.net\/index.php\/2011\/03\/08\/ey-kavmim\/","url":"https:\/\/narteks.net\/index.php\/2011\/03\/08\/ey-kavmim\/","name":"EY KAVM\u0130M - narteks.net","isPartOf":{"@id":"https:\/\/narteks.net\/#website"},"datePublished":"2011-03-08T14:25:18+00:00","breadcrumb":{"@id":"https:\/\/narteks.net\/index.php\/2011\/03\/08\/ey-kavmim\/#breadcrumb"},"inLanguage":"tr","potentialAction":[{"@type":"ReadAction","target":["https:\/\/narteks.net\/index.php\/2011\/03\/08\/ey-kavmim\/"]}]},{"@type":"BreadcrumbList","@id":"https:\/\/narteks.net\/index.php\/2011\/03\/08\/ey-kavmim\/#breadcrumb","itemListElement":[{"@type":"ListItem","position":1,"name":"Anasayfa","item":"https:\/\/narteks.net\/"},{"@type":"ListItem","position":2,"name":"EY KAVM\u0130M"}]},{"@type":"WebSite","@id":"https:\/\/narteks.net\/#website","url":"https:\/\/narteks.net\/","name":"narteks.net","description":"K\u00fclt\u00fcr Sanat Edebiyat Felsefe","publisher":{"@id":"https:\/\/narteks.net\/#organization"},"alternateName":"K\u00fclt\u00fcr Sanat Edebiyat Felsefe","potentialAction":[{"@type":"SearchAction","target":{"@type":"EntryPoint","urlTemplate":"https:\/\/narteks.net\/?s={search_term_string}"},"query-input":{"@type":"PropertyValueSpecification","valueRequired":true,"valueName":"search_term_string"}}],"inLanguage":"tr"},{"@type":"Organization","@id":"https:\/\/narteks.net\/#organization","name":"narteks.net","url":"https:\/\/narteks.net\/","logo":{"@type":"ImageObject","inLanguage":"tr","@id":"https:\/\/narteks.net\/#\/schema\/logo\/image\/","url":"https:\/\/narteks.net\/wp-content\/uploads\/narteks.png","contentUrl":"https:\/\/narteks.net\/wp-content\/uploads\/narteks.png","width":300,"height":90,"caption":"narteks.net"},"image":{"@id":"https:\/\/narteks.net\/#\/schema\/logo\/image\/"},"sameAs":["https:\/\/x.com\/narteks","https:\/\/instagram.com\/narteksnet"]},{"@type":"Person","@id":"https:\/\/narteks.net\/#\/schema\/person\/61f37d9834294b72d31d274e7ed79bca","name":"Tar\u0131k","image":{"@type":"ImageObject","inLanguage":"tr","@id":"https:\/\/narteks.net\/#\/schema\/person\/image\/","url":"https:\/\/secure.gravatar.com\/avatar\/50865afb55632c4ae467e0af0930f6510aa2297d8014be502a55b14f3b7550cf?s=96&d=mm&r=g","contentUrl":"https:\/\/secure.gravatar.com\/avatar\/50865afb55632c4ae467e0af0930f6510aa2297d8014be502a55b14f3b7550cf?s=96&d=mm&r=g","caption":"Tar\u0131k"},"sameAs":["http:\/\/narteks.net"],"url":"https:\/\/narteks.net\/index.php\/author\/narbak\/"}]}},"_links":{"self":[{"href":"https:\/\/narteks.net\/index.php\/wp-json\/wp\/v2\/posts\/5793","targetHints":{"allow":["GET"]}}],"collection":[{"href":"https:\/\/narteks.net\/index.php\/wp-json\/wp\/v2\/posts"}],"about":[{"href":"https:\/\/narteks.net\/index.php\/wp-json\/wp\/v2\/types\/post"}],"author":[{"embeddable":true,"href":"https:\/\/narteks.net\/index.php\/wp-json\/wp\/v2\/users\/1"}],"replies":[{"embeddable":true,"href":"https:\/\/narteks.net\/index.php\/wp-json\/wp\/v2\/comments?post=5793"}],"version-history":[{"count":0,"href":"https:\/\/narteks.net\/index.php\/wp-json\/wp\/v2\/posts\/5793\/revisions"}],"wp:attachment":[{"href":"https:\/\/narteks.net\/index.php\/wp-json\/wp\/v2\/media?parent=5793"}],"wp:term":[{"taxonomy":"category","embeddable":true,"href":"https:\/\/narteks.net\/index.php\/wp-json\/wp\/v2\/categories?post=5793"},{"taxonomy":"post_tag","embeddable":true,"href":"https:\/\/narteks.net\/index.php\/wp-json\/wp\/v2\/tags?post=5793"}],"curies":[{"name":"wp","href":"https:\/\/api.w.org\/{rel}","templated":true}]}}