{"id":5796,"date":"2011-03-08T17:30:53","date_gmt":"2011-03-08T14:30:53","guid":{"rendered":"http:\/\/localhost\/wordpress\/2011\/03\/08\/kalbimin-derinlerinden\/"},"modified":"2011-03-08T17:30:53","modified_gmt":"2011-03-08T14:30:53","slug":"kalbimin-derinlerinden","status":"publish","type":"post","link":"https:\/\/narteks.net\/index.php\/2011\/03\/08\/kalbimin-derinlerinden\/","title":{"rendered":"KALB\u0130M\u0130N DER\u0130NLER\u0130NDEN"},"content":{"rendered":"<p>\u00a0<\/p>\n<p>Kalbimin derinlerinden bir ku\u015f uyand\u0131<br \/>ve u\u00e7tu g\u00f6ky\u00fcz\u00fcne do\u011fru.<br \/>Y\u00fckseldik\u00e7e, daha ve daha,<br \/>b\u00fcy\u00fcmeye ba\u015flad\u0131 daha da.<\/p>\n<p>\u00d6nce bir k\u0131rlang\u0131\u00e7 gibiydi,<br \/>sonra tarla ku\u015fu ve kartal,<br \/>sonra bir bahar bulutu misali genle\u015fti<br \/>en sonunda t\u00fcm y\u0131ld\u0131zl\u0131 g\u00f6kleri kapsad\u0131.<\/p>\n<p>Kalbimin derinlerinden bir ku\u015f uyand\u0131,<br \/>u\u00e7tuk\u00e7a b\u00fcy\u00fcd\u00fc, \u00e7o\u011fald\u0131,<br \/>oysa y\u00fcre\u011fimi hi\u00e7 terketmemi\u015fti &#8230; <\/p>\n<p>Halil C\u0130BRAN<\/p>\n","protected":false},"excerpt":{"rendered":"<p>\u00a0 Kalbimin derinlerinden bir ku\u015f uyand\u0131ve u\u00e7tu g\u00f6ky\u00fcz\u00fcne do\u011fru.Y\u00fckseldik\u00e7e, daha ve daha,b\u00fcy\u00fcmeye ba\u015flad\u0131 daha da. \u00d6nce bir k\u0131rlang\u0131\u00e7 gibiydi,sonra tarla ku\u015fu ve kartal,sonra bir bahar bulutu misali genle\u015ftien sonunda t\u00fcm y\u0131ld\u0131zl\u0131 g\u00f6kleri kapsad\u0131. Kalbimin derinlerinden bir ku\u015f uyand\u0131,u\u00e7tuk\u00e7a b\u00fcy\u00fcd\u00fc, \u00e7o\u011fald\u0131,oysa y\u00fcre\u011fimi hi\u00e7 terketmemi\u015fti &#8230; Halil C\u0130BRAN<\/p>\n","protected":false},"author":1,"featured_media":0,"comment_status":"open","ping_status":"open","sticky":false,"template":"","format":"standard","meta":{"footnotes":""},"categories":[180],"tags":[],"class_list":{"0":"post-5796","1":"post","2":"type-post","3":"status-publish","4":"format-standard","6":"category-halil-cibran"},"yoast_head":"<!-- This site is optimized with the Yoast SEO Premium plugin v24.9 (Yoast SEO v24.9) - https:\/\/yoast.com\/wordpress\/plugins\/seo\/ -->\n<title>KALB\u0130M\u0130N DER\u0130NLER\u0130NDEN - narteks.net<\/title>\n<meta name=\"robots\" content=\"index, follow, max-snippet:-1, max-image-preview:large, max-video-preview:-1\" \/>\n<link rel=\"canonical\" href=\"https:\/\/narteks.net\/index.php\/2011\/03\/08\/kalbimin-derinlerinden\/\" \/>\n<meta property=\"og:locale\" content=\"tr_TR\" \/>\n<meta property=\"og:type\" content=\"article\" \/>\n<meta property=\"og:title\" content=\"KALB\u0130M\u0130N DER\u0130NLER\u0130NDEN\" \/>\n<meta property=\"og:description\" content=\"\u00a0 Kalbimin derinlerinden bir ku\u015f uyand\u0131ve u\u00e7tu g\u00f6ky\u00fcz\u00fcne do\u011fru.Y\u00fckseldik\u00e7e, daha ve daha,b\u00fcy\u00fcmeye ba\u015flad\u0131 daha da. \u00d6nce bir k\u0131rlang\u0131\u00e7 gibiydi,sonra tarla ku\u015fu ve kartal,sonra bir bahar bulutu misali genle\u015ftien sonunda t\u00fcm y\u0131ld\u0131zl\u0131 g\u00f6kleri kapsad\u0131. Kalbimin derinlerinden bir ku\u015f uyand\u0131,u\u00e7tuk\u00e7a b\u00fcy\u00fcd\u00fc, \u00e7o\u011fald\u0131,oysa y\u00fcre\u011fimi hi\u00e7 terketmemi\u015fti &#8230; Halil C\u0130BRAN\" \/>\n<meta property=\"og:url\" content=\"https:\/\/narteks.net\/index.php\/2011\/03\/08\/kalbimin-derinlerinden\/\" \/>\n<meta property=\"og:site_name\" content=\"narteks.net\" \/>\n<meta property=\"article:published_time\" content=\"2011-03-08T14:30:53+00:00\" \/>\n<meta property=\"og:image\" content=\"https:\/\/narteks.net\/wp-content\/uploads\/narteks.png\" \/>\n\t<meta property=\"og:image:width\" content=\"300\" \/>\n\t<meta property=\"og:image:height\" content=\"90\" \/>\n\t<meta property=\"og:image:type\" content=\"image\/png\" \/>\n<meta name=\"author\" content=\"Tar\u0131k\" \/>\n<meta name=\"twitter:card\" content=\"summary_large_image\" \/>\n<meta name=\"twitter:creator\" content=\"@narteks\" \/>\n<meta name=\"twitter:site\" content=\"@narteks\" \/>\n<meta name=\"twitter:label1\" content=\"Yazan:\" \/>\n\t<meta name=\"twitter:data1\" content=\"Tar\u0131k\" \/>\n<script type=\"application\/ld+json\" class=\"yoast-schema-graph\">{\"@context\":\"https:\/\/schema.org\",\"@graph\":[{\"@type\":\"Article\",\"@id\":\"https:\/\/narteks.net\/index.php\/2011\/03\/08\/kalbimin-derinlerinden\/#article\",\"isPartOf\":{\"@id\":\"https:\/\/narteks.net\/index.php\/2011\/03\/08\/kalbimin-derinlerinden\/\"},\"author\":{\"name\":\"Tar\u0131k\",\"@id\":\"https:\/\/narteks.net\/#\/schema\/person\/61f37d9834294b72d31d274e7ed79bca\"},\"headline\":\"KALB\u0130M\u0130N DER\u0130NLER\u0130NDEN\",\"datePublished\":\"2011-03-08T14:30:53+00:00\",\"mainEntityOfPage\":{\"@id\":\"https:\/\/narteks.net\/index.php\/2011\/03\/08\/kalbimin-derinlerinden\/\"},\"wordCount\":83,\"commentCount\":0,\"publisher\":{\"@id\":\"https:\/\/narteks.net\/#organization\"},\"articleSection\":[\"Halil C\u0130BRAN\"],\"inLanguage\":\"tr\",\"potentialAction\":[{\"@type\":\"CommentAction\",\"name\":\"Comment\",\"target\":[\"https:\/\/narteks.net\/index.php\/2011\/03\/08\/kalbimin-derinlerinden\/#respond\"]}]},{\"@type\":\"WebPage\",\"@id\":\"https:\/\/narteks.net\/index.php\/2011\/03\/08\/kalbimin-derinlerinden\/\",\"url\":\"https:\/\/narteks.net\/index.php\/2011\/03\/08\/kalbimin-derinlerinden\/\",\"name\":\"KALB\u0130M\u0130N DER\u0130NLER\u0130NDEN - narteks.net\",\"isPartOf\":{\"@id\":\"https:\/\/narteks.net\/#website\"},\"datePublished\":\"2011-03-08T14:30:53+00:00\",\"breadcrumb\":{\"@id\":\"https:\/\/narteks.net\/index.php\/2011\/03\/08\/kalbimin-derinlerinden\/#breadcrumb\"},\"inLanguage\":\"tr\",\"potentialAction\":[{\"@type\":\"ReadAction\",\"target\":[\"https:\/\/narteks.net\/index.php\/2011\/03\/08\/kalbimin-derinlerinden\/\"]}]},{\"@type\":\"BreadcrumbList\",\"@id\":\"https:\/\/narteks.net\/index.php\/2011\/03\/08\/kalbimin-derinlerinden\/#breadcrumb\",\"itemListElement\":[{\"@type\":\"ListItem\",\"position\":1,\"name\":\"Anasayfa\",\"item\":\"https:\/\/narteks.net\/\"},{\"@type\":\"ListItem\",\"position\":2,\"name\":\"KALB\u0130M\u0130N DER\u0130NLER\u0130NDEN\"}]},{\"@type\":\"WebSite\",\"@id\":\"https:\/\/narteks.net\/#website\",\"url\":\"https:\/\/narteks.net\/\",\"name\":\"narteks.net\",\"description\":\"K\u00fclt\u00fcr Sanat Edebiyat Felsefe\",\"publisher\":{\"@id\":\"https:\/\/narteks.net\/#organization\"},\"alternateName\":\"K\u00fclt\u00fcr Sanat Edebiyat Felsefe\",\"potentialAction\":[{\"@type\":\"SearchAction\",\"target\":{\"@type\":\"EntryPoint\",\"urlTemplate\":\"https:\/\/narteks.net\/?s={search_term_string}\"},\"query-input\":{\"@type\":\"PropertyValueSpecification\",\"valueRequired\":true,\"valueName\":\"search_term_string\"}}],\"inLanguage\":\"tr\"},{\"@type\":\"Organization\",\"@id\":\"https:\/\/narteks.net\/#organization\",\"name\":\"narteks.net\",\"url\":\"https:\/\/narteks.net\/\",\"logo\":{\"@type\":\"ImageObject\",\"inLanguage\":\"tr\",\"@id\":\"https:\/\/narteks.net\/#\/schema\/logo\/image\/\",\"url\":\"https:\/\/narteks.net\/wp-content\/uploads\/narteks.png\",\"contentUrl\":\"https:\/\/narteks.net\/wp-content\/uploads\/narteks.png\",\"width\":300,\"height\":90,\"caption\":\"narteks.net\"},\"image\":{\"@id\":\"https:\/\/narteks.net\/#\/schema\/logo\/image\/\"},\"sameAs\":[\"https:\/\/x.com\/narteks\",\"https:\/\/instagram.com\/narteksnet\"]},{\"@type\":\"Person\",\"@id\":\"https:\/\/narteks.net\/#\/schema\/person\/61f37d9834294b72d31d274e7ed79bca\",\"name\":\"Tar\u0131k\",\"image\":{\"@type\":\"ImageObject\",\"inLanguage\":\"tr\",\"@id\":\"https:\/\/narteks.net\/#\/schema\/person\/image\/\",\"url\":\"https:\/\/secure.gravatar.com\/avatar\/50865afb55632c4ae467e0af0930f6510aa2297d8014be502a55b14f3b7550cf?s=96&d=mm&r=g\",\"contentUrl\":\"https:\/\/secure.gravatar.com\/avatar\/50865afb55632c4ae467e0af0930f6510aa2297d8014be502a55b14f3b7550cf?s=96&d=mm&r=g\",\"caption\":\"Tar\u0131k\"},\"sameAs\":[\"http:\/\/narteks.net\"],\"url\":\"https:\/\/narteks.net\/index.php\/author\/narbak\/\"}]}<\/script>\n<!-- \/ Yoast SEO Premium plugin. -->","yoast_head_json":{"title":"KALB\u0130M\u0130N DER\u0130NLER\u0130NDEN - narteks.net","robots":{"index":"index","follow":"follow","max-snippet":"max-snippet:-1","max-image-preview":"max-image-preview:large","max-video-preview":"max-video-preview:-1"},"canonical":"https:\/\/narteks.net\/index.php\/2011\/03\/08\/kalbimin-derinlerinden\/","og_locale":"tr_TR","og_type":"article","og_title":"KALB\u0130M\u0130N DER\u0130NLER\u0130NDEN","og_description":"\u00a0 Kalbimin derinlerinden bir ku\u015f uyand\u0131ve u\u00e7tu g\u00f6ky\u00fcz\u00fcne do\u011fru.Y\u00fckseldik\u00e7e, daha ve daha,b\u00fcy\u00fcmeye ba\u015flad\u0131 daha da. \u00d6nce bir k\u0131rlang\u0131\u00e7 gibiydi,sonra tarla ku\u015fu ve kartal,sonra bir bahar bulutu misali genle\u015ftien sonunda t\u00fcm y\u0131ld\u0131zl\u0131 g\u00f6kleri kapsad\u0131. Kalbimin derinlerinden bir ku\u015f uyand\u0131,u\u00e7tuk\u00e7a b\u00fcy\u00fcd\u00fc, \u00e7o\u011fald\u0131,oysa y\u00fcre\u011fimi hi\u00e7 terketmemi\u015fti &#8230; Halil C\u0130BRAN","og_url":"https:\/\/narteks.net\/index.php\/2011\/03\/08\/kalbimin-derinlerinden\/","og_site_name":"narteks.net","article_published_time":"2011-03-08T14:30:53+00:00","og_image":[{"width":300,"height":90,"url":"https:\/\/narteks.net\/wp-content\/uploads\/narteks.png","type":"image\/png"}],"author":"Tar\u0131k","twitter_card":"summary_large_image","twitter_creator":"@narteks","twitter_site":"@narteks","twitter_misc":{"Yazan:":"Tar\u0131k"},"schema":{"@context":"https:\/\/schema.org","@graph":[{"@type":"Article","@id":"https:\/\/narteks.net\/index.php\/2011\/03\/08\/kalbimin-derinlerinden\/#article","isPartOf":{"@id":"https:\/\/narteks.net\/index.php\/2011\/03\/08\/kalbimin-derinlerinden\/"},"author":{"name":"Tar\u0131k","@id":"https:\/\/narteks.net\/#\/schema\/person\/61f37d9834294b72d31d274e7ed79bca"},"headline":"KALB\u0130M\u0130N DER\u0130NLER\u0130NDEN","datePublished":"2011-03-08T14:30:53+00:00","mainEntityOfPage":{"@id":"https:\/\/narteks.net\/index.php\/2011\/03\/08\/kalbimin-derinlerinden\/"},"wordCount":83,"commentCount":0,"publisher":{"@id":"https:\/\/narteks.net\/#organization"},"articleSection":["Halil C\u0130BRAN"],"inLanguage":"tr","potentialAction":[{"@type":"CommentAction","name":"Comment","target":["https:\/\/narteks.net\/index.php\/2011\/03\/08\/kalbimin-derinlerinden\/#respond"]}]},{"@type":"WebPage","@id":"https:\/\/narteks.net\/index.php\/2011\/03\/08\/kalbimin-derinlerinden\/","url":"https:\/\/narteks.net\/index.php\/2011\/03\/08\/kalbimin-derinlerinden\/","name":"KALB\u0130M\u0130N DER\u0130NLER\u0130NDEN - narteks.net","isPartOf":{"@id":"https:\/\/narteks.net\/#website"},"datePublished":"2011-03-08T14:30:53+00:00","breadcrumb":{"@id":"https:\/\/narteks.net\/index.php\/2011\/03\/08\/kalbimin-derinlerinden\/#breadcrumb"},"inLanguage":"tr","potentialAction":[{"@type":"ReadAction","target":["https:\/\/narteks.net\/index.php\/2011\/03\/08\/kalbimin-derinlerinden\/"]}]},{"@type":"BreadcrumbList","@id":"https:\/\/narteks.net\/index.php\/2011\/03\/08\/kalbimin-derinlerinden\/#breadcrumb","itemListElement":[{"@type":"ListItem","position":1,"name":"Anasayfa","item":"https:\/\/narteks.net\/"},{"@type":"ListItem","position":2,"name":"KALB\u0130M\u0130N DER\u0130NLER\u0130NDEN"}]},{"@type":"WebSite","@id":"https:\/\/narteks.net\/#website","url":"https:\/\/narteks.net\/","name":"narteks.net","description":"K\u00fclt\u00fcr Sanat Edebiyat Felsefe","publisher":{"@id":"https:\/\/narteks.net\/#organization"},"alternateName":"K\u00fclt\u00fcr Sanat Edebiyat Felsefe","potentialAction":[{"@type":"SearchAction","target":{"@type":"EntryPoint","urlTemplate":"https:\/\/narteks.net\/?s={search_term_string}"},"query-input":{"@type":"PropertyValueSpecification","valueRequired":true,"valueName":"search_term_string"}}],"inLanguage":"tr"},{"@type":"Organization","@id":"https:\/\/narteks.net\/#organization","name":"narteks.net","url":"https:\/\/narteks.net\/","logo":{"@type":"ImageObject","inLanguage":"tr","@id":"https:\/\/narteks.net\/#\/schema\/logo\/image\/","url":"https:\/\/narteks.net\/wp-content\/uploads\/narteks.png","contentUrl":"https:\/\/narteks.net\/wp-content\/uploads\/narteks.png","width":300,"height":90,"caption":"narteks.net"},"image":{"@id":"https:\/\/narteks.net\/#\/schema\/logo\/image\/"},"sameAs":["https:\/\/x.com\/narteks","https:\/\/instagram.com\/narteksnet"]},{"@type":"Person","@id":"https:\/\/narteks.net\/#\/schema\/person\/61f37d9834294b72d31d274e7ed79bca","name":"Tar\u0131k","image":{"@type":"ImageObject","inLanguage":"tr","@id":"https:\/\/narteks.net\/#\/schema\/person\/image\/","url":"https:\/\/secure.gravatar.com\/avatar\/50865afb55632c4ae467e0af0930f6510aa2297d8014be502a55b14f3b7550cf?s=96&d=mm&r=g","contentUrl":"https:\/\/secure.gravatar.com\/avatar\/50865afb55632c4ae467e0af0930f6510aa2297d8014be502a55b14f3b7550cf?s=96&d=mm&r=g","caption":"Tar\u0131k"},"sameAs":["http:\/\/narteks.net"],"url":"https:\/\/narteks.net\/index.php\/author\/narbak\/"}]}},"_links":{"self":[{"href":"https:\/\/narteks.net\/index.php\/wp-json\/wp\/v2\/posts\/5796","targetHints":{"allow":["GET"]}}],"collection":[{"href":"https:\/\/narteks.net\/index.php\/wp-json\/wp\/v2\/posts"}],"about":[{"href":"https:\/\/narteks.net\/index.php\/wp-json\/wp\/v2\/types\/post"}],"author":[{"embeddable":true,"href":"https:\/\/narteks.net\/index.php\/wp-json\/wp\/v2\/users\/1"}],"replies":[{"embeddable":true,"href":"https:\/\/narteks.net\/index.php\/wp-json\/wp\/v2\/comments?post=5796"}],"version-history":[{"count":0,"href":"https:\/\/narteks.net\/index.php\/wp-json\/wp\/v2\/posts\/5796\/revisions"}],"wp:attachment":[{"href":"https:\/\/narteks.net\/index.php\/wp-json\/wp\/v2\/media?parent=5796"}],"wp:term":[{"taxonomy":"category","embeddable":true,"href":"https:\/\/narteks.net\/index.php\/wp-json\/wp\/v2\/categories?post=5796"},{"taxonomy":"post_tag","embeddable":true,"href":"https:\/\/narteks.net\/index.php\/wp-json\/wp\/v2\/tags?post=5796"}],"curies":[{"name":"wp","href":"https:\/\/api.w.org\/{rel}","templated":true}]}}