{"id":580,"date":"2009-04-13T02:44:19","date_gmt":"2009-04-12T23:44:19","guid":{"rendered":"http:\/\/localhost\/wordpress\/2009\/04\/13\/mevcudun-pesinde-notlar\/"},"modified":"2009-04-13T02:44:19","modified_gmt":"2009-04-12T23:44:19","slug":"mevcudun-pesinde-notlar","status":"publish","type":"post","link":"https:\/\/narteks.net\/index.php\/2009\/04\/13\/mevcudun-pesinde-notlar\/","title":{"rendered":"MEVCUDUN PE\u015e\u0130NDE NOTLAR"},"content":{"rendered":"<div>* \u0130nsanl\u0131k kendini bildi bileli \u00f6l\u00fcm\u00fcn yok edicili\u011fi, zaman\u0131n her\u015feyi kendi gibi d\u00f6n\u00fc\u015ft\u00fcr\u00fcp hi\u00e7le\u015ftirmesine kar\u015f\u0131 hep daim olan\u0131 arad\u0131. Bunun en bilinen en kadim tan\u0131mlamas\u0131n\u0131 tanr\u0131 fikri olu\u015fturdu. O, bize ve evrene benzemeyen olarak, zamans\u0131z olarak, fizikd\u0131\u015f\u0131 bir varl\u0131k olarak mevzuttur. \u0130nsan s\u0131rt\u0131n\u0131 dayayaca\u011f\u0131, kendine ihanet etmeyecek, kendisini terketmeyecek\u00a0 \u015feyi b\u00f6ylece yaratt\u0131.Sonsuz d\u00fc\u015f\u00fcnce.<\/div>\n<p>* Buldu\u011fu-d\u00fc\u015f\u00fcnd\u00fc\u011f\u00fc \u015feylerin sonra kendileri taraf\u0131ndan \u00fcretildi\u011fini anlad\u0131 her seferinde. Ne olursa olsun her varl\u0131\u011f\u0131n ard\u0131ndan hi\u00e7lik kendini g\u00f6stermekte gecikmedi.<\/p>\n<div style=\"text-align: justify;\">* Bilincin bu aray\u0131\u015f\u0131n\u0131n son halkas\u0131n da t\u00fcm insansal \u00fcretimin temel dinami\u011fini, makineyi ke\u015ffetti, yani dili. Dil tek kaland\u0131 elde, her\u015fey, kuramlar, d\u00fc\u015fler, d\u00fc\u015f\u00fcnceler hep yap\u0131nt\u0131 olarak dilin i\u00e7inde \u00fcretiliyordu.<\/div>\n<div style=\"text-align: justify;\">* Bir sonraki hamle, anlam\u0131 da ortadan kald\u0131rd\u0131. Anlam birimi olan s\u00f6z ifade edildi\u011fi anda yani \u015fimdide, ge\u00e7mi\u015fin belirsizli\u011fine terkediliyordu; asla varolam\u0131yor ve Zenon&#8217;un haretin imkans\u0131zl\u0131\u011f\u0131 gibi imkans\u0131zla\u015fan bir anlam, kendini varl\u0131k olarak kabul ettiremezdi. Geriye yaln\u0131z ses kal\u0131yordu.<\/p>\n<p>* Ses: \u00e7\u0131\u011fl\u0131k, h\u0131r\u0131lt\u0131, kahkaha&#8230;..\u00a0\u00a0 Sesi de negatifleyen \u015fey sessizlikti, \u00e7\u0131\u011fl\u0131\u011f\u0131n t\u00fckendi\u011fi, kendini \u015fimdide mevcut k\u0131lamayacak olan sessizlik, hi\u00e7lik, bo\u015fluk.<\/p>\n<p>* \u0130nsan yokluk kar\u015f\u0131s\u0131nda kendi yoklu\u011funu g\u00f6r\u00fcr, bu\u00a0 durum bir kayg\u0131 politikas\u0131n\u0131 a\u00e7\u0131\u011fa \u00e7\u0131kar\u0131r, bu andan sonra insan s\u00fcrekli kendi sesini, \u00e7\u0131\u011fl\u0131\u011f\u0131n\u0131 duymak ister. Bu duyum ya\u015fad\u0131\u011f\u0131n\u0131n veya varoldu\u011funun bir kan\u0131t\u0131d\u0131r, ancak her \u015fey gibi yaln\u0131zca kendini \u015fimdide ispatlayan bir kan\u0131tt\u0131r, bir an sonra bir kez daha yinelemelidir.<\/p>\n<p>* Yoklu\u011fu bir sonsuz varl\u0131k olarak dolduracak tanr\u0131 inanc\u0131 insana huzur verir,tanr\u0131 hep d\u00f6n\u00fclen yerdir.<\/p>\n<p>* Yoklu\u011fu varl\u0131k ile kavrayan bilin\u00e7 kendini s\u00fcrekli olarak bu sorulardan uzak tutmak, kayg\u0131dan korunmak i\u00e7in me\u015fgul edilmelidir. Bu me\u015fguliyetin politik olmamas\u0131 iktidar\u0131n hegemonik \u00e7abas\u0131 i\u00e7ine girer.<\/p>\n<p>* Varl\u0131k ancak kendini negatifiyle var eder, di\u011fer her\u015fey de oldu\u011fu gibi, o halde yoklu\u011fu anlamayan varl\u0131\u011f\u0131 bilemez. ya\u015fam ancak \u00f6l\u00fcm ile bilin\u00e7 kazan\u0131r, \u00f6l\u00fcm\u00fcn\u00fc bilen insan \u00f6l\u00fcm bo\u015flu\u011fundaki ya\u015fam adas\u0131n\u0131 g\u00f6r\u00fcr, bu ka\u00e7\u0131n\u0131lmaz kaydedi\u015ftir.<\/p><\/div>\n<div style=\"text-align: justify;\">\u00a0<\/div>\n<div style=\"text-align: justify;\">Erkan K.<\/div>\n","protected":false},"excerpt":{"rendered":"<p>* \u0130nsanl\u0131k kendini bildi bileli \u00f6l\u00fcm\u00fcn yok edicili\u011fi, zaman\u0131n her\u015feyi kendi gibi d\u00f6n\u00fc\u015ft\u00fcr\u00fcp hi\u00e7le\u015ftirmesine kar\u015f\u0131 hep daim olan\u0131 arad\u0131. Bunun en bilinen en kadim tan\u0131mlamas\u0131n\u0131 tanr\u0131 fikri olu\u015fturdu. O, bize ve evrene benzemeyen olarak, zamans\u0131z olarak, fizikd\u0131\u015f\u0131 bir varl\u0131k olarak mevzuttur. \u0130nsan s\u0131rt\u0131n\u0131 dayayaca\u011f\u0131, kendine ihanet etmeyecek, kendisini terketmeyecek\u00a0 \u015feyi b\u00f6ylece yaratt\u0131.Sonsuz d\u00fc\u015f\u00fcnce. * Buldu\u011fu-d\u00fc\u015f\u00fcnd\u00fc\u011f\u00fc [&hellip;]<\/p>\n","protected":false},"author":1,"featured_media":0,"comment_status":"open","ping_status":"open","sticky":false,"template":"","format":"standard","meta":{"footnotes":""},"categories":[140],"tags":[],"class_list":{"0":"post-580","1":"post","2":"type-post","3":"status-publish","4":"format-standard","6":"category-erkan-kucuk-makale"},"yoast_head":"<!-- This site is optimized with the Yoast SEO Premium plugin v24.9 (Yoast SEO v24.9) - https:\/\/yoast.com\/wordpress\/plugins\/seo\/ -->\n<title>MEVCUDUN PE\u015e\u0130NDE NOTLAR - narteks.net<\/title>\n<meta name=\"robots\" content=\"index, follow, max-snippet:-1, max-image-preview:large, max-video-preview:-1\" \/>\n<link rel=\"canonical\" href=\"https:\/\/narteks.net\/index.php\/2009\/04\/13\/mevcudun-pesinde-notlar\/\" \/>\n<meta property=\"og:locale\" content=\"tr_TR\" \/>\n<meta property=\"og:type\" content=\"article\" \/>\n<meta property=\"og:title\" content=\"MEVCUDUN PE\u015e\u0130NDE NOTLAR\" \/>\n<meta property=\"og:description\" content=\"* \u0130nsanl\u0131k kendini bildi bileli \u00f6l\u00fcm\u00fcn yok edicili\u011fi, zaman\u0131n her\u015feyi kendi gibi d\u00f6n\u00fc\u015ft\u00fcr\u00fcp hi\u00e7le\u015ftirmesine kar\u015f\u0131 hep daim olan\u0131 arad\u0131. Bunun en bilinen en kadim tan\u0131mlamas\u0131n\u0131 tanr\u0131 fikri olu\u015fturdu. O, bize ve evrene benzemeyen olarak, zamans\u0131z olarak, fizikd\u0131\u015f\u0131 bir varl\u0131k olarak mevzuttur. \u0130nsan s\u0131rt\u0131n\u0131 dayayaca\u011f\u0131, kendine ihanet etmeyecek, kendisini terketmeyecek\u00a0 \u015feyi b\u00f6ylece yaratt\u0131.Sonsuz d\u00fc\u015f\u00fcnce. * Buldu\u011fu-d\u00fc\u015f\u00fcnd\u00fc\u011f\u00fc [&hellip;]\" \/>\n<meta property=\"og:url\" content=\"https:\/\/narteks.net\/index.php\/2009\/04\/13\/mevcudun-pesinde-notlar\/\" \/>\n<meta property=\"og:site_name\" content=\"narteks.net\" \/>\n<meta property=\"article:published_time\" content=\"2009-04-12T23:44:19+00:00\" \/>\n<meta property=\"og:image\" content=\"https:\/\/narteks.net\/wp-content\/uploads\/narteks.png\" \/>\n\t<meta property=\"og:image:width\" content=\"300\" \/>\n\t<meta property=\"og:image:height\" content=\"90\" \/>\n\t<meta property=\"og:image:type\" content=\"image\/png\" \/>\n<meta name=\"author\" content=\"Tar\u0131k\" \/>\n<meta name=\"twitter:card\" content=\"summary_large_image\" \/>\n<meta name=\"twitter:creator\" content=\"@narteks\" \/>\n<meta name=\"twitter:site\" content=\"@narteks\" \/>\n<meta name=\"twitter:label1\" content=\"Yazan:\" \/>\n\t<meta name=\"twitter:data1\" content=\"Tar\u0131k\" \/>\n\t<meta name=\"twitter:label2\" content=\"Tahmini okuma s\u00fcresi\" \/>\n\t<meta name=\"twitter:data2\" content=\"2 dakika\" \/>\n<script type=\"application\/ld+json\" class=\"yoast-schema-graph\">{\"@context\":\"https:\/\/schema.org\",\"@graph\":[{\"@type\":\"Article\",\"@id\":\"https:\/\/narteks.net\/index.php\/2009\/04\/13\/mevcudun-pesinde-notlar\/#article\",\"isPartOf\":{\"@id\":\"https:\/\/narteks.net\/index.php\/2009\/04\/13\/mevcudun-pesinde-notlar\/\"},\"author\":{\"name\":\"Tar\u0131k\",\"@id\":\"https:\/\/narteks.net\/#\/schema\/person\/61f37d9834294b72d31d274e7ed79bca\"},\"headline\":\"MEVCUDUN PE\u015e\u0130NDE NOTLAR\",\"datePublished\":\"2009-04-12T23:44:19+00:00\",\"mainEntityOfPage\":{\"@id\":\"https:\/\/narteks.net\/index.php\/2009\/04\/13\/mevcudun-pesinde-notlar\/\"},\"wordCount\":401,\"commentCount\":0,\"publisher\":{\"@id\":\"https:\/\/narteks.net\/#organization\"},\"articleSection\":[\"Erkan K\u00fc\u00e7\u00fck (Makale)\"],\"inLanguage\":\"tr\",\"potentialAction\":[{\"@type\":\"CommentAction\",\"name\":\"Comment\",\"target\":[\"https:\/\/narteks.net\/index.php\/2009\/04\/13\/mevcudun-pesinde-notlar\/#respond\"]}]},{\"@type\":\"WebPage\",\"@id\":\"https:\/\/narteks.net\/index.php\/2009\/04\/13\/mevcudun-pesinde-notlar\/\",\"url\":\"https:\/\/narteks.net\/index.php\/2009\/04\/13\/mevcudun-pesinde-notlar\/\",\"name\":\"MEVCUDUN PE\u015e\u0130NDE NOTLAR - narteks.net\",\"isPartOf\":{\"@id\":\"https:\/\/narteks.net\/#website\"},\"datePublished\":\"2009-04-12T23:44:19+00:00\",\"breadcrumb\":{\"@id\":\"https:\/\/narteks.net\/index.php\/2009\/04\/13\/mevcudun-pesinde-notlar\/#breadcrumb\"},\"inLanguage\":\"tr\",\"potentialAction\":[{\"@type\":\"ReadAction\",\"target\":[\"https:\/\/narteks.net\/index.php\/2009\/04\/13\/mevcudun-pesinde-notlar\/\"]}]},{\"@type\":\"BreadcrumbList\",\"@id\":\"https:\/\/narteks.net\/index.php\/2009\/04\/13\/mevcudun-pesinde-notlar\/#breadcrumb\",\"itemListElement\":[{\"@type\":\"ListItem\",\"position\":1,\"name\":\"Anasayfa\",\"item\":\"https:\/\/narteks.net\/\"},{\"@type\":\"ListItem\",\"position\":2,\"name\":\"MEVCUDUN PE\u015e\u0130NDE NOTLAR\"}]},{\"@type\":\"WebSite\",\"@id\":\"https:\/\/narteks.net\/#website\",\"url\":\"https:\/\/narteks.net\/\",\"name\":\"narteks.net\",\"description\":\"K\u00fclt\u00fcr Sanat Edebiyat Felsefe\",\"publisher\":{\"@id\":\"https:\/\/narteks.net\/#organization\"},\"alternateName\":\"K\u00fclt\u00fcr Sanat Edebiyat Felsefe\",\"potentialAction\":[{\"@type\":\"SearchAction\",\"target\":{\"@type\":\"EntryPoint\",\"urlTemplate\":\"https:\/\/narteks.net\/?s={search_term_string}\"},\"query-input\":{\"@type\":\"PropertyValueSpecification\",\"valueRequired\":true,\"valueName\":\"search_term_string\"}}],\"inLanguage\":\"tr\"},{\"@type\":\"Organization\",\"@id\":\"https:\/\/narteks.net\/#organization\",\"name\":\"narteks.net\",\"url\":\"https:\/\/narteks.net\/\",\"logo\":{\"@type\":\"ImageObject\",\"inLanguage\":\"tr\",\"@id\":\"https:\/\/narteks.net\/#\/schema\/logo\/image\/\",\"url\":\"https:\/\/narteks.net\/wp-content\/uploads\/narteks.png\",\"contentUrl\":\"https:\/\/narteks.net\/wp-content\/uploads\/narteks.png\",\"width\":300,\"height\":90,\"caption\":\"narteks.net\"},\"image\":{\"@id\":\"https:\/\/narteks.net\/#\/schema\/logo\/image\/\"},\"sameAs\":[\"https:\/\/x.com\/narteks\",\"https:\/\/instagram.com\/narteksnet\"]},{\"@type\":\"Person\",\"@id\":\"https:\/\/narteks.net\/#\/schema\/person\/61f37d9834294b72d31d274e7ed79bca\",\"name\":\"Tar\u0131k\",\"image\":{\"@type\":\"ImageObject\",\"inLanguage\":\"tr\",\"@id\":\"https:\/\/narteks.net\/#\/schema\/person\/image\/\",\"url\":\"https:\/\/secure.gravatar.com\/avatar\/50865afb55632c4ae467e0af0930f6510aa2297d8014be502a55b14f3b7550cf?s=96&d=mm&r=g\",\"contentUrl\":\"https:\/\/secure.gravatar.com\/avatar\/50865afb55632c4ae467e0af0930f6510aa2297d8014be502a55b14f3b7550cf?s=96&d=mm&r=g\",\"caption\":\"Tar\u0131k\"},\"sameAs\":[\"http:\/\/narteks.net\"],\"url\":\"https:\/\/narteks.net\/index.php\/author\/narbak\/\"}]}<\/script>\n<!-- \/ Yoast SEO Premium plugin. -->","yoast_head_json":{"title":"MEVCUDUN PE\u015e\u0130NDE NOTLAR - narteks.net","robots":{"index":"index","follow":"follow","max-snippet":"max-snippet:-1","max-image-preview":"max-image-preview:large","max-video-preview":"max-video-preview:-1"},"canonical":"https:\/\/narteks.net\/index.php\/2009\/04\/13\/mevcudun-pesinde-notlar\/","og_locale":"tr_TR","og_type":"article","og_title":"MEVCUDUN PE\u015e\u0130NDE NOTLAR","og_description":"* \u0130nsanl\u0131k kendini bildi bileli \u00f6l\u00fcm\u00fcn yok edicili\u011fi, zaman\u0131n her\u015feyi kendi gibi d\u00f6n\u00fc\u015ft\u00fcr\u00fcp hi\u00e7le\u015ftirmesine kar\u015f\u0131 hep daim olan\u0131 arad\u0131. Bunun en bilinen en kadim tan\u0131mlamas\u0131n\u0131 tanr\u0131 fikri olu\u015fturdu. O, bize ve evrene benzemeyen olarak, zamans\u0131z olarak, fizikd\u0131\u015f\u0131 bir varl\u0131k olarak mevzuttur. \u0130nsan s\u0131rt\u0131n\u0131 dayayaca\u011f\u0131, kendine ihanet etmeyecek, kendisini terketmeyecek\u00a0 \u015feyi b\u00f6ylece yaratt\u0131.Sonsuz d\u00fc\u015f\u00fcnce. * Buldu\u011fu-d\u00fc\u015f\u00fcnd\u00fc\u011f\u00fc [&hellip;]","og_url":"https:\/\/narteks.net\/index.php\/2009\/04\/13\/mevcudun-pesinde-notlar\/","og_site_name":"narteks.net","article_published_time":"2009-04-12T23:44:19+00:00","og_image":[{"width":300,"height":90,"url":"https:\/\/narteks.net\/wp-content\/uploads\/narteks.png","type":"image\/png"}],"author":"Tar\u0131k","twitter_card":"summary_large_image","twitter_creator":"@narteks","twitter_site":"@narteks","twitter_misc":{"Yazan:":"Tar\u0131k","Tahmini okuma s\u00fcresi":"2 dakika"},"schema":{"@context":"https:\/\/schema.org","@graph":[{"@type":"Article","@id":"https:\/\/narteks.net\/index.php\/2009\/04\/13\/mevcudun-pesinde-notlar\/#article","isPartOf":{"@id":"https:\/\/narteks.net\/index.php\/2009\/04\/13\/mevcudun-pesinde-notlar\/"},"author":{"name":"Tar\u0131k","@id":"https:\/\/narteks.net\/#\/schema\/person\/61f37d9834294b72d31d274e7ed79bca"},"headline":"MEVCUDUN PE\u015e\u0130NDE NOTLAR","datePublished":"2009-04-12T23:44:19+00:00","mainEntityOfPage":{"@id":"https:\/\/narteks.net\/index.php\/2009\/04\/13\/mevcudun-pesinde-notlar\/"},"wordCount":401,"commentCount":0,"publisher":{"@id":"https:\/\/narteks.net\/#organization"},"articleSection":["Erkan K\u00fc\u00e7\u00fck (Makale)"],"inLanguage":"tr","potentialAction":[{"@type":"CommentAction","name":"Comment","target":["https:\/\/narteks.net\/index.php\/2009\/04\/13\/mevcudun-pesinde-notlar\/#respond"]}]},{"@type":"WebPage","@id":"https:\/\/narteks.net\/index.php\/2009\/04\/13\/mevcudun-pesinde-notlar\/","url":"https:\/\/narteks.net\/index.php\/2009\/04\/13\/mevcudun-pesinde-notlar\/","name":"MEVCUDUN PE\u015e\u0130NDE NOTLAR - narteks.net","isPartOf":{"@id":"https:\/\/narteks.net\/#website"},"datePublished":"2009-04-12T23:44:19+00:00","breadcrumb":{"@id":"https:\/\/narteks.net\/index.php\/2009\/04\/13\/mevcudun-pesinde-notlar\/#breadcrumb"},"inLanguage":"tr","potentialAction":[{"@type":"ReadAction","target":["https:\/\/narteks.net\/index.php\/2009\/04\/13\/mevcudun-pesinde-notlar\/"]}]},{"@type":"BreadcrumbList","@id":"https:\/\/narteks.net\/index.php\/2009\/04\/13\/mevcudun-pesinde-notlar\/#breadcrumb","itemListElement":[{"@type":"ListItem","position":1,"name":"Anasayfa","item":"https:\/\/narteks.net\/"},{"@type":"ListItem","position":2,"name":"MEVCUDUN PE\u015e\u0130NDE NOTLAR"}]},{"@type":"WebSite","@id":"https:\/\/narteks.net\/#website","url":"https:\/\/narteks.net\/","name":"narteks.net","description":"K\u00fclt\u00fcr Sanat Edebiyat Felsefe","publisher":{"@id":"https:\/\/narteks.net\/#organization"},"alternateName":"K\u00fclt\u00fcr Sanat Edebiyat Felsefe","potentialAction":[{"@type":"SearchAction","target":{"@type":"EntryPoint","urlTemplate":"https:\/\/narteks.net\/?s={search_term_string}"},"query-input":{"@type":"PropertyValueSpecification","valueRequired":true,"valueName":"search_term_string"}}],"inLanguage":"tr"},{"@type":"Organization","@id":"https:\/\/narteks.net\/#organization","name":"narteks.net","url":"https:\/\/narteks.net\/","logo":{"@type":"ImageObject","inLanguage":"tr","@id":"https:\/\/narteks.net\/#\/schema\/logo\/image\/","url":"https:\/\/narteks.net\/wp-content\/uploads\/narteks.png","contentUrl":"https:\/\/narteks.net\/wp-content\/uploads\/narteks.png","width":300,"height":90,"caption":"narteks.net"},"image":{"@id":"https:\/\/narteks.net\/#\/schema\/logo\/image\/"},"sameAs":["https:\/\/x.com\/narteks","https:\/\/instagram.com\/narteksnet"]},{"@type":"Person","@id":"https:\/\/narteks.net\/#\/schema\/person\/61f37d9834294b72d31d274e7ed79bca","name":"Tar\u0131k","image":{"@type":"ImageObject","inLanguage":"tr","@id":"https:\/\/narteks.net\/#\/schema\/person\/image\/","url":"https:\/\/secure.gravatar.com\/avatar\/50865afb55632c4ae467e0af0930f6510aa2297d8014be502a55b14f3b7550cf?s=96&d=mm&r=g","contentUrl":"https:\/\/secure.gravatar.com\/avatar\/50865afb55632c4ae467e0af0930f6510aa2297d8014be502a55b14f3b7550cf?s=96&d=mm&r=g","caption":"Tar\u0131k"},"sameAs":["http:\/\/narteks.net"],"url":"https:\/\/narteks.net\/index.php\/author\/narbak\/"}]}},"_links":{"self":[{"href":"https:\/\/narteks.net\/index.php\/wp-json\/wp\/v2\/posts\/580","targetHints":{"allow":["GET"]}}],"collection":[{"href":"https:\/\/narteks.net\/index.php\/wp-json\/wp\/v2\/posts"}],"about":[{"href":"https:\/\/narteks.net\/index.php\/wp-json\/wp\/v2\/types\/post"}],"author":[{"embeddable":true,"href":"https:\/\/narteks.net\/index.php\/wp-json\/wp\/v2\/users\/1"}],"replies":[{"embeddable":true,"href":"https:\/\/narteks.net\/index.php\/wp-json\/wp\/v2\/comments?post=580"}],"version-history":[{"count":0,"href":"https:\/\/narteks.net\/index.php\/wp-json\/wp\/v2\/posts\/580\/revisions"}],"wp:attachment":[{"href":"https:\/\/narteks.net\/index.php\/wp-json\/wp\/v2\/media?parent=580"}],"wp:term":[{"taxonomy":"category","embeddable":true,"href":"https:\/\/narteks.net\/index.php\/wp-json\/wp\/v2\/categories?post=580"},{"taxonomy":"post_tag","embeddable":true,"href":"https:\/\/narteks.net\/index.php\/wp-json\/wp\/v2\/tags?post=580"}],"curies":[{"name":"wp","href":"https:\/\/api.w.org\/{rel}","templated":true}]}}