{"id":5804,"date":"2011-03-08T17:42:40","date_gmt":"2011-03-08T14:42:40","guid":{"rendered":"http:\/\/localhost\/wordpress\/2011\/03\/08\/derler-k\/"},"modified":"2011-03-08T17:42:40","modified_gmt":"2011-03-08T14:42:40","slug":"derler-k","status":"publish","type":"post","link":"https:\/\/narteks.net\/index.php\/2011\/03\/08\/derler-k\/","title":{"rendered":"DERLER K\u0130"},"content":{"rendered":"<p>\u00a0<\/p>\n<p>Derler ki, \u00e7akal da, k\u00f6stebek de<br \/>aslan\u0131n susuzlu\u011funu giderdi\u011fi<br \/>ayn\u0131 \u0131rmaktan su i\u00e7er.<\/p>\n<p>Ve kartal ve akbaba gagalar\u0131n\u0131<br \/>ayn\u0131 le\u015fe dald\u0131r\u0131rlar,<br \/>\u00f6l\u00fcn\u00fcn huzurunda<br \/>bar\u0131\u015f i\u00e7inde, beraberce.<\/p>\n<p>Tanr\u0131sal eliyle arzular\u0131m\u0131 dizginleyen,<br \/>ve onura ve gurura olan a\u00e7l\u0131\u011f\u0131m\u0131<br \/>ve susuzlu\u011fumu artt\u0131ran sevgi&#8230;<\/p>\n<p>\u0130\u00e7imde g\u00fc\u00e7l\u00fc ve de\u011fi\u015fmez olan\u0131n,<br \/>zay\u0131f benli\u011fimi ba\u015ftan \u00e7\u0131karan<br \/>ekme\u011fi yemesine,<br \/>\u015farab\u0131 i\u00e7mesine<br \/>izin verme<\/p>\n<p>Vars\u0131n a\u00e7 kalay\u0131m,<br \/>ve y\u00fcre\u011fim kavrulsun susuzluktan,<br \/>ve \u00f6l\u00fcp yok olay\u0131m;<br \/>yeter ki senin doldurmad\u0131\u011f\u0131n bir barda\u011fa<br \/>veya senin kutsamad\u0131\u011f\u0131n bir kaseye uzanmas\u0131n elim.<\/p>\n<p>Halil C\u0130BRAN<\/p>\n","protected":false},"excerpt":{"rendered":"<p>\u00a0 Derler ki, \u00e7akal da, k\u00f6stebek deaslan\u0131n susuzlu\u011funu giderdi\u011fiayn\u0131 \u0131rmaktan su i\u00e7er. Ve kartal ve akbaba gagalar\u0131n\u0131ayn\u0131 le\u015fe dald\u0131r\u0131rlar,\u00f6l\u00fcn\u00fcn huzurundabar\u0131\u015f i\u00e7inde, beraberce. Tanr\u0131sal eliyle arzular\u0131m\u0131 dizginleyen,ve onura ve gurura olan a\u00e7l\u0131\u011f\u0131m\u0131ve susuzlu\u011fumu artt\u0131ran sevgi&#8230; \u0130\u00e7imde g\u00fc\u00e7l\u00fc ve de\u011fi\u015fmez olan\u0131n,zay\u0131f benli\u011fimi ba\u015ftan \u00e7\u0131karanekme\u011fi yemesine,\u015farab\u0131 i\u00e7mesineizin verme Vars\u0131n a\u00e7 kalay\u0131m,ve y\u00fcre\u011fim kavrulsun susuzluktan,ve \u00f6l\u00fcp yok olay\u0131m;yeter ki [&hellip;]<\/p>\n","protected":false},"author":1,"featured_media":0,"comment_status":"open","ping_status":"open","sticky":false,"template":"","format":"standard","meta":{"footnotes":""},"categories":[180],"tags":[],"class_list":{"0":"post-5804","1":"post","2":"type-post","3":"status-publish","4":"format-standard","6":"category-halil-cibran"},"yoast_head":"<!-- This site is optimized with the Yoast SEO Premium plugin v24.9 (Yoast SEO v24.9) - https:\/\/yoast.com\/wordpress\/plugins\/seo\/ -->\n<title>DERLER K\u0130 - narteks.net<\/title>\n<meta name=\"robots\" content=\"index, follow, max-snippet:-1, max-image-preview:large, max-video-preview:-1\" \/>\n<link rel=\"canonical\" href=\"https:\/\/narteks.net\/index.php\/2011\/03\/08\/derler-k\/\" \/>\n<meta property=\"og:locale\" content=\"tr_TR\" \/>\n<meta property=\"og:type\" content=\"article\" \/>\n<meta property=\"og:title\" content=\"DERLER K\u0130\" \/>\n<meta property=\"og:description\" content=\"\u00a0 Derler ki, \u00e7akal da, k\u00f6stebek deaslan\u0131n susuzlu\u011funu giderdi\u011fiayn\u0131 \u0131rmaktan su i\u00e7er. Ve kartal ve akbaba gagalar\u0131n\u0131ayn\u0131 le\u015fe dald\u0131r\u0131rlar,\u00f6l\u00fcn\u00fcn huzurundabar\u0131\u015f i\u00e7inde, beraberce. Tanr\u0131sal eliyle arzular\u0131m\u0131 dizginleyen,ve onura ve gurura olan a\u00e7l\u0131\u011f\u0131m\u0131ve susuzlu\u011fumu artt\u0131ran sevgi&#8230; \u0130\u00e7imde g\u00fc\u00e7l\u00fc ve de\u011fi\u015fmez olan\u0131n,zay\u0131f benli\u011fimi ba\u015ftan \u00e7\u0131karanekme\u011fi yemesine,\u015farab\u0131 i\u00e7mesineizin verme Vars\u0131n a\u00e7 kalay\u0131m,ve y\u00fcre\u011fim kavrulsun susuzluktan,ve \u00f6l\u00fcp yok olay\u0131m;yeter ki [&hellip;]\" \/>\n<meta property=\"og:url\" content=\"https:\/\/narteks.net\/index.php\/2011\/03\/08\/derler-k\/\" \/>\n<meta property=\"og:site_name\" content=\"narteks.net\" \/>\n<meta property=\"article:published_time\" content=\"2011-03-08T14:42:40+00:00\" \/>\n<meta property=\"og:image\" content=\"https:\/\/narteks.net\/wp-content\/uploads\/narteks.png\" \/>\n\t<meta property=\"og:image:width\" content=\"300\" \/>\n\t<meta property=\"og:image:height\" content=\"90\" \/>\n\t<meta property=\"og:image:type\" content=\"image\/png\" \/>\n<meta name=\"author\" content=\"Tar\u0131k\" \/>\n<meta name=\"twitter:card\" content=\"summary_large_image\" \/>\n<meta name=\"twitter:creator\" content=\"@narteks\" \/>\n<meta name=\"twitter:site\" content=\"@narteks\" \/>\n<meta name=\"twitter:label1\" content=\"Yazan:\" \/>\n\t<meta name=\"twitter:data1\" content=\"Tar\u0131k\" \/>\n\t<meta name=\"twitter:label2\" content=\"Tahmini okuma s\u00fcresi\" \/>\n\t<meta name=\"twitter:data2\" content=\"1 dakika\" \/>\n<script type=\"application\/ld+json\" class=\"yoast-schema-graph\">{\"@context\":\"https:\/\/schema.org\",\"@graph\":[{\"@type\":\"Article\",\"@id\":\"https:\/\/narteks.net\/index.php\/2011\/03\/08\/derler-k\/#article\",\"isPartOf\":{\"@id\":\"https:\/\/narteks.net\/index.php\/2011\/03\/08\/derler-k\/\"},\"author\":{\"name\":\"Tar\u0131k\",\"@id\":\"https:\/\/narteks.net\/#\/schema\/person\/61f37d9834294b72d31d274e7ed79bca\"},\"headline\":\"DERLER K\u0130\",\"datePublished\":\"2011-03-08T14:42:40+00:00\",\"mainEntityOfPage\":{\"@id\":\"https:\/\/narteks.net\/index.php\/2011\/03\/08\/derler-k\/\"},\"wordCount\":115,\"commentCount\":0,\"publisher\":{\"@id\":\"https:\/\/narteks.net\/#organization\"},\"articleSection\":[\"Halil C\u0130BRAN\"],\"inLanguage\":\"tr\",\"potentialAction\":[{\"@type\":\"CommentAction\",\"name\":\"Comment\",\"target\":[\"https:\/\/narteks.net\/index.php\/2011\/03\/08\/derler-k\/#respond\"]}]},{\"@type\":\"WebPage\",\"@id\":\"https:\/\/narteks.net\/index.php\/2011\/03\/08\/derler-k\/\",\"url\":\"https:\/\/narteks.net\/index.php\/2011\/03\/08\/derler-k\/\",\"name\":\"DERLER K\u0130 - narteks.net\",\"isPartOf\":{\"@id\":\"https:\/\/narteks.net\/#website\"},\"datePublished\":\"2011-03-08T14:42:40+00:00\",\"breadcrumb\":{\"@id\":\"https:\/\/narteks.net\/index.php\/2011\/03\/08\/derler-k\/#breadcrumb\"},\"inLanguage\":\"tr\",\"potentialAction\":[{\"@type\":\"ReadAction\",\"target\":[\"https:\/\/narteks.net\/index.php\/2011\/03\/08\/derler-k\/\"]}]},{\"@type\":\"BreadcrumbList\",\"@id\":\"https:\/\/narteks.net\/index.php\/2011\/03\/08\/derler-k\/#breadcrumb\",\"itemListElement\":[{\"@type\":\"ListItem\",\"position\":1,\"name\":\"Anasayfa\",\"item\":\"https:\/\/narteks.net\/\"},{\"@type\":\"ListItem\",\"position\":2,\"name\":\"DERLER K\u0130\"}]},{\"@type\":\"WebSite\",\"@id\":\"https:\/\/narteks.net\/#website\",\"url\":\"https:\/\/narteks.net\/\",\"name\":\"narteks.net\",\"description\":\"K\u00fclt\u00fcr Sanat Edebiyat Felsefe\",\"publisher\":{\"@id\":\"https:\/\/narteks.net\/#organization\"},\"alternateName\":\"K\u00fclt\u00fcr Sanat Edebiyat Felsefe\",\"potentialAction\":[{\"@type\":\"SearchAction\",\"target\":{\"@type\":\"EntryPoint\",\"urlTemplate\":\"https:\/\/narteks.net\/?s={search_term_string}\"},\"query-input\":{\"@type\":\"PropertyValueSpecification\",\"valueRequired\":true,\"valueName\":\"search_term_string\"}}],\"inLanguage\":\"tr\"},{\"@type\":\"Organization\",\"@id\":\"https:\/\/narteks.net\/#organization\",\"name\":\"narteks.net\",\"url\":\"https:\/\/narteks.net\/\",\"logo\":{\"@type\":\"ImageObject\",\"inLanguage\":\"tr\",\"@id\":\"https:\/\/narteks.net\/#\/schema\/logo\/image\/\",\"url\":\"https:\/\/narteks.net\/wp-content\/uploads\/narteks.png\",\"contentUrl\":\"https:\/\/narteks.net\/wp-content\/uploads\/narteks.png\",\"width\":300,\"height\":90,\"caption\":\"narteks.net\"},\"image\":{\"@id\":\"https:\/\/narteks.net\/#\/schema\/logo\/image\/\"},\"sameAs\":[\"https:\/\/x.com\/narteks\",\"https:\/\/instagram.com\/narteksnet\"]},{\"@type\":\"Person\",\"@id\":\"https:\/\/narteks.net\/#\/schema\/person\/61f37d9834294b72d31d274e7ed79bca\",\"name\":\"Tar\u0131k\",\"image\":{\"@type\":\"ImageObject\",\"inLanguage\":\"tr\",\"@id\":\"https:\/\/narteks.net\/#\/schema\/person\/image\/\",\"url\":\"https:\/\/secure.gravatar.com\/avatar\/50865afb55632c4ae467e0af0930f6510aa2297d8014be502a55b14f3b7550cf?s=96&d=mm&r=g\",\"contentUrl\":\"https:\/\/secure.gravatar.com\/avatar\/50865afb55632c4ae467e0af0930f6510aa2297d8014be502a55b14f3b7550cf?s=96&d=mm&r=g\",\"caption\":\"Tar\u0131k\"},\"sameAs\":[\"http:\/\/narteks.net\"],\"url\":\"https:\/\/narteks.net\/index.php\/author\/narbak\/\"}]}<\/script>\n<!-- \/ Yoast SEO Premium plugin. -->","yoast_head_json":{"title":"DERLER K\u0130 - narteks.net","robots":{"index":"index","follow":"follow","max-snippet":"max-snippet:-1","max-image-preview":"max-image-preview:large","max-video-preview":"max-video-preview:-1"},"canonical":"https:\/\/narteks.net\/index.php\/2011\/03\/08\/derler-k\/","og_locale":"tr_TR","og_type":"article","og_title":"DERLER K\u0130","og_description":"\u00a0 Derler ki, \u00e7akal da, k\u00f6stebek deaslan\u0131n susuzlu\u011funu giderdi\u011fiayn\u0131 \u0131rmaktan su i\u00e7er. Ve kartal ve akbaba gagalar\u0131n\u0131ayn\u0131 le\u015fe dald\u0131r\u0131rlar,\u00f6l\u00fcn\u00fcn huzurundabar\u0131\u015f i\u00e7inde, beraberce. Tanr\u0131sal eliyle arzular\u0131m\u0131 dizginleyen,ve onura ve gurura olan a\u00e7l\u0131\u011f\u0131m\u0131ve susuzlu\u011fumu artt\u0131ran sevgi&#8230; \u0130\u00e7imde g\u00fc\u00e7l\u00fc ve de\u011fi\u015fmez olan\u0131n,zay\u0131f benli\u011fimi ba\u015ftan \u00e7\u0131karanekme\u011fi yemesine,\u015farab\u0131 i\u00e7mesineizin verme Vars\u0131n a\u00e7 kalay\u0131m,ve y\u00fcre\u011fim kavrulsun susuzluktan,ve \u00f6l\u00fcp yok olay\u0131m;yeter ki [&hellip;]","og_url":"https:\/\/narteks.net\/index.php\/2011\/03\/08\/derler-k\/","og_site_name":"narteks.net","article_published_time":"2011-03-08T14:42:40+00:00","og_image":[{"width":300,"height":90,"url":"https:\/\/narteks.net\/wp-content\/uploads\/narteks.png","type":"image\/png"}],"author":"Tar\u0131k","twitter_card":"summary_large_image","twitter_creator":"@narteks","twitter_site":"@narteks","twitter_misc":{"Yazan:":"Tar\u0131k","Tahmini okuma s\u00fcresi":"1 dakika"},"schema":{"@context":"https:\/\/schema.org","@graph":[{"@type":"Article","@id":"https:\/\/narteks.net\/index.php\/2011\/03\/08\/derler-k\/#article","isPartOf":{"@id":"https:\/\/narteks.net\/index.php\/2011\/03\/08\/derler-k\/"},"author":{"name":"Tar\u0131k","@id":"https:\/\/narteks.net\/#\/schema\/person\/61f37d9834294b72d31d274e7ed79bca"},"headline":"DERLER K\u0130","datePublished":"2011-03-08T14:42:40+00:00","mainEntityOfPage":{"@id":"https:\/\/narteks.net\/index.php\/2011\/03\/08\/derler-k\/"},"wordCount":115,"commentCount":0,"publisher":{"@id":"https:\/\/narteks.net\/#organization"},"articleSection":["Halil C\u0130BRAN"],"inLanguage":"tr","potentialAction":[{"@type":"CommentAction","name":"Comment","target":["https:\/\/narteks.net\/index.php\/2011\/03\/08\/derler-k\/#respond"]}]},{"@type":"WebPage","@id":"https:\/\/narteks.net\/index.php\/2011\/03\/08\/derler-k\/","url":"https:\/\/narteks.net\/index.php\/2011\/03\/08\/derler-k\/","name":"DERLER K\u0130 - narteks.net","isPartOf":{"@id":"https:\/\/narteks.net\/#website"},"datePublished":"2011-03-08T14:42:40+00:00","breadcrumb":{"@id":"https:\/\/narteks.net\/index.php\/2011\/03\/08\/derler-k\/#breadcrumb"},"inLanguage":"tr","potentialAction":[{"@type":"ReadAction","target":["https:\/\/narteks.net\/index.php\/2011\/03\/08\/derler-k\/"]}]},{"@type":"BreadcrumbList","@id":"https:\/\/narteks.net\/index.php\/2011\/03\/08\/derler-k\/#breadcrumb","itemListElement":[{"@type":"ListItem","position":1,"name":"Anasayfa","item":"https:\/\/narteks.net\/"},{"@type":"ListItem","position":2,"name":"DERLER K\u0130"}]},{"@type":"WebSite","@id":"https:\/\/narteks.net\/#website","url":"https:\/\/narteks.net\/","name":"narteks.net","description":"K\u00fclt\u00fcr Sanat Edebiyat Felsefe","publisher":{"@id":"https:\/\/narteks.net\/#organization"},"alternateName":"K\u00fclt\u00fcr Sanat Edebiyat Felsefe","potentialAction":[{"@type":"SearchAction","target":{"@type":"EntryPoint","urlTemplate":"https:\/\/narteks.net\/?s={search_term_string}"},"query-input":{"@type":"PropertyValueSpecification","valueRequired":true,"valueName":"search_term_string"}}],"inLanguage":"tr"},{"@type":"Organization","@id":"https:\/\/narteks.net\/#organization","name":"narteks.net","url":"https:\/\/narteks.net\/","logo":{"@type":"ImageObject","inLanguage":"tr","@id":"https:\/\/narteks.net\/#\/schema\/logo\/image\/","url":"https:\/\/narteks.net\/wp-content\/uploads\/narteks.png","contentUrl":"https:\/\/narteks.net\/wp-content\/uploads\/narteks.png","width":300,"height":90,"caption":"narteks.net"},"image":{"@id":"https:\/\/narteks.net\/#\/schema\/logo\/image\/"},"sameAs":["https:\/\/x.com\/narteks","https:\/\/instagram.com\/narteksnet"]},{"@type":"Person","@id":"https:\/\/narteks.net\/#\/schema\/person\/61f37d9834294b72d31d274e7ed79bca","name":"Tar\u0131k","image":{"@type":"ImageObject","inLanguage":"tr","@id":"https:\/\/narteks.net\/#\/schema\/person\/image\/","url":"https:\/\/secure.gravatar.com\/avatar\/50865afb55632c4ae467e0af0930f6510aa2297d8014be502a55b14f3b7550cf?s=96&d=mm&r=g","contentUrl":"https:\/\/secure.gravatar.com\/avatar\/50865afb55632c4ae467e0af0930f6510aa2297d8014be502a55b14f3b7550cf?s=96&d=mm&r=g","caption":"Tar\u0131k"},"sameAs":["http:\/\/narteks.net"],"url":"https:\/\/narteks.net\/index.php\/author\/narbak\/"}]}},"_links":{"self":[{"href":"https:\/\/narteks.net\/index.php\/wp-json\/wp\/v2\/posts\/5804","targetHints":{"allow":["GET"]}}],"collection":[{"href":"https:\/\/narteks.net\/index.php\/wp-json\/wp\/v2\/posts"}],"about":[{"href":"https:\/\/narteks.net\/index.php\/wp-json\/wp\/v2\/types\/post"}],"author":[{"embeddable":true,"href":"https:\/\/narteks.net\/index.php\/wp-json\/wp\/v2\/users\/1"}],"replies":[{"embeddable":true,"href":"https:\/\/narteks.net\/index.php\/wp-json\/wp\/v2\/comments?post=5804"}],"version-history":[{"count":0,"href":"https:\/\/narteks.net\/index.php\/wp-json\/wp\/v2\/posts\/5804\/revisions"}],"wp:attachment":[{"href":"https:\/\/narteks.net\/index.php\/wp-json\/wp\/v2\/media?parent=5804"}],"wp:term":[{"taxonomy":"category","embeddable":true,"href":"https:\/\/narteks.net\/index.php\/wp-json\/wp\/v2\/categories?post=5804"},{"taxonomy":"post_tag","embeddable":true,"href":"https:\/\/narteks.net\/index.php\/wp-json\/wp\/v2\/tags?post=5804"}],"curies":[{"name":"wp","href":"https:\/\/api.w.org\/{rel}","templated":true}]}}